{"id":147680,"date":"2025-01-23T20:01:27","date_gmt":"2025-01-23T20:01:27","guid":{"rendered":"https:\/\/www.nettali.com\/?p=147680"},"modified":"2025-01-24T13:07:41","modified_gmt":"2025-01-24T13:07:41","slug":"ousmane-diagne-ministre-de-la-justice-laffaire-farba-ngom-na-rien-de-politique","status":"publish","type":"post","link":"https:\/\/www.nettali.com\/2025\/01\/23\/ousmane-diagne-ministre-de-la-justice-laffaire-farba-ngom-na-rien-de-politique\/","title":{"rendered":"OUSMANE DIAGNE , MINISTRE DE LA JUSTICE-\u00ab L\u2019affaire Farba Ngom n\u2019a rien de politique\u2026 \u00bb"},"content":{"rendered":"<p><strong>NETTALI.COM - Le ministre de la Justice garde des Sceaux estime que le dossier de Farba de Ngom n\u2019a rien \u00e0 voir avec la politique. Ousmane Diagne rassure que le droit de tout un chacun sera pr\u00e9serv\u00e9 \u00e0 juste titre. <\/strong><\/p>\n<p>Prenant part \u00e0 la conf\u00e9rence nationale des chefs de parquet, le ministre de la Justice s\u2019est prononc\u00e9 dans l\u2019affaire Farba Ngom.<\/p>\n<p>\u00ab <em>Nous sommes dans le cadre d\u2019une proc\u00e9dure p\u00e9nale qui r\u00e9sulte d\u2019un rapport de la cellule nationale de traitement des informations financi\u00e8res (CENTIF) remis directement au procureur de la R\u00e9publique. L\u2019autorit\u00e9 que je repr\u00e9sente n\u2019a absolument rien \u00e0 y voir. D\u2019ailleurs, au terme de la loi de 2004 sur le blanchiment de capitaux, le procureur de la R\u00e9publique a l\u2019obligation l\u00e9gale de saisir le juge d\u2019instruction<\/em> \u00bb, a-t-il indiqu\u00e9 .<\/p>\n<p>Avant de noter que le traitement de certains dossiers n\u00e9cessitent cependant, comme ce fut le cas de Farba Ngom, la lev\u00e9e de son immunit\u00e9 parlementaire.<\/p>\n<p>A l\u2019en croire, tout le d\u00e9bat se situe \u00e0 ce niveau. \u00ab En<em>\u00a0l\u2019esp\u00e8ce, c\u2019est la qualit\u00e9 de la personne mise en cause, notamment Farba Ngom, qui \u00e9videmment entra\u00eene ces contraintes proc\u00e9durales que nous nous effor\u00e7ons de respecter justement pour pr\u00e9server cette l\u00e9galit\u00e9 qui nous pr\u00e9occupe tant. Je pr\u00e9cise que nous n\u2019avons pas \u00e0 dire que Farba Ngom est fautif ou pas. C\u2019est le juge d\u2019instruction qui s\u2019en charge et nous sommes tenus d\u2019accepter la d\u00e9cision qu\u2019il aura prise<\/em> \u00bb, ajoute Ousmane Diagne.<\/p>\n<p>&nbsp;<\/p>\n<p>&nbsp;<\/p>\n<p>&nbsp;<\/p>\n<p>&nbsp;<\/p>\n<div class='share-to-whatsapp-wrapper'><div class='share-on-whsp'>PARTAGER SUR : <\/div><a data-text='OUSMANE DIAGNE , MINISTRE DE LA JUSTICE-\u00ab L\u2019affaire Farba Ngom n\u2019a rien de politique\u2026 \u00bb' data-link='https:\/\/www.nettali.com\/2025\/01\/23\/ousmane-diagne-ministre-de-la-justice-laffaire-farba-ngom-na-rien-de-politique\/' class='whatsapp-button whatsapp-share'>WhatsApp<\/a><div class='clear '><\/div><\/div>","protected":false},"excerpt":{"rendered":"<p>NETTALI.COM - Le ministre de la Justice garde des Sceaux estime que le dossier de Farba de Ngom n\u2019a rien \u00e0 voir avec la politique. Ousmane Diagne rassure que le droit de tout un chacun sera pr\u00e9serv\u00e9 \u00e0 juste titre. Prenant part \u00e0 la conf\u00e9rence nationale des chefs de parquet, le ministre de la Justice [&hellip;]<\/p>\n","protected":false},"author":6,"featured_media":104548,"comment_status":"open","ping_status":"open","sticky":false,"template":"","format":"standard","meta":{"_et_pb_use_builder":"","_et_pb_old_content":""},"categories":[2],"tags":[],"yoast_head":"<!-- This site is optimized with the Yoast SEO Premium plugin v17.8 (Yoast SEO v17.8) - https:\/\/yoast.com\/wordpress\/plugins\/seo\/ -->\n<title>OUSMANE DIAGNE , MINISTRE DE LA JUSTICE-\u00ab L\u2019affaire Farba Ngom n\u2019a rien de politique\u2026 \u00bb | Nettali.com<\/title>\n<meta name=\"robots\" content=\"index, follow, max-snippet:-1, max-image-preview:large, max-video-preview:-1\" \/>\n<link rel=\"canonical\" href=\"https:\/\/www.nettali.com\/2025\/01\/23\/ousmane-diagne-ministre-de-la-justice-laffaire-farba-ngom-na-rien-de-politique\/\" \/>\n<meta property=\"og:locale\" content=\"fr_FR\" \/>\n<meta property=\"og:type\" content=\"article\" \/>\n<meta property=\"og:title\" content=\"OUSMANE DIAGNE , MINISTRE DE LA JUSTICE-\u00ab L\u2019affaire Farba Ngom n\u2019a rien de politique\u2026 \u00bb\" \/>\n<meta property=\"og:description\" content=\"NETTALI.COM - Le ministre de la Justice garde des Sceaux estime que le dossier de Farba de Ngom n\u2019a rien \u00e0 voir avec la politique. Ousmane Diagne rassure que le droit de tout un chacun sera pr\u00e9serv\u00e9 \u00e0 juste titre. Prenant part \u00e0 la conf\u00e9rence nationale des chefs de parquet, le ministre de la Justice [&hellip;]\" \/>\n<meta property=\"og:url\" content=\"https:\/\/www.nettali.com\/2025\/01\/23\/ousmane-diagne-ministre-de-la-justice-laffaire-farba-ngom-na-rien-de-politique\/\" \/>\n<meta property=\"og:site_name\" content=\"Nettali.com\" \/>\n<meta property=\"article:publisher\" content=\"https:\/\/www.facebook.com\/nettalicom\" \/>\n<meta property=\"article:published_time\" content=\"2025-01-23T20:01:27+00:00\" \/>\n<meta property=\"article:modified_time\" content=\"2025-01-24T13:07:41+00:00\" \/>\n<meta property=\"og:image\" content=\"https:\/\/www.nettali.com\/wp-content\/uploads\/2023\/02\/OUSMANE-DIAGNE.jpeg\" \/>\n\t<meta property=\"og:image:width\" content=\"700\" \/>\n\t<meta property=\"og:image:height\" content=\"598\" \/>\n<meta name=\"twitter:card\" content=\"summary_large_image\" \/>\n<meta name=\"twitter:label1\" content=\"\u00c9crit par\" \/>\n\t<meta name=\"twitter:data1\" content=\"Fatou\" \/>\n\t<meta name=\"twitter:label2\" content=\"Dur\u00e9e de lecture estim\u00e9e\" \/>\n\t<meta name=\"twitter:data2\" content=\"2 minutes\" \/>\n<script type=\"application\/ld+json\" class=\"yoast-schema-graph\">{\"@context\":\"https:\/\/schema.org\",\"@graph\":[{\"@type\":\"WebSite\",\"@id\":\"https:\/\/www.nettali.com\/#website\",\"url\":\"https:\/\/www.nettali.com\/\",\"name\":\"Nettali.com\",\"description\":\"Le rendez-vous critique du Net\",\"potentialAction\":[{\"@type\":\"SearchAction\",\"target\":{\"@type\":\"EntryPoint\",\"urlTemplate\":\"https:\/\/www.nettali.com\/?s={search_term_string}\"},\"query-input\":\"required name=search_term_string\"}],\"inLanguage\":\"fr-FR\"},{\"@type\":\"ImageObject\",\"@id\":\"https:\/\/www.nettali.com\/2025\/01\/23\/ousmane-diagne-ministre-de-la-justice-laffaire-farba-ngom-na-rien-de-politique\/#primaryimage\",\"inLanguage\":\"fr-FR\",\"url\":\"https:\/\/www.nettali.com\/wp-content\/uploads\/2023\/02\/OUSMANE-DIAGNE.jpeg\",\"contentUrl\":\"https:\/\/www.nettali.com\/wp-content\/uploads\/2023\/02\/OUSMANE-DIAGNE.jpeg\",\"width\":700,\"height\":598},{\"@type\":\"WebPage\",\"@id\":\"https:\/\/www.nettali.com\/2025\/01\/23\/ousmane-diagne-ministre-de-la-justice-laffaire-farba-ngom-na-rien-de-politique\/#webpage\",\"url\":\"https:\/\/www.nettali.com\/2025\/01\/23\/ousmane-diagne-ministre-de-la-justice-laffaire-farba-ngom-na-rien-de-politique\/\",\"name\":\"OUSMANE DIAGNE , MINISTRE DE LA JUSTICE-\\u00ab L\\u2019affaire Farba Ngom n\\u2019a rien de politique\\u2026 \\u00bb | Nettali.com\",\"isPartOf\":{\"@id\":\"https:\/\/www.nettali.com\/#website\"},\"primaryImageOfPage\":{\"@id\":\"https:\/\/www.nettali.com\/2025\/01\/23\/ousmane-diagne-ministre-de-la-justice-laffaire-farba-ngom-na-rien-de-politique\/#primaryimage\"},\"datePublished\":\"2025-01-23T20:01:27+00:00\",\"dateModified\":\"2025-01-24T13:07:41+00:00\",\"author\":{\"@id\":\"https:\/\/www.nettali.com\/#\/schema\/person\/418274a86bdf87caff7a3ef476bd0bbf\"},\"breadcrumb\":{\"@id\":\"https:\/\/www.nettali.com\/2025\/01\/23\/ousmane-diagne-ministre-de-la-justice-laffaire-farba-ngom-na-rien-de-politique\/#breadcrumb\"},\"inLanguage\":\"fr-FR\",\"potentialAction\":[{\"@type\":\"ReadAction\",\"target\":[\"https:\/\/www.nettali.com\/2025\/01\/23\/ousmane-diagne-ministre-de-la-justice-laffaire-farba-ngom-na-rien-de-politique\/\"]}]},{\"@type\":\"BreadcrumbList\",\"@id\":\"https:\/\/www.nettali.com\/2025\/01\/23\/ousmane-diagne-ministre-de-la-justice-laffaire-farba-ngom-na-rien-de-politique\/#breadcrumb\",\"itemListElement\":[{\"@type\":\"ListItem\",\"position\":1,\"name\":\"Accueil\",\"item\":\"https:\/\/www.nettali.com\/\"},{\"@type\":\"ListItem\",\"position\":2,\"name\":\"OUSMANE DIAGNE , MINISTRE DE LA JUSTICE-\\u00ab L\\u2019affaire Farba Ngom n\\u2019a rien de politique\\u2026 \\u00bb\"}]},{\"@type\":\"Person\",\"@id\":\"https:\/\/www.nettali.com\/#\/schema\/person\/418274a86bdf87caff7a3ef476bd0bbf\",\"name\":\"Fatou\",\"image\":{\"@type\":\"ImageObject\",\"@id\":\"https:\/\/www.nettali.com\/#personlogo\",\"inLanguage\":\"fr-FR\",\"url\":\"https:\/\/secure.gravatar.com\/avatar\/5a9442a2bee7b4dcf167cab035858e9a?s=96&d=mm&r=g\",\"contentUrl\":\"https:\/\/secure.gravatar.com\/avatar\/5a9442a2bee7b4dcf167cab035858e9a?s=96&d=mm&r=g\",\"caption\":\"Fatou\"},\"sameAs\":[\"https:\/\/www.nettali.com\"]}]}<\/script>\n<!-- \/ Yoast SEO Premium plugin. -->","yoast_head_json":{"title":"OUSMANE DIAGNE , MINISTRE DE LA JUSTICE-\u00ab L\u2019affaire Farba Ngom n\u2019a rien de politique\u2026 \u00bb | Nettali.com","robots":{"index":"index","follow":"follow","max-snippet":"max-snippet:-1","max-image-preview":"max-image-preview:large","max-video-preview":"max-video-preview:-1"},"canonical":"https:\/\/www.nettali.com\/2025\/01\/23\/ousmane-diagne-ministre-de-la-justice-laffaire-farba-ngom-na-rien-de-politique\/","og_locale":"fr_FR","og_type":"article","og_title":"OUSMANE DIAGNE , MINISTRE DE LA JUSTICE-\u00ab L\u2019affaire Farba Ngom n\u2019a rien de politique\u2026 \u00bb","og_description":"NETTALI.COM - Le ministre de la Justice garde des Sceaux estime que le dossier de Farba de Ngom n\u2019a rien \u00e0 voir avec la politique. Ousmane Diagne rassure que le droit de tout un chacun sera pr\u00e9serv\u00e9 \u00e0 juste titre. Prenant part \u00e0 la conf\u00e9rence nationale des chefs de parquet, le ministre de la Justice [&hellip;]","og_url":"https:\/\/www.nettali.com\/2025\/01\/23\/ousmane-diagne-ministre-de-la-justice-laffaire-farba-ngom-na-rien-de-politique\/","og_site_name":"Nettali.com","article_publisher":"https:\/\/www.facebook.com\/nettalicom","article_published_time":"2025-01-23T20:01:27+00:00","article_modified_time":"2025-01-24T13:07:41+00:00","og_image":[{"width":700,"height":598,"url":"https:\/\/www.nettali.com\/wp-content\/uploads\/2023\/02\/OUSMANE-DIAGNE.jpeg","type":"image\/jpeg"}],"twitter_card":"summary_large_image","twitter_misc":{"\u00c9crit par":"Fatou","Dur\u00e9e de lecture estim\u00e9e":"2 minutes"},"schema":{"@context":"https:\/\/schema.org","@graph":[{"@type":"WebSite","@id":"https:\/\/www.nettali.com\/#website","url":"https:\/\/www.nettali.com\/","name":"Nettali.com","description":"Le rendez-vous critique du Net","potentialAction":[{"@type":"SearchAction","target":{"@type":"EntryPoint","urlTemplate":"https:\/\/www.nettali.com\/?s={search_term_string}"},"query-input":"required name=search_term_string"}],"inLanguage":"fr-FR"},{"@type":"ImageObject","@id":"https:\/\/www.nettali.com\/2025\/01\/23\/ousmane-diagne-ministre-de-la-justice-laffaire-farba-ngom-na-rien-de-politique\/#primaryimage","inLanguage":"fr-FR","url":"https:\/\/www.nettali.com\/wp-content\/uploads\/2023\/02\/OUSMANE-DIAGNE.jpeg","contentUrl":"https:\/\/www.nettali.com\/wp-content\/uploads\/2023\/02\/OUSMANE-DIAGNE.jpeg","width":700,"height":598},{"@type":"WebPage","@id":"https:\/\/www.nettali.com\/2025\/01\/23\/ousmane-diagne-ministre-de-la-justice-laffaire-farba-ngom-na-rien-de-politique\/#webpage","url":"https:\/\/www.nettali.com\/2025\/01\/23\/ousmane-diagne-ministre-de-la-justice-laffaire-farba-ngom-na-rien-de-politique\/","name":"OUSMANE DIAGNE , MINISTRE DE LA JUSTICE-\u00ab L\u2019affaire Farba Ngom n\u2019a rien de politique\u2026 \u00bb | Nettali.com","isPartOf":{"@id":"https:\/\/www.nettali.com\/#website"},"primaryImageOfPage":{"@id":"https:\/\/www.nettali.com\/2025\/01\/23\/ousmane-diagne-ministre-de-la-justice-laffaire-farba-ngom-na-rien-de-politique\/#primaryimage"},"datePublished":"2025-01-23T20:01:27+00:00","dateModified":"2025-01-24T13:07:41+00:00","author":{"@id":"https:\/\/www.nettali.com\/#\/schema\/person\/418274a86bdf87caff7a3ef476bd0bbf"},"breadcrumb":{"@id":"https:\/\/www.nettali.com\/2025\/01\/23\/ousmane-diagne-ministre-de-la-justice-laffaire-farba-ngom-na-rien-de-politique\/#breadcrumb"},"inLanguage":"fr-FR","potentialAction":[{"@type":"ReadAction","target":["https:\/\/www.nettali.com\/2025\/01\/23\/ousmane-diagne-ministre-de-la-justice-laffaire-farba-ngom-na-rien-de-politique\/"]}]},{"@type":"BreadcrumbList","@id":"https:\/\/www.nettali.com\/2025\/01\/23\/ousmane-diagne-ministre-de-la-justice-laffaire-farba-ngom-na-rien-de-politique\/#breadcrumb","itemListElement":[{"@type":"ListItem","position":1,"name":"Accueil","item":"https:\/\/www.nettali.com\/"},{"@type":"ListItem","position":2,"name":"OUSMANE DIAGNE , MINISTRE DE LA JUSTICE-\u00ab L\u2019affaire Farba Ngom n\u2019a rien de politique\u2026 \u00bb"}]},{"@type":"Person","@id":"https:\/\/www.nettali.com\/#\/schema\/person\/418274a86bdf87caff7a3ef476bd0bbf","name":"Fatou","image":{"@type":"ImageObject","@id":"https:\/\/www.nettali.com\/#personlogo","inLanguage":"fr-FR","url":"https:\/\/secure.gravatar.com\/avatar\/5a9442a2bee7b4dcf167cab035858e9a?s=96&d=mm&r=g","contentUrl":"https:\/\/secure.gravatar.com\/avatar\/5a9442a2bee7b4dcf167cab035858e9a?s=96&d=mm&r=g","caption":"Fatou"},"sameAs":["https:\/\/www.nettali.com"]}]}},"_links":{"self":[{"href":"https:\/\/www.nettali.com\/rest\/wp\/v2\/posts\/147680"}],"collection":[{"href":"https:\/\/www.nettali.com\/rest\/wp\/v2\/posts"}],"about":[{"href":"https:\/\/www.nettali.com\/rest\/wp\/v2\/types\/post"}],"author":[{"embeddable":true,"href":"https:\/\/www.nettali.com\/rest\/wp\/v2\/users\/6"}],"replies":[{"embeddable":true,"href":"https:\/\/www.nettali.com\/rest\/wp\/v2\/comments?post=147680"}],"version-history":[{"count":5,"href":"https:\/\/www.nettali.com\/rest\/wp\/v2\/posts\/147680\/revisions"}],"predecessor-version":[{"id":147691,"href":"https:\/\/www.nettali.com\/rest\/wp\/v2\/posts\/147680\/revisions\/147691"}],"wp:featuredmedia":[{"embeddable":true,"href":"https:\/\/www.nettali.com\/rest\/wp\/v2\/media\/104548"}],"wp:attachment":[{"href":"https:\/\/www.nettali.com\/rest\/wp\/v2\/media?parent=147680"}],"wp:term":[{"taxonomy":"category","embeddable":true,"href":"https:\/\/www.nettali.com\/rest\/wp\/v2\/categories?post=147680"},{"taxonomy":"post_tag","embeddable":true,"href":"https:\/\/www.nettali.com\/rest\/wp\/v2\/tags?post=147680"}],"curies":[{"name":"wp","href":"https:\/\/api.w.org\/{rel}","templated":true}]}}