{"id":147609,"date":"2025-01-22T14:42:59","date_gmt":"2025-01-22T14:42:59","guid":{"rendered":"https:\/\/www.nettali.com\/?p=147609"},"modified":"2025-01-22T14:42:59","modified_gmt":"2025-01-22T14:42:59","slug":"dialogue-avec-la-presse-le-cdeps-lance-un-appel-au-president-de-la-republique","status":"publish","type":"post","link":"https:\/\/www.nettali.com\/2025\/01\/22\/dialogue-avec-la-presse-le-cdeps-lance-un-appel-au-president-de-la-republique\/","title":{"rendered":"DIALOGUE AVEC LA PRESSE - Le Cdeps lance un appel au pr\u00e9sident de la R\u00e9publique"},"content":{"rendered":"<p><strong>NETTALI.COM - Le Conseil des diffuseurs et \u00e9diteurs de presse du S\u00e9n\u00e9gal (CDEPS) a lanc\u00e9, mercredi, \u00e0 Dakar, un appel au pr\u00e9sident de la R\u00e9publique, Bassirou Diomaye Faye, pour un \u00ab dialogue r\u00e9nov\u00e9 avec la presse \u00bb.<\/strong><\/p>\n<p><em>\"Nous lan\u00e7ons un appel au pr\u00e9sident de la R\u00e9publique pour un dialogue r\u00e9nov\u00e9 avec la presse, qui a son r\u00f4le \u00e0 jouer dans le d\u00e9veloppement \u00e9conomique et social du S\u00e9n\u00e9gal\"<\/em>, a lanc\u00e9 le pr\u00e9sident du CDEPS, Mamadou Ibra Kane.<\/p>\n<p>Il s\u2019exprimait ainsi au cours d\u2019un point de presse portant sur la situation \u00e9conomique des entreprises de presse. La rencontre a vu la pr\u00e9sence des patrons de presse, des journalistes et techniciens de m\u00e9dia.<\/p>\n<p><em>\"Nous sommes en situation de cataclysme depuis le Covid-19. \u00c0 terme, la menace de fermeture des entreprises de presse est bien r\u00e9elle. Plusieurs centaines d\u2019emplois vont \u00eatre perdus\"<\/em>, a alert\u00e9 Mamadou Ibra Kane. Selon lui, le CDEPS dit <em>\"regretter les dix premiers mois du nouveau pouvoir incarn\u00e9 par le pr\u00e9sident Bassirou Diomaye Faye en raison de mesures inacceptable pour l\u2019entreprise de presse.\"<\/em><\/p>\n<p>Il a \u00e9galement d\u00e9clar\u00e9 que les cotisations sociales au b\u00e9n\u00e9fice des travailleurs ne sont plus vers\u00e9es r\u00e9guli\u00e8rement, pour ne pas dire que la couverture m\u00e9dicale n\u2019est plus assur\u00e9e pour nombre de cotisants des travailleurs du secteur des m\u00e9dias.<\/p>\n<p>Selon le pr\u00e9sident du CDEPS, le S\u00e9n\u00e9gal a besoin d\u2019une presse r\u00e9publicaine, libre et ind\u00e9pendante, viable \u00e9conomiquement. Elle n\u2019est <em>\"ni un adversaire, encore moins un ennemi\"<\/em>. Les m\u00e9dias sont et resteront toujours un vecteur de d\u00e9veloppement.<\/p>\n<p><em>\"La presse peut \u00eatre un formidable outil de s\u00e9curisation des politiques publiques des dirigeants l\u00e9gitimement choisis par le S\u00e9n\u00e9gal. C\u2019est justement le r\u00f4le que la presse priv\u00e9e veut continuer de jouer. Une presse libre et ind\u00e9pendante est gage pour le S\u00e9n\u00e9gal d\u2019une solidit\u00e9 politique \u00e9conomique et sociale, d\u2019un raffermissement de la d\u00e9mocratie, d\u2019une conscience citoyenne renforc\u00e9e, d\u2019un meilleur vivre ensemble\"<\/em>, a estim\u00e9 Mamadou Ibra Kane.<\/p>\n<p>Il a en outre lanc\u00e9 un appel \u00e0 tous les citoyens s\u00e9n\u00e9galais, \u00e0 la repr\u00e9sentation nationale, \u00e0 la soci\u00e9t\u00e9 civile et aux partenaires pour l\u2019essor d\u2019un<em> \"environnement favorable au renforcement de la libert\u00e9 de la presse et de l\u2019\u00e9tat de droit\"<\/em>.<\/p>\n<div class='share-to-whatsapp-wrapper'><div class='share-on-whsp'>PARTAGER SUR : <\/div><a data-text='DIALOGUE AVEC LA PRESSE - Le Cdeps lance un appel au pr\u00e9sident de la R\u00e9publique' data-link='https:\/\/www.nettali.com\/2025\/01\/22\/dialogue-avec-la-presse-le-cdeps-lance-un-appel-au-president-de-la-republique\/' class='whatsapp-button whatsapp-share'>WhatsApp<\/a><div class='clear '><\/div><\/div>","protected":false},"excerpt":{"rendered":"<p>NETTALI.COM - Le Conseil des diffuseurs et \u00e9diteurs de presse du S\u00e9n\u00e9gal (CDEPS) a lanc\u00e9, mercredi, \u00e0 Dakar, un appel au pr\u00e9sident de la R\u00e9publique, Bassirou Diomaye Faye, pour un \u00ab dialogue r\u00e9nov\u00e9 avec la presse \u00bb. \"Nous lan\u00e7ons un appel au pr\u00e9sident de la R\u00e9publique pour un dialogue r\u00e9nov\u00e9 avec la presse, qui a [&hellip;]<\/p>\n","protected":false},"author":4,"featured_media":147610,"comment_status":"open","ping_status":"open","sticky":false,"template":"","format":"standard","meta":{"_et_pb_use_builder":"","_et_pb_old_content":""},"categories":[3],"tags":[],"yoast_head":"<!-- This site is optimized with the Yoast SEO Premium plugin v17.8 (Yoast SEO v17.8) - https:\/\/yoast.com\/wordpress\/plugins\/seo\/ -->\n<title>DIALOGUE AVEC LA PRESSE - Le Cdeps lance un appel au pr\u00e9sident de la R\u00e9publique | Nettali.com<\/title>\n<meta name=\"robots\" content=\"index, follow, max-snippet:-1, max-image-preview:large, max-video-preview:-1\" \/>\n<link rel=\"canonical\" href=\"https:\/\/www.nettali.com\/2025\/01\/22\/dialogue-avec-la-presse-le-cdeps-lance-un-appel-au-president-de-la-republique\/\" \/>\n<meta property=\"og:locale\" content=\"fr_FR\" \/>\n<meta property=\"og:type\" content=\"article\" \/>\n<meta property=\"og:title\" content=\"DIALOGUE AVEC LA PRESSE - Le Cdeps lance un appel au pr\u00e9sident de la R\u00e9publique\" \/>\n<meta property=\"og:description\" content=\"NETTALI.COM - Le Conseil des diffuseurs et \u00e9diteurs de presse du S\u00e9n\u00e9gal (CDEPS) a lanc\u00e9, mercredi, \u00e0 Dakar, un appel au pr\u00e9sident de la R\u00e9publique, Bassirou Diomaye Faye, pour un \u00ab dialogue r\u00e9nov\u00e9 avec la presse \u00bb. &quot;Nous lan\u00e7ons un appel au pr\u00e9sident de la R\u00e9publique pour un dialogue r\u00e9nov\u00e9 avec la presse, qui a [&hellip;]\" \/>\n<meta property=\"og:url\" content=\"https:\/\/www.nettali.com\/2025\/01\/22\/dialogue-avec-la-presse-le-cdeps-lance-un-appel-au-president-de-la-republique\/\" \/>\n<meta property=\"og:site_name\" content=\"Nettali.com\" \/>\n<meta property=\"article:publisher\" content=\"https:\/\/www.facebook.com\/nettalicom\" \/>\n<meta property=\"article:published_time\" content=\"2025-01-22T14:42:59+00:00\" \/>\n<meta property=\"og:image\" content=\"https:\/\/www.nettali.com\/wp-content\/uploads\/2025\/01\/Capture-de\u0301cran-2025-01-22-a\u0300-14.38.59.png\" \/>\n\t<meta property=\"og:image:width\" content=\"678\" \/>\n\t<meta property=\"og:image:height\" content=\"401\" \/>\n<meta name=\"twitter:card\" content=\"summary_large_image\" \/>\n<meta name=\"twitter:label1\" content=\"\u00c9crit par\" \/>\n\t<meta name=\"twitter:data1\" content=\"Daouda\" \/>\n\t<meta name=\"twitter:label2\" content=\"Dur\u00e9e de lecture estim\u00e9e\" \/>\n\t<meta name=\"twitter:data2\" content=\"2 minutes\" \/>\n<script type=\"application\/ld+json\" class=\"yoast-schema-graph\">{\"@context\":\"https:\/\/schema.org\",\"@graph\":[{\"@type\":\"WebSite\",\"@id\":\"https:\/\/www.nettali.com\/#website\",\"url\":\"https:\/\/www.nettali.com\/\",\"name\":\"Nettali.com\",\"description\":\"Le rendez-vous critique du Net\",\"potentialAction\":[{\"@type\":\"SearchAction\",\"target\":{\"@type\":\"EntryPoint\",\"urlTemplate\":\"https:\/\/www.nettali.com\/?s={search_term_string}\"},\"query-input\":\"required name=search_term_string\"}],\"inLanguage\":\"fr-FR\"},{\"@type\":\"ImageObject\",\"@id\":\"https:\/\/www.nettali.com\/2025\/01\/22\/dialogue-avec-la-presse-le-cdeps-lance-un-appel-au-president-de-la-republique\/#primaryimage\",\"inLanguage\":\"fr-FR\",\"url\":\"https:\/\/www.nettali.com\/wp-content\/uploads\/2025\/01\/Capture-de\\u0301cran-2025-01-22-a\\u0300-14.38.59.png\",\"contentUrl\":\"https:\/\/www.nettali.com\/wp-content\/uploads\/2025\/01\/Capture-de\\u0301cran-2025-01-22-a\\u0300-14.38.59.png\",\"width\":678,\"height\":401},{\"@type\":\"WebPage\",\"@id\":\"https:\/\/www.nettali.com\/2025\/01\/22\/dialogue-avec-la-presse-le-cdeps-lance-un-appel-au-president-de-la-republique\/#webpage\",\"url\":\"https:\/\/www.nettali.com\/2025\/01\/22\/dialogue-avec-la-presse-le-cdeps-lance-un-appel-au-president-de-la-republique\/\",\"name\":\"DIALOGUE AVEC LA PRESSE - Le Cdeps lance un appel au pr\\u00e9sident de la R\\u00e9publique | Nettali.com\",\"isPartOf\":{\"@id\":\"https:\/\/www.nettali.com\/#website\"},\"primaryImageOfPage\":{\"@id\":\"https:\/\/www.nettali.com\/2025\/01\/22\/dialogue-avec-la-presse-le-cdeps-lance-un-appel-au-president-de-la-republique\/#primaryimage\"},\"datePublished\":\"2025-01-22T14:42:59+00:00\",\"dateModified\":\"2025-01-22T14:42:59+00:00\",\"author\":{\"@id\":\"https:\/\/www.nettali.com\/#\/schema\/person\/3317e0bb3aa1da309fbf7b2780901bf4\"},\"breadcrumb\":{\"@id\":\"https:\/\/www.nettali.com\/2025\/01\/22\/dialogue-avec-la-presse-le-cdeps-lance-un-appel-au-president-de-la-republique\/#breadcrumb\"},\"inLanguage\":\"fr-FR\",\"potentialAction\":[{\"@type\":\"ReadAction\",\"target\":[\"https:\/\/www.nettali.com\/2025\/01\/22\/dialogue-avec-la-presse-le-cdeps-lance-un-appel-au-president-de-la-republique\/\"]}]},{\"@type\":\"BreadcrumbList\",\"@id\":\"https:\/\/www.nettali.com\/2025\/01\/22\/dialogue-avec-la-presse-le-cdeps-lance-un-appel-au-president-de-la-republique\/#breadcrumb\",\"itemListElement\":[{\"@type\":\"ListItem\",\"position\":1,\"name\":\"Accueil\",\"item\":\"https:\/\/www.nettali.com\/\"},{\"@type\":\"ListItem\",\"position\":2,\"name\":\"DIALOGUE AVEC LA PRESSE - Le Cdeps lance un appel au pr\\u00e9sident de la R\\u00e9publique\"}]},{\"@type\":\"Person\",\"@id\":\"https:\/\/www.nettali.com\/#\/schema\/person\/3317e0bb3aa1da309fbf7b2780901bf4\",\"name\":\"Daouda\",\"image\":{\"@type\":\"ImageObject\",\"@id\":\"https:\/\/www.nettali.com\/#personlogo\",\"inLanguage\":\"fr-FR\",\"url\":\"https:\/\/secure.gravatar.com\/avatar\/8d143b5a49345098ddcfee1c49c2f47c?s=96&d=mm&r=g\",\"contentUrl\":\"https:\/\/secure.gravatar.com\/avatar\/8d143b5a49345098ddcfee1c49c2f47c?s=96&d=mm&r=g\",\"caption\":\"Daouda\"},\"sameAs\":[\"https:\/\/www.nettali.com\"]}]}<\/script>\n<!-- \/ Yoast SEO Premium plugin. -->","yoast_head_json":{"title":"DIALOGUE AVEC LA PRESSE - Le Cdeps lance un appel au pr\u00e9sident de la R\u00e9publique | Nettali.com","robots":{"index":"index","follow":"follow","max-snippet":"max-snippet:-1","max-image-preview":"max-image-preview:large","max-video-preview":"max-video-preview:-1"},"canonical":"https:\/\/www.nettali.com\/2025\/01\/22\/dialogue-avec-la-presse-le-cdeps-lance-un-appel-au-president-de-la-republique\/","og_locale":"fr_FR","og_type":"article","og_title":"DIALOGUE AVEC LA PRESSE - Le Cdeps lance un appel au pr\u00e9sident de la R\u00e9publique","og_description":"NETTALI.COM - Le Conseil des diffuseurs et \u00e9diteurs de presse du S\u00e9n\u00e9gal (CDEPS) a lanc\u00e9, mercredi, \u00e0 Dakar, un appel au pr\u00e9sident de la R\u00e9publique, Bassirou Diomaye Faye, pour un \u00ab dialogue r\u00e9nov\u00e9 avec la presse \u00bb. \"Nous lan\u00e7ons un appel au pr\u00e9sident de la R\u00e9publique pour un dialogue r\u00e9nov\u00e9 avec la presse, qui a [&hellip;]","og_url":"https:\/\/www.nettali.com\/2025\/01\/22\/dialogue-avec-la-presse-le-cdeps-lance-un-appel-au-president-de-la-republique\/","og_site_name":"Nettali.com","article_publisher":"https:\/\/www.facebook.com\/nettalicom","article_published_time":"2025-01-22T14:42:59+00:00","og_image":[{"width":678,"height":401,"url":"https:\/\/www.nettali.com\/wp-content\/uploads\/2025\/01\/Capture-de\u0301cran-2025-01-22-a\u0300-14.38.59.png","type":"image\/png"}],"twitter_card":"summary_large_image","twitter_misc":{"\u00c9crit par":"Daouda","Dur\u00e9e de lecture estim\u00e9e":"2 minutes"},"schema":{"@context":"https:\/\/schema.org","@graph":[{"@type":"WebSite","@id":"https:\/\/www.nettali.com\/#website","url":"https:\/\/www.nettali.com\/","name":"Nettali.com","description":"Le rendez-vous critique du Net","potentialAction":[{"@type":"SearchAction","target":{"@type":"EntryPoint","urlTemplate":"https:\/\/www.nettali.com\/?s={search_term_string}"},"query-input":"required name=search_term_string"}],"inLanguage":"fr-FR"},{"@type":"ImageObject","@id":"https:\/\/www.nettali.com\/2025\/01\/22\/dialogue-avec-la-presse-le-cdeps-lance-un-appel-au-president-de-la-republique\/#primaryimage","inLanguage":"fr-FR","url":"https:\/\/www.nettali.com\/wp-content\/uploads\/2025\/01\/Capture-de\u0301cran-2025-01-22-a\u0300-14.38.59.png","contentUrl":"https:\/\/www.nettali.com\/wp-content\/uploads\/2025\/01\/Capture-de\u0301cran-2025-01-22-a\u0300-14.38.59.png","width":678,"height":401},{"@type":"WebPage","@id":"https:\/\/www.nettali.com\/2025\/01\/22\/dialogue-avec-la-presse-le-cdeps-lance-un-appel-au-president-de-la-republique\/#webpage","url":"https:\/\/www.nettali.com\/2025\/01\/22\/dialogue-avec-la-presse-le-cdeps-lance-un-appel-au-president-de-la-republique\/","name":"DIALOGUE AVEC LA PRESSE - Le Cdeps lance un appel au pr\u00e9sident de la R\u00e9publique | Nettali.com","isPartOf":{"@id":"https:\/\/www.nettali.com\/#website"},"primaryImageOfPage":{"@id":"https:\/\/www.nettali.com\/2025\/01\/22\/dialogue-avec-la-presse-le-cdeps-lance-un-appel-au-president-de-la-republique\/#primaryimage"},"datePublished":"2025-01-22T14:42:59+00:00","dateModified":"2025-01-22T14:42:59+00:00","author":{"@id":"https:\/\/www.nettali.com\/#\/schema\/person\/3317e0bb3aa1da309fbf7b2780901bf4"},"breadcrumb":{"@id":"https:\/\/www.nettali.com\/2025\/01\/22\/dialogue-avec-la-presse-le-cdeps-lance-un-appel-au-president-de-la-republique\/#breadcrumb"},"inLanguage":"fr-FR","potentialAction":[{"@type":"ReadAction","target":["https:\/\/www.nettali.com\/2025\/01\/22\/dialogue-avec-la-presse-le-cdeps-lance-un-appel-au-president-de-la-republique\/"]}]},{"@type":"BreadcrumbList","@id":"https:\/\/www.nettali.com\/2025\/01\/22\/dialogue-avec-la-presse-le-cdeps-lance-un-appel-au-president-de-la-republique\/#breadcrumb","itemListElement":[{"@type":"ListItem","position":1,"name":"Accueil","item":"https:\/\/www.nettali.com\/"},{"@type":"ListItem","position":2,"name":"DIALOGUE AVEC LA PRESSE - Le Cdeps lance un appel au pr\u00e9sident de la R\u00e9publique"}]},{"@type":"Person","@id":"https:\/\/www.nettali.com\/#\/schema\/person\/3317e0bb3aa1da309fbf7b2780901bf4","name":"Daouda","image":{"@type":"ImageObject","@id":"https:\/\/www.nettali.com\/#personlogo","inLanguage":"fr-FR","url":"https:\/\/secure.gravatar.com\/avatar\/8d143b5a49345098ddcfee1c49c2f47c?s=96&d=mm&r=g","contentUrl":"https:\/\/secure.gravatar.com\/avatar\/8d143b5a49345098ddcfee1c49c2f47c?s=96&d=mm&r=g","caption":"Daouda"},"sameAs":["https:\/\/www.nettali.com"]}]}},"_links":{"self":[{"href":"https:\/\/www.nettali.com\/rest\/wp\/v2\/posts\/147609"}],"collection":[{"href":"https:\/\/www.nettali.com\/rest\/wp\/v2\/posts"}],"about":[{"href":"https:\/\/www.nettali.com\/rest\/wp\/v2\/types\/post"}],"author":[{"embeddable":true,"href":"https:\/\/www.nettali.com\/rest\/wp\/v2\/users\/4"}],"replies":[{"embeddable":true,"href":"https:\/\/www.nettali.com\/rest\/wp\/v2\/comments?post=147609"}],"version-history":[{"count":1,"href":"https:\/\/www.nettali.com\/rest\/wp\/v2\/posts\/147609\/revisions"}],"predecessor-version":[{"id":147611,"href":"https:\/\/www.nettali.com\/rest\/wp\/v2\/posts\/147609\/revisions\/147611"}],"wp:featuredmedia":[{"embeddable":true,"href":"https:\/\/www.nettali.com\/rest\/wp\/v2\/media\/147610"}],"wp:attachment":[{"href":"https:\/\/www.nettali.com\/rest\/wp\/v2\/media?parent=147609"}],"wp:term":[{"taxonomy":"category","embeddable":true,"href":"https:\/\/www.nettali.com\/rest\/wp\/v2\/categories?post=147609"},{"taxonomy":"post_tag","embeddable":true,"href":"https:\/\/www.nettali.com\/rest\/wp\/v2\/tags?post=147609"}],"curies":[{"name":"wp","href":"https:\/\/api.w.org\/{rel}","templated":true}]}}