{"id":147545,"date":"2025-01-21T20:10:39","date_gmt":"2025-01-21T20:10:39","guid":{"rendered":"https:\/\/www.nettali.com\/?p=147545"},"modified":"2025-01-22T01:27:48","modified_gmt":"2025-01-22T01:27:48","slug":"mbappe-jai-change-de-mentalite","status":"publish","type":"post","link":"https:\/\/www.nettali.com\/2025\/01\/21\/mbappe-jai-change-de-mentalite\/","title":{"rendered":"MBAPP\u00c9 : \"J'ai chang\u00e9 de mentalit\u00e9\""},"content":{"rendered":"<p><strong>NETTALI.COM - Apr\u00e8s des premiers mois difficiles en Espagne, Kylian Mbapp\u00e9 est en train de revenir \u00e0 son meilleur niveau avec le Real Madrid. Pr\u00e9sent en conf\u00e9rence de presse ce mardi 21 janvier, \u00e0 la veille du match de Ligue des Champions face \u00e0 Salzbourg, l'attaquant fran\u00e7ais a expliqu\u00e9 comment il avait v\u00e9cu les derniers mois dans la capitale espagnole.<\/strong><\/p>\n<p>\"<em>Quand tu es un joueur comme moi, avec toutes les attentes qu'il y a autour de moi, c'est normal que les gens critiquent et parlent sans savoir ce qui se passe. Ils peuvent mal parler mais ce n'est pas quelque chose de personnel. Dans le foot, quand tu joues bien, on parle bien de toi, quand tu joues mal, on parle mal. Mais il faut \u00eatre serein et rester focalis\u00e9 sur ton jeu. Je savais que je pouvais changer la situation, elle a chang\u00e9 et je suis tr\u00e8s content de pouvoir aider l'\u00e9quipe comme je l'ai fait sur les derniers matchs<\/em>\", a d\u00e9clar\u00e9 le capitaine des Bleus.<\/p>\n<p>En d\u00e9cembre, le joueur form\u00e9 \u00e0 l'AS Monaco avait reconnu avoir \"touch\u00e9 le fond\" apr\u00e8s un penalty rat\u00e9 contre l'Athletic Bilbao (1-2).\u00a0 \"<em>Je me sentais mal parce que je suis quelqu'un qui veut toujours faire plus<\/em>\", a-t-il expliqu\u00e9.<\/p>\n<p>\"<em>Je savais qu'un tel moment pouvait arriver et au final j'ai chang\u00e9 de mentalit\u00e9, car je me suis dit que je ne pouvais pas faire pire, et que je devais d\u00e9montrer que j'\u00e9tais un joueur de grande qualit\u00e9 et que je pouvais aider cette \u00e9quipe\", <\/em>dit-il.<\/p>\n<p>Autant qu'il est en train de le d\u00e9montrer avec quatre buts lors de ses trois derniers matchs.<\/p>\n<div class='share-to-whatsapp-wrapper'><div class='share-on-whsp'>PARTAGER SUR : <\/div><a data-text='MBAPP\u00c9 : \"J'ai chang\u00e9 de mentalit\u00e9\"' data-link='https:\/\/www.nettali.com\/2025\/01\/21\/mbappe-jai-change-de-mentalite\/' class='whatsapp-button whatsapp-share'>WhatsApp<\/a><div class='clear '><\/div><\/div>","protected":false},"excerpt":{"rendered":"<p>NETTALI.COM - Apr\u00e8s des premiers mois difficiles en Espagne, Kylian Mbapp\u00e9 est en train de revenir \u00e0 son meilleur niveau avec le Real Madrid. Pr\u00e9sent en conf\u00e9rence de presse ce mardi 21 janvier, \u00e0 la veille du match de Ligue des Champions face \u00e0 Salzbourg, l'attaquant fran\u00e7ais a expliqu\u00e9 comment il avait v\u00e9cu les derniers [&hellip;]<\/p>\n","protected":false},"author":5,"featured_media":147546,"comment_status":"open","ping_status":"open","sticky":false,"template":"","format":"standard","meta":{"_et_pb_use_builder":"","_et_pb_old_content":""},"categories":[6],"tags":[],"yoast_head":"<!-- This site is optimized with the Yoast SEO Premium plugin v17.8 (Yoast SEO v17.8) - https:\/\/yoast.com\/wordpress\/plugins\/seo\/ -->\n<title>MBAPP\u00c9 : &quot;J&#039;ai chang\u00e9 de mentalit\u00e9&quot; | Nettali.com<\/title>\n<meta name=\"robots\" content=\"index, follow, max-snippet:-1, max-image-preview:large, max-video-preview:-1\" \/>\n<link rel=\"canonical\" href=\"https:\/\/www.nettali.com\/2025\/01\/21\/mbappe-jai-change-de-mentalite\/\" \/>\n<meta property=\"og:locale\" content=\"fr_FR\" \/>\n<meta property=\"og:type\" content=\"article\" \/>\n<meta property=\"og:title\" content=\"MBAPP\u00c9 : &quot;J&#039;ai chang\u00e9 de mentalit\u00e9&quot;\" \/>\n<meta property=\"og:description\" content=\"NETTALI.COM - Apr\u00e8s des premiers mois difficiles en Espagne, Kylian Mbapp\u00e9 est en train de revenir \u00e0 son meilleur niveau avec le Real Madrid. Pr\u00e9sent en conf\u00e9rence de presse ce mardi 21 janvier, \u00e0 la veille du match de Ligue des Champions face \u00e0 Salzbourg, l&#039;attaquant fran\u00e7ais a expliqu\u00e9 comment il avait v\u00e9cu les derniers [&hellip;]\" \/>\n<meta property=\"og:url\" content=\"https:\/\/www.nettali.com\/2025\/01\/21\/mbappe-jai-change-de-mentalite\/\" \/>\n<meta property=\"og:site_name\" content=\"Nettali.com\" \/>\n<meta property=\"article:publisher\" content=\"https:\/\/www.facebook.com\/nettalicom\" \/>\n<meta property=\"article:published_time\" content=\"2025-01-21T20:10:39+00:00\" \/>\n<meta property=\"article:modified_time\" content=\"2025-01-22T01:27:48+00:00\" \/>\n<meta property=\"og:image\" content=\"https:\/\/www.nettali.com\/wp-content\/uploads\/2025\/01\/kylian-mbappe-press.jpg\" \/>\n\t<meta property=\"og:image:width\" content=\"1200\" \/>\n\t<meta property=\"og:image:height\" content=\"773\" \/>\n<meta name=\"twitter:card\" content=\"summary_large_image\" \/>\n<meta name=\"twitter:label1\" content=\"\u00c9crit par\" \/>\n\t<meta name=\"twitter:data1\" content=\"Ibrahima\" \/>\n\t<meta name=\"twitter:label2\" content=\"Dur\u00e9e de lecture estim\u00e9e\" \/>\n\t<meta name=\"twitter:data2\" content=\"2 minutes\" \/>\n<script type=\"application\/ld+json\" class=\"yoast-schema-graph\">{\"@context\":\"https:\/\/schema.org\",\"@graph\":[{\"@type\":\"WebSite\",\"@id\":\"https:\/\/www.nettali.com\/#website\",\"url\":\"https:\/\/www.nettali.com\/\",\"name\":\"Nettali.com\",\"description\":\"Le rendez-vous critique du Net\",\"potentialAction\":[{\"@type\":\"SearchAction\",\"target\":{\"@type\":\"EntryPoint\",\"urlTemplate\":\"https:\/\/www.nettali.com\/?s={search_term_string}\"},\"query-input\":\"required name=search_term_string\"}],\"inLanguage\":\"fr-FR\"},{\"@type\":\"ImageObject\",\"@id\":\"https:\/\/www.nettali.com\/2025\/01\/21\/mbappe-jai-change-de-mentalite\/#primaryimage\",\"inLanguage\":\"fr-FR\",\"url\":\"https:\/\/www.nettali.com\/wp-content\/uploads\/2025\/01\/kylian-mbappe-press.jpg\",\"contentUrl\":\"https:\/\/www.nettali.com\/wp-content\/uploads\/2025\/01\/kylian-mbappe-press.jpg\",\"width\":1200,\"height\":773},{\"@type\":\"WebPage\",\"@id\":\"https:\/\/www.nettali.com\/2025\/01\/21\/mbappe-jai-change-de-mentalite\/#webpage\",\"url\":\"https:\/\/www.nettali.com\/2025\/01\/21\/mbappe-jai-change-de-mentalite\/\",\"name\":\"MBAPP\\u00c9 : \\\"J'ai chang\\u00e9 de mentalit\\u00e9\\\" | Nettali.com\",\"isPartOf\":{\"@id\":\"https:\/\/www.nettali.com\/#website\"},\"primaryImageOfPage\":{\"@id\":\"https:\/\/www.nettali.com\/2025\/01\/21\/mbappe-jai-change-de-mentalite\/#primaryimage\"},\"datePublished\":\"2025-01-21T20:10:39+00:00\",\"dateModified\":\"2025-01-22T01:27:48+00:00\",\"author\":{\"@id\":\"https:\/\/www.nettali.com\/#\/schema\/person\/bb147657c2986240405a608162b9bb23\"},\"breadcrumb\":{\"@id\":\"https:\/\/www.nettali.com\/2025\/01\/21\/mbappe-jai-change-de-mentalite\/#breadcrumb\"},\"inLanguage\":\"fr-FR\",\"potentialAction\":[{\"@type\":\"ReadAction\",\"target\":[\"https:\/\/www.nettali.com\/2025\/01\/21\/mbappe-jai-change-de-mentalite\/\"]}]},{\"@type\":\"BreadcrumbList\",\"@id\":\"https:\/\/www.nettali.com\/2025\/01\/21\/mbappe-jai-change-de-mentalite\/#breadcrumb\",\"itemListElement\":[{\"@type\":\"ListItem\",\"position\":1,\"name\":\"Accueil\",\"item\":\"https:\/\/www.nettali.com\/\"},{\"@type\":\"ListItem\",\"position\":2,\"name\":\"MBAPP\\u00c9 : \\\"J'ai chang\\u00e9 de mentalit\\u00e9\\\"\"}]},{\"@type\":\"Person\",\"@id\":\"https:\/\/www.nettali.com\/#\/schema\/person\/bb147657c2986240405a608162b9bb23\",\"name\":\"Ibrahima\",\"image\":{\"@type\":\"ImageObject\",\"@id\":\"https:\/\/www.nettali.com\/#personlogo\",\"inLanguage\":\"fr-FR\",\"url\":\"https:\/\/secure.gravatar.com\/avatar\/26a8a81f09f0dd7624c9d5c36c9ba3a2?s=96&d=mm&r=g\",\"contentUrl\":\"https:\/\/secure.gravatar.com\/avatar\/26a8a81f09f0dd7624c9d5c36c9ba3a2?s=96&d=mm&r=g\",\"caption\":\"Ibrahima\"},\"sameAs\":[\"https:\/\/www.nettali.com\"]}]}<\/script>\n<!-- \/ Yoast SEO Premium plugin. -->","yoast_head_json":{"title":"MBAPP\u00c9 : \"J'ai chang\u00e9 de mentalit\u00e9\" | Nettali.com","robots":{"index":"index","follow":"follow","max-snippet":"max-snippet:-1","max-image-preview":"max-image-preview:large","max-video-preview":"max-video-preview:-1"},"canonical":"https:\/\/www.nettali.com\/2025\/01\/21\/mbappe-jai-change-de-mentalite\/","og_locale":"fr_FR","og_type":"article","og_title":"MBAPP\u00c9 : \"J'ai chang\u00e9 de mentalit\u00e9\"","og_description":"NETTALI.COM - Apr\u00e8s des premiers mois difficiles en Espagne, Kylian Mbapp\u00e9 est en train de revenir \u00e0 son meilleur niveau avec le Real Madrid. Pr\u00e9sent en conf\u00e9rence de presse ce mardi 21 janvier, \u00e0 la veille du match de Ligue des Champions face \u00e0 Salzbourg, l'attaquant fran\u00e7ais a expliqu\u00e9 comment il avait v\u00e9cu les derniers [&hellip;]","og_url":"https:\/\/www.nettali.com\/2025\/01\/21\/mbappe-jai-change-de-mentalite\/","og_site_name":"Nettali.com","article_publisher":"https:\/\/www.facebook.com\/nettalicom","article_published_time":"2025-01-21T20:10:39+00:00","article_modified_time":"2025-01-22T01:27:48+00:00","og_image":[{"width":1200,"height":773,"url":"https:\/\/www.nettali.com\/wp-content\/uploads\/2025\/01\/kylian-mbappe-press.jpg","type":"image\/jpeg"}],"twitter_card":"summary_large_image","twitter_misc":{"\u00c9crit par":"Ibrahima","Dur\u00e9e de lecture estim\u00e9e":"2 minutes"},"schema":{"@context":"https:\/\/schema.org","@graph":[{"@type":"WebSite","@id":"https:\/\/www.nettali.com\/#website","url":"https:\/\/www.nettali.com\/","name":"Nettali.com","description":"Le rendez-vous critique du Net","potentialAction":[{"@type":"SearchAction","target":{"@type":"EntryPoint","urlTemplate":"https:\/\/www.nettali.com\/?s={search_term_string}"},"query-input":"required name=search_term_string"}],"inLanguage":"fr-FR"},{"@type":"ImageObject","@id":"https:\/\/www.nettali.com\/2025\/01\/21\/mbappe-jai-change-de-mentalite\/#primaryimage","inLanguage":"fr-FR","url":"https:\/\/www.nettali.com\/wp-content\/uploads\/2025\/01\/kylian-mbappe-press.jpg","contentUrl":"https:\/\/www.nettali.com\/wp-content\/uploads\/2025\/01\/kylian-mbappe-press.jpg","width":1200,"height":773},{"@type":"WebPage","@id":"https:\/\/www.nettali.com\/2025\/01\/21\/mbappe-jai-change-de-mentalite\/#webpage","url":"https:\/\/www.nettali.com\/2025\/01\/21\/mbappe-jai-change-de-mentalite\/","name":"MBAPP\u00c9 : \"J'ai chang\u00e9 de mentalit\u00e9\" | Nettali.com","isPartOf":{"@id":"https:\/\/www.nettali.com\/#website"},"primaryImageOfPage":{"@id":"https:\/\/www.nettali.com\/2025\/01\/21\/mbappe-jai-change-de-mentalite\/#primaryimage"},"datePublished":"2025-01-21T20:10:39+00:00","dateModified":"2025-01-22T01:27:48+00:00","author":{"@id":"https:\/\/www.nettali.com\/#\/schema\/person\/bb147657c2986240405a608162b9bb23"},"breadcrumb":{"@id":"https:\/\/www.nettali.com\/2025\/01\/21\/mbappe-jai-change-de-mentalite\/#breadcrumb"},"inLanguage":"fr-FR","potentialAction":[{"@type":"ReadAction","target":["https:\/\/www.nettali.com\/2025\/01\/21\/mbappe-jai-change-de-mentalite\/"]}]},{"@type":"BreadcrumbList","@id":"https:\/\/www.nettali.com\/2025\/01\/21\/mbappe-jai-change-de-mentalite\/#breadcrumb","itemListElement":[{"@type":"ListItem","position":1,"name":"Accueil","item":"https:\/\/www.nettali.com\/"},{"@type":"ListItem","position":2,"name":"MBAPP\u00c9 : \"J'ai chang\u00e9 de mentalit\u00e9\""}]},{"@type":"Person","@id":"https:\/\/www.nettali.com\/#\/schema\/person\/bb147657c2986240405a608162b9bb23","name":"Ibrahima","image":{"@type":"ImageObject","@id":"https:\/\/www.nettali.com\/#personlogo","inLanguage":"fr-FR","url":"https:\/\/secure.gravatar.com\/avatar\/26a8a81f09f0dd7624c9d5c36c9ba3a2?s=96&d=mm&r=g","contentUrl":"https:\/\/secure.gravatar.com\/avatar\/26a8a81f09f0dd7624c9d5c36c9ba3a2?s=96&d=mm&r=g","caption":"Ibrahima"},"sameAs":["https:\/\/www.nettali.com"]}]}},"_links":{"self":[{"href":"https:\/\/www.nettali.com\/rest\/wp\/v2\/posts\/147545"}],"collection":[{"href":"https:\/\/www.nettali.com\/rest\/wp\/v2\/posts"}],"about":[{"href":"https:\/\/www.nettali.com\/rest\/wp\/v2\/types\/post"}],"author":[{"embeddable":true,"href":"https:\/\/www.nettali.com\/rest\/wp\/v2\/users\/5"}],"replies":[{"embeddable":true,"href":"https:\/\/www.nettali.com\/rest\/wp\/v2\/comments?post=147545"}],"version-history":[{"count":2,"href":"https:\/\/www.nettali.com\/rest\/wp\/v2\/posts\/147545\/revisions"}],"predecessor-version":[{"id":147556,"href":"https:\/\/www.nettali.com\/rest\/wp\/v2\/posts\/147545\/revisions\/147556"}],"wp:featuredmedia":[{"embeddable":true,"href":"https:\/\/www.nettali.com\/rest\/wp\/v2\/media\/147546"}],"wp:attachment":[{"href":"https:\/\/www.nettali.com\/rest\/wp\/v2\/media?parent=147545"}],"wp:term":[{"taxonomy":"category","embeddable":true,"href":"https:\/\/www.nettali.com\/rest\/wp\/v2\/categories?post=147545"},{"taxonomy":"post_tag","embeddable":true,"href":"https:\/\/www.nettali.com\/rest\/wp\/v2\/tags?post=147545"}],"curies":[{"name":"wp","href":"https:\/\/api.w.org\/{rel}","templated":true}]}}