{"id":147522,"date":"2025-01-21T17:03:12","date_gmt":"2025-01-21T17:03:12","guid":{"rendered":"https:\/\/www.nettali.com\/?p=147522"},"modified":"2025-01-21T17:03:12","modified_gmt":"2025-01-21T17:03:12","slug":"annulation-du-point-de-presse-du-cdeps-la-maison-de-la-presse-brise-le-silence","status":"publish","type":"post","link":"https:\/\/www.nettali.com\/2025\/01\/21\/annulation-du-point-de-presse-du-cdeps-la-maison-de-la-presse-brise-le-silence\/","title":{"rendered":"ANNULATION DU POINT DE PRESSE DU CDEPS - La Maison de la Presse brise le silence\u00a0"},"content":{"rendered":"<p><strong>NETTALI.COM - Le Conseil des Diffuseurs et \u00c9diteurs de Presse du S\u00e9n\u00e9gal (CDEPS) a \u00e9t\u00e9 emp\u00each\u00e9 de tenir sa conf\u00e9rence de presse, le lundi 21 janvier \u00e0 la Maison de la Presse Babacar Tour\u00e9. Une situation qui a suscit\u00e9 des r\u00e9actions et des clarifications des deux parties. Dans un communiqu\u00e9 officiel, les autorit\u00e9s de la Maison de la Presse ont expliqu\u00e9 que cet emp\u00eachement \u00e9tait d\u00fb \u00e0 un manquement administratif de la part du CDEPS.<\/strong><\/p>\n<p>Selon le communiqu\u00e9 sign\u00e9 par le directeur des relations avec la presse et les partenaires pour les associations regroupant des professionnels et\/ou le patronat, la conf\u00e9rence de presse n'a pas pu se tenir \u00e0 cause du non-respect des proc\u00e9dures administratives requises pour l'acc\u00e8s aux locaux.<\/p>\n<p>Il est pr\u00e9cis\u00e9 que les organisateurs d'\u00e9v\u00e9nements dans ces espaces, doivent soumettre une demande \u00e9crite de mise \u00e0 disposition d'une salle au Directeur G\u00e9n\u00e9ral de la Maison de la Presse. Cette formalit\u00e9 permet \u00e0 l'administration de planifier les activit\u00e9s en fonction de la disponibilit\u00e9 des espaces.<\/p>\n<p>\"<em>Ce formalisme, qui n'a pas \u00e9t\u00e9 respect\u00e9 par les organisateurs, permet \u00e0 nos services de planifier les activit\u00e9s suivant la disponibilit\u00e9 des espaces<\/em>\", a expliqu\u00e9 le communiqu\u00e9.<\/p>\n<p>Les autorit\u00e9s ont ainsi soulign\u00e9 que la mission principale de la Maison de la Presse Babacar Tour\u00e9 est de fournir un cadre f\u00e9d\u00e9rateur et de soutien aux professionnels de la presse s\u00e9n\u00e9galaise, en r\u00e9pondant \u00e0 leurs besoins en termes d'autonomie, d'\u00e9changes et de renforcement des capacit\u00e9s.<\/p>\n<p>Le communiqu\u00e9 a \u00e9galement indiqu\u00e9 que, suite \u00e0 cette situation, le CDEPS a rectifi\u00e9 son erreur en adressant une demande \u00e9crite, dat\u00e9e du 20 janvier, et sign\u00e9e par son pr\u00e9sident, pour la mise \u00e0 disposition d'une salle. Cette demande ayant \u00e9t\u00e9 valid\u00e9e, la conf\u00e9rence de presse du CDEPS pourra d\u00e9sormais se tenir le mercredi 22 janvier 2025, \u00e0 11 heures, \u00e0 la Maison de la Presse Babacar Tour\u00e9.<\/p>\n<p>Ainsi, la conf\u00e9rence de presse du CDEPS initialement report\u00e9e, se tiendra bien \u00e0 la Maison de la Presse le 22 janvier, dans un contexte toujours marqu\u00e9 par la crise m\u00e9diatique au S\u00e9n\u00e9gal, que l'organisation souhaite aborder avec les journalistes nationaux et internationaux.<\/p>\n<div class='share-to-whatsapp-wrapper'><div class='share-on-whsp'>PARTAGER SUR : <\/div><a data-text='ANNULATION DU POINT DE PRESSE DU CDEPS - La Maison de la Presse brise le silence\u00a0' data-link='https:\/\/www.nettali.com\/2025\/01\/21\/annulation-du-point-de-presse-du-cdeps-la-maison-de-la-presse-brise-le-silence\/' class='whatsapp-button whatsapp-share'>WhatsApp<\/a><div class='clear '><\/div><\/div>","protected":false},"excerpt":{"rendered":"<p>NETTALI.COM - Le Conseil des Diffuseurs et \u00c9diteurs de Presse du S\u00e9n\u00e9gal (CDEPS) a \u00e9t\u00e9 emp\u00each\u00e9 de tenir sa conf\u00e9rence de presse, le lundi 21 janvier \u00e0 la Maison de la Presse Babacar Tour\u00e9. Une situation qui a suscit\u00e9 des r\u00e9actions et des clarifications des deux parties. Dans un communiqu\u00e9 officiel, les autorit\u00e9s de la [&hellip;]<\/p>\n","protected":false},"author":5,"featured_media":147513,"comment_status":"open","ping_status":"open","sticky":false,"template":"","format":"standard","meta":{"_et_pb_use_builder":"","_et_pb_old_content":""},"categories":[3],"tags":[],"yoast_head":"<!-- This site is optimized with the Yoast SEO Premium plugin v17.8 (Yoast SEO v17.8) - https:\/\/yoast.com\/wordpress\/plugins\/seo\/ -->\n<title>ANNULATION DU POINT DE PRESSE DU CDEPS - La Maison de la Presse brise le silence\u00a0 | Nettali.com<\/title>\n<meta name=\"robots\" content=\"index, follow, max-snippet:-1, max-image-preview:large, max-video-preview:-1\" \/>\n<link rel=\"canonical\" href=\"https:\/\/www.nettali.com\/2025\/01\/21\/annulation-du-point-de-presse-du-cdeps-la-maison-de-la-presse-brise-le-silence\/\" \/>\n<meta property=\"og:locale\" content=\"fr_FR\" \/>\n<meta property=\"og:type\" content=\"article\" \/>\n<meta property=\"og:title\" content=\"ANNULATION DU POINT DE PRESSE DU CDEPS - La Maison de la Presse brise le silence\u00a0\" \/>\n<meta property=\"og:description\" content=\"NETTALI.COM - Le Conseil des Diffuseurs et \u00c9diteurs de Presse du S\u00e9n\u00e9gal (CDEPS) a \u00e9t\u00e9 emp\u00each\u00e9 de tenir sa conf\u00e9rence de presse, le lundi 21 janvier \u00e0 la Maison de la Presse Babacar Tour\u00e9. Une situation qui a suscit\u00e9 des r\u00e9actions et des clarifications des deux parties. Dans un communiqu\u00e9 officiel, les autorit\u00e9s de la [&hellip;]\" \/>\n<meta property=\"og:url\" content=\"https:\/\/www.nettali.com\/2025\/01\/21\/annulation-du-point-de-presse-du-cdeps-la-maison-de-la-presse-brise-le-silence\/\" \/>\n<meta property=\"og:site_name\" content=\"Nettali.com\" \/>\n<meta property=\"article:publisher\" content=\"https:\/\/www.facebook.com\/nettalicom\" \/>\n<meta property=\"article:published_time\" content=\"2025-01-21T17:03:12+00:00\" \/>\n<meta property=\"og:image\" content=\"https:\/\/www.nettali.com\/wp-content\/uploads\/2025\/01\/Screenshot-2024-06-05-at-23.55.27.png\" \/>\n\t<meta property=\"og:image:width\" content=\"538\" \/>\n\t<meta property=\"og:image:height\" content=\"321\" \/>\n<meta name=\"twitter:card\" content=\"summary_large_image\" \/>\n<meta name=\"twitter:label1\" content=\"\u00c9crit par\" \/>\n\t<meta name=\"twitter:data1\" content=\"Ibrahima\" \/>\n\t<meta name=\"twitter:label2\" content=\"Dur\u00e9e de lecture estim\u00e9e\" \/>\n\t<meta name=\"twitter:data2\" content=\"2 minutes\" \/>\n<script type=\"application\/ld+json\" class=\"yoast-schema-graph\">{\"@context\":\"https:\/\/schema.org\",\"@graph\":[{\"@type\":\"WebSite\",\"@id\":\"https:\/\/www.nettali.com\/#website\",\"url\":\"https:\/\/www.nettali.com\/\",\"name\":\"Nettali.com\",\"description\":\"Le rendez-vous critique du Net\",\"potentialAction\":[{\"@type\":\"SearchAction\",\"target\":{\"@type\":\"EntryPoint\",\"urlTemplate\":\"https:\/\/www.nettali.com\/?s={search_term_string}\"},\"query-input\":\"required name=search_term_string\"}],\"inLanguage\":\"fr-FR\"},{\"@type\":\"ImageObject\",\"@id\":\"https:\/\/www.nettali.com\/2025\/01\/21\/annulation-du-point-de-presse-du-cdeps-la-maison-de-la-presse-brise-le-silence\/#primaryimage\",\"inLanguage\":\"fr-FR\",\"url\":\"https:\/\/www.nettali.com\/wp-content\/uploads\/2025\/01\/Screenshot-2024-06-05-at-23.55.27.png\",\"contentUrl\":\"https:\/\/www.nettali.com\/wp-content\/uploads\/2025\/01\/Screenshot-2024-06-05-at-23.55.27.png\",\"width\":538,\"height\":321},{\"@type\":\"WebPage\",\"@id\":\"https:\/\/www.nettali.com\/2025\/01\/21\/annulation-du-point-de-presse-du-cdeps-la-maison-de-la-presse-brise-le-silence\/#webpage\",\"url\":\"https:\/\/www.nettali.com\/2025\/01\/21\/annulation-du-point-de-presse-du-cdeps-la-maison-de-la-presse-brise-le-silence\/\",\"name\":\"ANNULATION DU POINT DE PRESSE DU CDEPS - La Maison de la Presse brise le silence\\u00a0 | Nettali.com\",\"isPartOf\":{\"@id\":\"https:\/\/www.nettali.com\/#website\"},\"primaryImageOfPage\":{\"@id\":\"https:\/\/www.nettali.com\/2025\/01\/21\/annulation-du-point-de-presse-du-cdeps-la-maison-de-la-presse-brise-le-silence\/#primaryimage\"},\"datePublished\":\"2025-01-21T17:03:12+00:00\",\"dateModified\":\"2025-01-21T17:03:12+00:00\",\"author\":{\"@id\":\"https:\/\/www.nettali.com\/#\/schema\/person\/bb147657c2986240405a608162b9bb23\"},\"breadcrumb\":{\"@id\":\"https:\/\/www.nettali.com\/2025\/01\/21\/annulation-du-point-de-presse-du-cdeps-la-maison-de-la-presse-brise-le-silence\/#breadcrumb\"},\"inLanguage\":\"fr-FR\",\"potentialAction\":[{\"@type\":\"ReadAction\",\"target\":[\"https:\/\/www.nettali.com\/2025\/01\/21\/annulation-du-point-de-presse-du-cdeps-la-maison-de-la-presse-brise-le-silence\/\"]}]},{\"@type\":\"BreadcrumbList\",\"@id\":\"https:\/\/www.nettali.com\/2025\/01\/21\/annulation-du-point-de-presse-du-cdeps-la-maison-de-la-presse-brise-le-silence\/#breadcrumb\",\"itemListElement\":[{\"@type\":\"ListItem\",\"position\":1,\"name\":\"Accueil\",\"item\":\"https:\/\/www.nettali.com\/\"},{\"@type\":\"ListItem\",\"position\":2,\"name\":\"ANNULATION DU POINT DE PRESSE DU CDEPS - La Maison de la Presse brise le silence\\u00a0\"}]},{\"@type\":\"Person\",\"@id\":\"https:\/\/www.nettali.com\/#\/schema\/person\/bb147657c2986240405a608162b9bb23\",\"name\":\"Ibrahima\",\"image\":{\"@type\":\"ImageObject\",\"@id\":\"https:\/\/www.nettali.com\/#personlogo\",\"inLanguage\":\"fr-FR\",\"url\":\"https:\/\/secure.gravatar.com\/avatar\/26a8a81f09f0dd7624c9d5c36c9ba3a2?s=96&d=mm&r=g\",\"contentUrl\":\"https:\/\/secure.gravatar.com\/avatar\/26a8a81f09f0dd7624c9d5c36c9ba3a2?s=96&d=mm&r=g\",\"caption\":\"Ibrahima\"},\"sameAs\":[\"https:\/\/www.nettali.com\"]}]}<\/script>\n<!-- \/ Yoast SEO Premium plugin. -->","yoast_head_json":{"title":"ANNULATION DU POINT DE PRESSE DU CDEPS - La Maison de la Presse brise le silence\u00a0 | Nettali.com","robots":{"index":"index","follow":"follow","max-snippet":"max-snippet:-1","max-image-preview":"max-image-preview:large","max-video-preview":"max-video-preview:-1"},"canonical":"https:\/\/www.nettali.com\/2025\/01\/21\/annulation-du-point-de-presse-du-cdeps-la-maison-de-la-presse-brise-le-silence\/","og_locale":"fr_FR","og_type":"article","og_title":"ANNULATION DU POINT DE PRESSE DU CDEPS - La Maison de la Presse brise le silence\u00a0","og_description":"NETTALI.COM - Le Conseil des Diffuseurs et \u00c9diteurs de Presse du S\u00e9n\u00e9gal (CDEPS) a \u00e9t\u00e9 emp\u00each\u00e9 de tenir sa conf\u00e9rence de presse, le lundi 21 janvier \u00e0 la Maison de la Presse Babacar Tour\u00e9. Une situation qui a suscit\u00e9 des r\u00e9actions et des clarifications des deux parties. Dans un communiqu\u00e9 officiel, les autorit\u00e9s de la [&hellip;]","og_url":"https:\/\/www.nettali.com\/2025\/01\/21\/annulation-du-point-de-presse-du-cdeps-la-maison-de-la-presse-brise-le-silence\/","og_site_name":"Nettali.com","article_publisher":"https:\/\/www.facebook.com\/nettalicom","article_published_time":"2025-01-21T17:03:12+00:00","og_image":[{"width":538,"height":321,"url":"https:\/\/www.nettali.com\/wp-content\/uploads\/2025\/01\/Screenshot-2024-06-05-at-23.55.27.png","type":"image\/png"}],"twitter_card":"summary_large_image","twitter_misc":{"\u00c9crit par":"Ibrahima","Dur\u00e9e de lecture estim\u00e9e":"2 minutes"},"schema":{"@context":"https:\/\/schema.org","@graph":[{"@type":"WebSite","@id":"https:\/\/www.nettali.com\/#website","url":"https:\/\/www.nettali.com\/","name":"Nettali.com","description":"Le rendez-vous critique du Net","potentialAction":[{"@type":"SearchAction","target":{"@type":"EntryPoint","urlTemplate":"https:\/\/www.nettali.com\/?s={search_term_string}"},"query-input":"required name=search_term_string"}],"inLanguage":"fr-FR"},{"@type":"ImageObject","@id":"https:\/\/www.nettali.com\/2025\/01\/21\/annulation-du-point-de-presse-du-cdeps-la-maison-de-la-presse-brise-le-silence\/#primaryimage","inLanguage":"fr-FR","url":"https:\/\/www.nettali.com\/wp-content\/uploads\/2025\/01\/Screenshot-2024-06-05-at-23.55.27.png","contentUrl":"https:\/\/www.nettali.com\/wp-content\/uploads\/2025\/01\/Screenshot-2024-06-05-at-23.55.27.png","width":538,"height":321},{"@type":"WebPage","@id":"https:\/\/www.nettali.com\/2025\/01\/21\/annulation-du-point-de-presse-du-cdeps-la-maison-de-la-presse-brise-le-silence\/#webpage","url":"https:\/\/www.nettali.com\/2025\/01\/21\/annulation-du-point-de-presse-du-cdeps-la-maison-de-la-presse-brise-le-silence\/","name":"ANNULATION DU POINT DE PRESSE DU CDEPS - La Maison de la Presse brise le silence\u00a0 | Nettali.com","isPartOf":{"@id":"https:\/\/www.nettali.com\/#website"},"primaryImageOfPage":{"@id":"https:\/\/www.nettali.com\/2025\/01\/21\/annulation-du-point-de-presse-du-cdeps-la-maison-de-la-presse-brise-le-silence\/#primaryimage"},"datePublished":"2025-01-21T17:03:12+00:00","dateModified":"2025-01-21T17:03:12+00:00","author":{"@id":"https:\/\/www.nettali.com\/#\/schema\/person\/bb147657c2986240405a608162b9bb23"},"breadcrumb":{"@id":"https:\/\/www.nettali.com\/2025\/01\/21\/annulation-du-point-de-presse-du-cdeps-la-maison-de-la-presse-brise-le-silence\/#breadcrumb"},"inLanguage":"fr-FR","potentialAction":[{"@type":"ReadAction","target":["https:\/\/www.nettali.com\/2025\/01\/21\/annulation-du-point-de-presse-du-cdeps-la-maison-de-la-presse-brise-le-silence\/"]}]},{"@type":"BreadcrumbList","@id":"https:\/\/www.nettali.com\/2025\/01\/21\/annulation-du-point-de-presse-du-cdeps-la-maison-de-la-presse-brise-le-silence\/#breadcrumb","itemListElement":[{"@type":"ListItem","position":1,"name":"Accueil","item":"https:\/\/www.nettali.com\/"},{"@type":"ListItem","position":2,"name":"ANNULATION DU POINT DE PRESSE DU CDEPS - La Maison de la Presse brise le silence\u00a0"}]},{"@type":"Person","@id":"https:\/\/www.nettali.com\/#\/schema\/person\/bb147657c2986240405a608162b9bb23","name":"Ibrahima","image":{"@type":"ImageObject","@id":"https:\/\/www.nettali.com\/#personlogo","inLanguage":"fr-FR","url":"https:\/\/secure.gravatar.com\/avatar\/26a8a81f09f0dd7624c9d5c36c9ba3a2?s=96&d=mm&r=g","contentUrl":"https:\/\/secure.gravatar.com\/avatar\/26a8a81f09f0dd7624c9d5c36c9ba3a2?s=96&d=mm&r=g","caption":"Ibrahima"},"sameAs":["https:\/\/www.nettali.com"]}]}},"_links":{"self":[{"href":"https:\/\/www.nettali.com\/rest\/wp\/v2\/posts\/147522"}],"collection":[{"href":"https:\/\/www.nettali.com\/rest\/wp\/v2\/posts"}],"about":[{"href":"https:\/\/www.nettali.com\/rest\/wp\/v2\/types\/post"}],"author":[{"embeddable":true,"href":"https:\/\/www.nettali.com\/rest\/wp\/v2\/users\/5"}],"replies":[{"embeddable":true,"href":"https:\/\/www.nettali.com\/rest\/wp\/v2\/comments?post=147522"}],"version-history":[{"count":3,"href":"https:\/\/www.nettali.com\/rest\/wp\/v2\/posts\/147522\/revisions"}],"predecessor-version":[{"id":147533,"href":"https:\/\/www.nettali.com\/rest\/wp\/v2\/posts\/147522\/revisions\/147533"}],"wp:featuredmedia":[{"embeddable":true,"href":"https:\/\/www.nettali.com\/rest\/wp\/v2\/media\/147513"}],"wp:attachment":[{"href":"https:\/\/www.nettali.com\/rest\/wp\/v2\/media?parent=147522"}],"wp:term":[{"taxonomy":"category","embeddable":true,"href":"https:\/\/www.nettali.com\/rest\/wp\/v2\/categories?post=147522"},{"taxonomy":"post_tag","embeddable":true,"href":"https:\/\/www.nettali.com\/rest\/wp\/v2\/tags?post=147522"}],"curies":[{"name":"wp","href":"https:\/\/api.w.org\/{rel}","templated":true}]}}