{"id":147443,"date":"2025-01-20T15:02:50","date_gmt":"2025-01-20T15:02:50","guid":{"rendered":"https:\/\/www.nettali.com\/?p=147443"},"modified":"2025-01-27T16:40:59","modified_gmt":"2025-01-27T16:40:59","slug":"dans-le-denuement-dun-pouvoir-sans-pouvoir","status":"publish","type":"post","link":"https:\/\/www.nettali.com\/2025\/01\/20\/dans-le-denuement-dun-pouvoir-sans-pouvoir\/","title":{"rendered":"IDIOVISUEL - Dans le d\u00e9nuement d\u2019un pouvoir  !"},"content":{"rendered":"<p><strong>NETTALI.COM - Une sc\u00e8ne qui a fait le tour de la toile, c\u2019est celle contenue dans une vid\u00e9o montrant Mamadou Badio Camara, le pr\u00e9sident du Conseil constitutionnel, touchant El Malick Ndiaye afin de le pr\u00e9venir de la main tendue du pr\u00e9sident de la R\u00e9publique, Bassirou Diomaye Faye, qui saluait un \u00e0 un les officiels pr\u00e9sents dans la salle ! Elle a eu lieu lors de la rentr\u00e9e solennelle des cours des tribunaux. On peut y voir le d\u00e9sormais tout puissant pr\u00e9sident de l\u2019Assembl\u00e9e nationale, bien occup\u00e9 par une franche rigolade avec notre cher Premier ministre Ousmane Sonko, le dos tourn\u00e9, au point de ne pas voir le pr\u00e9sident de la r\u00e9publique, arriver.<\/strong><\/p>\n<p>De quoi lancer les sp\u00e9culations les plus folles dans le genre que lui et le PM manquent d\u2019\u00e9gards pour le protocole, manifestent une indiff\u00e9rence vis-\u00e0-vis du Pr\u00e9sident, etc, l\u00e0 o\u00f9 d\u2019autres \u00e9voquent des retrouvailles entre les leaders de Pastef et la justice. D\u2019ailleurs, chose in\u00e9dite, cette ann\u00e9e en effet, tous les pouvoirs ont \u00e9t\u00e9 r\u00e9unis dans cette enceinte.<\/p>\n<p>Mais, ce \u00e0 quoi beaucoup n\u2019ont pas d\u00fb pr\u00eater une oreille bien attentive, c\u2019est que quelque chose de plus important, ou plus exactement, une bonne partie du discours du premier pr\u00e9sident de la cour supr\u00eame qui relevait une situation beaucoup plus grave que le th\u00e8me du jour, relatif au droit de gr\u00e8ve. Mansour Mbaye a en effet r\u00e9v\u00e9l\u00e9 au grand jour et de mani\u00e8re solennelle, l\u2019indigence dans laquelle est plong\u00e9e la justice en tant que pouvoir. Et pour peu qu\u2019on pr\u00eate attention \u00e0 ce qui se disait, l\u2019on se rend \u00e9videmment compte, que ce pouvoir appel\u00e9 \"<em>pouvoir judiciaire\"<\/em>\u00a0ne d\u00e9tient en r\u00e9alit\u00e9 aucun pouvoir, si ce n\u2019est celui d\u2019ex\u00e9cuter et de trancher des litiges. L\u2019on devrait plus parler \"<em>d\u2019administration de la justice\"<\/em> que de \"<em>pouvoir judiciaire<\/em> \".<\/p>\n<p>Et \u00e0 entendre le haut magistrat \u00e9voquer cet \u00e9tat de fait, l\u2019on peut noter \u00e0 quel point le pouvoir ex\u00e9cutif empi\u00e8te sur ce territoire qui aurait d\u00fb \u00eatre d\u00e9volu au judiciaire. Ce qui am\u00e8ne d\u2019ailleurs \u00e0 poser \u00e0 nouveau la question de l\u2019ind\u00e9pendance de la justice.<\/p>\n<p>\"<em>Ces \u00e9lections plus que les pr\u00e9c\u00e9dentes ont mis \u00e0 rude \u00e9preuve l\u2019institution judiciaire, c\u2019est la raison pour laquelle d\u00e8s votre accession \u00e0 la magistrature supr\u00eame, vous avez r\u00e9pondu \u00e0 une forte demande sociale en convoquant les Assises nationales sur la justice s\u00e9n\u00e9galaise. Elles ont \u00e9t\u00e9 un grand moment pour les S\u00e9n\u00e9galais d\u2019appr\u00e9cier le fonctionnement de l\u2019institution judiciaire. La haute hi\u00e9rarchie judiciaire y a \u00e9t\u00e9 appel\u00e9e in extr\u00e9mis et pas pour y jouer un r\u00f4le de premier plan. A juste titre peut-\u00eatre, mais il faut admettre que certaines imperfections ne peuvent \u00eatre per\u00e7ues qu\u2019\u00e0 l\u2019int\u00e9rieur du syst\u00e8me judiciaire par les hommes du m\u00e9tier (\u2026) La haute hi\u00e9rarchie aurait pu avouer \u00e0 ces Assises, son impuissance lors des p\u00e9riodes troubles \u00e0 pallier les dysfonctionnements qui peuvent affecter fortement la marche r\u00e9guli\u00e8re de la justice, son impuissance \u00e0 redresser la barre. Nous pouvons en juger par les r\u00e9alit\u00e9s des textes d\u2019hier comme d\u2019aujourd\u2019hui. (\u2026) La hi\u00e9rarchie judiciaire n\u2019a en effet aucun pouvoir juridique de proposition de nomination aux emplois judiciaires \u00e9tablis par les statuts sociaux des magistrats. Elle ne peut, en mati\u00e8re p\u00e9nale, poursuivre un magistrat sans y \u00eatre autoris\u00e9 par le ministre de la justice. Enfin, la saisine du conseil de discipline des magistrats appartient exclusivement au ministre de la justice. Il s\u2019av\u00e8re ainsi qu\u2019aucun levier important, ni aucune initiative permettant de mettre fin \u00e0 un dysfonctionnement du syst\u00e8me judiciaire, n\u2019est confi\u00e9 au pouvoir judiciaire, aux magistrats. (\u2026) Dans ces conditions, en cas de difficult\u00e9 majeure, les regards doivent se tourner vers le ou les ma\u00eetres du jeu pour situer les responsabilit\u00e9s. En tout \u00e9tat de cause, une fois nomm\u00e9, le magistrat ne doit ob\u00e9ir qu\u2019\u00e0 la loi et \u00e0 sa conscience en conformit\u00e9 \u00e0 son serment\u2026<\/em> \", a lanc\u00e9 avec calme celui qui tr\u00f4ne au-dessus de la magistrature.<\/p>\n<p>En termes plus clairs, la hi\u00e9rarchie judiciaire ne d\u00e9tient ni pouvoir de nomination des magistrats, ni pouvoir de sanction contre les magistrats passibles de fautes ou d\u2019errements. Ce qui est d\u2019autant plus grave, c\u2019est que tous ces pouvoirs sont d\u00e9tenus par l\u2019ex\u00e9cutif via le ministre de la justice (qui propose les magistrats \u00e0 nommer et autorise la poursuite judiciaire des magistrats) et le pr\u00e9sident de la R\u00e9publique (le seul qui peut nommer ou radier un magistrat). Sans oublier que l\u2019Ex\u00e9cutif pourvoit aussi aux moyens mat\u00e9riels de la justice pour faire son travail, l\u00e0 o\u00f9 l\u2019Assembl\u00e9e nationale vote les lois et g\u00e8re son propre budget.<\/p>\n<p>Ce qui veut en d\u2019autres termes dire que la plus grande part des probl\u00e8mes que rencontre la justice de nos jours, est sans doute \u00e0 chercher dans cet \u00e9tat de fait, m\u00eame si certains arguments vont parfois dans le sens de dire que l\u2019ind\u00e9pendance est une question individuelle. Ce qui est d\u2019ailleurs loin d\u2019\u00eatre suffisant pour rendre le juge ind\u00e9pendant parce que lui-m\u00eame agit dans un \u00e9cosyst\u00e8me avec ses tares qui sont les nominations des magistrats \u00e0 certains postes strat\u00e9giques qui \u00e9chappe aux magistrats, sur fond de propositions faites par le ministre de la justice, la forte d\u00e9pendance du parquet au minist\u00e8re de la justice, la pr\u00e9sence de l\u2019ex\u00e9cutif au Conseil sup\u00e9rieur de la Magistrature ainsi que les textes qui r\u00e9gissent le CSM.<\/p>\n<p>L\u2019ind\u00e9pendance de la justice, c\u2019est ce pourquoi, le magistrat Souleymane T\u00e9liko a pass\u00e9 le plus clair de son mandat de ses mandats de 4 ans \u00e0 la t\u00eate de l\u2019Union des magistrats du S\u00e9n\u00e9gal (UMS), \u00e0 plaider. Alors qu\u2019il \u00e9tait pr\u00e9sident sortant, lors d\u2019une assembl\u00e9e g\u00e9n\u00e9rale de l\u2019Union de l\u2019UMS, tenue le samedi 7 ao\u00fbt 2021, celui-ci dans son discours d\u2019adieu, n\u2019avait-il pas fustig\u00e9 la posture de l\u2019Ex\u00e9cutif qui, \"<em>semblait d\u00e9cid\u00e9 \u00e0 r\u00e9duire au silence toute voix discordante qui se fait entendre \u00e0 ce sujet<\/em> \". Il estimait ainsi qu\u2019\u00e0 son avis, \"<em> l\u2019obligation de r\u00e9serve n\u2019est pas un confinement au silence, encore moins la n\u00e9gation de la libert\u00e9 d\u2019expression<\/em> \".<\/p>\n<p>Souleymane T\u00e9liko n\u2019avait pas alors h\u00e9sit\u00e9 \u00e0 donner l\u2019exemple du parquet, avec le ministre de la justice qui a la possibilit\u00e9 de s\u2019immiscer dans les affaires judiciaires, estimant qu\u2019 \"<em>il est une autorit\u00e9 judiciaire qui a des attributions juridictionnelles, qui peut ordonner des arrestations, requ\u00e9rir le mandat de d\u00e9p\u00f4t, exercer des voies de recours qui maintiennent la personne en d\u00e9tention<\/em> \".<\/p>\n<p>\"<em>Quand vous mettez une telle autorit\u00e9 sous la subordination de l\u2019ex\u00e9cutif, indirectement vous donnez \u00e0 l\u2019ex\u00e9cutif la possibilit\u00e9 d\u2019avoir une influence sur le traitement des affaires judiciaires<\/em> \", avait-il expliqu\u00e9. Avant d\u2019ajouter : \"<em>donc aujourd\u2019hui, le ministre peut, par instruction \u00e9crite, demander au parquet de requ\u00e9rir dans tel ou tel sens. Cela est une entorse aux principes de la s\u00e9paration des pouvoirs<\/em> \".<\/p>\n<p>Pour lui, le ministre de la Justice devrait se contenter de donner des circulaires pour tracer les grandes lignes de la politique p\u00e9nale et laisser \u00e0 chaque procureur le soin de d\u00e9cider librement du traitement des affaires judiciaires, conform\u00e9ment aux attributions que lui conf\u00e8re le Code de proc\u00e9dure p\u00e9nale. Tout cela supposait, selon lui, outre la r\u00e9forme du Code de proc\u00e9dure p\u00e9nale, que l\u2019ex\u00e9cutif ne puisse plus si\u00e9ger au sein du Conseil sup\u00e9rieur de la magistrature.<\/p>\n<p>Et le domaine le plus illustratif de cette immixtion de l\u2019ex\u00e9cutif dans le travail de la justice, est celui des contentieux dans lesquels, sont impliqu\u00e9s des hommes politiques. Et pourtant le plus faible ! Entre les deux dossiers d\u2019Ousmane Sonko pour diffamation et viol, celui de Karim Wade avec la Cour de r\u00e9pression de l\u2019enrichissement illicite, de Khalifa Sall avec la caisse d\u2019avance de la Mairie de Dakar, ou encore celui des chantiers de Thi\u00e8s avec Idrissa Seck, les dossiers non aboutis contre Macky Sall dans une accusation de blanchiment de capitaux qui s\u2019est arr\u00eat\u00e9 \u00e0 la s\u00fbret\u00e9 urbaine, les emprisonnements de Me Abdoulaye Wade et l\u2019\u00e9pisode Mamadou Dia sous Senghor, les exemples foisonnent pour montrer que cette tradition de dossiers qualifi\u00e9s de politico-judiciaires, sont une bonne vieille tradition qui s\u2019est durablement install\u00e9e sous nos cieux.<\/p>\n<p>Le cas d\u2019\u00e9viction de l\u2019ancien procureur de la Crei, Alioune Ndao, relev\u00e9 de ses fonctions en plein proc\u00e8s Karim Wade et remplac\u00e9, avait beaucoup fait jaser. Il \u00e9tait r\u00e9v\u00e9lateur d\u2019un ex\u00e9cutif pas content de la prestation du procureur et qui l\u2019a montr\u00e9 \u00e0 travers cet acte brutal et autoritaire, quand bien m\u00eame le procureur re\u00e7oit des r\u00e9quisitions \u00e9crites du ministre de la justice, mais a toutefois sa libert\u00e9 lorsqu\u2019il plaide.<\/p>\n<p>Des phrases qui confortent dans cette pr\u00e9\u00e9minence de l\u2019ex\u00e9cutif face au judiciaire, ce sont celles auxquelles nous a d\u00e9sormais habitu\u00e9s Ousmane Sonko : \"<em>Je suis le Premier ministre du S\u00e9n\u00e9gal. J\u2019ai le droit de donner des ordres au ministre de l\u2019Int\u00e9rieur et \u00e0 celui de la Justice. Ce dernier est une autorit\u00e9 politique, ce n\u2019est pas une autorit\u00e9 judiciaire. Des gens disent qu\u2019il a une ind\u00e9pendance, qu\u2019on ne peut lui donner des injonctions. Si je lui dis de poursuivre D\u00e9thi\u00e9, il n\u2019a pas le droit de ne pas appeler le procureur g\u00e9n\u00e9ral\u2026<\/em>\", avait-il dit lors de la campagne des l\u00e9gislatives, alors que la bataille faisait rage entre pastef et Samm sa Kaddu.<\/p>\n<p>De m\u00eame, opposant virulent et redoutable sous Macky Sall, mais par la suite Premier ministre, Ousmane Sonko est l\u2019exemple typique de celui qui a adopt\u00e9 deux postures diff\u00e9rentes. Opposant, il s\u2019en \u00e9tait pris \u00e0 des juges qu\u2019il n\u2019a jamais h\u00e9sit\u00e9 \u00e0 traiter de corrompus et avait m\u00eame promis de s\u2019en d\u00e9barrasser. La suite se passe de commentaires. Certains juges, qui ont eu \u00e0 rendre des d\u00e9cisions \u00e0 lui favorables, ont eu des affectations que l\u2019on peut consid\u00e9rer comme des promotions. C\u2019est le cas par exemple des juges Ousmane Racine Thione et Sabassy Faye qui ont \u00e9t\u00e9 promus pr\u00e9sidents des tribunaux de grande instance (r\u00e9gionaux), respectivement de Mbour et de Fatick, alors qu\u2019ils dirigeaient des tribunaux d\u2019instance (d\u00e9partementaux). De m\u00eame l\u2019on a not\u00e9 les affectations des juges Mamadou Seck, Abdou Karim Diop et Omar Maham Diallo \u00e0 Tamba. Des affectations qui avaient soulev\u00e9 un toll\u00e9 et qu\u2019on ne peut pas ne pas consid\u00e9rer comme des sanctions, m\u00eame si d\u2019aucuns avaient tent\u00e9 de d\u00e9fendre la d\u00e9cision en arguant qu\u2019\u00e0 Tambacounda, il existe des justiciables comme ailleurs. L\u2019on sait bien que ces arguments ne tenaient pas la route.<\/p>\n<p>La r\u00e9cente actualit\u00e9 avec la demande de lev\u00e9e de l'immunit\u00e9 parlementaire du d\u00e9put\u00e9 Mouhamadou Ngom dit Farba, formul\u00e9e par le parquet financier, se fondant sur un rapport d\u00e9taill\u00e9 de la Cellule nationale de traitement des Informations financi\u00e8res (Centif) signalant des transactions suspectes portant plus de 125 milliards de francs CFA, avec des interrogations du camp de Farba Ngom sur l\u2019histoire des deux communiqu\u00e9s dont un faux, sans oublier des accusations de fuites organis\u00e9es \u00e0 travers la presse, nous ram\u00e8nent aux \u00e9ternelles suspicions d'une justice utilis\u00e9e comme arme de r\u00e8glements de comptes politiques. C\u2019est du moins la carte que joue, pour sa d\u00e9fense, le d\u00e9put\u00e9 (fid\u00e8le \u00e0 Macky Sall et devenu aujourd\u2019hui le visage de l\u2019APR) et ses avocats. D\u2019ailleurs lui-m\u00eame brandit les nombreuses menaces d\u2019Ousmane Sonko contre sa personne, notamment lors du meeting tenu le 19 octobre 2024 \u00e0 Dakar Arena et ses attaques r\u00e9it\u00e9r\u00e9es le 28 d\u00e9cembre devant l'Assembl\u00e9e nationale, lors de sa D\u00e9claration de politique g\u00e9n\u00e9rale (Dpg).<\/p>\n<p>Une menace d\u2019ailleurs que des chroniqueurs, journalistes et observateurs ne manquent pas de rappeler, c\u2019est celle durant les l\u00e9gislatives lorsqu\u2019Ousmane Sonko a mis en garde Farba Ngom en ces termes : \"<em>Je sais qu\u2019il y a un individu qui circule dans le d\u00e9partement, arm\u00e9 de mallettes d\u2019argent, pour acheter des voix. Je vous le garantis, ce sera la derni\u00e8re \u00e9lection au S\u00e9n\u00e9gal \u00e0 laquelle il participera<\/em>\". Des menaces remises au go\u00fbt du jour pour faire accr\u00e9diter l\u2019id\u00e9e qu\u2019Ousmane Sonko est en train de mettre celles-ci en ex\u00e9cution.<\/p>\n<p>Ibrahima Hamidou D\u00e8me n\u2019est d\u2019ailleurs pas d'accord avec la mani\u00e8re dont le pool judiciaire financier est en train de fonctionner. Selon lui, l\"\u2019histoire est en train de b\u00e9gayer, en rappelant qu\u2019 \"<em>il y a une dizaine d\u2019ann\u00e9es, apr\u00e8s la deuxi\u00e8me alternance de 2012, une juridiction tr\u00e8s utile contre la corruption et l\u2019enrichissement illicite, a \u00e9t\u00e9 pervertie par son instrumentalisation par l\u2019ex\u00e9cutif. Actuellement, le pool judiciaire financier, qui a corrig\u00e9 certaines imperfections de la CREI, semble suivre le chemin d\u2019une justice d\u00e9voy\u00e9e par sa politisation<\/em>\", croit savoir l'ancien juge, Ibrahima Hamidou D\u00e8me.<\/p>\n<p>Selon lui, l\u2019obligation de redevabilit\u00e9 et l\u2019imp\u00e9ratif de recouvrer nos deniers publics spoli\u00e9s, ne doivent pas entra\u00eener la justice \u00e0 faillir \u00e0 ses obligations d\u2019une justice ind\u00e9pendante et impartiale, seule pouvant garantir un proc\u00e8s \u00e9quitable.<\/p>\n<p>Les r\u00e9centes Assises de la justice ont \u00e9t\u00e9 suivies de recommandations. Et le pr\u00e9sident de la r\u00e9publique se pose encore la question de savoir s\u2019il doit demeurer ou pas au niveau du Conseil sup\u00e9rieur de la Magistrature. Mais une chose est sure, la r\u00e9forme de la justice est une demande sociale. Que le pr\u00e9sident s\u2019y maintienne ou pas, il reste en tout cas imp\u00e9rieux de revisiter beaucoup d\u2019aspects li\u00e9s \u00e0 la justice, notamment la proc\u00e9dure p\u00e9nale, le fait de rendre aux magistrats le pouvoir disciplinaire et de nomination sur leurs pairs, tout en maintenant le pouvoir de signer les d\u00e9crets de nomination et de radiation du pr\u00e9sident de la r\u00e9publique. De m\u00eame est attendue la r\u00e9vision des textes (code p\u00e9nal, code de proc\u00e9dure p\u00e9nale, statut des magistrats, loi sur le Conseil sup\u00e9rieur de la magistrature, loi sur la Cour supr\u00eame, loi sur le Conseil constitutionnel, code de la famille\u2026). Il ne serait pas par exemple inutile, comme l\u2019ont propos\u00e9 les Assisards, d\u2019introduire un juge des libert\u00e9s et de la d\u00e9tention afin qu\u2019il devienne celui qui d\u00e9cide du sort des pr\u00e9venus, et non le procureur de la r\u00e9publique qui ne doit plus \u00eatre juge et partie au proc\u00e8s.<\/p>\n<p>Il est peut-\u00eatre temps d\u2019oublier ces fameux \u00e9pisodes juridico-politiques afin de ramener la s\u00e9r\u00e9nit\u00e9 dans l\u2019espace public de mani\u00e8re \u00e0 ce que les opposants ne soient plus intimid\u00e9s et pourchass\u00e9s ; mais \u00e9galement qu\u2019ils cessent d\u2019utiliser les carte de la pers\u00e9cution lorsqu\u2019ils commettent de gaffes.<\/p>\n<p>Elle est en tout bien rude la vie d\u2019opposants sous nos cieux. Wade, Ousmane Sonko et m\u00eame Barth\u00e9l\u00e9my Dias ne nous diront pas le contraire.<\/p>\n<div class='share-to-whatsapp-wrapper'><div class='share-on-whsp'>PARTAGER SUR : <\/div><a data-text='IDIOVISUEL - Dans le d\u00e9nuement d\u2019un pouvoir  !' data-link='https:\/\/www.nettali.com\/2025\/01\/20\/dans-le-denuement-dun-pouvoir-sans-pouvoir\/' class='whatsapp-button whatsapp-share'>WhatsApp<\/a><div class='clear '><\/div><\/div>","protected":false},"excerpt":{"rendered":"<p>NETTALI.COM - Une sc\u00e8ne qui a fait le tour de la toile, c\u2019est celle contenue dans une vid\u00e9o montrant Mamadou Badio Camara, le pr\u00e9sident du Conseil constitutionnel, touchant El Malick Ndiaye afin de le pr\u00e9venir de la main tendue du pr\u00e9sident de la R\u00e9publique, Bassirou Diomaye Faye, qui saluait un \u00e0 un les officiels pr\u00e9sents [&hellip;]<\/p>\n","protected":false},"author":2,"featured_media":147423,"comment_status":"open","ping_status":"open","sticky":false,"template":"","format":"standard","meta":{"_et_pb_use_builder":"","_et_pb_old_content":""},"categories":[9],"tags":[],"yoast_head":"<!-- This site is optimized with the Yoast SEO Premium plugin v17.8 (Yoast SEO v17.8) - https:\/\/yoast.com\/wordpress\/plugins\/seo\/ -->\n<title>IDIOVISUEL - Dans le d\u00e9nuement d\u2019un pouvoir ! | Nettali.com<\/title>\n<meta name=\"robots\" content=\"index, follow, max-snippet:-1, max-image-preview:large, max-video-preview:-1\" \/>\n<link rel=\"canonical\" href=\"https:\/\/www.nettali.com\/2025\/01\/20\/dans-le-denuement-dun-pouvoir-sans-pouvoir\/\" \/>\n<meta property=\"og:locale\" content=\"fr_FR\" \/>\n<meta property=\"og:type\" content=\"article\" \/>\n<meta property=\"og:title\" content=\"IDIOVISUEL - Dans le d\u00e9nuement d\u2019un pouvoir !\" \/>\n<meta property=\"og:description\" content=\"NETTALI.COM - Une sc\u00e8ne qui a fait le tour de la toile, c\u2019est celle contenue dans une vid\u00e9o montrant Mamadou Badio Camara, le pr\u00e9sident du Conseil constitutionnel, touchant El Malick Ndiaye afin de le pr\u00e9venir de la main tendue du pr\u00e9sident de la R\u00e9publique, Bassirou Diomaye Faye, qui saluait un \u00e0 un les officiels pr\u00e9sents [&hellip;]\" \/>\n<meta property=\"og:url\" content=\"https:\/\/www.nettali.com\/2025\/01\/20\/dans-le-denuement-dun-pouvoir-sans-pouvoir\/\" \/>\n<meta property=\"og:site_name\" content=\"Nettali.com\" \/>\n<meta property=\"article:publisher\" content=\"https:\/\/www.facebook.com\/nettalicom\" \/>\n<meta property=\"article:published_time\" content=\"2025-01-20T15:02:50+00:00\" \/>\n<meta property=\"article:modified_time\" content=\"2025-01-27T16:40:59+00:00\" \/>\n<meta property=\"og:image\" content=\"https:\/\/www.nettali.com\/wp-content\/uploads\/2025\/01\/faye-mbaye-diagne-sonko.jpg\" \/>\n\t<meta property=\"og:image:width\" content=\"1280\" \/>\n\t<meta property=\"og:image:height\" content=\"600\" \/>\n<meta name=\"twitter:card\" content=\"summary_large_image\" \/>\n<meta name=\"twitter:label1\" content=\"\u00c9crit par\" \/>\n\t<meta name=\"twitter:data1\" content=\"CK\" \/>\n\t<meta name=\"twitter:label2\" content=\"Dur\u00e9e de lecture estim\u00e9e\" \/>\n\t<meta name=\"twitter:data2\" content=\"12 minutes\" \/>\n<script type=\"application\/ld+json\" class=\"yoast-schema-graph\">{\"@context\":\"https:\/\/schema.org\",\"@graph\":[{\"@type\":\"WebSite\",\"@id\":\"https:\/\/www.nettali.com\/#website\",\"url\":\"https:\/\/www.nettali.com\/\",\"name\":\"Nettali.com\",\"description\":\"Le rendez-vous critique du Net\",\"potentialAction\":[{\"@type\":\"SearchAction\",\"target\":{\"@type\":\"EntryPoint\",\"urlTemplate\":\"https:\/\/www.nettali.com\/?s={search_term_string}\"},\"query-input\":\"required name=search_term_string\"}],\"inLanguage\":\"fr-FR\"},{\"@type\":\"ImageObject\",\"@id\":\"https:\/\/www.nettali.com\/2025\/01\/20\/dans-le-denuement-dun-pouvoir-sans-pouvoir\/#primaryimage\",\"inLanguage\":\"fr-FR\",\"url\":\"https:\/\/www.nettali.com\/wp-content\/uploads\/2025\/01\/faye-mbaye-diagne-sonko.jpg\",\"contentUrl\":\"https:\/\/www.nettali.com\/wp-content\/uploads\/2025\/01\/faye-mbaye-diagne-sonko.jpg\",\"width\":1280,\"height\":600},{\"@type\":\"WebPage\",\"@id\":\"https:\/\/www.nettali.com\/2025\/01\/20\/dans-le-denuement-dun-pouvoir-sans-pouvoir\/#webpage\",\"url\":\"https:\/\/www.nettali.com\/2025\/01\/20\/dans-le-denuement-dun-pouvoir-sans-pouvoir\/\",\"name\":\"IDIOVISUEL - Dans le d\\u00e9nuement d\\u2019un pouvoir ! | Nettali.com\",\"isPartOf\":{\"@id\":\"https:\/\/www.nettali.com\/#website\"},\"primaryImageOfPage\":{\"@id\":\"https:\/\/www.nettali.com\/2025\/01\/20\/dans-le-denuement-dun-pouvoir-sans-pouvoir\/#primaryimage\"},\"datePublished\":\"2025-01-20T15:02:50+00:00\",\"dateModified\":\"2025-01-27T16:40:59+00:00\",\"author\":{\"@id\":\"https:\/\/www.nettali.com\/#\/schema\/person\/d8ac7b7e27ddad43f1c0d2ef090d7f71\"},\"breadcrumb\":{\"@id\":\"https:\/\/www.nettali.com\/2025\/01\/20\/dans-le-denuement-dun-pouvoir-sans-pouvoir\/#breadcrumb\"},\"inLanguage\":\"fr-FR\",\"potentialAction\":[{\"@type\":\"ReadAction\",\"target\":[\"https:\/\/www.nettali.com\/2025\/01\/20\/dans-le-denuement-dun-pouvoir-sans-pouvoir\/\"]}]},{\"@type\":\"BreadcrumbList\",\"@id\":\"https:\/\/www.nettali.com\/2025\/01\/20\/dans-le-denuement-dun-pouvoir-sans-pouvoir\/#breadcrumb\",\"itemListElement\":[{\"@type\":\"ListItem\",\"position\":1,\"name\":\"Accueil\",\"item\":\"https:\/\/www.nettali.com\/\"},{\"@type\":\"ListItem\",\"position\":2,\"name\":\"IDIOVISUEL - Dans le d\\u00e9nuement d\\u2019un pouvoir !\"}]},{\"@type\":\"Person\",\"@id\":\"https:\/\/www.nettali.com\/#\/schema\/person\/d8ac7b7e27ddad43f1c0d2ef090d7f71\",\"name\":\"CK\",\"image\":{\"@type\":\"ImageObject\",\"@id\":\"https:\/\/www.nettali.com\/#personlogo\",\"inLanguage\":\"fr-FR\",\"url\":\"https:\/\/secure.gravatar.com\/avatar\/1d8d5118b9327d94da7cd4ce7f17fec2?s=96&d=mm&r=g\",\"contentUrl\":\"https:\/\/secure.gravatar.com\/avatar\/1d8d5118b9327d94da7cd4ce7f17fec2?s=96&d=mm&r=g\",\"caption\":\"CK\"},\"sameAs\":[\"https:\/\/www.nettali.com\"]}]}<\/script>\n<!-- \/ Yoast SEO Premium plugin. -->","yoast_head_json":{"title":"IDIOVISUEL - Dans le d\u00e9nuement d\u2019un pouvoir ! | Nettali.com","robots":{"index":"index","follow":"follow","max-snippet":"max-snippet:-1","max-image-preview":"max-image-preview:large","max-video-preview":"max-video-preview:-1"},"canonical":"https:\/\/www.nettali.com\/2025\/01\/20\/dans-le-denuement-dun-pouvoir-sans-pouvoir\/","og_locale":"fr_FR","og_type":"article","og_title":"IDIOVISUEL - Dans le d\u00e9nuement d\u2019un pouvoir !","og_description":"NETTALI.COM - Une sc\u00e8ne qui a fait le tour de la toile, c\u2019est celle contenue dans une vid\u00e9o montrant Mamadou Badio Camara, le pr\u00e9sident du Conseil constitutionnel, touchant El Malick Ndiaye afin de le pr\u00e9venir de la main tendue du pr\u00e9sident de la R\u00e9publique, Bassirou Diomaye Faye, qui saluait un \u00e0 un les officiels pr\u00e9sents [&hellip;]","og_url":"https:\/\/www.nettali.com\/2025\/01\/20\/dans-le-denuement-dun-pouvoir-sans-pouvoir\/","og_site_name":"Nettali.com","article_publisher":"https:\/\/www.facebook.com\/nettalicom","article_published_time":"2025-01-20T15:02:50+00:00","article_modified_time":"2025-01-27T16:40:59+00:00","og_image":[{"width":1280,"height":600,"url":"https:\/\/www.nettali.com\/wp-content\/uploads\/2025\/01\/faye-mbaye-diagne-sonko.jpg","type":"image\/jpeg"}],"twitter_card":"summary_large_image","twitter_misc":{"\u00c9crit par":"CK","Dur\u00e9e de lecture estim\u00e9e":"12 minutes"},"schema":{"@context":"https:\/\/schema.org","@graph":[{"@type":"WebSite","@id":"https:\/\/www.nettali.com\/#website","url":"https:\/\/www.nettali.com\/","name":"Nettali.com","description":"Le rendez-vous critique du Net","potentialAction":[{"@type":"SearchAction","target":{"@type":"EntryPoint","urlTemplate":"https:\/\/www.nettali.com\/?s={search_term_string}"},"query-input":"required name=search_term_string"}],"inLanguage":"fr-FR"},{"@type":"ImageObject","@id":"https:\/\/www.nettali.com\/2025\/01\/20\/dans-le-denuement-dun-pouvoir-sans-pouvoir\/#primaryimage","inLanguage":"fr-FR","url":"https:\/\/www.nettali.com\/wp-content\/uploads\/2025\/01\/faye-mbaye-diagne-sonko.jpg","contentUrl":"https:\/\/www.nettali.com\/wp-content\/uploads\/2025\/01\/faye-mbaye-diagne-sonko.jpg","width":1280,"height":600},{"@type":"WebPage","@id":"https:\/\/www.nettali.com\/2025\/01\/20\/dans-le-denuement-dun-pouvoir-sans-pouvoir\/#webpage","url":"https:\/\/www.nettali.com\/2025\/01\/20\/dans-le-denuement-dun-pouvoir-sans-pouvoir\/","name":"IDIOVISUEL - Dans le d\u00e9nuement d\u2019un pouvoir ! | Nettali.com","isPartOf":{"@id":"https:\/\/www.nettali.com\/#website"},"primaryImageOfPage":{"@id":"https:\/\/www.nettali.com\/2025\/01\/20\/dans-le-denuement-dun-pouvoir-sans-pouvoir\/#primaryimage"},"datePublished":"2025-01-20T15:02:50+00:00","dateModified":"2025-01-27T16:40:59+00:00","author":{"@id":"https:\/\/www.nettali.com\/#\/schema\/person\/d8ac7b7e27ddad43f1c0d2ef090d7f71"},"breadcrumb":{"@id":"https:\/\/www.nettali.com\/2025\/01\/20\/dans-le-denuement-dun-pouvoir-sans-pouvoir\/#breadcrumb"},"inLanguage":"fr-FR","potentialAction":[{"@type":"ReadAction","target":["https:\/\/www.nettali.com\/2025\/01\/20\/dans-le-denuement-dun-pouvoir-sans-pouvoir\/"]}]},{"@type":"BreadcrumbList","@id":"https:\/\/www.nettali.com\/2025\/01\/20\/dans-le-denuement-dun-pouvoir-sans-pouvoir\/#breadcrumb","itemListElement":[{"@type":"ListItem","position":1,"name":"Accueil","item":"https:\/\/www.nettali.com\/"},{"@type":"ListItem","position":2,"name":"IDIOVISUEL - Dans le d\u00e9nuement d\u2019un pouvoir !"}]},{"@type":"Person","@id":"https:\/\/www.nettali.com\/#\/schema\/person\/d8ac7b7e27ddad43f1c0d2ef090d7f71","name":"CK","image":{"@type":"ImageObject","@id":"https:\/\/www.nettali.com\/#personlogo","inLanguage":"fr-FR","url":"https:\/\/secure.gravatar.com\/avatar\/1d8d5118b9327d94da7cd4ce7f17fec2?s=96&d=mm&r=g","contentUrl":"https:\/\/secure.gravatar.com\/avatar\/1d8d5118b9327d94da7cd4ce7f17fec2?s=96&d=mm&r=g","caption":"CK"},"sameAs":["https:\/\/www.nettali.com"]}]}},"_links":{"self":[{"href":"https:\/\/www.nettali.com\/rest\/wp\/v2\/posts\/147443"}],"collection":[{"href":"https:\/\/www.nettali.com\/rest\/wp\/v2\/posts"}],"about":[{"href":"https:\/\/www.nettali.com\/rest\/wp\/v2\/types\/post"}],"author":[{"embeddable":true,"href":"https:\/\/www.nettali.com\/rest\/wp\/v2\/users\/2"}],"replies":[{"embeddable":true,"href":"https:\/\/www.nettali.com\/rest\/wp\/v2\/comments?post=147443"}],"version-history":[{"count":6,"href":"https:\/\/www.nettali.com\/rest\/wp\/v2\/posts\/147443\/revisions"}],"predecessor-version":[{"id":147716,"href":"https:\/\/www.nettali.com\/rest\/wp\/v2\/posts\/147443\/revisions\/147716"}],"wp:featuredmedia":[{"embeddable":true,"href":"https:\/\/www.nettali.com\/rest\/wp\/v2\/media\/147423"}],"wp:attachment":[{"href":"https:\/\/www.nettali.com\/rest\/wp\/v2\/media?parent=147443"}],"wp:term":[{"taxonomy":"category","embeddable":true,"href":"https:\/\/www.nettali.com\/rest\/wp\/v2\/categories?post=147443"},{"taxonomy":"post_tag","embeddable":true,"href":"https:\/\/www.nettali.com\/rest\/wp\/v2\/tags?post=147443"}],"curies":[{"name":"wp","href":"https:\/\/api.w.org\/{rel}","templated":true}]}}