{"id":147406,"date":"2025-01-19T12:54:07","date_gmt":"2025-01-19T12:54:07","guid":{"rendered":"https:\/\/www.nettali.com\/?p=147406"},"modified":"2025-01-19T12:54:28","modified_gmt":"2025-01-19T12:54:28","slug":"necrologie-deux-agents-du-ministere-de-lenergie-en-mission-trouvent-la-mort-dans-un-accident","status":"publish","type":"post","link":"https:\/\/www.nettali.com\/2025\/01\/19\/necrologie-deux-agents-du-ministere-de-lenergie-en-mission-trouvent-la-mort-dans-un-accident\/","title":{"rendered":"NECROLOGIE - Deux agents du minist\u00e8re de l\u2019Energie en mission trouvent la mort dans un accident"},"content":{"rendered":"<p><strong>NETTALI.COM - Le minist\u00e8re de l\u2019\u00c9nergie, du P\u00e9trole et des Mines annonce le d\u00e9c\u00e8s de deux de ses agents, dans \u00ab un accident tragique survenu entre Kidira et Goudiry \u00bb, dans la r\u00e9gion de Tambacounda, suite \u00e0 une collision avec un camion.<\/strong><\/p>\n<p><em>\u00ab\u00a0Le minist\u00e8re de l\u2019\u00c9nergie, du P\u00e9trole et des Mines annonce, avec regret, un accident tragique survenu entre Kidira et Goudiry, impliquant quatre agents en mission\u00a0\u00bb<\/em>, dont deux <em>\u00ab\u00a0ont malheureusement perdu la vie dans cette collision avec un camion\u00a0\u00bb<\/em>, lit-on dans un communiqu\u00e9 rendu public par ce d\u00e9partement minist\u00e9riel, samedi.<\/p>\n<p>Les d\u00e9pouilles des victimes \u2013 un ing\u00e9nieur topographe et un chauffeur \u2013 <em>\u00ab\u00a0sont en train d\u2019\u00eatre achemin\u00e9es \u00e0 Dakar pour \u00eatre remises aux familles respectives\u00a0\u00bb<\/em>, ajoute le communiqu\u00e9.<\/p>\n<p>Les bless\u00e9s (un ing\u00e9nieur topographe et un environnementaliste) ont \u00e9t\u00e9 \u00e9vacu\u00e9s \u00e0 l\u2019h\u00f4pital r\u00e9gional de Tambacounda, <em>\u00ab\u00a0o\u00f9 ils sont enti\u00e8rement pris en charge. Les diligences entreprises ont permis de stabiliser leur situation apr\u00e8s les interventions rapides et efficaces des autorit\u00e9s administratives et m\u00e9dicales de la r\u00e9gion\u00a0\u00bb,<\/em> selon le communiqu\u00e9.<\/p>\n<p>Le ministre de l\u2019\u00c9nergie, du P\u00e9trole et des Mines <em>\u00ab\u00a0tient \u00e0 magnifier le professionnalisme et le sens des responsabilit\u00e9s de ces agents qui \u00e9taient en mission de contr\u00f4le des activit\u00e9s mini\u00e8res, au bord du fleuve Fal\u00e9m\u00e9, pour le compte de la R\u00e9publique\u00a0\u00bb<\/em>.<\/p>\n<p>Au nom du pr\u00e9sident de la R\u00e9publique et du Premier ministre, Birame Soul\u00e8ye Diop a pr\u00e9sent\u00e9 ses <em>\u00ab\u00a0condol\u00e9ances attrist\u00e9es aux familles des victimes et \u00e0 tous les agents du minist\u00e8re de l\u2019\u00c9nergie, du P\u00e9trole et des Mines\u00a0\u00bb<\/em>, indique le communiqu\u00e9.<\/p>\n<div class='share-to-whatsapp-wrapper'><div class='share-on-whsp'>PARTAGER SUR : <\/div><a data-text='NECROLOGIE - Deux agents du minist\u00e8re de l\u2019Energie en mission trouvent la mort dans un accident' data-link='https:\/\/www.nettali.com\/2025\/01\/19\/necrologie-deux-agents-du-ministere-de-lenergie-en-mission-trouvent-la-mort-dans-un-accident\/' class='whatsapp-button whatsapp-share'>WhatsApp<\/a><div class='clear '><\/div><\/div>","protected":false},"excerpt":{"rendered":"<p>NETTALI.COM - Le minist\u00e8re de l\u2019\u00c9nergie, du P\u00e9trole et des Mines annonce le d\u00e9c\u00e8s de deux de ses agents, dans \u00ab un accident tragique survenu entre Kidira et Goudiry \u00bb, dans la r\u00e9gion de Tambacounda, suite \u00e0 une collision avec un camion. \u00ab\u00a0Le minist\u00e8re de l\u2019\u00c9nergie, du P\u00e9trole et des Mines annonce, avec regret, un [&hellip;]<\/p>\n","protected":false},"author":4,"featured_media":63866,"comment_status":"open","ping_status":"open","sticky":false,"template":"","format":"standard","meta":{"_et_pb_use_builder":"","_et_pb_old_content":""},"categories":[3],"tags":[],"yoast_head":"<!-- This site is optimized with the Yoast SEO Premium plugin v17.8 (Yoast SEO v17.8) - https:\/\/yoast.com\/wordpress\/plugins\/seo\/ -->\n<title>NECROLOGIE - Deux agents du minist\u00e8re de l\u2019Energie en mission trouvent la mort dans un accident | Nettali.com<\/title>\n<meta name=\"robots\" content=\"index, follow, max-snippet:-1, max-image-preview:large, max-video-preview:-1\" \/>\n<link rel=\"canonical\" href=\"https:\/\/www.nettali.com\/2025\/01\/19\/necrologie-deux-agents-du-ministere-de-lenergie-en-mission-trouvent-la-mort-dans-un-accident\/\" \/>\n<meta property=\"og:locale\" content=\"fr_FR\" \/>\n<meta property=\"og:type\" content=\"article\" \/>\n<meta property=\"og:title\" content=\"NECROLOGIE - Deux agents du minist\u00e8re de l\u2019Energie en mission trouvent la mort dans un accident\" \/>\n<meta property=\"og:description\" content=\"NETTALI.COM - Le minist\u00e8re de l\u2019\u00c9nergie, du P\u00e9trole et des Mines annonce le d\u00e9c\u00e8s de deux de ses agents, dans \u00ab un accident tragique survenu entre Kidira et Goudiry \u00bb, dans la r\u00e9gion de Tambacounda, suite \u00e0 une collision avec un camion. \u00ab\u00a0Le minist\u00e8re de l\u2019\u00c9nergie, du P\u00e9trole et des Mines annonce, avec regret, un [&hellip;]\" \/>\n<meta property=\"og:url\" content=\"https:\/\/www.nettali.com\/2025\/01\/19\/necrologie-deux-agents-du-ministere-de-lenergie-en-mission-trouvent-la-mort-dans-un-accident\/\" \/>\n<meta property=\"og:site_name\" content=\"Nettali.com\" \/>\n<meta property=\"article:publisher\" content=\"https:\/\/www.facebook.com\/nettalicom\" \/>\n<meta property=\"article:published_time\" content=\"2025-01-19T12:54:07+00:00\" \/>\n<meta property=\"article:modified_time\" content=\"2025-01-19T12:54:28+00:00\" \/>\n<meta property=\"og:image\" content=\"https:\/\/www.nettali.com\/wp-content\/uploads\/2021\/05\/accident-kolda.jpg\" \/>\n\t<meta property=\"og:image:width\" content=\"600\" \/>\n\t<meta property=\"og:image:height\" content=\"357\" \/>\n<meta name=\"twitter:card\" content=\"summary_large_image\" \/>\n<meta name=\"twitter:label1\" content=\"\u00c9crit par\" \/>\n\t<meta name=\"twitter:data1\" content=\"Daouda\" \/>\n\t<meta name=\"twitter:label2\" content=\"Dur\u00e9e de lecture estim\u00e9e\" \/>\n\t<meta name=\"twitter:data2\" content=\"2 minutes\" \/>\n<script type=\"application\/ld+json\" class=\"yoast-schema-graph\">{\"@context\":\"https:\/\/schema.org\",\"@graph\":[{\"@type\":\"WebSite\",\"@id\":\"https:\/\/www.nettali.com\/#website\",\"url\":\"https:\/\/www.nettali.com\/\",\"name\":\"Nettali.com\",\"description\":\"Le rendez-vous critique du Net\",\"potentialAction\":[{\"@type\":\"SearchAction\",\"target\":{\"@type\":\"EntryPoint\",\"urlTemplate\":\"https:\/\/www.nettali.com\/?s={search_term_string}\"},\"query-input\":\"required name=search_term_string\"}],\"inLanguage\":\"fr-FR\"},{\"@type\":\"ImageObject\",\"@id\":\"https:\/\/www.nettali.com\/2025\/01\/19\/necrologie-deux-agents-du-ministere-de-lenergie-en-mission-trouvent-la-mort-dans-un-accident\/#primaryimage\",\"inLanguage\":\"fr-FR\",\"url\":\"https:\/\/www.nettali.com\/wp-content\/uploads\/2021\/05\/accident-kolda.jpg\",\"contentUrl\":\"https:\/\/www.nettali.com\/wp-content\/uploads\/2021\/05\/accident-kolda.jpg\",\"width\":600,\"height\":357},{\"@type\":\"WebPage\",\"@id\":\"https:\/\/www.nettali.com\/2025\/01\/19\/necrologie-deux-agents-du-ministere-de-lenergie-en-mission-trouvent-la-mort-dans-un-accident\/#webpage\",\"url\":\"https:\/\/www.nettali.com\/2025\/01\/19\/necrologie-deux-agents-du-ministere-de-lenergie-en-mission-trouvent-la-mort-dans-un-accident\/\",\"name\":\"NECROLOGIE - Deux agents du minist\\u00e8re de l\\u2019Energie en mission trouvent la mort dans un accident | Nettali.com\",\"isPartOf\":{\"@id\":\"https:\/\/www.nettali.com\/#website\"},\"primaryImageOfPage\":{\"@id\":\"https:\/\/www.nettali.com\/2025\/01\/19\/necrologie-deux-agents-du-ministere-de-lenergie-en-mission-trouvent-la-mort-dans-un-accident\/#primaryimage\"},\"datePublished\":\"2025-01-19T12:54:07+00:00\",\"dateModified\":\"2025-01-19T12:54:28+00:00\",\"author\":{\"@id\":\"https:\/\/www.nettali.com\/#\/schema\/person\/3317e0bb3aa1da309fbf7b2780901bf4\"},\"breadcrumb\":{\"@id\":\"https:\/\/www.nettali.com\/2025\/01\/19\/necrologie-deux-agents-du-ministere-de-lenergie-en-mission-trouvent-la-mort-dans-un-accident\/#breadcrumb\"},\"inLanguage\":\"fr-FR\",\"potentialAction\":[{\"@type\":\"ReadAction\",\"target\":[\"https:\/\/www.nettali.com\/2025\/01\/19\/necrologie-deux-agents-du-ministere-de-lenergie-en-mission-trouvent-la-mort-dans-un-accident\/\"]}]},{\"@type\":\"BreadcrumbList\",\"@id\":\"https:\/\/www.nettali.com\/2025\/01\/19\/necrologie-deux-agents-du-ministere-de-lenergie-en-mission-trouvent-la-mort-dans-un-accident\/#breadcrumb\",\"itemListElement\":[{\"@type\":\"ListItem\",\"position\":1,\"name\":\"Accueil\",\"item\":\"https:\/\/www.nettali.com\/\"},{\"@type\":\"ListItem\",\"position\":2,\"name\":\"NECROLOGIE - Deux agents du minist\\u00e8re de l\\u2019Energie en mission trouvent la mort dans un accident\"}]},{\"@type\":\"Person\",\"@id\":\"https:\/\/www.nettali.com\/#\/schema\/person\/3317e0bb3aa1da309fbf7b2780901bf4\",\"name\":\"Daouda\",\"image\":{\"@type\":\"ImageObject\",\"@id\":\"https:\/\/www.nettali.com\/#personlogo\",\"inLanguage\":\"fr-FR\",\"url\":\"https:\/\/secure.gravatar.com\/avatar\/8d143b5a49345098ddcfee1c49c2f47c?s=96&d=mm&r=g\",\"contentUrl\":\"https:\/\/secure.gravatar.com\/avatar\/8d143b5a49345098ddcfee1c49c2f47c?s=96&d=mm&r=g\",\"caption\":\"Daouda\"},\"sameAs\":[\"https:\/\/www.nettali.com\"]}]}<\/script>\n<!-- \/ Yoast SEO Premium plugin. -->","yoast_head_json":{"title":"NECROLOGIE - Deux agents du minist\u00e8re de l\u2019Energie en mission trouvent la mort dans un accident | Nettali.com","robots":{"index":"index","follow":"follow","max-snippet":"max-snippet:-1","max-image-preview":"max-image-preview:large","max-video-preview":"max-video-preview:-1"},"canonical":"https:\/\/www.nettali.com\/2025\/01\/19\/necrologie-deux-agents-du-ministere-de-lenergie-en-mission-trouvent-la-mort-dans-un-accident\/","og_locale":"fr_FR","og_type":"article","og_title":"NECROLOGIE - Deux agents du minist\u00e8re de l\u2019Energie en mission trouvent la mort dans un accident","og_description":"NETTALI.COM - Le minist\u00e8re de l\u2019\u00c9nergie, du P\u00e9trole et des Mines annonce le d\u00e9c\u00e8s de deux de ses agents, dans \u00ab un accident tragique survenu entre Kidira et Goudiry \u00bb, dans la r\u00e9gion de Tambacounda, suite \u00e0 une collision avec un camion. \u00ab\u00a0Le minist\u00e8re de l\u2019\u00c9nergie, du P\u00e9trole et des Mines annonce, avec regret, un [&hellip;]","og_url":"https:\/\/www.nettali.com\/2025\/01\/19\/necrologie-deux-agents-du-ministere-de-lenergie-en-mission-trouvent-la-mort-dans-un-accident\/","og_site_name":"Nettali.com","article_publisher":"https:\/\/www.facebook.com\/nettalicom","article_published_time":"2025-01-19T12:54:07+00:00","article_modified_time":"2025-01-19T12:54:28+00:00","og_image":[{"width":600,"height":357,"url":"https:\/\/www.nettali.com\/wp-content\/uploads\/2021\/05\/accident-kolda.jpg","type":"image\/jpeg"}],"twitter_card":"summary_large_image","twitter_misc":{"\u00c9crit par":"Daouda","Dur\u00e9e de lecture estim\u00e9e":"2 minutes"},"schema":{"@context":"https:\/\/schema.org","@graph":[{"@type":"WebSite","@id":"https:\/\/www.nettali.com\/#website","url":"https:\/\/www.nettali.com\/","name":"Nettali.com","description":"Le rendez-vous critique du Net","potentialAction":[{"@type":"SearchAction","target":{"@type":"EntryPoint","urlTemplate":"https:\/\/www.nettali.com\/?s={search_term_string}"},"query-input":"required name=search_term_string"}],"inLanguage":"fr-FR"},{"@type":"ImageObject","@id":"https:\/\/www.nettali.com\/2025\/01\/19\/necrologie-deux-agents-du-ministere-de-lenergie-en-mission-trouvent-la-mort-dans-un-accident\/#primaryimage","inLanguage":"fr-FR","url":"https:\/\/www.nettali.com\/wp-content\/uploads\/2021\/05\/accident-kolda.jpg","contentUrl":"https:\/\/www.nettali.com\/wp-content\/uploads\/2021\/05\/accident-kolda.jpg","width":600,"height":357},{"@type":"WebPage","@id":"https:\/\/www.nettali.com\/2025\/01\/19\/necrologie-deux-agents-du-ministere-de-lenergie-en-mission-trouvent-la-mort-dans-un-accident\/#webpage","url":"https:\/\/www.nettali.com\/2025\/01\/19\/necrologie-deux-agents-du-ministere-de-lenergie-en-mission-trouvent-la-mort-dans-un-accident\/","name":"NECROLOGIE - Deux agents du minist\u00e8re de l\u2019Energie en mission trouvent la mort dans un accident | Nettali.com","isPartOf":{"@id":"https:\/\/www.nettali.com\/#website"},"primaryImageOfPage":{"@id":"https:\/\/www.nettali.com\/2025\/01\/19\/necrologie-deux-agents-du-ministere-de-lenergie-en-mission-trouvent-la-mort-dans-un-accident\/#primaryimage"},"datePublished":"2025-01-19T12:54:07+00:00","dateModified":"2025-01-19T12:54:28+00:00","author":{"@id":"https:\/\/www.nettali.com\/#\/schema\/person\/3317e0bb3aa1da309fbf7b2780901bf4"},"breadcrumb":{"@id":"https:\/\/www.nettali.com\/2025\/01\/19\/necrologie-deux-agents-du-ministere-de-lenergie-en-mission-trouvent-la-mort-dans-un-accident\/#breadcrumb"},"inLanguage":"fr-FR","potentialAction":[{"@type":"ReadAction","target":["https:\/\/www.nettali.com\/2025\/01\/19\/necrologie-deux-agents-du-ministere-de-lenergie-en-mission-trouvent-la-mort-dans-un-accident\/"]}]},{"@type":"BreadcrumbList","@id":"https:\/\/www.nettali.com\/2025\/01\/19\/necrologie-deux-agents-du-ministere-de-lenergie-en-mission-trouvent-la-mort-dans-un-accident\/#breadcrumb","itemListElement":[{"@type":"ListItem","position":1,"name":"Accueil","item":"https:\/\/www.nettali.com\/"},{"@type":"ListItem","position":2,"name":"NECROLOGIE - Deux agents du minist\u00e8re de l\u2019Energie en mission trouvent la mort dans un accident"}]},{"@type":"Person","@id":"https:\/\/www.nettali.com\/#\/schema\/person\/3317e0bb3aa1da309fbf7b2780901bf4","name":"Daouda","image":{"@type":"ImageObject","@id":"https:\/\/www.nettali.com\/#personlogo","inLanguage":"fr-FR","url":"https:\/\/secure.gravatar.com\/avatar\/8d143b5a49345098ddcfee1c49c2f47c?s=96&d=mm&r=g","contentUrl":"https:\/\/secure.gravatar.com\/avatar\/8d143b5a49345098ddcfee1c49c2f47c?s=96&d=mm&r=g","caption":"Daouda"},"sameAs":["https:\/\/www.nettali.com"]}]}},"_links":{"self":[{"href":"https:\/\/www.nettali.com\/rest\/wp\/v2\/posts\/147406"}],"collection":[{"href":"https:\/\/www.nettali.com\/rest\/wp\/v2\/posts"}],"about":[{"href":"https:\/\/www.nettali.com\/rest\/wp\/v2\/types\/post"}],"author":[{"embeddable":true,"href":"https:\/\/www.nettali.com\/rest\/wp\/v2\/users\/4"}],"replies":[{"embeddable":true,"href":"https:\/\/www.nettali.com\/rest\/wp\/v2\/comments?post=147406"}],"version-history":[{"count":2,"href":"https:\/\/www.nettali.com\/rest\/wp\/v2\/posts\/147406\/revisions"}],"predecessor-version":[{"id":147408,"href":"https:\/\/www.nettali.com\/rest\/wp\/v2\/posts\/147406\/revisions\/147408"}],"wp:featuredmedia":[{"embeddable":true,"href":"https:\/\/www.nettali.com\/rest\/wp\/v2\/media\/63866"}],"wp:attachment":[{"href":"https:\/\/www.nettali.com\/rest\/wp\/v2\/media?parent=147406"}],"wp:term":[{"taxonomy":"category","embeddable":true,"href":"https:\/\/www.nettali.com\/rest\/wp\/v2\/categories?post=147406"},{"taxonomy":"post_tag","embeddable":true,"href":"https:\/\/www.nettali.com\/rest\/wp\/v2\/tags?post=147406"}],"curies":[{"name":"wp","href":"https:\/\/api.w.org\/{rel}","templated":true}]}}