{"id":147397,"date":"2025-01-19T00:25:01","date_gmt":"2025-01-19T00:25:01","guid":{"rendered":"https:\/\/www.nettali.com\/?p=147397"},"modified":"2025-01-19T00:25:01","modified_gmt":"2025-01-19T00:25:01","slug":"agression-dun-enseignant-a-barkedji-le-ministere-de-leducation-condamne","status":"publish","type":"post","link":"https:\/\/www.nettali.com\/2025\/01\/19\/agression-dun-enseignant-a-barkedji-le-ministere-de-leducation-condamne\/","title":{"rendered":"AGRESSION D'UN ENSEIGNANT \u00c0 BARKEDJI - Le minist\u00e8re de l\u2019\u00c9ducation condamne"},"content":{"rendered":"<p><strong>NETTALI.COM - Cheikh Amadou Bamba Souan\u00e9, enseignant en service \u00e0 l\u2019\u00e9cole de Loumbi Dob\u00e9, dans la commune de Barkedji, d\u00e9partement de Lingu\u00e8re, a \u00e9t\u00e9 victime d\u2019une violente agression. Dans un communiqu\u00e9 rendu public ce samedi 18 janvier, le minist\u00e8re de l\u2019\u00c9ducation nationale exprime son indignation et invite les collectivit\u00e9s territoriales \u00e0 renforcer la s\u00e9curit\u00e9 des enseignants.<\/strong><\/p>\n<p>Le minist\u00e8re de l'Education nationale condamne avec \"<em>la plus grande fermet\u00e9 cette violence inqualifiable<\/em>\", qui porte atteinte non seulement \u00e0 la dignit\u00e9 humaine, mais aussi aux valeurs de paix, de respect et de solidarit\u00e9 qui fondent le syst\u00e8me \u00e9ducatif s\u00e9n\u00e9galais. \"<em>Les enseignants, artisans de l\u2019avenir de notre pays, m\u00e9ritent respect, protection et reconnaissance pour leur d\u00e9vouement au service de l\u2019\u00e9ducation des enfants du S\u00e9n\u00e9gal<\/em>\", indique le communiqu\u00e9.<\/p>\n<p>Ainsi, le minist\u00e8re de l\u2019\u00c9ducation nationale appelle les collectivit\u00e9s territoriales, les forces de s\u00e9curit\u00e9 et l\u2019ensemble des acteurs communautaires \u00e0 s\u2019impliquer davantage dans la protection des \u00e9coles et du personnel \u00e9ducatif. \"<em>La s\u00e9curit\u00e9 des \u00e9tablissements scolaires et de ceux qui y \u0153uvrent au quotidien doit \u00eatre une priorit\u00e9 absolue pour garantir un environnement propice \u00e0 l\u2019apprentissage et \u00e0 l\u2019\u00e9panouissement des \u00e9l\u00e8ves<\/em>\", estime la tutelle.<\/p>\n<p>\u00c0 travers sa note, le minist\u00e8re de l\u2019\u00c9ducation nationale exprime sa solidarit\u00e9 \u00e0 Cheikh Amadou Bamba Souan\u00e9 et lui souhaite un prompt r\u00e9tablissement. Il r\u00e9affirme son engagement \u00e0 tout mettre en \u0153uvre pour que de tels actes ne se reproduisent plus et pour garantir la s\u00e9curit\u00e9 et la s\u00e9r\u00e9nit\u00e9 n\u00e9cessaires au bon fonctionnement des \u00e9coles.<\/p>\n<div class='share-to-whatsapp-wrapper'><div class='share-on-whsp'>PARTAGER SUR : <\/div><a data-text='AGRESSION D'UN ENSEIGNANT \u00c0 BARKEDJI - Le minist\u00e8re de l\u2019\u00c9ducation condamne' data-link='https:\/\/www.nettali.com\/2025\/01\/19\/agression-dun-enseignant-a-barkedji-le-ministere-de-leducation-condamne\/' class='whatsapp-button whatsapp-share'>WhatsApp<\/a><div class='clear '><\/div><\/div>","protected":false},"excerpt":{"rendered":"<p>NETTALI.COM - Cheikh Amadou Bamba Souan\u00e9, enseignant en service \u00e0 l\u2019\u00e9cole de Loumbi Dob\u00e9, dans la commune de Barkedji, d\u00e9partement de Lingu\u00e8re, a \u00e9t\u00e9 victime d\u2019une violente agression. Dans un communiqu\u00e9 rendu public ce samedi 18 janvier, le minist\u00e8re de l\u2019\u00c9ducation nationale exprime son indignation et invite les collectivit\u00e9s territoriales \u00e0 renforcer la s\u00e9curit\u00e9 des [&hellip;]<\/p>\n","protected":false},"author":5,"featured_media":147398,"comment_status":"open","ping_status":"open","sticky":false,"template":"","format":"standard","meta":{"_et_pb_use_builder":"","_et_pb_old_content":""},"categories":[3],"tags":[],"yoast_head":"<!-- This site is optimized with the Yoast SEO Premium plugin v17.8 (Yoast SEO v17.8) - https:\/\/yoast.com\/wordpress\/plugins\/seo\/ -->\n<title>AGRESSION D&#039;UN ENSEIGNANT \u00c0 BARKEDJI - Le minist\u00e8re de l\u2019\u00c9ducation condamne | Nettali.com<\/title>\n<meta name=\"robots\" content=\"index, follow, max-snippet:-1, max-image-preview:large, max-video-preview:-1\" \/>\n<link rel=\"canonical\" href=\"https:\/\/www.nettali.com\/2025\/01\/19\/agression-dun-enseignant-a-barkedji-le-ministere-de-leducation-condamne\/\" \/>\n<meta property=\"og:locale\" content=\"fr_FR\" \/>\n<meta property=\"og:type\" content=\"article\" \/>\n<meta property=\"og:title\" content=\"AGRESSION D&#039;UN ENSEIGNANT \u00c0 BARKEDJI - Le minist\u00e8re de l\u2019\u00c9ducation condamne\" \/>\n<meta property=\"og:description\" content=\"NETTALI.COM - Cheikh Amadou Bamba Souan\u00e9, enseignant en service \u00e0 l\u2019\u00e9cole de Loumbi Dob\u00e9, dans la commune de Barkedji, d\u00e9partement de Lingu\u00e8re, a \u00e9t\u00e9 victime d\u2019une violente agression. Dans un communiqu\u00e9 rendu public ce samedi 18 janvier, le minist\u00e8re de l\u2019\u00c9ducation nationale exprime son indignation et invite les collectivit\u00e9s territoriales \u00e0 renforcer la s\u00e9curit\u00e9 des [&hellip;]\" \/>\n<meta property=\"og:url\" content=\"https:\/\/www.nettali.com\/2025\/01\/19\/agression-dun-enseignant-a-barkedji-le-ministere-de-leducation-condamne\/\" \/>\n<meta property=\"og:site_name\" content=\"Nettali.com\" \/>\n<meta property=\"article:publisher\" content=\"https:\/\/www.facebook.com\/nettalicom\" \/>\n<meta property=\"article:published_time\" content=\"2025-01-19T00:25:01+00:00\" \/>\n<meta property=\"og:image\" content=\"https:\/\/www.nettali.com\/wp-content\/uploads\/2025\/01\/mmg_edu.jpg\" \/>\n\t<meta property=\"og:image:width\" content=\"800\" \/>\n\t<meta property=\"og:image:height\" content=\"523\" \/>\n<meta name=\"twitter:card\" content=\"summary_large_image\" \/>\n<meta name=\"twitter:label1\" content=\"\u00c9crit par\" \/>\n\t<meta name=\"twitter:data1\" content=\"Ibrahima\" \/>\n\t<meta name=\"twitter:label2\" content=\"Dur\u00e9e de lecture estim\u00e9e\" \/>\n\t<meta name=\"twitter:data2\" content=\"2 minutes\" \/>\n<script type=\"application\/ld+json\" class=\"yoast-schema-graph\">{\"@context\":\"https:\/\/schema.org\",\"@graph\":[{\"@type\":\"WebSite\",\"@id\":\"https:\/\/www.nettali.com\/#website\",\"url\":\"https:\/\/www.nettali.com\/\",\"name\":\"Nettali.com\",\"description\":\"Le rendez-vous critique du Net\",\"potentialAction\":[{\"@type\":\"SearchAction\",\"target\":{\"@type\":\"EntryPoint\",\"urlTemplate\":\"https:\/\/www.nettali.com\/?s={search_term_string}\"},\"query-input\":\"required name=search_term_string\"}],\"inLanguage\":\"fr-FR\"},{\"@type\":\"ImageObject\",\"@id\":\"https:\/\/www.nettali.com\/2025\/01\/19\/agression-dun-enseignant-a-barkedji-le-ministere-de-leducation-condamne\/#primaryimage\",\"inLanguage\":\"fr-FR\",\"url\":\"https:\/\/www.nettali.com\/wp-content\/uploads\/2025\/01\/mmg_edu.jpg\",\"contentUrl\":\"https:\/\/www.nettali.com\/wp-content\/uploads\/2025\/01\/mmg_edu.jpg\",\"width\":800,\"height\":523},{\"@type\":\"WebPage\",\"@id\":\"https:\/\/www.nettali.com\/2025\/01\/19\/agression-dun-enseignant-a-barkedji-le-ministere-de-leducation-condamne\/#webpage\",\"url\":\"https:\/\/www.nettali.com\/2025\/01\/19\/agression-dun-enseignant-a-barkedji-le-ministere-de-leducation-condamne\/\",\"name\":\"AGRESSION D'UN ENSEIGNANT \\u00c0 BARKEDJI - Le minist\\u00e8re de l\\u2019\\u00c9ducation condamne | Nettali.com\",\"isPartOf\":{\"@id\":\"https:\/\/www.nettali.com\/#website\"},\"primaryImageOfPage\":{\"@id\":\"https:\/\/www.nettali.com\/2025\/01\/19\/agression-dun-enseignant-a-barkedji-le-ministere-de-leducation-condamne\/#primaryimage\"},\"datePublished\":\"2025-01-19T00:25:01+00:00\",\"dateModified\":\"2025-01-19T00:25:01+00:00\",\"author\":{\"@id\":\"https:\/\/www.nettali.com\/#\/schema\/person\/bb147657c2986240405a608162b9bb23\"},\"breadcrumb\":{\"@id\":\"https:\/\/www.nettali.com\/2025\/01\/19\/agression-dun-enseignant-a-barkedji-le-ministere-de-leducation-condamne\/#breadcrumb\"},\"inLanguage\":\"fr-FR\",\"potentialAction\":[{\"@type\":\"ReadAction\",\"target\":[\"https:\/\/www.nettali.com\/2025\/01\/19\/agression-dun-enseignant-a-barkedji-le-ministere-de-leducation-condamne\/\"]}]},{\"@type\":\"BreadcrumbList\",\"@id\":\"https:\/\/www.nettali.com\/2025\/01\/19\/agression-dun-enseignant-a-barkedji-le-ministere-de-leducation-condamne\/#breadcrumb\",\"itemListElement\":[{\"@type\":\"ListItem\",\"position\":1,\"name\":\"Accueil\",\"item\":\"https:\/\/www.nettali.com\/\"},{\"@type\":\"ListItem\",\"position\":2,\"name\":\"AGRESSION D'UN ENSEIGNANT \\u00c0 BARKEDJI - Le minist\\u00e8re de l\\u2019\\u00c9ducation condamne\"}]},{\"@type\":\"Person\",\"@id\":\"https:\/\/www.nettali.com\/#\/schema\/person\/bb147657c2986240405a608162b9bb23\",\"name\":\"Ibrahima\",\"image\":{\"@type\":\"ImageObject\",\"@id\":\"https:\/\/www.nettali.com\/#personlogo\",\"inLanguage\":\"fr-FR\",\"url\":\"https:\/\/secure.gravatar.com\/avatar\/26a8a81f09f0dd7624c9d5c36c9ba3a2?s=96&d=mm&r=g\",\"contentUrl\":\"https:\/\/secure.gravatar.com\/avatar\/26a8a81f09f0dd7624c9d5c36c9ba3a2?s=96&d=mm&r=g\",\"caption\":\"Ibrahima\"},\"sameAs\":[\"https:\/\/www.nettali.com\"]}]}<\/script>\n<!-- \/ Yoast SEO Premium plugin. -->","yoast_head_json":{"title":"AGRESSION D'UN ENSEIGNANT \u00c0 BARKEDJI - Le minist\u00e8re de l\u2019\u00c9ducation condamne | Nettali.com","robots":{"index":"index","follow":"follow","max-snippet":"max-snippet:-1","max-image-preview":"max-image-preview:large","max-video-preview":"max-video-preview:-1"},"canonical":"https:\/\/www.nettali.com\/2025\/01\/19\/agression-dun-enseignant-a-barkedji-le-ministere-de-leducation-condamne\/","og_locale":"fr_FR","og_type":"article","og_title":"AGRESSION D'UN ENSEIGNANT \u00c0 BARKEDJI - Le minist\u00e8re de l\u2019\u00c9ducation condamne","og_description":"NETTALI.COM - Cheikh Amadou Bamba Souan\u00e9, enseignant en service \u00e0 l\u2019\u00e9cole de Loumbi Dob\u00e9, dans la commune de Barkedji, d\u00e9partement de Lingu\u00e8re, a \u00e9t\u00e9 victime d\u2019une violente agression. Dans un communiqu\u00e9 rendu public ce samedi 18 janvier, le minist\u00e8re de l\u2019\u00c9ducation nationale exprime son indignation et invite les collectivit\u00e9s territoriales \u00e0 renforcer la s\u00e9curit\u00e9 des [&hellip;]","og_url":"https:\/\/www.nettali.com\/2025\/01\/19\/agression-dun-enseignant-a-barkedji-le-ministere-de-leducation-condamne\/","og_site_name":"Nettali.com","article_publisher":"https:\/\/www.facebook.com\/nettalicom","article_published_time":"2025-01-19T00:25:01+00:00","og_image":[{"width":800,"height":523,"url":"https:\/\/www.nettali.com\/wp-content\/uploads\/2025\/01\/mmg_edu.jpg","type":"image\/jpeg"}],"twitter_card":"summary_large_image","twitter_misc":{"\u00c9crit par":"Ibrahima","Dur\u00e9e de lecture estim\u00e9e":"2 minutes"},"schema":{"@context":"https:\/\/schema.org","@graph":[{"@type":"WebSite","@id":"https:\/\/www.nettali.com\/#website","url":"https:\/\/www.nettali.com\/","name":"Nettali.com","description":"Le rendez-vous critique du Net","potentialAction":[{"@type":"SearchAction","target":{"@type":"EntryPoint","urlTemplate":"https:\/\/www.nettali.com\/?s={search_term_string}"},"query-input":"required name=search_term_string"}],"inLanguage":"fr-FR"},{"@type":"ImageObject","@id":"https:\/\/www.nettali.com\/2025\/01\/19\/agression-dun-enseignant-a-barkedji-le-ministere-de-leducation-condamne\/#primaryimage","inLanguage":"fr-FR","url":"https:\/\/www.nettali.com\/wp-content\/uploads\/2025\/01\/mmg_edu.jpg","contentUrl":"https:\/\/www.nettali.com\/wp-content\/uploads\/2025\/01\/mmg_edu.jpg","width":800,"height":523},{"@type":"WebPage","@id":"https:\/\/www.nettali.com\/2025\/01\/19\/agression-dun-enseignant-a-barkedji-le-ministere-de-leducation-condamne\/#webpage","url":"https:\/\/www.nettali.com\/2025\/01\/19\/agression-dun-enseignant-a-barkedji-le-ministere-de-leducation-condamne\/","name":"AGRESSION D'UN ENSEIGNANT \u00c0 BARKEDJI - Le minist\u00e8re de l\u2019\u00c9ducation condamne | Nettali.com","isPartOf":{"@id":"https:\/\/www.nettali.com\/#website"},"primaryImageOfPage":{"@id":"https:\/\/www.nettali.com\/2025\/01\/19\/agression-dun-enseignant-a-barkedji-le-ministere-de-leducation-condamne\/#primaryimage"},"datePublished":"2025-01-19T00:25:01+00:00","dateModified":"2025-01-19T00:25:01+00:00","author":{"@id":"https:\/\/www.nettali.com\/#\/schema\/person\/bb147657c2986240405a608162b9bb23"},"breadcrumb":{"@id":"https:\/\/www.nettali.com\/2025\/01\/19\/agression-dun-enseignant-a-barkedji-le-ministere-de-leducation-condamne\/#breadcrumb"},"inLanguage":"fr-FR","potentialAction":[{"@type":"ReadAction","target":["https:\/\/www.nettali.com\/2025\/01\/19\/agression-dun-enseignant-a-barkedji-le-ministere-de-leducation-condamne\/"]}]},{"@type":"BreadcrumbList","@id":"https:\/\/www.nettali.com\/2025\/01\/19\/agression-dun-enseignant-a-barkedji-le-ministere-de-leducation-condamne\/#breadcrumb","itemListElement":[{"@type":"ListItem","position":1,"name":"Accueil","item":"https:\/\/www.nettali.com\/"},{"@type":"ListItem","position":2,"name":"AGRESSION D'UN ENSEIGNANT \u00c0 BARKEDJI - Le minist\u00e8re de l\u2019\u00c9ducation condamne"}]},{"@type":"Person","@id":"https:\/\/www.nettali.com\/#\/schema\/person\/bb147657c2986240405a608162b9bb23","name":"Ibrahima","image":{"@type":"ImageObject","@id":"https:\/\/www.nettali.com\/#personlogo","inLanguage":"fr-FR","url":"https:\/\/secure.gravatar.com\/avatar\/26a8a81f09f0dd7624c9d5c36c9ba3a2?s=96&d=mm&r=g","contentUrl":"https:\/\/secure.gravatar.com\/avatar\/26a8a81f09f0dd7624c9d5c36c9ba3a2?s=96&d=mm&r=g","caption":"Ibrahima"},"sameAs":["https:\/\/www.nettali.com"]}]}},"_links":{"self":[{"href":"https:\/\/www.nettali.com\/rest\/wp\/v2\/posts\/147397"}],"collection":[{"href":"https:\/\/www.nettali.com\/rest\/wp\/v2\/posts"}],"about":[{"href":"https:\/\/www.nettali.com\/rest\/wp\/v2\/types\/post"}],"author":[{"embeddable":true,"href":"https:\/\/www.nettali.com\/rest\/wp\/v2\/users\/5"}],"replies":[{"embeddable":true,"href":"https:\/\/www.nettali.com\/rest\/wp\/v2\/comments?post=147397"}],"version-history":[{"count":3,"href":"https:\/\/www.nettali.com\/rest\/wp\/v2\/posts\/147397\/revisions"}],"predecessor-version":[{"id":147405,"href":"https:\/\/www.nettali.com\/rest\/wp\/v2\/posts\/147397\/revisions\/147405"}],"wp:featuredmedia":[{"embeddable":true,"href":"https:\/\/www.nettali.com\/rest\/wp\/v2\/media\/147398"}],"wp:attachment":[{"href":"https:\/\/www.nettali.com\/rest\/wp\/v2\/media?parent=147397"}],"wp:term":[{"taxonomy":"category","embeddable":true,"href":"https:\/\/www.nettali.com\/rest\/wp\/v2\/categories?post=147397"},{"taxonomy":"post_tag","embeddable":true,"href":"https:\/\/www.nettali.com\/rest\/wp\/v2\/tags?post=147397"}],"curies":[{"name":"wp","href":"https:\/\/api.w.org\/{rel}","templated":true}]}}