{"id":147201,"date":"2025-01-15T18:26:25","date_gmt":"2025-01-15T18:26:25","guid":{"rendered":"https:\/\/www.nettali.com\/?p=147201"},"modified":"2025-01-15T18:26:25","modified_gmt":"2025-01-15T18:26:25","slug":"soutien-a-farba-ngom-lapr-appelle-a-la-resistance","status":"publish","type":"post","link":"https:\/\/www.nettali.com\/2025\/01\/15\/soutien-a-farba-ngom-lapr-appelle-a-la-resistance\/","title":{"rendered":"SOUTIEN A FARBA NGOM - L\u2019Apr appelle \u00e0 la r\u00e9sistance"},"content":{"rendered":"<p><strong>NETTALI.COM - Par une d\u00e9claration rendue publique, le Secr\u00e9tariat Ex\u00e9cutif National de l'Alliance Pour la R\u00e9publique (Apr) apporte son soutien au d\u00e9put\u00e9 Farba Ngom, au moment o\u00f9 la proc\u00e9dure de la lev\u00e9e de son immunit\u00e9 parlementaire est enclench\u00e9e.<\/strong><\/p>\n<p>Le mardi 14 janvier 2024, l'Assembl\u00e9e Nationale du S\u00e9n\u00e9gal a engag\u00e9 la proc\u00e9dure pour lever l'immunit\u00e9 parlementaire de l'honorable Mouhamadou Ngom dit Farba, suite \u00e0 une demande formul\u00e9e par le Ministre de la Justice. <em>\u00abSi la d\u00e9marche, en elle - m\u00eame, ne pose aucun probl\u00e8me de droit et ne soul\u00e8ve aucune objection de notre part, grande est notre inqui\u00e9tude et celle de nos compatriotes, quant aux motivations profondes d'une telle d\u00e9cision. En s'attaquant aussi brutalement au D\u00e9put\u00e9 de la Coalition Takku Wallu S\u00e9n\u00e9gal et membre \u00e9minent de l'Alliance Pour la R\u00e9publique, le pouvoir confirme sa nature dictatoriale et t\u00e9moigne de la totale mainmise du Premier Ministre sur toutes les Institutions de la R\u00e9publique\u00a0\u00bb, <\/em>fait remarquer l\u2019Apr.<\/p>\n<p><em>\u00ab\u00a0Tous nos compatriotes se souviennent des violents propos d\u00e9bit\u00e9s par Ousmane Sonko lors de la campagne pour les L\u00e9gislatives anticip\u00e9es, \u00e0 Agnam. Apr\u00e8s avoir offens\u00e9 notre camarade Farba Ngom, Ousmane Sonko avait solennellement d\u00e9clar\u00e9 que \" jamais plus\" ce dernier \" ne participera \u00e0 une \u00e9lection au S\u00e9n\u00e9gal \"! Cette grossi\u00e8re et burlesque attaque ayant \u00e9t\u00e9 sanctionn\u00e9e par une humiliante d\u00e9faite, Ousmane Sonko engage la bataille de la revanche dont la finalit\u00e9 n'est rien d'autre, qu'un emprisonnement de Farba Ngom\",<\/em> croit savoir l\u2019Apr.<\/p>\n<p>D'apr\u00e8s le SEN de l'Apr, \"<em>certainement, avec cette grave forfaiture politique et morale, Ousmane entend conqu\u00e9rir une zone qui lui est hostile, en d\u00e9pit des agitations d'une poign\u00e9e de tra\u00eetres qui ont transhum\u00e9, mais honnis et vomis des populations. La c\u00e9l\u00e9rit\u00e9 avec laquelle l'Assembl\u00e9e Nationale a r\u00e9agi \u00e0 la requ\u00eate du Ministre de la Justice, jette le trouble et un voile de suspicion sur les objectifs r\u00e9els de la man\u0153uvre politique. Le levier actionn\u00e9 par le pouvoir constitue sans doute aucun une parfaite illustration des intentions malsaines, politiciennes, cibl\u00e9es et revanchardes du pouvoir. Au-del\u00e0 des graves \"cas\" dignes d'int\u00e9r\u00eat, comme les 1000 milliards, les scandales de l'Aser et de l'Onas, les \u00e9carts et la boulimie fonci\u00e8re de plusieurs caciques de l'actuel r\u00e9gime, des mouvements suspects, voire occultes, de manipulations permanentes de Fonds dans un pass\u00e9 r\u00e9cent, comme aujourd'hui encore, la Centif s'est int\u00e9ress\u00e9 \u00e0 Farba Ngom ! Il s'agit donc d'un acharnement clair et sans \u00e9quivoque, suivant les injonctions et la volont\u00e9 autocratique d 'Ousmane Sonko qui avait impos\u00e9, en toute ill\u00e9galit\u00e9, la non-pr\u00e9sence de Farba Ngom dans le Bureau de l'Assembl\u00e9e Nationale !\".<\/em><em><br \/>\n<\/em><br \/>\nL'Apr a \u00e9galement tenu \u00e0 apporter son soutien total au d\u00e9put\u00e9 Farba Ngom. <em>\u00ab\u00a0C'est cette trajectoire de liquidation politique du D\u00e9put\u00e9 Farba Ngom voulue et impuls\u00e9e par Ousmane Sonko qui est en cours ! C'est cette agression indigne que nous d\u00e9non\u00e7ons!\u00a0\u00bb<\/em> Face \u00e0 l'\u00e9preuve, l'Alliance Pour la R\u00e9publique \u00abexprime son soutien total et sa solidarit\u00e9 agissante \u00e0 l'honorable D\u00e9put\u00e9 Farba Ngom, un haut dirigeant de notre parti, un mod\u00e8le d'engagement, de loyaut\u00e9 et de fid\u00e9lit\u00e9\u00bb.<\/p>\n<p>L\u2019Apr dit refuser que <em>\u00abpour faire plaisir \u00e0 un Premier Ministre du nom d'Ousmane Sonko, soient pi\u00e9tin\u00e9es les normes de l'Etat de Droit et que soient ensevelis les valeurs et principes de la R\u00e9publique !\u00a0\u00bb<\/em><\/p>\n<p>\u00abNotre Parti, fid\u00e8le \u00e0 son identit\u00e9 r\u00e9publicaine est totalement en faveur de la reddition <em>des comptes \u00e0 la condition que celle-ci ne se transforme en son contraire : le r\u00e8glement de comptes!! Aujourd'hui que le pays vit des heures sombres suite \u00e0 la hausse g\u00e9n\u00e9ralis\u00e9e des prix de toutes les denr\u00e9es, la col\u00e8re des jakartamen, des chauffeurs de taxis et marchands ambulants et dans un contexte d'embrasement progressif du front social, le pouvoir engage sa fuite en avant. Il tente d'allumer des contre-feux pour calmer les ardeurs et mobilisations citoyennes et populaires. Il persiste n\u00e9anmoins, dans sa volont\u00e9 de mener jusqu'au bout, la chasse aux sorci\u00e8res, la traque de tous les hommes et toutes les femmes qui ont g\u00e9r\u00e9 des responsabilit\u00e9s dans l'ancien pouvoir. Il veut briser toutes les oppositions, tous les hommes d'affaires et autres op\u00e9rateurs \u00e9conomiques qui ont r\u00e9ussi! Sous le manteau fallacieux de la r\u00e9cup\u00e9ration \"des deniers publics vol\u00e9s\", le pouvoir m\u00e8ne une inquisition qui vise \u00e0 d\u00e9busquer, exclure ou affaiblir tous les cadres et travailleurs estampill\u00e9s \"pro-Macky\",<\/em> laisse entendre l\u2019Apr .<\/p>\n<p>Les responsables de l\u2019Apr pensent que <em>\u00ab\u00a0la seule voie de salut qui s'offre \u00e0 toutes les forces citoyennes, r\u00e9publicaines et d\u00e9mocratiques, est la R\u00e9sistance\u00a0\u00bb.<\/em><\/p>\n<p>&nbsp;<\/p>\n<div class='share-to-whatsapp-wrapper'><div class='share-on-whsp'>PARTAGER SUR : <\/div><a data-text='SOUTIEN A FARBA NGOM - L\u2019Apr appelle \u00e0 la r\u00e9sistance' data-link='https:\/\/www.nettali.com\/2025\/01\/15\/soutien-a-farba-ngom-lapr-appelle-a-la-resistance\/' class='whatsapp-button whatsapp-share'>WhatsApp<\/a><div class='clear '><\/div><\/div>","protected":false},"excerpt":{"rendered":"<p>NETTALI.COM - Par une d\u00e9claration rendue publique, le Secr\u00e9tariat Ex\u00e9cutif National de l'Alliance Pour la R\u00e9publique (Apr) apporte son soutien au d\u00e9put\u00e9 Farba Ngom, au moment o\u00f9 la proc\u00e9dure de la lev\u00e9e de son immunit\u00e9 parlementaire est enclench\u00e9e. Le mardi 14 janvier 2024, l'Assembl\u00e9e Nationale du S\u00e9n\u00e9gal a engag\u00e9 la proc\u00e9dure pour lever l'immunit\u00e9 parlementaire [&hellip;]<\/p>\n","protected":false},"author":4,"featured_media":147202,"comment_status":"open","ping_status":"open","sticky":false,"template":"","format":"standard","meta":{"_et_pb_use_builder":"","_et_pb_old_content":""},"categories":[2],"tags":[],"yoast_head":"<!-- This site is optimized with the Yoast SEO Premium plugin v17.8 (Yoast SEO v17.8) - https:\/\/yoast.com\/wordpress\/plugins\/seo\/ -->\n<title>SOUTIEN A FARBA NGOM - L\u2019Apr appelle \u00e0 la r\u00e9sistance | Nettali.com<\/title>\n<meta name=\"robots\" content=\"index, follow, max-snippet:-1, max-image-preview:large, max-video-preview:-1\" \/>\n<link rel=\"canonical\" href=\"https:\/\/www.nettali.com\/2025\/01\/15\/soutien-a-farba-ngom-lapr-appelle-a-la-resistance\/\" \/>\n<meta property=\"og:locale\" content=\"fr_FR\" \/>\n<meta property=\"og:type\" content=\"article\" \/>\n<meta property=\"og:title\" content=\"SOUTIEN A FARBA NGOM - L\u2019Apr appelle \u00e0 la r\u00e9sistance\" \/>\n<meta property=\"og:description\" content=\"NETTALI.COM - Par une d\u00e9claration rendue publique, le Secr\u00e9tariat Ex\u00e9cutif National de l&#039;Alliance Pour la R\u00e9publique (Apr) apporte son soutien au d\u00e9put\u00e9 Farba Ngom, au moment o\u00f9 la proc\u00e9dure de la lev\u00e9e de son immunit\u00e9 parlementaire est enclench\u00e9e. Le mardi 14 janvier 2024, l&#039;Assembl\u00e9e Nationale du S\u00e9n\u00e9gal a engag\u00e9 la proc\u00e9dure pour lever l&#039;immunit\u00e9 parlementaire [&hellip;]\" \/>\n<meta property=\"og:url\" content=\"https:\/\/www.nettali.com\/2025\/01\/15\/soutien-a-farba-ngom-lapr-appelle-a-la-resistance\/\" \/>\n<meta property=\"og:site_name\" content=\"Nettali.com\" \/>\n<meta property=\"article:publisher\" content=\"https:\/\/www.facebook.com\/nettalicom\" \/>\n<meta property=\"article:published_time\" content=\"2025-01-15T18:26:25+00:00\" \/>\n<meta property=\"og:image\" content=\"https:\/\/www.nettali.com\/wp-content\/uploads\/2025\/01\/Farba.jpg\" \/>\n\t<meta property=\"og:image:width\" content=\"619\" \/>\n\t<meta property=\"og:image:height\" content=\"356\" \/>\n<meta name=\"twitter:card\" content=\"summary_large_image\" \/>\n<meta name=\"twitter:label1\" content=\"\u00c9crit par\" \/>\n\t<meta name=\"twitter:data1\" content=\"Daouda\" \/>\n\t<meta name=\"twitter:label2\" content=\"Dur\u00e9e de lecture estim\u00e9e\" \/>\n\t<meta name=\"twitter:data2\" content=\"4 minutes\" \/>\n<script type=\"application\/ld+json\" class=\"yoast-schema-graph\">{\"@context\":\"https:\/\/schema.org\",\"@graph\":[{\"@type\":\"WebSite\",\"@id\":\"https:\/\/www.nettali.com\/#website\",\"url\":\"https:\/\/www.nettali.com\/\",\"name\":\"Nettali.com\",\"description\":\"Le rendez-vous critique du Net\",\"potentialAction\":[{\"@type\":\"SearchAction\",\"target\":{\"@type\":\"EntryPoint\",\"urlTemplate\":\"https:\/\/www.nettali.com\/?s={search_term_string}\"},\"query-input\":\"required name=search_term_string\"}],\"inLanguage\":\"fr-FR\"},{\"@type\":\"ImageObject\",\"@id\":\"https:\/\/www.nettali.com\/2025\/01\/15\/soutien-a-farba-ngom-lapr-appelle-a-la-resistance\/#primaryimage\",\"inLanguage\":\"fr-FR\",\"url\":\"https:\/\/www.nettali.com\/wp-content\/uploads\/2025\/01\/Farba.jpg\",\"contentUrl\":\"https:\/\/www.nettali.com\/wp-content\/uploads\/2025\/01\/Farba.jpg\",\"width\":619,\"height\":356},{\"@type\":\"WebPage\",\"@id\":\"https:\/\/www.nettali.com\/2025\/01\/15\/soutien-a-farba-ngom-lapr-appelle-a-la-resistance\/#webpage\",\"url\":\"https:\/\/www.nettali.com\/2025\/01\/15\/soutien-a-farba-ngom-lapr-appelle-a-la-resistance\/\",\"name\":\"SOUTIEN A FARBA NGOM - L\\u2019Apr appelle \\u00e0 la r\\u00e9sistance | Nettali.com\",\"isPartOf\":{\"@id\":\"https:\/\/www.nettali.com\/#website\"},\"primaryImageOfPage\":{\"@id\":\"https:\/\/www.nettali.com\/2025\/01\/15\/soutien-a-farba-ngom-lapr-appelle-a-la-resistance\/#primaryimage\"},\"datePublished\":\"2025-01-15T18:26:25+00:00\",\"dateModified\":\"2025-01-15T18:26:25+00:00\",\"author\":{\"@id\":\"https:\/\/www.nettali.com\/#\/schema\/person\/3317e0bb3aa1da309fbf7b2780901bf4\"},\"breadcrumb\":{\"@id\":\"https:\/\/www.nettali.com\/2025\/01\/15\/soutien-a-farba-ngom-lapr-appelle-a-la-resistance\/#breadcrumb\"},\"inLanguage\":\"fr-FR\",\"potentialAction\":[{\"@type\":\"ReadAction\",\"target\":[\"https:\/\/www.nettali.com\/2025\/01\/15\/soutien-a-farba-ngom-lapr-appelle-a-la-resistance\/\"]}]},{\"@type\":\"BreadcrumbList\",\"@id\":\"https:\/\/www.nettali.com\/2025\/01\/15\/soutien-a-farba-ngom-lapr-appelle-a-la-resistance\/#breadcrumb\",\"itemListElement\":[{\"@type\":\"ListItem\",\"position\":1,\"name\":\"Accueil\",\"item\":\"https:\/\/www.nettali.com\/\"},{\"@type\":\"ListItem\",\"position\":2,\"name\":\"SOUTIEN A FARBA NGOM - L\\u2019Apr appelle \\u00e0 la r\\u00e9sistance\"}]},{\"@type\":\"Person\",\"@id\":\"https:\/\/www.nettali.com\/#\/schema\/person\/3317e0bb3aa1da309fbf7b2780901bf4\",\"name\":\"Daouda\",\"image\":{\"@type\":\"ImageObject\",\"@id\":\"https:\/\/www.nettali.com\/#personlogo\",\"inLanguage\":\"fr-FR\",\"url\":\"https:\/\/secure.gravatar.com\/avatar\/8d143b5a49345098ddcfee1c49c2f47c?s=96&d=mm&r=g\",\"contentUrl\":\"https:\/\/secure.gravatar.com\/avatar\/8d143b5a49345098ddcfee1c49c2f47c?s=96&d=mm&r=g\",\"caption\":\"Daouda\"},\"sameAs\":[\"https:\/\/www.nettali.com\"]}]}<\/script>\n<!-- \/ Yoast SEO Premium plugin. -->","yoast_head_json":{"title":"SOUTIEN A FARBA NGOM - L\u2019Apr appelle \u00e0 la r\u00e9sistance | Nettali.com","robots":{"index":"index","follow":"follow","max-snippet":"max-snippet:-1","max-image-preview":"max-image-preview:large","max-video-preview":"max-video-preview:-1"},"canonical":"https:\/\/www.nettali.com\/2025\/01\/15\/soutien-a-farba-ngom-lapr-appelle-a-la-resistance\/","og_locale":"fr_FR","og_type":"article","og_title":"SOUTIEN A FARBA NGOM - L\u2019Apr appelle \u00e0 la r\u00e9sistance","og_description":"NETTALI.COM - Par une d\u00e9claration rendue publique, le Secr\u00e9tariat Ex\u00e9cutif National de l'Alliance Pour la R\u00e9publique (Apr) apporte son soutien au d\u00e9put\u00e9 Farba Ngom, au moment o\u00f9 la proc\u00e9dure de la lev\u00e9e de son immunit\u00e9 parlementaire est enclench\u00e9e. Le mardi 14 janvier 2024, l'Assembl\u00e9e Nationale du S\u00e9n\u00e9gal a engag\u00e9 la proc\u00e9dure pour lever l'immunit\u00e9 parlementaire [&hellip;]","og_url":"https:\/\/www.nettali.com\/2025\/01\/15\/soutien-a-farba-ngom-lapr-appelle-a-la-resistance\/","og_site_name":"Nettali.com","article_publisher":"https:\/\/www.facebook.com\/nettalicom","article_published_time":"2025-01-15T18:26:25+00:00","og_image":[{"width":619,"height":356,"url":"https:\/\/www.nettali.com\/wp-content\/uploads\/2025\/01\/Farba.jpg","type":"image\/jpeg"}],"twitter_card":"summary_large_image","twitter_misc":{"\u00c9crit par":"Daouda","Dur\u00e9e de lecture estim\u00e9e":"4 minutes"},"schema":{"@context":"https:\/\/schema.org","@graph":[{"@type":"WebSite","@id":"https:\/\/www.nettali.com\/#website","url":"https:\/\/www.nettali.com\/","name":"Nettali.com","description":"Le rendez-vous critique du Net","potentialAction":[{"@type":"SearchAction","target":{"@type":"EntryPoint","urlTemplate":"https:\/\/www.nettali.com\/?s={search_term_string}"},"query-input":"required name=search_term_string"}],"inLanguage":"fr-FR"},{"@type":"ImageObject","@id":"https:\/\/www.nettali.com\/2025\/01\/15\/soutien-a-farba-ngom-lapr-appelle-a-la-resistance\/#primaryimage","inLanguage":"fr-FR","url":"https:\/\/www.nettali.com\/wp-content\/uploads\/2025\/01\/Farba.jpg","contentUrl":"https:\/\/www.nettali.com\/wp-content\/uploads\/2025\/01\/Farba.jpg","width":619,"height":356},{"@type":"WebPage","@id":"https:\/\/www.nettali.com\/2025\/01\/15\/soutien-a-farba-ngom-lapr-appelle-a-la-resistance\/#webpage","url":"https:\/\/www.nettali.com\/2025\/01\/15\/soutien-a-farba-ngom-lapr-appelle-a-la-resistance\/","name":"SOUTIEN A FARBA NGOM - L\u2019Apr appelle \u00e0 la r\u00e9sistance | Nettali.com","isPartOf":{"@id":"https:\/\/www.nettali.com\/#website"},"primaryImageOfPage":{"@id":"https:\/\/www.nettali.com\/2025\/01\/15\/soutien-a-farba-ngom-lapr-appelle-a-la-resistance\/#primaryimage"},"datePublished":"2025-01-15T18:26:25+00:00","dateModified":"2025-01-15T18:26:25+00:00","author":{"@id":"https:\/\/www.nettali.com\/#\/schema\/person\/3317e0bb3aa1da309fbf7b2780901bf4"},"breadcrumb":{"@id":"https:\/\/www.nettali.com\/2025\/01\/15\/soutien-a-farba-ngom-lapr-appelle-a-la-resistance\/#breadcrumb"},"inLanguage":"fr-FR","potentialAction":[{"@type":"ReadAction","target":["https:\/\/www.nettali.com\/2025\/01\/15\/soutien-a-farba-ngom-lapr-appelle-a-la-resistance\/"]}]},{"@type":"BreadcrumbList","@id":"https:\/\/www.nettali.com\/2025\/01\/15\/soutien-a-farba-ngom-lapr-appelle-a-la-resistance\/#breadcrumb","itemListElement":[{"@type":"ListItem","position":1,"name":"Accueil","item":"https:\/\/www.nettali.com\/"},{"@type":"ListItem","position":2,"name":"SOUTIEN A FARBA NGOM - L\u2019Apr appelle \u00e0 la r\u00e9sistance"}]},{"@type":"Person","@id":"https:\/\/www.nettali.com\/#\/schema\/person\/3317e0bb3aa1da309fbf7b2780901bf4","name":"Daouda","image":{"@type":"ImageObject","@id":"https:\/\/www.nettali.com\/#personlogo","inLanguage":"fr-FR","url":"https:\/\/secure.gravatar.com\/avatar\/8d143b5a49345098ddcfee1c49c2f47c?s=96&d=mm&r=g","contentUrl":"https:\/\/secure.gravatar.com\/avatar\/8d143b5a49345098ddcfee1c49c2f47c?s=96&d=mm&r=g","caption":"Daouda"},"sameAs":["https:\/\/www.nettali.com"]}]}},"_links":{"self":[{"href":"https:\/\/www.nettali.com\/rest\/wp\/v2\/posts\/147201"}],"collection":[{"href":"https:\/\/www.nettali.com\/rest\/wp\/v2\/posts"}],"about":[{"href":"https:\/\/www.nettali.com\/rest\/wp\/v2\/types\/post"}],"author":[{"embeddable":true,"href":"https:\/\/www.nettali.com\/rest\/wp\/v2\/users\/4"}],"replies":[{"embeddable":true,"href":"https:\/\/www.nettali.com\/rest\/wp\/v2\/comments?post=147201"}],"version-history":[{"count":1,"href":"https:\/\/www.nettali.com\/rest\/wp\/v2\/posts\/147201\/revisions"}],"predecessor-version":[{"id":147203,"href":"https:\/\/www.nettali.com\/rest\/wp\/v2\/posts\/147201\/revisions\/147203"}],"wp:featuredmedia":[{"embeddable":true,"href":"https:\/\/www.nettali.com\/rest\/wp\/v2\/media\/147202"}],"wp:attachment":[{"href":"https:\/\/www.nettali.com\/rest\/wp\/v2\/media?parent=147201"}],"wp:term":[{"taxonomy":"category","embeddable":true,"href":"https:\/\/www.nettali.com\/rest\/wp\/v2\/categories?post=147201"},{"taxonomy":"post_tag","embeddable":true,"href":"https:\/\/www.nettali.com\/rest\/wp\/v2\/tags?post=147201"}],"curies":[{"name":"wp","href":"https:\/\/api.w.org\/{rel}","templated":true}]}}