{"id":147183,"date":"2025-01-15T10:37:58","date_gmt":"2025-01-15T10:37:58","guid":{"rendered":"https:\/\/www.nettali.com\/?p=147183"},"modified":"2025-01-15T16:08:17","modified_gmt":"2025-01-15T16:08:17","slug":"arsenal-saison-terminee-pour-gabriel-jesus","status":"publish","type":"post","link":"https:\/\/www.nettali.com\/2025\/01\/15\/arsenal-saison-terminee-pour-gabriel-jesus\/","title":{"rendered":"ARSENAL - Saison termin\u00e9e pour Gabriel Jesus"},"content":{"rendered":"<p><strong>NETTALI.COM - Arsenal a donn\u00e9 des nouvelles de Gabriel Jesus, sorti sur civi\u00e8re lors de la rencontre face \u00e0 Manchester United, dimanche. Et les Gunners ont indiqu\u00e9 que l\u2019attaquant br\u00e9silien souffre d\u2019une blessure au ligament crois\u00e9 ant\u00e9rieur du genou gauche. Une grave blessure qui signe sans doute la fin de saison de la star auriverde.\u00a0<\/strong><\/p>\n<p>Le verdict est tomb\u00e9 pour Gabriel Jesus. Sorti sur civi\u00e8re dimanche dernier lors de la d\u00e9faite face \u00e0 Manchester United (2-2, 6-3) en FA Cup, l\u2019attaquant d\u2019Arsenal avait pass\u00e9 une batterie d\u2019examens pour connaitre la nature de son mal. Et les r\u00e9sultats sont tomb\u00e9s ce mercredi. Un diagnostic qui a confirm\u00e9 les pires craintes du club anglais. En effet, l\u2019international br\u00e9silien est victime d\u2019une blessure au ligament crois\u00e9 ant\u00e9rieur du genou gauche.<\/p>\n<p>La mauvaise nouvelle a \u00e9t\u00e9 officialis\u00e9e par les Gunners dans un communiqu\u00e9 sur les r\u00e9seaux sociaux. \"<em>Apr\u00e8s avoir \u00e9t\u00e9 remplac\u00e9 lors du match contre Manchester United dimanche, Gabriel Jesus a subi des examens approfondis, des scanners et des examens sp\u00e9cialis\u00e9s qui ont confirm\u00e9 qu\u2019il souffrait d\u2019une blessure au ligament crois\u00e9 ant\u00e9rieur du genou gauche. Gabby sera op\u00e9r\u00e9 dans les prochains jours et commencera bient\u00f4t son programme de r\u00e9cup\u00e9ration et de r\u00e9\u00e9ducation<\/em>\", peut-on lire.<\/p>\n<p>\"<em>Nous continuerons \u00e0 tenir tout le monde au courant de la gu\u00e9rison de Gabby, et tout le monde au club se concentre sur le soutien \u00e0 Gabby pour s\u2019assurer qu\u2019il revienne en pleine forme le plus rapidement possible<\/em>\", est-il ajout\u00e9.<\/p>\n<p>Un gros coup dur pour la star auriverde qui ne rejouera plus cette saison.<\/p>\n<div class='share-to-whatsapp-wrapper'><div class='share-on-whsp'>PARTAGER SUR : <\/div><a data-text='ARSENAL - Saison termin\u00e9e pour Gabriel Jesus' data-link='https:\/\/www.nettali.com\/2025\/01\/15\/arsenal-saison-terminee-pour-gabriel-jesus\/' class='whatsapp-button whatsapp-share'>WhatsApp<\/a><div class='clear '><\/div><\/div>","protected":false},"excerpt":{"rendered":"<p>NETTALI.COM - Arsenal a donn\u00e9 des nouvelles de Gabriel Jesus, sorti sur civi\u00e8re lors de la rencontre face \u00e0 Manchester United, dimanche. Et les Gunners ont indiqu\u00e9 que l\u2019attaquant br\u00e9silien souffre d\u2019une blessure au ligament crois\u00e9 ant\u00e9rieur du genou gauche. Une grave blessure qui signe sans doute la fin de saison de la star auriverde.\u00a0 [&hellip;]<\/p>\n","protected":false},"author":5,"featured_media":147176,"comment_status":"open","ping_status":"open","sticky":false,"template":"","format":"standard","meta":{"_et_pb_use_builder":"","_et_pb_old_content":""},"categories":[6],"tags":[],"yoast_head":"<!-- This site is optimized with the Yoast SEO Premium plugin v17.8 (Yoast SEO v17.8) - https:\/\/yoast.com\/wordpress\/plugins\/seo\/ -->\n<title>ARSENAL - Saison termin\u00e9e pour Gabriel Jesus | Nettali.com<\/title>\n<meta name=\"robots\" content=\"index, follow, max-snippet:-1, max-image-preview:large, max-video-preview:-1\" \/>\n<link rel=\"canonical\" href=\"https:\/\/www.nettali.com\/2025\/01\/15\/arsenal-saison-terminee-pour-gabriel-jesus\/\" \/>\n<meta property=\"og:locale\" content=\"fr_FR\" \/>\n<meta property=\"og:type\" content=\"article\" \/>\n<meta property=\"og:title\" content=\"ARSENAL - Saison termin\u00e9e pour Gabriel Jesus\" \/>\n<meta property=\"og:description\" content=\"NETTALI.COM - Arsenal a donn\u00e9 des nouvelles de Gabriel Jesus, sorti sur civi\u00e8re lors de la rencontre face \u00e0 Manchester United, dimanche. Et les Gunners ont indiqu\u00e9 que l\u2019attaquant br\u00e9silien souffre d\u2019une blessure au ligament crois\u00e9 ant\u00e9rieur du genou gauche. Une grave blessure qui signe sans doute la fin de saison de la star auriverde.\u00a0 [&hellip;]\" \/>\n<meta property=\"og:url\" content=\"https:\/\/www.nettali.com\/2025\/01\/15\/arsenal-saison-terminee-pour-gabriel-jesus\/\" \/>\n<meta property=\"og:site_name\" content=\"Nettali.com\" \/>\n<meta property=\"article:publisher\" content=\"https:\/\/www.facebook.com\/nettalicom\" \/>\n<meta property=\"article:published_time\" content=\"2025-01-15T10:37:58+00:00\" \/>\n<meta property=\"article:modified_time\" content=\"2025-01-15T16:08:17+00:00\" \/>\n<meta property=\"og:image\" content=\"https:\/\/www.nettali.com\/wp-content\/uploads\/2025\/01\/1200-L-arsenal-confirme-la-terrible-nouvelle-pour-gabriel-jesus.jpg\" \/>\n\t<meta property=\"og:image:width\" content=\"1200\" \/>\n\t<meta property=\"og:image:height\" content=\"640\" \/>\n<meta name=\"twitter:card\" content=\"summary_large_image\" \/>\n<meta name=\"twitter:label1\" content=\"\u00c9crit par\" \/>\n\t<meta name=\"twitter:data1\" content=\"Ibrahima\" \/>\n\t<meta name=\"twitter:label2\" content=\"Dur\u00e9e de lecture estim\u00e9e\" \/>\n\t<meta name=\"twitter:data2\" content=\"2 minutes\" \/>\n<script type=\"application\/ld+json\" class=\"yoast-schema-graph\">{\"@context\":\"https:\/\/schema.org\",\"@graph\":[{\"@type\":\"WebSite\",\"@id\":\"https:\/\/www.nettali.com\/#website\",\"url\":\"https:\/\/www.nettali.com\/\",\"name\":\"Nettali.com\",\"description\":\"Le rendez-vous critique du Net\",\"potentialAction\":[{\"@type\":\"SearchAction\",\"target\":{\"@type\":\"EntryPoint\",\"urlTemplate\":\"https:\/\/www.nettali.com\/?s={search_term_string}\"},\"query-input\":\"required name=search_term_string\"}],\"inLanguage\":\"fr-FR\"},{\"@type\":\"ImageObject\",\"@id\":\"https:\/\/www.nettali.com\/2025\/01\/15\/arsenal-saison-terminee-pour-gabriel-jesus\/#primaryimage\",\"inLanguage\":\"fr-FR\",\"url\":\"https:\/\/www.nettali.com\/wp-content\/uploads\/2025\/01\/1200-L-arsenal-confirme-la-terrible-nouvelle-pour-gabriel-jesus.jpg\",\"contentUrl\":\"https:\/\/www.nettali.com\/wp-content\/uploads\/2025\/01\/1200-L-arsenal-confirme-la-terrible-nouvelle-pour-gabriel-jesus.jpg\",\"width\":1200,\"height\":640},{\"@type\":\"WebPage\",\"@id\":\"https:\/\/www.nettali.com\/2025\/01\/15\/arsenal-saison-terminee-pour-gabriel-jesus\/#webpage\",\"url\":\"https:\/\/www.nettali.com\/2025\/01\/15\/arsenal-saison-terminee-pour-gabriel-jesus\/\",\"name\":\"ARSENAL - Saison termin\\u00e9e pour Gabriel Jesus | Nettali.com\",\"isPartOf\":{\"@id\":\"https:\/\/www.nettali.com\/#website\"},\"primaryImageOfPage\":{\"@id\":\"https:\/\/www.nettali.com\/2025\/01\/15\/arsenal-saison-terminee-pour-gabriel-jesus\/#primaryimage\"},\"datePublished\":\"2025-01-15T10:37:58+00:00\",\"dateModified\":\"2025-01-15T16:08:17+00:00\",\"author\":{\"@id\":\"https:\/\/www.nettali.com\/#\/schema\/person\/bb147657c2986240405a608162b9bb23\"},\"breadcrumb\":{\"@id\":\"https:\/\/www.nettali.com\/2025\/01\/15\/arsenal-saison-terminee-pour-gabriel-jesus\/#breadcrumb\"},\"inLanguage\":\"fr-FR\",\"potentialAction\":[{\"@type\":\"ReadAction\",\"target\":[\"https:\/\/www.nettali.com\/2025\/01\/15\/arsenal-saison-terminee-pour-gabriel-jesus\/\"]}]},{\"@type\":\"BreadcrumbList\",\"@id\":\"https:\/\/www.nettali.com\/2025\/01\/15\/arsenal-saison-terminee-pour-gabriel-jesus\/#breadcrumb\",\"itemListElement\":[{\"@type\":\"ListItem\",\"position\":1,\"name\":\"Accueil\",\"item\":\"https:\/\/www.nettali.com\/\"},{\"@type\":\"ListItem\",\"position\":2,\"name\":\"ARSENAL - Saison termin\\u00e9e pour Gabriel Jesus\"}]},{\"@type\":\"Person\",\"@id\":\"https:\/\/www.nettali.com\/#\/schema\/person\/bb147657c2986240405a608162b9bb23\",\"name\":\"Ibrahima\",\"image\":{\"@type\":\"ImageObject\",\"@id\":\"https:\/\/www.nettali.com\/#personlogo\",\"inLanguage\":\"fr-FR\",\"url\":\"https:\/\/secure.gravatar.com\/avatar\/26a8a81f09f0dd7624c9d5c36c9ba3a2?s=96&d=mm&r=g\",\"contentUrl\":\"https:\/\/secure.gravatar.com\/avatar\/26a8a81f09f0dd7624c9d5c36c9ba3a2?s=96&d=mm&r=g\",\"caption\":\"Ibrahima\"},\"sameAs\":[\"https:\/\/www.nettali.com\"]}]}<\/script>\n<!-- \/ Yoast SEO Premium plugin. -->","yoast_head_json":{"title":"ARSENAL - Saison termin\u00e9e pour Gabriel Jesus | Nettali.com","robots":{"index":"index","follow":"follow","max-snippet":"max-snippet:-1","max-image-preview":"max-image-preview:large","max-video-preview":"max-video-preview:-1"},"canonical":"https:\/\/www.nettali.com\/2025\/01\/15\/arsenal-saison-terminee-pour-gabriel-jesus\/","og_locale":"fr_FR","og_type":"article","og_title":"ARSENAL - Saison termin\u00e9e pour Gabriel Jesus","og_description":"NETTALI.COM - Arsenal a donn\u00e9 des nouvelles de Gabriel Jesus, sorti sur civi\u00e8re lors de la rencontre face \u00e0 Manchester United, dimanche. Et les Gunners ont indiqu\u00e9 que l\u2019attaquant br\u00e9silien souffre d\u2019une blessure au ligament crois\u00e9 ant\u00e9rieur du genou gauche. Une grave blessure qui signe sans doute la fin de saison de la star auriverde.\u00a0 [&hellip;]","og_url":"https:\/\/www.nettali.com\/2025\/01\/15\/arsenal-saison-terminee-pour-gabriel-jesus\/","og_site_name":"Nettali.com","article_publisher":"https:\/\/www.facebook.com\/nettalicom","article_published_time":"2025-01-15T10:37:58+00:00","article_modified_time":"2025-01-15T16:08:17+00:00","og_image":[{"width":1200,"height":640,"url":"https:\/\/www.nettali.com\/wp-content\/uploads\/2025\/01\/1200-L-arsenal-confirme-la-terrible-nouvelle-pour-gabriel-jesus.jpg","type":"image\/jpeg"}],"twitter_card":"summary_large_image","twitter_misc":{"\u00c9crit par":"Ibrahima","Dur\u00e9e de lecture estim\u00e9e":"2 minutes"},"schema":{"@context":"https:\/\/schema.org","@graph":[{"@type":"WebSite","@id":"https:\/\/www.nettali.com\/#website","url":"https:\/\/www.nettali.com\/","name":"Nettali.com","description":"Le rendez-vous critique du Net","potentialAction":[{"@type":"SearchAction","target":{"@type":"EntryPoint","urlTemplate":"https:\/\/www.nettali.com\/?s={search_term_string}"},"query-input":"required name=search_term_string"}],"inLanguage":"fr-FR"},{"@type":"ImageObject","@id":"https:\/\/www.nettali.com\/2025\/01\/15\/arsenal-saison-terminee-pour-gabriel-jesus\/#primaryimage","inLanguage":"fr-FR","url":"https:\/\/www.nettali.com\/wp-content\/uploads\/2025\/01\/1200-L-arsenal-confirme-la-terrible-nouvelle-pour-gabriel-jesus.jpg","contentUrl":"https:\/\/www.nettali.com\/wp-content\/uploads\/2025\/01\/1200-L-arsenal-confirme-la-terrible-nouvelle-pour-gabriel-jesus.jpg","width":1200,"height":640},{"@type":"WebPage","@id":"https:\/\/www.nettali.com\/2025\/01\/15\/arsenal-saison-terminee-pour-gabriel-jesus\/#webpage","url":"https:\/\/www.nettali.com\/2025\/01\/15\/arsenal-saison-terminee-pour-gabriel-jesus\/","name":"ARSENAL - Saison termin\u00e9e pour Gabriel Jesus | Nettali.com","isPartOf":{"@id":"https:\/\/www.nettali.com\/#website"},"primaryImageOfPage":{"@id":"https:\/\/www.nettali.com\/2025\/01\/15\/arsenal-saison-terminee-pour-gabriel-jesus\/#primaryimage"},"datePublished":"2025-01-15T10:37:58+00:00","dateModified":"2025-01-15T16:08:17+00:00","author":{"@id":"https:\/\/www.nettali.com\/#\/schema\/person\/bb147657c2986240405a608162b9bb23"},"breadcrumb":{"@id":"https:\/\/www.nettali.com\/2025\/01\/15\/arsenal-saison-terminee-pour-gabriel-jesus\/#breadcrumb"},"inLanguage":"fr-FR","potentialAction":[{"@type":"ReadAction","target":["https:\/\/www.nettali.com\/2025\/01\/15\/arsenal-saison-terminee-pour-gabriel-jesus\/"]}]},{"@type":"BreadcrumbList","@id":"https:\/\/www.nettali.com\/2025\/01\/15\/arsenal-saison-terminee-pour-gabriel-jesus\/#breadcrumb","itemListElement":[{"@type":"ListItem","position":1,"name":"Accueil","item":"https:\/\/www.nettali.com\/"},{"@type":"ListItem","position":2,"name":"ARSENAL - Saison termin\u00e9e pour Gabriel Jesus"}]},{"@type":"Person","@id":"https:\/\/www.nettali.com\/#\/schema\/person\/bb147657c2986240405a608162b9bb23","name":"Ibrahima","image":{"@type":"ImageObject","@id":"https:\/\/www.nettali.com\/#personlogo","inLanguage":"fr-FR","url":"https:\/\/secure.gravatar.com\/avatar\/26a8a81f09f0dd7624c9d5c36c9ba3a2?s=96&d=mm&r=g","contentUrl":"https:\/\/secure.gravatar.com\/avatar\/26a8a81f09f0dd7624c9d5c36c9ba3a2?s=96&d=mm&r=g","caption":"Ibrahima"},"sameAs":["https:\/\/www.nettali.com"]}]}},"_links":{"self":[{"href":"https:\/\/www.nettali.com\/rest\/wp\/v2\/posts\/147183"}],"collection":[{"href":"https:\/\/www.nettali.com\/rest\/wp\/v2\/posts"}],"about":[{"href":"https:\/\/www.nettali.com\/rest\/wp\/v2\/types\/post"}],"author":[{"embeddable":true,"href":"https:\/\/www.nettali.com\/rest\/wp\/v2\/users\/5"}],"replies":[{"embeddable":true,"href":"https:\/\/www.nettali.com\/rest\/wp\/v2\/comments?post=147183"}],"version-history":[{"count":1,"href":"https:\/\/www.nettali.com\/rest\/wp\/v2\/posts\/147183\/revisions"}],"predecessor-version":[{"id":147184,"href":"https:\/\/www.nettali.com\/rest\/wp\/v2\/posts\/147183\/revisions\/147184"}],"wp:featuredmedia":[{"embeddable":true,"href":"https:\/\/www.nettali.com\/rest\/wp\/v2\/media\/147176"}],"wp:attachment":[{"href":"https:\/\/www.nettali.com\/rest\/wp\/v2\/media?parent=147183"}],"wp:term":[{"taxonomy":"category","embeddable":true,"href":"https:\/\/www.nettali.com\/rest\/wp\/v2\/categories?post=147183"},{"taxonomy":"post_tag","embeddable":true,"href":"https:\/\/www.nettali.com\/rest\/wp\/v2\/tags?post=147183"}],"curies":[{"name":"wp","href":"https:\/\/api.w.org\/{rel}","templated":true}]}}