{"id":147168,"date":"2025-01-15T08:28:40","date_gmt":"2025-01-15T08:28:40","guid":{"rendered":"https:\/\/www.nettali.com\/?p=147168"},"modified":"2025-01-15T08:28:40","modified_gmt":"2025-01-15T08:28:40","slug":"rencontre-avec-les-gouverneurs-de-la-bid-le-ministre-de-leconomie-plaide-la-vulgarisation-de-la-finance-islamique","status":"publish","type":"post","link":"https:\/\/www.nettali.com\/2025\/01\/15\/rencontre-avec-les-gouverneurs-de-la-bid-le-ministre-de-leconomie-plaide-la-vulgarisation-de-la-finance-islamique\/","title":{"rendered":"RENCONTRE AVEC LES GOUVERNEURS DE LA BID - Le ministre de l'\u00e9conomie plaide la vulgarisation de la finance islamique"},"content":{"rendered":"<p><strong>NETTALI.COM -<\/strong> Abdourahmane Sarr, le ministre de l'Economie du Plan et de la Coop\u00e9ration a particip\u00e9, ce 12 janvier 2025 en Arabie saoudite, plus pr\u00e9cis\u00e9ment \u00e0 M\u00e9dine, \u00e0 la rencontre de consultation des gouverneurs de la Banque islamique de d\u00e9veloppement (BID). Ce rendez- vous \u00e9tait une opportunit\u00e9 pour les participants de \u201c<em>d\u00e9gager des orientations strat\u00e9giques futures<\/em>\u201d pour la Banque islamique de d\u00e9veloppement.<\/p>\n<p>Abdourahmane Sarr a saisi l'occasion pour inviter l'institution financi\u00e8re \u00e0 vulgariser \u201c<em>l\u2019industrie que repr\u00e9sente la finance islamique\u201d<\/em>. Le ministre reste convaincu que ce mod\u00e8le a des \u201c<em>atouts majeurs<\/em>\u201d, si on le compare \u00e0 la finance conventionnelle. Selon lui, \u201c<em>cette vulgarisation devra permettre de convaincre l\u2019ensemble des pays membres sur la n\u00e9cessit\u00e9 de se tourner vers les syst\u00e8mes financiers islamiques et notamment de se lancer dans l\u2019\u00e9mission d\u2019obligations islamiques (soukouk)<\/em>\u201d.<\/p>\n<p>Sarr a par ailleurs pr\u00e9conis\u00e9 une sp\u00e9cialisation du mod\u00e8le de partenariat public-priv\u00e9 (PPP) en ligne avec les principes de la finance islamique, afin de faire de la finance islamique un \u201c<em>levier de d\u00e9veloppement \u00e9conomique<\/em>\u201d.<\/p>\n<p>D\u2019apr\u00e8s le ministre, c'est l\u00e0 une solution pour \u201c<em>aider \u00e0 sortir du bilan des \u00c9tats, le financement de certains projets d\u2019infrastructures, compte tenu des contraintes budg\u00e9taires auxquelles sont confront\u00e9s certains pays<\/em>\u201d.<\/p>\n<p>Donnant plus d'explications, le chef de la d\u00e9l\u00e9gation s\u00e9n\u00e9galaise du c\u00f4t\u00e9 de M\u00e9dine ajoute : \u201c<em>Avec ses instruments de solidarit\u00e9, elle pourrait m\u00eame se sp\u00e9cialiser dans les 4P (Public, Private, Philanthropy, Partnership) sur des projets sp\u00e9cifiques hors bilans des \u00c9tats<\/em>.\u201d<\/p>\n<div class='share-to-whatsapp-wrapper'><div class='share-on-whsp'>PARTAGER SUR : <\/div><a data-text='RENCONTRE AVEC LES GOUVERNEURS DE LA BID - Le ministre de l'\u00e9conomie plaide la vulgarisation de la finance islamique' data-link='https:\/\/www.nettali.com\/2025\/01\/15\/rencontre-avec-les-gouverneurs-de-la-bid-le-ministre-de-leconomie-plaide-la-vulgarisation-de-la-finance-islamique\/' class='whatsapp-button whatsapp-share'>WhatsApp<\/a><div class='clear '><\/div><\/div>","protected":false},"excerpt":{"rendered":"<p>NETTALI.COM - Abdourahmane Sarr, le ministre de l'Economie du Plan et de la Coop\u00e9ration a particip\u00e9, ce 12 janvier 2025 en Arabie saoudite, plus pr\u00e9cis\u00e9ment \u00e0 M\u00e9dine, \u00e0 la rencontre de consultation des gouverneurs de la Banque islamique de d\u00e9veloppement (BID). Ce rendez- vous \u00e9tait une opportunit\u00e9 pour les participants de \u201cd\u00e9gager des orientations strat\u00e9giques [&hellip;]<\/p>\n","protected":false},"author":2,"featured_media":147169,"comment_status":"open","ping_status":"open","sticky":false,"template":"","format":"standard","meta":{"_et_pb_use_builder":"","_et_pb_old_content":""},"categories":[4],"tags":[],"yoast_head":"<!-- This site is optimized with the Yoast SEO Premium plugin v17.8 (Yoast SEO v17.8) - https:\/\/yoast.com\/wordpress\/plugins\/seo\/ -->\n<title>RENCONTRE AVEC LES GOUVERNEURS DE LA BID - Le ministre de l&#039;\u00e9conomie plaide la vulgarisation de la finance islamique | Nettali.com<\/title>\n<meta name=\"robots\" content=\"index, follow, max-snippet:-1, max-image-preview:large, max-video-preview:-1\" \/>\n<link rel=\"canonical\" href=\"https:\/\/www.nettali.com\/2025\/01\/15\/rencontre-avec-les-gouverneurs-de-la-bid-le-ministre-de-leconomie-plaide-la-vulgarisation-de-la-finance-islamique\/\" \/>\n<meta property=\"og:locale\" content=\"fr_FR\" \/>\n<meta property=\"og:type\" content=\"article\" \/>\n<meta property=\"og:title\" content=\"RENCONTRE AVEC LES GOUVERNEURS DE LA BID - Le ministre de l&#039;\u00e9conomie plaide la vulgarisation de la finance islamique\" \/>\n<meta property=\"og:description\" content=\"NETTALI.COM - Abdourahmane Sarr, le ministre de l&#039;Economie du Plan et de la Coop\u00e9ration a particip\u00e9, ce 12 janvier 2025 en Arabie saoudite, plus pr\u00e9cis\u00e9ment \u00e0 M\u00e9dine, \u00e0 la rencontre de consultation des gouverneurs de la Banque islamique de d\u00e9veloppement (BID). Ce rendez- vous \u00e9tait une opportunit\u00e9 pour les participants de \u201cd\u00e9gager des orientations strat\u00e9giques [&hellip;]\" \/>\n<meta property=\"og:url\" content=\"https:\/\/www.nettali.com\/2025\/01\/15\/rencontre-avec-les-gouverneurs-de-la-bid-le-ministre-de-leconomie-plaide-la-vulgarisation-de-la-finance-islamique\/\" \/>\n<meta property=\"og:site_name\" content=\"Nettali.com\" \/>\n<meta property=\"article:publisher\" content=\"https:\/\/www.facebook.com\/nettalicom\" \/>\n<meta property=\"article:published_time\" content=\"2025-01-15T08:28:40+00:00\" \/>\n<meta property=\"og:image\" content=\"https:\/\/www.nettali.com\/wp-content\/uploads\/2025\/01\/Abdourahmane-Sarr-Ministre-de-lEconomie-du-Plan-et-de-la-Cooperation-du-Senegal-.jpg\" \/>\n\t<meta property=\"og:image:width\" content=\"1200\" \/>\n\t<meta property=\"og:image:height\" content=\"748\" \/>\n<meta name=\"twitter:card\" content=\"summary_large_image\" \/>\n<meta name=\"twitter:label1\" content=\"\u00c9crit par\" \/>\n\t<meta name=\"twitter:data1\" content=\"CK\" \/>\n\t<meta name=\"twitter:label2\" content=\"Dur\u00e9e de lecture estim\u00e9e\" \/>\n\t<meta name=\"twitter:data2\" content=\"2 minutes\" \/>\n<script type=\"application\/ld+json\" class=\"yoast-schema-graph\">{\"@context\":\"https:\/\/schema.org\",\"@graph\":[{\"@type\":\"WebSite\",\"@id\":\"https:\/\/www.nettali.com\/#website\",\"url\":\"https:\/\/www.nettali.com\/\",\"name\":\"Nettali.com\",\"description\":\"Le rendez-vous critique du Net\",\"potentialAction\":[{\"@type\":\"SearchAction\",\"target\":{\"@type\":\"EntryPoint\",\"urlTemplate\":\"https:\/\/www.nettali.com\/?s={search_term_string}\"},\"query-input\":\"required name=search_term_string\"}],\"inLanguage\":\"fr-FR\"},{\"@type\":\"ImageObject\",\"@id\":\"https:\/\/www.nettali.com\/2025\/01\/15\/rencontre-avec-les-gouverneurs-de-la-bid-le-ministre-de-leconomie-plaide-la-vulgarisation-de-la-finance-islamique\/#primaryimage\",\"inLanguage\":\"fr-FR\",\"url\":\"https:\/\/www.nettali.com\/wp-content\/uploads\/2025\/01\/Abdourahmane-Sarr-Ministre-de-lEconomie-du-Plan-et-de-la-Cooperation-du-Senegal-.jpg\",\"contentUrl\":\"https:\/\/www.nettali.com\/wp-content\/uploads\/2025\/01\/Abdourahmane-Sarr-Ministre-de-lEconomie-du-Plan-et-de-la-Cooperation-du-Senegal-.jpg\",\"width\":1200,\"height\":748},{\"@type\":\"WebPage\",\"@id\":\"https:\/\/www.nettali.com\/2025\/01\/15\/rencontre-avec-les-gouverneurs-de-la-bid-le-ministre-de-leconomie-plaide-la-vulgarisation-de-la-finance-islamique\/#webpage\",\"url\":\"https:\/\/www.nettali.com\/2025\/01\/15\/rencontre-avec-les-gouverneurs-de-la-bid-le-ministre-de-leconomie-plaide-la-vulgarisation-de-la-finance-islamique\/\",\"name\":\"RENCONTRE AVEC LES GOUVERNEURS DE LA BID - Le ministre de l'\\u00e9conomie plaide la vulgarisation de la finance islamique | Nettali.com\",\"isPartOf\":{\"@id\":\"https:\/\/www.nettali.com\/#website\"},\"primaryImageOfPage\":{\"@id\":\"https:\/\/www.nettali.com\/2025\/01\/15\/rencontre-avec-les-gouverneurs-de-la-bid-le-ministre-de-leconomie-plaide-la-vulgarisation-de-la-finance-islamique\/#primaryimage\"},\"datePublished\":\"2025-01-15T08:28:40+00:00\",\"dateModified\":\"2025-01-15T08:28:40+00:00\",\"author\":{\"@id\":\"https:\/\/www.nettali.com\/#\/schema\/person\/d8ac7b7e27ddad43f1c0d2ef090d7f71\"},\"breadcrumb\":{\"@id\":\"https:\/\/www.nettali.com\/2025\/01\/15\/rencontre-avec-les-gouverneurs-de-la-bid-le-ministre-de-leconomie-plaide-la-vulgarisation-de-la-finance-islamique\/#breadcrumb\"},\"inLanguage\":\"fr-FR\",\"potentialAction\":[{\"@type\":\"ReadAction\",\"target\":[\"https:\/\/www.nettali.com\/2025\/01\/15\/rencontre-avec-les-gouverneurs-de-la-bid-le-ministre-de-leconomie-plaide-la-vulgarisation-de-la-finance-islamique\/\"]}]},{\"@type\":\"BreadcrumbList\",\"@id\":\"https:\/\/www.nettali.com\/2025\/01\/15\/rencontre-avec-les-gouverneurs-de-la-bid-le-ministre-de-leconomie-plaide-la-vulgarisation-de-la-finance-islamique\/#breadcrumb\",\"itemListElement\":[{\"@type\":\"ListItem\",\"position\":1,\"name\":\"Accueil\",\"item\":\"https:\/\/www.nettali.com\/\"},{\"@type\":\"ListItem\",\"position\":2,\"name\":\"RENCONTRE AVEC LES GOUVERNEURS DE LA BID - Le ministre de l'\\u00e9conomie plaide la vulgarisation de la finance islamique\"}]},{\"@type\":\"Person\",\"@id\":\"https:\/\/www.nettali.com\/#\/schema\/person\/d8ac7b7e27ddad43f1c0d2ef090d7f71\",\"name\":\"CK\",\"image\":{\"@type\":\"ImageObject\",\"@id\":\"https:\/\/www.nettali.com\/#personlogo\",\"inLanguage\":\"fr-FR\",\"url\":\"https:\/\/secure.gravatar.com\/avatar\/1d8d5118b9327d94da7cd4ce7f17fec2?s=96&d=mm&r=g\",\"contentUrl\":\"https:\/\/secure.gravatar.com\/avatar\/1d8d5118b9327d94da7cd4ce7f17fec2?s=96&d=mm&r=g\",\"caption\":\"CK\"},\"sameAs\":[\"https:\/\/www.nettali.com\"]}]}<\/script>\n<!-- \/ Yoast SEO Premium plugin. -->","yoast_head_json":{"title":"RENCONTRE AVEC LES GOUVERNEURS DE LA BID - Le ministre de l'\u00e9conomie plaide la vulgarisation de la finance islamique | Nettali.com","robots":{"index":"index","follow":"follow","max-snippet":"max-snippet:-1","max-image-preview":"max-image-preview:large","max-video-preview":"max-video-preview:-1"},"canonical":"https:\/\/www.nettali.com\/2025\/01\/15\/rencontre-avec-les-gouverneurs-de-la-bid-le-ministre-de-leconomie-plaide-la-vulgarisation-de-la-finance-islamique\/","og_locale":"fr_FR","og_type":"article","og_title":"RENCONTRE AVEC LES GOUVERNEURS DE LA BID - Le ministre de l'\u00e9conomie plaide la vulgarisation de la finance islamique","og_description":"NETTALI.COM - Abdourahmane Sarr, le ministre de l'Economie du Plan et de la Coop\u00e9ration a particip\u00e9, ce 12 janvier 2025 en Arabie saoudite, plus pr\u00e9cis\u00e9ment \u00e0 M\u00e9dine, \u00e0 la rencontre de consultation des gouverneurs de la Banque islamique de d\u00e9veloppement (BID). Ce rendez- vous \u00e9tait une opportunit\u00e9 pour les participants de \u201cd\u00e9gager des orientations strat\u00e9giques [&hellip;]","og_url":"https:\/\/www.nettali.com\/2025\/01\/15\/rencontre-avec-les-gouverneurs-de-la-bid-le-ministre-de-leconomie-plaide-la-vulgarisation-de-la-finance-islamique\/","og_site_name":"Nettali.com","article_publisher":"https:\/\/www.facebook.com\/nettalicom","article_published_time":"2025-01-15T08:28:40+00:00","og_image":[{"width":1200,"height":748,"url":"https:\/\/www.nettali.com\/wp-content\/uploads\/2025\/01\/Abdourahmane-Sarr-Ministre-de-lEconomie-du-Plan-et-de-la-Cooperation-du-Senegal-.jpg","type":"image\/jpeg"}],"twitter_card":"summary_large_image","twitter_misc":{"\u00c9crit par":"CK","Dur\u00e9e de lecture estim\u00e9e":"2 minutes"},"schema":{"@context":"https:\/\/schema.org","@graph":[{"@type":"WebSite","@id":"https:\/\/www.nettali.com\/#website","url":"https:\/\/www.nettali.com\/","name":"Nettali.com","description":"Le rendez-vous critique du Net","potentialAction":[{"@type":"SearchAction","target":{"@type":"EntryPoint","urlTemplate":"https:\/\/www.nettali.com\/?s={search_term_string}"},"query-input":"required name=search_term_string"}],"inLanguage":"fr-FR"},{"@type":"ImageObject","@id":"https:\/\/www.nettali.com\/2025\/01\/15\/rencontre-avec-les-gouverneurs-de-la-bid-le-ministre-de-leconomie-plaide-la-vulgarisation-de-la-finance-islamique\/#primaryimage","inLanguage":"fr-FR","url":"https:\/\/www.nettali.com\/wp-content\/uploads\/2025\/01\/Abdourahmane-Sarr-Ministre-de-lEconomie-du-Plan-et-de-la-Cooperation-du-Senegal-.jpg","contentUrl":"https:\/\/www.nettali.com\/wp-content\/uploads\/2025\/01\/Abdourahmane-Sarr-Ministre-de-lEconomie-du-Plan-et-de-la-Cooperation-du-Senegal-.jpg","width":1200,"height":748},{"@type":"WebPage","@id":"https:\/\/www.nettali.com\/2025\/01\/15\/rencontre-avec-les-gouverneurs-de-la-bid-le-ministre-de-leconomie-plaide-la-vulgarisation-de-la-finance-islamique\/#webpage","url":"https:\/\/www.nettali.com\/2025\/01\/15\/rencontre-avec-les-gouverneurs-de-la-bid-le-ministre-de-leconomie-plaide-la-vulgarisation-de-la-finance-islamique\/","name":"RENCONTRE AVEC LES GOUVERNEURS DE LA BID - Le ministre de l'\u00e9conomie plaide la vulgarisation de la finance islamique | Nettali.com","isPartOf":{"@id":"https:\/\/www.nettali.com\/#website"},"primaryImageOfPage":{"@id":"https:\/\/www.nettali.com\/2025\/01\/15\/rencontre-avec-les-gouverneurs-de-la-bid-le-ministre-de-leconomie-plaide-la-vulgarisation-de-la-finance-islamique\/#primaryimage"},"datePublished":"2025-01-15T08:28:40+00:00","dateModified":"2025-01-15T08:28:40+00:00","author":{"@id":"https:\/\/www.nettali.com\/#\/schema\/person\/d8ac7b7e27ddad43f1c0d2ef090d7f71"},"breadcrumb":{"@id":"https:\/\/www.nettali.com\/2025\/01\/15\/rencontre-avec-les-gouverneurs-de-la-bid-le-ministre-de-leconomie-plaide-la-vulgarisation-de-la-finance-islamique\/#breadcrumb"},"inLanguage":"fr-FR","potentialAction":[{"@type":"ReadAction","target":["https:\/\/www.nettali.com\/2025\/01\/15\/rencontre-avec-les-gouverneurs-de-la-bid-le-ministre-de-leconomie-plaide-la-vulgarisation-de-la-finance-islamique\/"]}]},{"@type":"BreadcrumbList","@id":"https:\/\/www.nettali.com\/2025\/01\/15\/rencontre-avec-les-gouverneurs-de-la-bid-le-ministre-de-leconomie-plaide-la-vulgarisation-de-la-finance-islamique\/#breadcrumb","itemListElement":[{"@type":"ListItem","position":1,"name":"Accueil","item":"https:\/\/www.nettali.com\/"},{"@type":"ListItem","position":2,"name":"RENCONTRE AVEC LES GOUVERNEURS DE LA BID - Le ministre de l'\u00e9conomie plaide la vulgarisation de la finance islamique"}]},{"@type":"Person","@id":"https:\/\/www.nettali.com\/#\/schema\/person\/d8ac7b7e27ddad43f1c0d2ef090d7f71","name":"CK","image":{"@type":"ImageObject","@id":"https:\/\/www.nettali.com\/#personlogo","inLanguage":"fr-FR","url":"https:\/\/secure.gravatar.com\/avatar\/1d8d5118b9327d94da7cd4ce7f17fec2?s=96&d=mm&r=g","contentUrl":"https:\/\/secure.gravatar.com\/avatar\/1d8d5118b9327d94da7cd4ce7f17fec2?s=96&d=mm&r=g","caption":"CK"},"sameAs":["https:\/\/www.nettali.com"]}]}},"_links":{"self":[{"href":"https:\/\/www.nettali.com\/rest\/wp\/v2\/posts\/147168"}],"collection":[{"href":"https:\/\/www.nettali.com\/rest\/wp\/v2\/posts"}],"about":[{"href":"https:\/\/www.nettali.com\/rest\/wp\/v2\/types\/post"}],"author":[{"embeddable":true,"href":"https:\/\/www.nettali.com\/rest\/wp\/v2\/users\/2"}],"replies":[{"embeddable":true,"href":"https:\/\/www.nettali.com\/rest\/wp\/v2\/comments?post=147168"}],"version-history":[{"count":1,"href":"https:\/\/www.nettali.com\/rest\/wp\/v2\/posts\/147168\/revisions"}],"predecessor-version":[{"id":147170,"href":"https:\/\/www.nettali.com\/rest\/wp\/v2\/posts\/147168\/revisions\/147170"}],"wp:featuredmedia":[{"embeddable":true,"href":"https:\/\/www.nettali.com\/rest\/wp\/v2\/media\/147169"}],"wp:attachment":[{"href":"https:\/\/www.nettali.com\/rest\/wp\/v2\/media?parent=147168"}],"wp:term":[{"taxonomy":"category","embeddable":true,"href":"https:\/\/www.nettali.com\/rest\/wp\/v2\/categories?post=147168"},{"taxonomy":"post_tag","embeddable":true,"href":"https:\/\/www.nettali.com\/rest\/wp\/v2\/tags?post=147168"}],"curies":[{"name":"wp","href":"https:\/\/api.w.org\/{rel}","templated":true}]}}