{"id":147059,"date":"2025-01-13T20:49:41","date_gmt":"2025-01-13T20:49:41","guid":{"rendered":"https:\/\/www.nettali.com\/?p=147059"},"modified":"2025-01-13T20:53:54","modified_gmt":"2025-01-13T20:53:54","slug":"pont-de-rosso-sonko-annonce-un-comite-technique-mixte-pour-superviser-les-travaux","status":"publish","type":"post","link":"https:\/\/www.nettali.com\/2025\/01\/13\/pont-de-rosso-sonko-annonce-un-comite-technique-mixte-pour-superviser-les-travaux\/","title":{"rendered":"PONT DE ROSSO - Sonko annonce un comit\u00e9 technique mixte pour superviser les travaux"},"content":{"rendered":"<p><strong>NETTALI.COM - Un comit\u00e9 sera cr\u00e9\u00e9 par la Mauritanie et le S\u00e9n\u00e9gal pour travailler \u00e0 l\u2019ach\u00e8vement de la construction du pont de Rosso, situ\u00e9 \u00e0 la fronti\u00e8re des deux pays, en vue de sa livraison d\u2019ici \u00e0 juillet 2026, a annonc\u00e9 le Premier ministre s\u00e9n\u00e9galais, Ousmane Sonko, lundi, dans la capitale mauritanienne.<\/strong><\/p>\n<p>Le comit\u00e9 sera charg\u00e9 de <em>\"lever les derni\u00e8res \u00e9quivoques\"<\/em> li\u00e9es \u00e0 la r\u00e9alisation de cette infrastructure, a dit M. Sonko lors d\u2019une r\u00e9union avec son homologue mauritanien, Mohamed Ould Diay.<\/p>\n<p>Selon lui, les travaux du pont ont atteint un taux d\u2019ex\u00e9cution de 30 %.<\/p>\n<p>D\u2019une longueur de 1,5 kilom\u00e8tre, le pont de Rosso enjambera le fleuve S\u00e9n\u00e9gal pour relier le sud de la Mauritanie au nord du S\u00e9n\u00e9gal. Son co\u00fbt global est de 88 millions d\u2019euros, soit 57,7 milliards de francs CFA.<\/p>\n<p>Les travaux de construction de cet ouvrage ont \u00e9t\u00e9 lanc\u00e9s en 2021 par les pr\u00e9sidents mauritanien et s\u00e9n\u00e9galais.<\/p>\n<p><strong>\"Une intensification des relations bilat\u00e9rales\"<\/strong><\/p>\n<p>S\u2019exprimant en pr\u00e9sence de plusieurs ministres s\u00e9n\u00e9galais et mauritaniens, Ousmane Sonko a salu\u00e9 le \"partenariat strat\u00e9gique\" nou\u00e9 par les deux pays autour du gisement de gaz naturel Grand Tortue Ahmeyim (GTA), situ\u00e9 sur la fronti\u00e8re du S\u00e9n\u00e9gal avec la Mauritanie.<em> \"GTA, qui symbolise notre partenariat strat\u00e9gique autour du gaz et du p\u00e9trole, est un exemple de r\u00e9ussite de partenariat Sud-Sud port\u00e9 de surcro\u00eet par deux pays voisins\"<\/em>, a dit Ousmane Sonko.<\/p>\n<p>Une r\u00e9union interminist\u00e9rielle de coordination du projet d\u2019exploitation de ce gisement s\u2019est tenue les 19 et 20 d\u00e9cembre 2024 \u00e0 Nouakchott, a rappel\u00e9 M. Sonko.<\/p>\n<p>Plusieurs rencontres bilat\u00e9rales se sont d\u00e9roul\u00e9es en 2024 entre les deux pays, \u00e0 Dakar et \u00e0 Nouakchott, ainsi que plusieurs visites officielles, dont le premier voyage \u00e0 l\u2019\u00e9tranger du pr\u00e9sident Bassirou Diomaye Faye, r\u00e9serv\u00e9 \u00e0 la Mauritanie.<\/p>\n<p>Tout cela doit pousser la Mauritanie et le S\u00e9n\u00e9gal \u00e0 parler d\u00e9sormais d\u2019une \"seule voie\", selon Ousmane Sonko.<\/p>\n<p><em>\"Je vous disais tant\u00f4t (\u2026) que nos deux pays doivent d\u00e9sormais ne parler que d\u2019une seule voix\"<\/em>, a-t-il affirm\u00e9 en pr\u00e9sence de Mohamed Ould Diay et de plusieurs ministres s\u00e9n\u00e9galais et mauritaniens.<\/p>\n<p><em>\"Je vous renouvelle (\u2026) mon enti\u00e8re disponibilit\u00e9 \u00e0 \u0153uvrer avec vous au renforcement des liens d\u2019amiti\u00e9 fraternels unissant nos deux peuples et \u00e0 la consolidation du partenariat strat\u00e9gique qui existe entre nos deux pays\"<\/em>, a poursuivi Ousmane Sonko, saluant <em>\"une intensification des relations bilat\u00e9rales s\u00e9n\u00e9galo-mauritaniennes sous l\u2019impulsion des pr\u00e9sidents Bassirou Diomaye Diakhar Faye et Mohamed Cheikh Ould El Ghazouani\"<\/em>.<\/p>\n<p>La Mauritanie et le S\u00e9n\u00e9gal ont, <em>\"au fil des ann\u00e9es, \u00e9tabli de solides rapports de confiance bas\u00e9s sur le respect mutuel, ce qui leur a permis de relever les nombreux d\u00e9fis qui se sont dress\u00e9s devant eux\"<\/em>, a soulign\u00e9 M. Sonko.<\/p>\n<p><strong>\"Sinc\u00e9rit\u00e9\"<\/strong><\/p>\n<p><em>\"Votre pr\u00e9sence aujourd\u2019hui parmi nous, tout en attestant de la profondeur des liens historiques qui unissent nos deux pays fr\u00e8res, traduit avec force la solide volont\u00e9 de nos dirigeants respectifs [\u2026] \u00e0 toujours \u0153uvrer au renforcement de nos relations bilat\u00e9rales, \u00e0 diversifier et \u00e0 \u00e9largir les cadres de coop\u00e9ration entre nos deux pays\"<\/em>, a affirm\u00e9 Mohamed Ould Diay.<\/p>\n<p>Il estime que<em> \"rien n\u2019illustre mieux la sinc\u00e9rit\u00e9 de cette volont\u00e9 commune que l\u2019honneur fait \u00e0 la Mauritanie d\u2019avoir \u00e9t\u00e9 choisie par [\u2026] le pr\u00e9sident Bassirou Diomaye Faye comme destination de son premier voyage \u00e0 l\u2019ext\u00e9rieur, apr\u00e8s sa brillante \u00e9lection\"<\/em>.<\/p>\n<p>Les deux pays ont en commun<em> \"un islam sunnite et tol\u00e9rant, port\u00e9 par des chefs et d\u2019\u00e9minents \u00e9rudits\"<\/em>, selon le chef du gouvernement mauritanien.<\/p>\n<p>La Mauritanie et le S\u00e9n\u00e9gal ont contribu\u00e9 \u00e0 la r\u00e9alisation <em>\"de grands projets\"<\/em>, dont l\u2019Organisation pour la mise en valeur du fleuve S\u00e9n\u00e9gal (OMVS), a-t-il rappel\u00e9.<\/p>\n<p>L\u2019OMVS est consid\u00e9r\u00e9e dans le monde comme un mod\u00e8le de gestion des bassins hydrographiques, a-t-il dit en se r\u00e9jouissant du projet commun d\u2019exploitation du gisement gaz naturel de GTA et de la construction du pont de Rosso \u00e0 la fronti\u00e8re des deux pays.<\/p>\n<p><strong>\"Une compl\u00e9mentarit\u00e9 qui enrichit et fortifie\"<\/strong><\/p>\n<p>Le S\u00e9n\u00e9gal et la Mauritanie sont dans <em>\"une compl\u00e9mentarit\u00e9 qui enrichit et fortifie nos deux nations\"<\/em>, a poursuivi Mohamed Ould Diay, exhortant Dakar et Nouakchott \u00e0 <em>\"renforcer [leurs] relations bilat\u00e9rales et \u00e0 explorer le moyen le plus \u00e0 m\u00eame de les [\u2026] diversifier\".<\/em><\/p>\n<p>Ousmane Sonko est arriv\u00e9 dimanche soir \u00e0 Nouakchott pour une visite officielle de deux jours consacr\u00e9e essentiellement \u00e0 l\u2019\u00e9nergie, aux transports, \u00e0 la s\u00e9curit\u00e9 et \u00e0 la migration.<\/p>\n<p>Pour cette visite \u00e9galement dite d\u2019amiti\u00e9 et de travail, il est accompagn\u00e9 de plusieurs ministres, dont Yassine Fall, charg\u00e9e de l\u2019Int\u00e9gration africaine et des Affaires \u00e9trang\u00e8res, et Jean Baptiste Tine, celui de l\u2019Int\u00e9rieur et de la S\u00e9curit\u00e9 publique.<\/p>\n<p>Birame Souleye Diop, le ministre de l\u2019\u00c9nergie, du P\u00e9trole et des Mines, Yankhoba Di\u00e9m\u00e9, charg\u00e9 des Infrastructures, des Transports terrestres et a\u00e9riens, et Fatou Diouf, la ministre des P\u00eaches, des Infrastructures maritimes et portuaires, y prennent part.<\/p>\n<p>La d\u00e9l\u00e9gation conduite par Ousmane Sonko comprend aussi les directeurs g\u00e9n\u00e9raux de l\u2019Agence nationale charg\u00e9e de la promotion des investissements et des grands travaux, Bakary S\u00e9ga Bathily, et de la Soci\u00e9t\u00e9 des p\u00e9troles du S\u00e9n\u00e9gal, Alioune Gu\u00e8ye.<\/p>\n<div class='share-to-whatsapp-wrapper'><div class='share-on-whsp'>PARTAGER SUR : <\/div><a data-text='PONT DE ROSSO - Sonko annonce un comit\u00e9 technique mixte pour superviser les travaux' data-link='https:\/\/www.nettali.com\/2025\/01\/13\/pont-de-rosso-sonko-annonce-un-comite-technique-mixte-pour-superviser-les-travaux\/' class='whatsapp-button whatsapp-share'>WhatsApp<\/a><div class='clear '><\/div><\/div>","protected":false},"excerpt":{"rendered":"<p>NETTALI.COM - Un comit\u00e9 sera cr\u00e9\u00e9 par la Mauritanie et le S\u00e9n\u00e9gal pour travailler \u00e0 l\u2019ach\u00e8vement de la construction du pont de Rosso, situ\u00e9 \u00e0 la fronti\u00e8re des deux pays, en vue de sa livraison d\u2019ici \u00e0 juillet 2026, a annonc\u00e9 le Premier ministre s\u00e9n\u00e9galais, Ousmane Sonko, lundi, dans la capitale mauritanienne. Le comit\u00e9 sera [&hellip;]<\/p>\n","protected":false},"author":4,"featured_media":147063,"comment_status":"open","ping_status":"open","sticky":false,"template":"","format":"standard","meta":{"_et_pb_use_builder":"","_et_pb_old_content":""},"categories":[2],"tags":[],"yoast_head":"<!-- This site is optimized with the Yoast SEO Premium plugin v17.8 (Yoast SEO v17.8) - https:\/\/yoast.com\/wordpress\/plugins\/seo\/ -->\n<title>PONT DE ROSSO - Sonko annonce un comit\u00e9 technique mixte pour superviser les travaux | Nettali.com<\/title>\n<meta name=\"robots\" content=\"index, follow, max-snippet:-1, max-image-preview:large, max-video-preview:-1\" \/>\n<link rel=\"canonical\" href=\"https:\/\/www.nettali.com\/2025\/01\/13\/pont-de-rosso-sonko-annonce-un-comite-technique-mixte-pour-superviser-les-travaux\/\" \/>\n<meta property=\"og:locale\" content=\"fr_FR\" \/>\n<meta property=\"og:type\" content=\"article\" \/>\n<meta property=\"og:title\" content=\"PONT DE ROSSO - Sonko annonce un comit\u00e9 technique mixte pour superviser les travaux\" \/>\n<meta property=\"og:description\" content=\"NETTALI.COM - Un comit\u00e9 sera cr\u00e9\u00e9 par la Mauritanie et le S\u00e9n\u00e9gal pour travailler \u00e0 l\u2019ach\u00e8vement de la construction du pont de Rosso, situ\u00e9 \u00e0 la fronti\u00e8re des deux pays, en vue de sa livraison d\u2019ici \u00e0 juillet 2026, a annonc\u00e9 le Premier ministre s\u00e9n\u00e9galais, Ousmane Sonko, lundi, dans la capitale mauritanienne. Le comit\u00e9 sera [&hellip;]\" \/>\n<meta property=\"og:url\" content=\"https:\/\/www.nettali.com\/2025\/01\/13\/pont-de-rosso-sonko-annonce-un-comite-technique-mixte-pour-superviser-les-travaux\/\" \/>\n<meta property=\"og:site_name\" content=\"Nettali.com\" \/>\n<meta property=\"article:publisher\" content=\"https:\/\/www.facebook.com\/nettalicom\" \/>\n<meta property=\"article:published_time\" content=\"2025-01-13T20:49:41+00:00\" \/>\n<meta property=\"article:modified_time\" content=\"2025-01-13T20:53:54+00:00\" \/>\n<meta property=\"og:image\" content=\"https:\/\/www.nettali.com\/wp-content\/uploads\/2025\/01\/WhatsApp-Image-2025-01-13-at-20.39.01.jpeg\" \/>\n\t<meta property=\"og:image:width\" content=\"1280\" \/>\n\t<meta property=\"og:image:height\" content=\"794\" \/>\n<meta name=\"twitter:card\" content=\"summary_large_image\" \/>\n<meta name=\"twitter:label1\" content=\"\u00c9crit par\" \/>\n\t<meta name=\"twitter:data1\" content=\"Daouda\" \/>\n\t<meta name=\"twitter:label2\" content=\"Dur\u00e9e de lecture estim\u00e9e\" \/>\n\t<meta name=\"twitter:data2\" content=\"5 minutes\" \/>\n<script type=\"application\/ld+json\" class=\"yoast-schema-graph\">{\"@context\":\"https:\/\/schema.org\",\"@graph\":[{\"@type\":\"WebSite\",\"@id\":\"https:\/\/www.nettali.com\/#website\",\"url\":\"https:\/\/www.nettali.com\/\",\"name\":\"Nettali.com\",\"description\":\"Le rendez-vous critique du Net\",\"potentialAction\":[{\"@type\":\"SearchAction\",\"target\":{\"@type\":\"EntryPoint\",\"urlTemplate\":\"https:\/\/www.nettali.com\/?s={search_term_string}\"},\"query-input\":\"required name=search_term_string\"}],\"inLanguage\":\"fr-FR\"},{\"@type\":\"ImageObject\",\"@id\":\"https:\/\/www.nettali.com\/2025\/01\/13\/pont-de-rosso-sonko-annonce-un-comite-technique-mixte-pour-superviser-les-travaux\/#primaryimage\",\"inLanguage\":\"fr-FR\",\"url\":\"https:\/\/www.nettali.com\/wp-content\/uploads\/2025\/01\/WhatsApp-Image-2025-01-13-at-20.39.01.jpeg\",\"contentUrl\":\"https:\/\/www.nettali.com\/wp-content\/uploads\/2025\/01\/WhatsApp-Image-2025-01-13-at-20.39.01.jpeg\",\"width\":1280,\"height\":794},{\"@type\":\"WebPage\",\"@id\":\"https:\/\/www.nettali.com\/2025\/01\/13\/pont-de-rosso-sonko-annonce-un-comite-technique-mixte-pour-superviser-les-travaux\/#webpage\",\"url\":\"https:\/\/www.nettali.com\/2025\/01\/13\/pont-de-rosso-sonko-annonce-un-comite-technique-mixte-pour-superviser-les-travaux\/\",\"name\":\"PONT DE ROSSO - Sonko annonce un comit\\u00e9 technique mixte pour superviser les travaux | Nettali.com\",\"isPartOf\":{\"@id\":\"https:\/\/www.nettali.com\/#website\"},\"primaryImageOfPage\":{\"@id\":\"https:\/\/www.nettali.com\/2025\/01\/13\/pont-de-rosso-sonko-annonce-un-comite-technique-mixte-pour-superviser-les-travaux\/#primaryimage\"},\"datePublished\":\"2025-01-13T20:49:41+00:00\",\"dateModified\":\"2025-01-13T20:53:54+00:00\",\"author\":{\"@id\":\"https:\/\/www.nettali.com\/#\/schema\/person\/3317e0bb3aa1da309fbf7b2780901bf4\"},\"breadcrumb\":{\"@id\":\"https:\/\/www.nettali.com\/2025\/01\/13\/pont-de-rosso-sonko-annonce-un-comite-technique-mixte-pour-superviser-les-travaux\/#breadcrumb\"},\"inLanguage\":\"fr-FR\",\"potentialAction\":[{\"@type\":\"ReadAction\",\"target\":[\"https:\/\/www.nettali.com\/2025\/01\/13\/pont-de-rosso-sonko-annonce-un-comite-technique-mixte-pour-superviser-les-travaux\/\"]}]},{\"@type\":\"BreadcrumbList\",\"@id\":\"https:\/\/www.nettali.com\/2025\/01\/13\/pont-de-rosso-sonko-annonce-un-comite-technique-mixte-pour-superviser-les-travaux\/#breadcrumb\",\"itemListElement\":[{\"@type\":\"ListItem\",\"position\":1,\"name\":\"Accueil\",\"item\":\"https:\/\/www.nettali.com\/\"},{\"@type\":\"ListItem\",\"position\":2,\"name\":\"PONT DE ROSSO - Sonko annonce un comit\\u00e9 technique mixte pour superviser les travaux\"}]},{\"@type\":\"Person\",\"@id\":\"https:\/\/www.nettali.com\/#\/schema\/person\/3317e0bb3aa1da309fbf7b2780901bf4\",\"name\":\"Daouda\",\"image\":{\"@type\":\"ImageObject\",\"@id\":\"https:\/\/www.nettali.com\/#personlogo\",\"inLanguage\":\"fr-FR\",\"url\":\"https:\/\/secure.gravatar.com\/avatar\/8d143b5a49345098ddcfee1c49c2f47c?s=96&d=mm&r=g\",\"contentUrl\":\"https:\/\/secure.gravatar.com\/avatar\/8d143b5a49345098ddcfee1c49c2f47c?s=96&d=mm&r=g\",\"caption\":\"Daouda\"},\"sameAs\":[\"https:\/\/www.nettali.com\"]}]}<\/script>\n<!-- \/ Yoast SEO Premium plugin. -->","yoast_head_json":{"title":"PONT DE ROSSO - Sonko annonce un comit\u00e9 technique mixte pour superviser les travaux | Nettali.com","robots":{"index":"index","follow":"follow","max-snippet":"max-snippet:-1","max-image-preview":"max-image-preview:large","max-video-preview":"max-video-preview:-1"},"canonical":"https:\/\/www.nettali.com\/2025\/01\/13\/pont-de-rosso-sonko-annonce-un-comite-technique-mixte-pour-superviser-les-travaux\/","og_locale":"fr_FR","og_type":"article","og_title":"PONT DE ROSSO - Sonko annonce un comit\u00e9 technique mixte pour superviser les travaux","og_description":"NETTALI.COM - Un comit\u00e9 sera cr\u00e9\u00e9 par la Mauritanie et le S\u00e9n\u00e9gal pour travailler \u00e0 l\u2019ach\u00e8vement de la construction du pont de Rosso, situ\u00e9 \u00e0 la fronti\u00e8re des deux pays, en vue de sa livraison d\u2019ici \u00e0 juillet 2026, a annonc\u00e9 le Premier ministre s\u00e9n\u00e9galais, Ousmane Sonko, lundi, dans la capitale mauritanienne. Le comit\u00e9 sera [&hellip;]","og_url":"https:\/\/www.nettali.com\/2025\/01\/13\/pont-de-rosso-sonko-annonce-un-comite-technique-mixte-pour-superviser-les-travaux\/","og_site_name":"Nettali.com","article_publisher":"https:\/\/www.facebook.com\/nettalicom","article_published_time":"2025-01-13T20:49:41+00:00","article_modified_time":"2025-01-13T20:53:54+00:00","og_image":[{"width":1280,"height":794,"url":"https:\/\/www.nettali.com\/wp-content\/uploads\/2025\/01\/WhatsApp-Image-2025-01-13-at-20.39.01.jpeg","type":"image\/jpeg"}],"twitter_card":"summary_large_image","twitter_misc":{"\u00c9crit par":"Daouda","Dur\u00e9e de lecture estim\u00e9e":"5 minutes"},"schema":{"@context":"https:\/\/schema.org","@graph":[{"@type":"WebSite","@id":"https:\/\/www.nettali.com\/#website","url":"https:\/\/www.nettali.com\/","name":"Nettali.com","description":"Le rendez-vous critique du Net","potentialAction":[{"@type":"SearchAction","target":{"@type":"EntryPoint","urlTemplate":"https:\/\/www.nettali.com\/?s={search_term_string}"},"query-input":"required name=search_term_string"}],"inLanguage":"fr-FR"},{"@type":"ImageObject","@id":"https:\/\/www.nettali.com\/2025\/01\/13\/pont-de-rosso-sonko-annonce-un-comite-technique-mixte-pour-superviser-les-travaux\/#primaryimage","inLanguage":"fr-FR","url":"https:\/\/www.nettali.com\/wp-content\/uploads\/2025\/01\/WhatsApp-Image-2025-01-13-at-20.39.01.jpeg","contentUrl":"https:\/\/www.nettali.com\/wp-content\/uploads\/2025\/01\/WhatsApp-Image-2025-01-13-at-20.39.01.jpeg","width":1280,"height":794},{"@type":"WebPage","@id":"https:\/\/www.nettali.com\/2025\/01\/13\/pont-de-rosso-sonko-annonce-un-comite-technique-mixte-pour-superviser-les-travaux\/#webpage","url":"https:\/\/www.nettali.com\/2025\/01\/13\/pont-de-rosso-sonko-annonce-un-comite-technique-mixte-pour-superviser-les-travaux\/","name":"PONT DE ROSSO - Sonko annonce un comit\u00e9 technique mixte pour superviser les travaux | Nettali.com","isPartOf":{"@id":"https:\/\/www.nettali.com\/#website"},"primaryImageOfPage":{"@id":"https:\/\/www.nettali.com\/2025\/01\/13\/pont-de-rosso-sonko-annonce-un-comite-technique-mixte-pour-superviser-les-travaux\/#primaryimage"},"datePublished":"2025-01-13T20:49:41+00:00","dateModified":"2025-01-13T20:53:54+00:00","author":{"@id":"https:\/\/www.nettali.com\/#\/schema\/person\/3317e0bb3aa1da309fbf7b2780901bf4"},"breadcrumb":{"@id":"https:\/\/www.nettali.com\/2025\/01\/13\/pont-de-rosso-sonko-annonce-un-comite-technique-mixte-pour-superviser-les-travaux\/#breadcrumb"},"inLanguage":"fr-FR","potentialAction":[{"@type":"ReadAction","target":["https:\/\/www.nettali.com\/2025\/01\/13\/pont-de-rosso-sonko-annonce-un-comite-technique-mixte-pour-superviser-les-travaux\/"]}]},{"@type":"BreadcrumbList","@id":"https:\/\/www.nettali.com\/2025\/01\/13\/pont-de-rosso-sonko-annonce-un-comite-technique-mixte-pour-superviser-les-travaux\/#breadcrumb","itemListElement":[{"@type":"ListItem","position":1,"name":"Accueil","item":"https:\/\/www.nettali.com\/"},{"@type":"ListItem","position":2,"name":"PONT DE ROSSO - Sonko annonce un comit\u00e9 technique mixte pour superviser les travaux"}]},{"@type":"Person","@id":"https:\/\/www.nettali.com\/#\/schema\/person\/3317e0bb3aa1da309fbf7b2780901bf4","name":"Daouda","image":{"@type":"ImageObject","@id":"https:\/\/www.nettali.com\/#personlogo","inLanguage":"fr-FR","url":"https:\/\/secure.gravatar.com\/avatar\/8d143b5a49345098ddcfee1c49c2f47c?s=96&d=mm&r=g","contentUrl":"https:\/\/secure.gravatar.com\/avatar\/8d143b5a49345098ddcfee1c49c2f47c?s=96&d=mm&r=g","caption":"Daouda"},"sameAs":["https:\/\/www.nettali.com"]}]}},"_links":{"self":[{"href":"https:\/\/www.nettali.com\/rest\/wp\/v2\/posts\/147059"}],"collection":[{"href":"https:\/\/www.nettali.com\/rest\/wp\/v2\/posts"}],"about":[{"href":"https:\/\/www.nettali.com\/rest\/wp\/v2\/types\/post"}],"author":[{"embeddable":true,"href":"https:\/\/www.nettali.com\/rest\/wp\/v2\/users\/4"}],"replies":[{"embeddable":true,"href":"https:\/\/www.nettali.com\/rest\/wp\/v2\/comments?post=147059"}],"version-history":[{"count":1,"href":"https:\/\/www.nettali.com\/rest\/wp\/v2\/posts\/147059\/revisions"}],"predecessor-version":[{"id":147062,"href":"https:\/\/www.nettali.com\/rest\/wp\/v2\/posts\/147059\/revisions\/147062"}],"wp:featuredmedia":[{"embeddable":true,"href":"https:\/\/www.nettali.com\/rest\/wp\/v2\/media\/147063"}],"wp:attachment":[{"href":"https:\/\/www.nettali.com\/rest\/wp\/v2\/media?parent=147059"}],"wp:term":[{"taxonomy":"category","embeddable":true,"href":"https:\/\/www.nettali.com\/rest\/wp\/v2\/categories?post=147059"},{"taxonomy":"post_tag","embeddable":true,"href":"https:\/\/www.nettali.com\/rest\/wp\/v2\/tags?post=147059"}],"curies":[{"name":"wp","href":"https:\/\/api.w.org\/{rel}","templated":true}]}}