{"id":147019,"date":"2025-01-13T08:11:42","date_gmt":"2025-01-13T08:11:42","guid":{"rendered":"https:\/\/www.nettali.com\/?p=147019"},"modified":"2025-01-13T08:13:36","modified_gmt":"2025-01-13T08:13:36","slug":"le-pm-en-mauritanie-le-renforcement-de-laxe-dakar-nouakchott-en-marche","status":"publish","type":"post","link":"https:\/\/www.nettali.com\/2025\/01\/13\/le-pm-en-mauritanie-le-renforcement-de-laxe-dakar-nouakchott-en-marche\/","title":{"rendered":"LE PM EN MAURITANIE - Renforcement de l'axe Dakar-Nouakchott en vue"},"content":{"rendered":"<p><strong>NETTALI.COM -<\/strong> Le Premier ministre Ousmane Sonko est en Mauritanie depuis le dimanche 12 janvier pour une visite de travail et d\u2019amiti\u00e9 jusqu'au 14 janvier. A son arriv\u00e9e, il a \u00e9t\u00e9 accueilli par le chef du Gouvernement, son homologue mauritanien, Moctar OULD DIAY, accompagn\u00e9 de plusieurs autorit\u00e9s du pays.<\/p>\n<p>Selon la primature, ce d\u00e9placement s\u2019inscrit dans le cadre du renforcement des relations bilat\u00e9rales exemplaires entre le S\u00e9n\u00e9gal et la Mauritanie.<\/p>\n<p>Hormis les r\u00e9unions minist\u00e9rielles pr\u00e9vues, des rencontres avec la communaut\u00e9 s\u00e9n\u00e9galaise et le patronat mauritanien marqueront l\u2019agenda du Premier Ministre Ousmane SONKO<\/p>\n<p>Une rencontre qui intervient apr\u00e8s l\u2019annonce du d\u00e9but de la production de gaz de la premi\u00e8re phase du champ GTA, situ\u00e9 \u00e0 cheval sur la fronti\u00e8re entre les deux pays.<\/p>\n<p>Les deux parties, selon un communiqu\u00e9, vont aborder la deuxi\u00e8me phase de d\u00e9veloppement du champ, actuellement en n\u00e9gociation avec les partenaires BP et Kosmos Energy. Les parties prenantes entendent surmonter les d\u00e9fis restants afin de lancer rapidement cette phase et d\u2019optimiser les revenus issus du projet dans les ann\u00e9es \u00e0 venir.<\/p>\n<p>Pour rappel, les deuxi\u00e8me et troisi\u00e8me phases visent \u00e0 accro\u00eetre la production de 2,3 millions de tonnes par an \u2013 lors de la premi\u00e8re phase \u2013 \u00e0 10 millions de tonnes par an, renfor\u00e7ant ainsi la coop\u00e9ration \u00e9nerg\u00e9tique entre la Mauritanie et le S\u00e9n\u00e9gal.<\/p>\n<div class='share-to-whatsapp-wrapper'><div class='share-on-whsp'>PARTAGER SUR : <\/div><a data-text='LE PM EN MAURITANIE - Renforcement de l'axe Dakar-Nouakchott en vue' data-link='https:\/\/www.nettali.com\/2025\/01\/13\/le-pm-en-mauritanie-le-renforcement-de-laxe-dakar-nouakchott-en-marche\/' class='whatsapp-button whatsapp-share'>WhatsApp<\/a><div class='clear '><\/div><\/div>","protected":false},"excerpt":{"rendered":"<p>NETTALI.COM - Le Premier ministre Ousmane Sonko est en Mauritanie depuis le dimanche 12 janvier pour une visite de travail et d\u2019amiti\u00e9 jusqu'au 14 janvier. A son arriv\u00e9e, il a \u00e9t\u00e9 accueilli par le chef du Gouvernement, son homologue mauritanien, Moctar OULD DIAY, accompagn\u00e9 de plusieurs autorit\u00e9s du pays. Selon la primature, ce d\u00e9placement s\u2019inscrit [&hellip;]<\/p>\n","protected":false},"author":2,"featured_media":147020,"comment_status":"open","ping_status":"open","sticky":false,"template":"","format":"standard","meta":{"_et_pb_use_builder":"","_et_pb_old_content":""},"categories":[34945],"tags":[],"yoast_head":"<!-- This site is optimized with the Yoast SEO Premium plugin v17.8 (Yoast SEO v17.8) - https:\/\/yoast.com\/wordpress\/plugins\/seo\/ -->\n<title>LE PM EN MAURITANIE - Renforcement de l&#039;axe Dakar-Nouakchott en vue | Nettali.com<\/title>\n<meta name=\"robots\" content=\"index, follow, max-snippet:-1, max-image-preview:large, max-video-preview:-1\" \/>\n<link rel=\"canonical\" href=\"https:\/\/www.nettali.com\/2025\/01\/13\/le-pm-en-mauritanie-le-renforcement-de-laxe-dakar-nouakchott-en-marche\/\" \/>\n<meta property=\"og:locale\" content=\"fr_FR\" \/>\n<meta property=\"og:type\" content=\"article\" \/>\n<meta property=\"og:title\" content=\"LE PM EN MAURITANIE - Renforcement de l&#039;axe Dakar-Nouakchott en vue\" \/>\n<meta property=\"og:description\" content=\"NETTALI.COM - Le Premier ministre Ousmane Sonko est en Mauritanie depuis le dimanche 12 janvier pour une visite de travail et d\u2019amiti\u00e9 jusqu&#039;au 14 janvier. A son arriv\u00e9e, il a \u00e9t\u00e9 accueilli par le chef du Gouvernement, son homologue mauritanien, Moctar OULD DIAY, accompagn\u00e9 de plusieurs autorit\u00e9s du pays. Selon la primature, ce d\u00e9placement s\u2019inscrit [&hellip;]\" \/>\n<meta property=\"og:url\" content=\"https:\/\/www.nettali.com\/2025\/01\/13\/le-pm-en-mauritanie-le-renforcement-de-laxe-dakar-nouakchott-en-marche\/\" \/>\n<meta property=\"og:site_name\" content=\"Nettali.com\" \/>\n<meta property=\"article:publisher\" content=\"https:\/\/www.facebook.com\/nettalicom\" \/>\n<meta property=\"article:published_time\" content=\"2025-01-13T08:11:42+00:00\" \/>\n<meta property=\"article:modified_time\" content=\"2025-01-13T08:13:36+00:00\" \/>\n<meta property=\"og:image\" content=\"https:\/\/www.nettali.com\/wp-content\/uploads\/2025\/01\/2b5d1566be812b141f657401315689926c0856a8.jpg\" \/>\n\t<meta property=\"og:image:width\" content=\"612\" \/>\n\t<meta property=\"og:image:height\" content=\"298\" \/>\n<meta name=\"twitter:card\" content=\"summary_large_image\" \/>\n<meta name=\"twitter:label1\" content=\"\u00c9crit par\" \/>\n\t<meta name=\"twitter:data1\" content=\"CK\" \/>\n\t<meta name=\"twitter:label2\" content=\"Dur\u00e9e de lecture estim\u00e9e\" \/>\n\t<meta name=\"twitter:data2\" content=\"2 minutes\" \/>\n<script type=\"application\/ld+json\" class=\"yoast-schema-graph\">{\"@context\":\"https:\/\/schema.org\",\"@graph\":[{\"@type\":\"WebSite\",\"@id\":\"https:\/\/www.nettali.com\/#website\",\"url\":\"https:\/\/www.nettali.com\/\",\"name\":\"Nettali.com\",\"description\":\"Le rendez-vous critique du Net\",\"potentialAction\":[{\"@type\":\"SearchAction\",\"target\":{\"@type\":\"EntryPoint\",\"urlTemplate\":\"https:\/\/www.nettali.com\/?s={search_term_string}\"},\"query-input\":\"required name=search_term_string\"}],\"inLanguage\":\"fr-FR\"},{\"@type\":\"ImageObject\",\"@id\":\"https:\/\/www.nettali.com\/2025\/01\/13\/le-pm-en-mauritanie-le-renforcement-de-laxe-dakar-nouakchott-en-marche\/#primaryimage\",\"inLanguage\":\"fr-FR\",\"url\":\"https:\/\/www.nettali.com\/wp-content\/uploads\/2025\/01\/2b5d1566be812b141f657401315689926c0856a8.jpg\",\"contentUrl\":\"https:\/\/www.nettali.com\/wp-content\/uploads\/2025\/01\/2b5d1566be812b141f657401315689926c0856a8.jpg\",\"width\":612,\"height\":298},{\"@type\":\"WebPage\",\"@id\":\"https:\/\/www.nettali.com\/2025\/01\/13\/le-pm-en-mauritanie-le-renforcement-de-laxe-dakar-nouakchott-en-marche\/#webpage\",\"url\":\"https:\/\/www.nettali.com\/2025\/01\/13\/le-pm-en-mauritanie-le-renforcement-de-laxe-dakar-nouakchott-en-marche\/\",\"name\":\"LE PM EN MAURITANIE - Renforcement de l'axe Dakar-Nouakchott en vue | Nettali.com\",\"isPartOf\":{\"@id\":\"https:\/\/www.nettali.com\/#website\"},\"primaryImageOfPage\":{\"@id\":\"https:\/\/www.nettali.com\/2025\/01\/13\/le-pm-en-mauritanie-le-renforcement-de-laxe-dakar-nouakchott-en-marche\/#primaryimage\"},\"datePublished\":\"2025-01-13T08:11:42+00:00\",\"dateModified\":\"2025-01-13T08:13:36+00:00\",\"author\":{\"@id\":\"https:\/\/www.nettali.com\/#\/schema\/person\/d8ac7b7e27ddad43f1c0d2ef090d7f71\"},\"breadcrumb\":{\"@id\":\"https:\/\/www.nettali.com\/2025\/01\/13\/le-pm-en-mauritanie-le-renforcement-de-laxe-dakar-nouakchott-en-marche\/#breadcrumb\"},\"inLanguage\":\"fr-FR\",\"potentialAction\":[{\"@type\":\"ReadAction\",\"target\":[\"https:\/\/www.nettali.com\/2025\/01\/13\/le-pm-en-mauritanie-le-renforcement-de-laxe-dakar-nouakchott-en-marche\/\"]}]},{\"@type\":\"BreadcrumbList\",\"@id\":\"https:\/\/www.nettali.com\/2025\/01\/13\/le-pm-en-mauritanie-le-renforcement-de-laxe-dakar-nouakchott-en-marche\/#breadcrumb\",\"itemListElement\":[{\"@type\":\"ListItem\",\"position\":1,\"name\":\"Accueil\",\"item\":\"https:\/\/www.nettali.com\/\"},{\"@type\":\"ListItem\",\"position\":2,\"name\":\"LE PM EN MAURITANIE - Renforcement de l'axe Dakar-Nouakchott en vue\"}]},{\"@type\":\"Person\",\"@id\":\"https:\/\/www.nettali.com\/#\/schema\/person\/d8ac7b7e27ddad43f1c0d2ef090d7f71\",\"name\":\"CK\",\"image\":{\"@type\":\"ImageObject\",\"@id\":\"https:\/\/www.nettali.com\/#personlogo\",\"inLanguage\":\"fr-FR\",\"url\":\"https:\/\/secure.gravatar.com\/avatar\/1d8d5118b9327d94da7cd4ce7f17fec2?s=96&d=mm&r=g\",\"contentUrl\":\"https:\/\/secure.gravatar.com\/avatar\/1d8d5118b9327d94da7cd4ce7f17fec2?s=96&d=mm&r=g\",\"caption\":\"CK\"},\"sameAs\":[\"https:\/\/www.nettali.com\"]}]}<\/script>\n<!-- \/ Yoast SEO Premium plugin. -->","yoast_head_json":{"title":"LE PM EN MAURITANIE - Renforcement de l'axe Dakar-Nouakchott en vue | Nettali.com","robots":{"index":"index","follow":"follow","max-snippet":"max-snippet:-1","max-image-preview":"max-image-preview:large","max-video-preview":"max-video-preview:-1"},"canonical":"https:\/\/www.nettali.com\/2025\/01\/13\/le-pm-en-mauritanie-le-renforcement-de-laxe-dakar-nouakchott-en-marche\/","og_locale":"fr_FR","og_type":"article","og_title":"LE PM EN MAURITANIE - Renforcement de l'axe Dakar-Nouakchott en vue","og_description":"NETTALI.COM - Le Premier ministre Ousmane Sonko est en Mauritanie depuis le dimanche 12 janvier pour une visite de travail et d\u2019amiti\u00e9 jusqu'au 14 janvier. A son arriv\u00e9e, il a \u00e9t\u00e9 accueilli par le chef du Gouvernement, son homologue mauritanien, Moctar OULD DIAY, accompagn\u00e9 de plusieurs autorit\u00e9s du pays. Selon la primature, ce d\u00e9placement s\u2019inscrit [&hellip;]","og_url":"https:\/\/www.nettali.com\/2025\/01\/13\/le-pm-en-mauritanie-le-renforcement-de-laxe-dakar-nouakchott-en-marche\/","og_site_name":"Nettali.com","article_publisher":"https:\/\/www.facebook.com\/nettalicom","article_published_time":"2025-01-13T08:11:42+00:00","article_modified_time":"2025-01-13T08:13:36+00:00","og_image":[{"width":612,"height":298,"url":"https:\/\/www.nettali.com\/wp-content\/uploads\/2025\/01\/2b5d1566be812b141f657401315689926c0856a8.jpg","type":"image\/jpeg"}],"twitter_card":"summary_large_image","twitter_misc":{"\u00c9crit par":"CK","Dur\u00e9e de lecture estim\u00e9e":"2 minutes"},"schema":{"@context":"https:\/\/schema.org","@graph":[{"@type":"WebSite","@id":"https:\/\/www.nettali.com\/#website","url":"https:\/\/www.nettali.com\/","name":"Nettali.com","description":"Le rendez-vous critique du Net","potentialAction":[{"@type":"SearchAction","target":{"@type":"EntryPoint","urlTemplate":"https:\/\/www.nettali.com\/?s={search_term_string}"},"query-input":"required name=search_term_string"}],"inLanguage":"fr-FR"},{"@type":"ImageObject","@id":"https:\/\/www.nettali.com\/2025\/01\/13\/le-pm-en-mauritanie-le-renforcement-de-laxe-dakar-nouakchott-en-marche\/#primaryimage","inLanguage":"fr-FR","url":"https:\/\/www.nettali.com\/wp-content\/uploads\/2025\/01\/2b5d1566be812b141f657401315689926c0856a8.jpg","contentUrl":"https:\/\/www.nettali.com\/wp-content\/uploads\/2025\/01\/2b5d1566be812b141f657401315689926c0856a8.jpg","width":612,"height":298},{"@type":"WebPage","@id":"https:\/\/www.nettali.com\/2025\/01\/13\/le-pm-en-mauritanie-le-renforcement-de-laxe-dakar-nouakchott-en-marche\/#webpage","url":"https:\/\/www.nettali.com\/2025\/01\/13\/le-pm-en-mauritanie-le-renforcement-de-laxe-dakar-nouakchott-en-marche\/","name":"LE PM EN MAURITANIE - Renforcement de l'axe Dakar-Nouakchott en vue | Nettali.com","isPartOf":{"@id":"https:\/\/www.nettali.com\/#website"},"primaryImageOfPage":{"@id":"https:\/\/www.nettali.com\/2025\/01\/13\/le-pm-en-mauritanie-le-renforcement-de-laxe-dakar-nouakchott-en-marche\/#primaryimage"},"datePublished":"2025-01-13T08:11:42+00:00","dateModified":"2025-01-13T08:13:36+00:00","author":{"@id":"https:\/\/www.nettali.com\/#\/schema\/person\/d8ac7b7e27ddad43f1c0d2ef090d7f71"},"breadcrumb":{"@id":"https:\/\/www.nettali.com\/2025\/01\/13\/le-pm-en-mauritanie-le-renforcement-de-laxe-dakar-nouakchott-en-marche\/#breadcrumb"},"inLanguage":"fr-FR","potentialAction":[{"@type":"ReadAction","target":["https:\/\/www.nettali.com\/2025\/01\/13\/le-pm-en-mauritanie-le-renforcement-de-laxe-dakar-nouakchott-en-marche\/"]}]},{"@type":"BreadcrumbList","@id":"https:\/\/www.nettali.com\/2025\/01\/13\/le-pm-en-mauritanie-le-renforcement-de-laxe-dakar-nouakchott-en-marche\/#breadcrumb","itemListElement":[{"@type":"ListItem","position":1,"name":"Accueil","item":"https:\/\/www.nettali.com\/"},{"@type":"ListItem","position":2,"name":"LE PM EN MAURITANIE - Renforcement de l'axe Dakar-Nouakchott en vue"}]},{"@type":"Person","@id":"https:\/\/www.nettali.com\/#\/schema\/person\/d8ac7b7e27ddad43f1c0d2ef090d7f71","name":"CK","image":{"@type":"ImageObject","@id":"https:\/\/www.nettali.com\/#personlogo","inLanguage":"fr-FR","url":"https:\/\/secure.gravatar.com\/avatar\/1d8d5118b9327d94da7cd4ce7f17fec2?s=96&d=mm&r=g","contentUrl":"https:\/\/secure.gravatar.com\/avatar\/1d8d5118b9327d94da7cd4ce7f17fec2?s=96&d=mm&r=g","caption":"CK"},"sameAs":["https:\/\/www.nettali.com"]}]}},"_links":{"self":[{"href":"https:\/\/www.nettali.com\/rest\/wp\/v2\/posts\/147019"}],"collection":[{"href":"https:\/\/www.nettali.com\/rest\/wp\/v2\/posts"}],"about":[{"href":"https:\/\/www.nettali.com\/rest\/wp\/v2\/types\/post"}],"author":[{"embeddable":true,"href":"https:\/\/www.nettali.com\/rest\/wp\/v2\/users\/2"}],"replies":[{"embeddable":true,"href":"https:\/\/www.nettali.com\/rest\/wp\/v2\/comments?post=147019"}],"version-history":[{"count":4,"href":"https:\/\/www.nettali.com\/rest\/wp\/v2\/posts\/147019\/revisions"}],"predecessor-version":[{"id":147024,"href":"https:\/\/www.nettali.com\/rest\/wp\/v2\/posts\/147019\/revisions\/147024"}],"wp:featuredmedia":[{"embeddable":true,"href":"https:\/\/www.nettali.com\/rest\/wp\/v2\/media\/147020"}],"wp:attachment":[{"href":"https:\/\/www.nettali.com\/rest\/wp\/v2\/media?parent=147019"}],"wp:term":[{"taxonomy":"category","embeddable":true,"href":"https:\/\/www.nettali.com\/rest\/wp\/v2\/categories?post=147019"},{"taxonomy":"post_tag","embeddable":true,"href":"https:\/\/www.nettali.com\/rest\/wp\/v2\/tags?post=147019"}],"curies":[{"name":"wp","href":"https:\/\/api.w.org\/{rel}","templated":true}]}}