{"id":146942,"date":"2025-01-12T11:12:14","date_gmt":"2025-01-12T11:12:14","guid":{"rendered":"https:\/\/www.nettali.com\/?p=146942"},"modified":"2025-01-13T01:14:20","modified_gmt":"2025-01-13T01:14:20","slug":"hansi-flick-le-clasico-est-grand-pour-tout-le-monde","status":"publish","type":"post","link":"https:\/\/www.nettali.com\/2025\/01\/12\/hansi-flick-le-clasico-est-grand-pour-tout-le-monde\/","title":{"rendered":"HANSI FLICK : \"Le Clasico est grand pour tout le monde\""},"content":{"rendered":"<p><strong>NETTALI.COM - En conf\u00e9rence de presse de vielle de la finale de la Supercoupe d\u2019Espagne face au Real Madrid, l\u2019entra\u00eeneur du FC Barcelone, Hansi Flick est largement revenu sur ce Clasico. Le technicien allemand a d\u00e9voil\u00e9 le caract\u00e8re que son \u00e9quipe devait avoir pour remporter ce premier troph\u00e9e de la saison.<\/strong><\/p>\n<p>Flick a d\u2019embl\u00e9e mis l\u2019accent sur l\u2019importance de la constance durant l\u2019int\u00e9gralit\u00e9 de la rencontre : \"<em>D\u2019abord, nous devons jouer 90 minutes et tr\u00e8s bien jouer. On affronte l\u2019une des meilleures \u00e9quipes du monde, mais nous sommes capables de le faire.<\/em>\"<\/p>\n<p>L\u2019entra\u00eeneur allemand a \u00e9galement point\u00e9 du doigt les erreurs commises lors des matchs pr\u00e9c\u00e9dents, notamment face \u00e0 l\u2019Athletic Bilbao, et a insist\u00e9 sur la n\u00e9cessit\u00e9 de les corriger : \"<em>On peut jouer mieux que contre l\u2019Athletic. On a commis beaucoup d\u2019erreurs et il faut les r\u00e9duire.\" Conscient de la force de frappe madril\u00e8ne en contre-attaque, Flick a ajout\u00e9 : \"Le Real est l\u2019une des meilleures \u00e9quipes du monde en transition, il faut faire attention \u00e0 \u00e7a<\/em>.\"<\/p>\n<p>Malgr\u00e9 l\u2019enjeu et la rivalit\u00e9 historique entre les deux clubs, Flick a adopt\u00e9 une approche pragmatique : \"<em>Au final, nous devons faire notre travail. Les entra\u00eeneurs, nous devons pr\u00e9parer l\u2019\u00e9quipe.<\/em>\" Il a toutefois reconnu l\u2019importance symbolique du Cl\u00e1sico et l\u2019opportunit\u00e9 que repr\u00e9sente cette Supercoupe : \"<em>Bien s\u00fbr que le Clasico est grand pour tout le monde. Que la Supercoupe arrive maintenant est fantastique. Elle peut nous donner plus de confiance et ce serait une grande victoire pour le club<\/em>.\"<\/p>\n<p>Interrog\u00e9 sur le retentissant 0-4 inflig\u00e9 au Real Madrid par le Bar\u00e7a en d\u00e9but de saison et son impact sur l\u2019unit\u00e9 du groupe, Flick a r\u00e9pondu : \"<em>Bien s\u00fbr, c\u2019est comme \u00e7a qu\u2019on veut jouer. L\u2019\u00e9quipe est plus importante que les joueurs. On ne peut pas comparer ce match avec les autres, on recommence \u00e0 0-0.<\/em>\"<\/p>\n<p>Rendez-vous ce dimanche pour connaitre l\u2019issue de cette rencontre.<\/p>\n<div class='share-to-whatsapp-wrapper'><div class='share-on-whsp'>PARTAGER SUR : <\/div><a data-text='HANSI FLICK : \"Le Clasico est grand pour tout le monde\"' data-link='https:\/\/www.nettali.com\/2025\/01\/12\/hansi-flick-le-clasico-est-grand-pour-tout-le-monde\/' class='whatsapp-button whatsapp-share'>WhatsApp<\/a><div class='clear '><\/div><\/div>","protected":false},"excerpt":{"rendered":"<p>NETTALI.COM - En conf\u00e9rence de presse de vielle de la finale de la Supercoupe d\u2019Espagne face au Real Madrid, l\u2019entra\u00eeneur du FC Barcelone, Hansi Flick est largement revenu sur ce Clasico. Le technicien allemand a d\u00e9voil\u00e9 le caract\u00e8re que son \u00e9quipe devait avoir pour remporter ce premier troph\u00e9e de la saison. Flick a d\u2019embl\u00e9e mis [&hellip;]<\/p>\n","protected":false},"author":5,"featured_media":146944,"comment_status":"open","ping_status":"open","sticky":false,"template":"","format":"standard","meta":{"_et_pb_use_builder":"","_et_pb_old_content":""},"categories":[6],"tags":[],"yoast_head":"<!-- This site is optimized with the Yoast SEO Premium plugin v17.8 (Yoast SEO v17.8) - https:\/\/yoast.com\/wordpress\/plugins\/seo\/ -->\n<title>HANSI FLICK : &quot;Le Clasico est grand pour tout le monde&quot; | Nettali.com<\/title>\n<meta name=\"robots\" content=\"index, follow, max-snippet:-1, max-image-preview:large, max-video-preview:-1\" \/>\n<link rel=\"canonical\" href=\"https:\/\/www.nettali.com\/2025\/01\/12\/hansi-flick-le-clasico-est-grand-pour-tout-le-monde\/\" \/>\n<meta property=\"og:locale\" content=\"fr_FR\" \/>\n<meta property=\"og:type\" content=\"article\" \/>\n<meta property=\"og:title\" content=\"HANSI FLICK : &quot;Le Clasico est grand pour tout le monde&quot;\" \/>\n<meta property=\"og:description\" content=\"NETTALI.COM - En conf\u00e9rence de presse de vielle de la finale de la Supercoupe d\u2019Espagne face au Real Madrid, l\u2019entra\u00eeneur du FC Barcelone, Hansi Flick est largement revenu sur ce Clasico. Le technicien allemand a d\u00e9voil\u00e9 le caract\u00e8re que son \u00e9quipe devait avoir pour remporter ce premier troph\u00e9e de la saison. Flick a d\u2019embl\u00e9e mis [&hellip;]\" \/>\n<meta property=\"og:url\" content=\"https:\/\/www.nettali.com\/2025\/01\/12\/hansi-flick-le-clasico-est-grand-pour-tout-le-monde\/\" \/>\n<meta property=\"og:site_name\" content=\"Nettali.com\" \/>\n<meta property=\"article:publisher\" content=\"https:\/\/www.facebook.com\/nettalicom\" \/>\n<meta property=\"article:published_time\" content=\"2025-01-12T11:12:14+00:00\" \/>\n<meta property=\"article:modified_time\" content=\"2025-01-13T01:14:20+00:00\" \/>\n<meta property=\"og:image\" content=\"https:\/\/www.nettali.com\/wp-content\/uploads\/2025\/01\/17348248030739-scaled.jpg\" \/>\n\t<meta property=\"og:image:width\" content=\"2560\" \/>\n\t<meta property=\"og:image:height\" content=\"1707\" \/>\n<meta name=\"twitter:card\" content=\"summary_large_image\" \/>\n<meta name=\"twitter:label1\" content=\"\u00c9crit par\" \/>\n\t<meta name=\"twitter:data1\" content=\"Ibrahima\" \/>\n\t<meta name=\"twitter:label2\" content=\"Dur\u00e9e de lecture estim\u00e9e\" \/>\n\t<meta name=\"twitter:data2\" content=\"2 minutes\" \/>\n<script type=\"application\/ld+json\" class=\"yoast-schema-graph\">{\"@context\":\"https:\/\/schema.org\",\"@graph\":[{\"@type\":\"WebSite\",\"@id\":\"https:\/\/www.nettali.com\/#website\",\"url\":\"https:\/\/www.nettali.com\/\",\"name\":\"Nettali.com\",\"description\":\"Le rendez-vous critique du Net\",\"potentialAction\":[{\"@type\":\"SearchAction\",\"target\":{\"@type\":\"EntryPoint\",\"urlTemplate\":\"https:\/\/www.nettali.com\/?s={search_term_string}\"},\"query-input\":\"required name=search_term_string\"}],\"inLanguage\":\"fr-FR\"},{\"@type\":\"ImageObject\",\"@id\":\"https:\/\/www.nettali.com\/2025\/01\/12\/hansi-flick-le-clasico-est-grand-pour-tout-le-monde\/#primaryimage\",\"inLanguage\":\"fr-FR\",\"url\":\"https:\/\/www.nettali.com\/wp-content\/uploads\/2025\/01\/17348248030739-scaled.jpg\",\"contentUrl\":\"https:\/\/www.nettali.com\/wp-content\/uploads\/2025\/01\/17348248030739-scaled.jpg\",\"width\":2560,\"height\":1707},{\"@type\":\"WebPage\",\"@id\":\"https:\/\/www.nettali.com\/2025\/01\/12\/hansi-flick-le-clasico-est-grand-pour-tout-le-monde\/#webpage\",\"url\":\"https:\/\/www.nettali.com\/2025\/01\/12\/hansi-flick-le-clasico-est-grand-pour-tout-le-monde\/\",\"name\":\"HANSI FLICK : \\\"Le Clasico est grand pour tout le monde\\\" | Nettali.com\",\"isPartOf\":{\"@id\":\"https:\/\/www.nettali.com\/#website\"},\"primaryImageOfPage\":{\"@id\":\"https:\/\/www.nettali.com\/2025\/01\/12\/hansi-flick-le-clasico-est-grand-pour-tout-le-monde\/#primaryimage\"},\"datePublished\":\"2025-01-12T11:12:14+00:00\",\"dateModified\":\"2025-01-13T01:14:20+00:00\",\"author\":{\"@id\":\"https:\/\/www.nettali.com\/#\/schema\/person\/bb147657c2986240405a608162b9bb23\"},\"breadcrumb\":{\"@id\":\"https:\/\/www.nettali.com\/2025\/01\/12\/hansi-flick-le-clasico-est-grand-pour-tout-le-monde\/#breadcrumb\"},\"inLanguage\":\"fr-FR\",\"potentialAction\":[{\"@type\":\"ReadAction\",\"target\":[\"https:\/\/www.nettali.com\/2025\/01\/12\/hansi-flick-le-clasico-est-grand-pour-tout-le-monde\/\"]}]},{\"@type\":\"BreadcrumbList\",\"@id\":\"https:\/\/www.nettali.com\/2025\/01\/12\/hansi-flick-le-clasico-est-grand-pour-tout-le-monde\/#breadcrumb\",\"itemListElement\":[{\"@type\":\"ListItem\",\"position\":1,\"name\":\"Accueil\",\"item\":\"https:\/\/www.nettali.com\/\"},{\"@type\":\"ListItem\",\"position\":2,\"name\":\"HANSI FLICK : \\\"Le Clasico est grand pour tout le monde\\\"\"}]},{\"@type\":\"Person\",\"@id\":\"https:\/\/www.nettali.com\/#\/schema\/person\/bb147657c2986240405a608162b9bb23\",\"name\":\"Ibrahima\",\"image\":{\"@type\":\"ImageObject\",\"@id\":\"https:\/\/www.nettali.com\/#personlogo\",\"inLanguage\":\"fr-FR\",\"url\":\"https:\/\/secure.gravatar.com\/avatar\/26a8a81f09f0dd7624c9d5c36c9ba3a2?s=96&d=mm&r=g\",\"contentUrl\":\"https:\/\/secure.gravatar.com\/avatar\/26a8a81f09f0dd7624c9d5c36c9ba3a2?s=96&d=mm&r=g\",\"caption\":\"Ibrahima\"},\"sameAs\":[\"https:\/\/www.nettali.com\"]}]}<\/script>\n<!-- \/ Yoast SEO Premium plugin. -->","yoast_head_json":{"title":"HANSI FLICK : \"Le Clasico est grand pour tout le monde\" | Nettali.com","robots":{"index":"index","follow":"follow","max-snippet":"max-snippet:-1","max-image-preview":"max-image-preview:large","max-video-preview":"max-video-preview:-1"},"canonical":"https:\/\/www.nettali.com\/2025\/01\/12\/hansi-flick-le-clasico-est-grand-pour-tout-le-monde\/","og_locale":"fr_FR","og_type":"article","og_title":"HANSI FLICK : \"Le Clasico est grand pour tout le monde\"","og_description":"NETTALI.COM - En conf\u00e9rence de presse de vielle de la finale de la Supercoupe d\u2019Espagne face au Real Madrid, l\u2019entra\u00eeneur du FC Barcelone, Hansi Flick est largement revenu sur ce Clasico. Le technicien allemand a d\u00e9voil\u00e9 le caract\u00e8re que son \u00e9quipe devait avoir pour remporter ce premier troph\u00e9e de la saison. Flick a d\u2019embl\u00e9e mis [&hellip;]","og_url":"https:\/\/www.nettali.com\/2025\/01\/12\/hansi-flick-le-clasico-est-grand-pour-tout-le-monde\/","og_site_name":"Nettali.com","article_publisher":"https:\/\/www.facebook.com\/nettalicom","article_published_time":"2025-01-12T11:12:14+00:00","article_modified_time":"2025-01-13T01:14:20+00:00","og_image":[{"width":2560,"height":1707,"url":"https:\/\/www.nettali.com\/wp-content\/uploads\/2025\/01\/17348248030739-scaled.jpg","type":"image\/jpeg"}],"twitter_card":"summary_large_image","twitter_misc":{"\u00c9crit par":"Ibrahima","Dur\u00e9e de lecture estim\u00e9e":"2 minutes"},"schema":{"@context":"https:\/\/schema.org","@graph":[{"@type":"WebSite","@id":"https:\/\/www.nettali.com\/#website","url":"https:\/\/www.nettali.com\/","name":"Nettali.com","description":"Le rendez-vous critique du Net","potentialAction":[{"@type":"SearchAction","target":{"@type":"EntryPoint","urlTemplate":"https:\/\/www.nettali.com\/?s={search_term_string}"},"query-input":"required name=search_term_string"}],"inLanguage":"fr-FR"},{"@type":"ImageObject","@id":"https:\/\/www.nettali.com\/2025\/01\/12\/hansi-flick-le-clasico-est-grand-pour-tout-le-monde\/#primaryimage","inLanguage":"fr-FR","url":"https:\/\/www.nettali.com\/wp-content\/uploads\/2025\/01\/17348248030739-scaled.jpg","contentUrl":"https:\/\/www.nettali.com\/wp-content\/uploads\/2025\/01\/17348248030739-scaled.jpg","width":2560,"height":1707},{"@type":"WebPage","@id":"https:\/\/www.nettali.com\/2025\/01\/12\/hansi-flick-le-clasico-est-grand-pour-tout-le-monde\/#webpage","url":"https:\/\/www.nettali.com\/2025\/01\/12\/hansi-flick-le-clasico-est-grand-pour-tout-le-monde\/","name":"HANSI FLICK : \"Le Clasico est grand pour tout le monde\" | Nettali.com","isPartOf":{"@id":"https:\/\/www.nettali.com\/#website"},"primaryImageOfPage":{"@id":"https:\/\/www.nettali.com\/2025\/01\/12\/hansi-flick-le-clasico-est-grand-pour-tout-le-monde\/#primaryimage"},"datePublished":"2025-01-12T11:12:14+00:00","dateModified":"2025-01-13T01:14:20+00:00","author":{"@id":"https:\/\/www.nettali.com\/#\/schema\/person\/bb147657c2986240405a608162b9bb23"},"breadcrumb":{"@id":"https:\/\/www.nettali.com\/2025\/01\/12\/hansi-flick-le-clasico-est-grand-pour-tout-le-monde\/#breadcrumb"},"inLanguage":"fr-FR","potentialAction":[{"@type":"ReadAction","target":["https:\/\/www.nettali.com\/2025\/01\/12\/hansi-flick-le-clasico-est-grand-pour-tout-le-monde\/"]}]},{"@type":"BreadcrumbList","@id":"https:\/\/www.nettali.com\/2025\/01\/12\/hansi-flick-le-clasico-est-grand-pour-tout-le-monde\/#breadcrumb","itemListElement":[{"@type":"ListItem","position":1,"name":"Accueil","item":"https:\/\/www.nettali.com\/"},{"@type":"ListItem","position":2,"name":"HANSI FLICK : \"Le Clasico est grand pour tout le monde\""}]},{"@type":"Person","@id":"https:\/\/www.nettali.com\/#\/schema\/person\/bb147657c2986240405a608162b9bb23","name":"Ibrahima","image":{"@type":"ImageObject","@id":"https:\/\/www.nettali.com\/#personlogo","inLanguage":"fr-FR","url":"https:\/\/secure.gravatar.com\/avatar\/26a8a81f09f0dd7624c9d5c36c9ba3a2?s=96&d=mm&r=g","contentUrl":"https:\/\/secure.gravatar.com\/avatar\/26a8a81f09f0dd7624c9d5c36c9ba3a2?s=96&d=mm&r=g","caption":"Ibrahima"},"sameAs":["https:\/\/www.nettali.com"]}]}},"_links":{"self":[{"href":"https:\/\/www.nettali.com\/rest\/wp\/v2\/posts\/146942"}],"collection":[{"href":"https:\/\/www.nettali.com\/rest\/wp\/v2\/posts"}],"about":[{"href":"https:\/\/www.nettali.com\/rest\/wp\/v2\/types\/post"}],"author":[{"embeddable":true,"href":"https:\/\/www.nettali.com\/rest\/wp\/v2\/users\/5"}],"replies":[{"embeddable":true,"href":"https:\/\/www.nettali.com\/rest\/wp\/v2\/comments?post=146942"}],"version-history":[{"count":3,"href":"https:\/\/www.nettali.com\/rest\/wp\/v2\/posts\/146942\/revisions"}],"predecessor-version":[{"id":147006,"href":"https:\/\/www.nettali.com\/rest\/wp\/v2\/posts\/146942\/revisions\/147006"}],"wp:featuredmedia":[{"embeddable":true,"href":"https:\/\/www.nettali.com\/rest\/wp\/v2\/media\/146944"}],"wp:attachment":[{"href":"https:\/\/www.nettali.com\/rest\/wp\/v2\/media?parent=146942"}],"wp:term":[{"taxonomy":"category","embeddable":true,"href":"https:\/\/www.nettali.com\/rest\/wp\/v2\/categories?post=146942"},{"taxonomy":"post_tag","embeddable":true,"href":"https:\/\/www.nettali.com\/rest\/wp\/v2\/tags?post=146942"}],"curies":[{"name":"wp","href":"https:\/\/api.w.org\/{rel}","templated":true}]}}