{"id":146927,"date":"2025-01-11T08:28:14","date_gmt":"2025-01-11T08:28:14","guid":{"rendered":"https:\/\/www.nettali.com\/?p=146927"},"modified":"2025-01-11T08:28:14","modified_gmt":"2025-01-11T08:28:14","slug":"barca-olmo-et-victor-la-liga-va-faire-appel","status":"publish","type":"post","link":"https:\/\/www.nettali.com\/2025\/01\/11\/barca-olmo-et-victor-la-liga-va-faire-appel\/","title":{"rendered":"BAR\u00c7A - Olmo et Victor, la Liga va faire appel"},"content":{"rendered":"<p><strong>NETTALI.COM -<\/strong> Comme pr\u00e9vu, la Liga et la F\u00e9d\u00e9ration Espagnole de Football ne dig\u00e8rent pas la d\u00e9cision du Conseil Sup\u00e9rieur des Sports, qui a accord\u00e9, \u00e0 titre conservatoire, les inscriptions des joueurs du FC Barcelone, Dani Olmo et Pau Victor, pour la seconde partie de la saison.<\/p>\n<p>Et d'apr\u00e8s le journal Mundo Deportivo, ce vendredi 10 janvier, la Liga va bien faire appel de cette mesure aupr\u00e8s du tribunal administratif. L'objectif ? Obtenir l'annulation du verdict du CSD.<\/p>\n<p>Pour convaincre la justice, l'instance compte insister sur le fait que les inscriptions des deux joueurs des Blaugrana vont \u00e0 l'encontre des r\u00e8glements. Sur ce dossier, la Liga se doit absolument d'agir car plusieurs clubs<\/p>\n<div class='share-to-whatsapp-wrapper'><div class='share-on-whsp'>PARTAGER SUR : <\/div><a data-text='BAR\u00c7A - Olmo et Victor, la Liga va faire appel' data-link='https:\/\/www.nettali.com\/2025\/01\/11\/barca-olmo-et-victor-la-liga-va-faire-appel\/' class='whatsapp-button whatsapp-share'>WhatsApp<\/a><div class='clear '><\/div><\/div>","protected":false},"excerpt":{"rendered":"<p>NETTALI.COM - Comme pr\u00e9vu, la Liga et la F\u00e9d\u00e9ration Espagnole de Football ne dig\u00e8rent pas la d\u00e9cision du Conseil Sup\u00e9rieur des Sports, qui a accord\u00e9, \u00e0 titre conservatoire, les inscriptions des joueurs du FC Barcelone, Dani Olmo et Pau Victor, pour la seconde partie de la saison. Et d'apr\u00e8s le journal Mundo Deportivo, ce vendredi [&hellip;]<\/p>\n","protected":false},"author":2,"featured_media":146928,"comment_status":"open","ping_status":"open","sticky":false,"template":"","format":"standard","meta":{"_et_pb_use_builder":"","_et_pb_old_content":""},"categories":[6],"tags":[],"yoast_head":"<!-- This site is optimized with the Yoast SEO Premium plugin v17.8 (Yoast SEO v17.8) - https:\/\/yoast.com\/wordpress\/plugins\/seo\/ -->\n<title>BAR\u00c7A - Olmo et Victor, la Liga va faire appel | Nettali.com<\/title>\n<meta name=\"robots\" content=\"index, follow, max-snippet:-1, max-image-preview:large, max-video-preview:-1\" \/>\n<link rel=\"canonical\" href=\"https:\/\/www.nettali.com\/2025\/01\/11\/barca-olmo-et-victor-la-liga-va-faire-appel\/\" \/>\n<meta property=\"og:locale\" content=\"fr_FR\" \/>\n<meta property=\"og:type\" content=\"article\" \/>\n<meta property=\"og:title\" content=\"BAR\u00c7A - Olmo et Victor, la Liga va faire appel\" \/>\n<meta property=\"og:description\" content=\"NETTALI.COM - Comme pr\u00e9vu, la Liga et la F\u00e9d\u00e9ration Espagnole de Football ne dig\u00e8rent pas la d\u00e9cision du Conseil Sup\u00e9rieur des Sports, qui a accord\u00e9, \u00e0 titre conservatoire, les inscriptions des joueurs du FC Barcelone, Dani Olmo et Pau Victor, pour la seconde partie de la saison. Et d&#039;apr\u00e8s le journal Mundo Deportivo, ce vendredi [&hellip;]\" \/>\n<meta property=\"og:url\" content=\"https:\/\/www.nettali.com\/2025\/01\/11\/barca-olmo-et-victor-la-liga-va-faire-appel\/\" \/>\n<meta property=\"og:site_name\" content=\"Nettali.com\" \/>\n<meta property=\"article:publisher\" content=\"https:\/\/www.facebook.com\/nettalicom\" \/>\n<meta property=\"article:published_time\" content=\"2025-01-11T08:28:14+00:00\" \/>\n<meta property=\"og:image\" content=\"https:\/\/www.nettali.com\/wp-content\/uploads\/2025\/01\/hq720-1.jpg\" \/>\n\t<meta property=\"og:image:width\" content=\"686\" \/>\n\t<meta property=\"og:image:height\" content=\"386\" \/>\n<meta name=\"twitter:card\" content=\"summary_large_image\" \/>\n<meta name=\"twitter:label1\" content=\"\u00c9crit par\" \/>\n\t<meta name=\"twitter:data1\" content=\"CK\" \/>\n\t<meta name=\"twitter:label2\" content=\"Dur\u00e9e de lecture estim\u00e9e\" \/>\n\t<meta name=\"twitter:data2\" content=\"1 minute\" \/>\n<script type=\"application\/ld+json\" class=\"yoast-schema-graph\">{\"@context\":\"https:\/\/schema.org\",\"@graph\":[{\"@type\":\"WebSite\",\"@id\":\"https:\/\/www.nettali.com\/#website\",\"url\":\"https:\/\/www.nettali.com\/\",\"name\":\"Nettali.com\",\"description\":\"Le rendez-vous critique du Net\",\"potentialAction\":[{\"@type\":\"SearchAction\",\"target\":{\"@type\":\"EntryPoint\",\"urlTemplate\":\"https:\/\/www.nettali.com\/?s={search_term_string}\"},\"query-input\":\"required name=search_term_string\"}],\"inLanguage\":\"fr-FR\"},{\"@type\":\"ImageObject\",\"@id\":\"https:\/\/www.nettali.com\/2025\/01\/11\/barca-olmo-et-victor-la-liga-va-faire-appel\/#primaryimage\",\"inLanguage\":\"fr-FR\",\"url\":\"https:\/\/www.nettali.com\/wp-content\/uploads\/2025\/01\/hq720-1.jpg\",\"contentUrl\":\"https:\/\/www.nettali.com\/wp-content\/uploads\/2025\/01\/hq720-1.jpg\",\"width\":686,\"height\":386},{\"@type\":\"WebPage\",\"@id\":\"https:\/\/www.nettali.com\/2025\/01\/11\/barca-olmo-et-victor-la-liga-va-faire-appel\/#webpage\",\"url\":\"https:\/\/www.nettali.com\/2025\/01\/11\/barca-olmo-et-victor-la-liga-va-faire-appel\/\",\"name\":\"BAR\\u00c7A - Olmo et Victor, la Liga va faire appel | Nettali.com\",\"isPartOf\":{\"@id\":\"https:\/\/www.nettali.com\/#website\"},\"primaryImageOfPage\":{\"@id\":\"https:\/\/www.nettali.com\/2025\/01\/11\/barca-olmo-et-victor-la-liga-va-faire-appel\/#primaryimage\"},\"datePublished\":\"2025-01-11T08:28:14+00:00\",\"dateModified\":\"2025-01-11T08:28:14+00:00\",\"author\":{\"@id\":\"https:\/\/www.nettali.com\/#\/schema\/person\/d8ac7b7e27ddad43f1c0d2ef090d7f71\"},\"breadcrumb\":{\"@id\":\"https:\/\/www.nettali.com\/2025\/01\/11\/barca-olmo-et-victor-la-liga-va-faire-appel\/#breadcrumb\"},\"inLanguage\":\"fr-FR\",\"potentialAction\":[{\"@type\":\"ReadAction\",\"target\":[\"https:\/\/www.nettali.com\/2025\/01\/11\/barca-olmo-et-victor-la-liga-va-faire-appel\/\"]}]},{\"@type\":\"BreadcrumbList\",\"@id\":\"https:\/\/www.nettali.com\/2025\/01\/11\/barca-olmo-et-victor-la-liga-va-faire-appel\/#breadcrumb\",\"itemListElement\":[{\"@type\":\"ListItem\",\"position\":1,\"name\":\"Accueil\",\"item\":\"https:\/\/www.nettali.com\/\"},{\"@type\":\"ListItem\",\"position\":2,\"name\":\"BAR\\u00c7A - Olmo et Victor, la Liga va faire appel\"}]},{\"@type\":\"Person\",\"@id\":\"https:\/\/www.nettali.com\/#\/schema\/person\/d8ac7b7e27ddad43f1c0d2ef090d7f71\",\"name\":\"CK\",\"image\":{\"@type\":\"ImageObject\",\"@id\":\"https:\/\/www.nettali.com\/#personlogo\",\"inLanguage\":\"fr-FR\",\"url\":\"https:\/\/secure.gravatar.com\/avatar\/1d8d5118b9327d94da7cd4ce7f17fec2?s=96&d=mm&r=g\",\"contentUrl\":\"https:\/\/secure.gravatar.com\/avatar\/1d8d5118b9327d94da7cd4ce7f17fec2?s=96&d=mm&r=g\",\"caption\":\"CK\"},\"sameAs\":[\"https:\/\/www.nettali.com\"]}]}<\/script>\n<!-- \/ Yoast SEO Premium plugin. -->","yoast_head_json":{"title":"BAR\u00c7A - Olmo et Victor, la Liga va faire appel | Nettali.com","robots":{"index":"index","follow":"follow","max-snippet":"max-snippet:-1","max-image-preview":"max-image-preview:large","max-video-preview":"max-video-preview:-1"},"canonical":"https:\/\/www.nettali.com\/2025\/01\/11\/barca-olmo-et-victor-la-liga-va-faire-appel\/","og_locale":"fr_FR","og_type":"article","og_title":"BAR\u00c7A - Olmo et Victor, la Liga va faire appel","og_description":"NETTALI.COM - Comme pr\u00e9vu, la Liga et la F\u00e9d\u00e9ration Espagnole de Football ne dig\u00e8rent pas la d\u00e9cision du Conseil Sup\u00e9rieur des Sports, qui a accord\u00e9, \u00e0 titre conservatoire, les inscriptions des joueurs du FC Barcelone, Dani Olmo et Pau Victor, pour la seconde partie de la saison. Et d'apr\u00e8s le journal Mundo Deportivo, ce vendredi [&hellip;]","og_url":"https:\/\/www.nettali.com\/2025\/01\/11\/barca-olmo-et-victor-la-liga-va-faire-appel\/","og_site_name":"Nettali.com","article_publisher":"https:\/\/www.facebook.com\/nettalicom","article_published_time":"2025-01-11T08:28:14+00:00","og_image":[{"width":686,"height":386,"url":"https:\/\/www.nettali.com\/wp-content\/uploads\/2025\/01\/hq720-1.jpg","type":"image\/jpeg"}],"twitter_card":"summary_large_image","twitter_misc":{"\u00c9crit par":"CK","Dur\u00e9e de lecture estim\u00e9e":"1 minute"},"schema":{"@context":"https:\/\/schema.org","@graph":[{"@type":"WebSite","@id":"https:\/\/www.nettali.com\/#website","url":"https:\/\/www.nettali.com\/","name":"Nettali.com","description":"Le rendez-vous critique du Net","potentialAction":[{"@type":"SearchAction","target":{"@type":"EntryPoint","urlTemplate":"https:\/\/www.nettali.com\/?s={search_term_string}"},"query-input":"required name=search_term_string"}],"inLanguage":"fr-FR"},{"@type":"ImageObject","@id":"https:\/\/www.nettali.com\/2025\/01\/11\/barca-olmo-et-victor-la-liga-va-faire-appel\/#primaryimage","inLanguage":"fr-FR","url":"https:\/\/www.nettali.com\/wp-content\/uploads\/2025\/01\/hq720-1.jpg","contentUrl":"https:\/\/www.nettali.com\/wp-content\/uploads\/2025\/01\/hq720-1.jpg","width":686,"height":386},{"@type":"WebPage","@id":"https:\/\/www.nettali.com\/2025\/01\/11\/barca-olmo-et-victor-la-liga-va-faire-appel\/#webpage","url":"https:\/\/www.nettali.com\/2025\/01\/11\/barca-olmo-et-victor-la-liga-va-faire-appel\/","name":"BAR\u00c7A - Olmo et Victor, la Liga va faire appel | Nettali.com","isPartOf":{"@id":"https:\/\/www.nettali.com\/#website"},"primaryImageOfPage":{"@id":"https:\/\/www.nettali.com\/2025\/01\/11\/barca-olmo-et-victor-la-liga-va-faire-appel\/#primaryimage"},"datePublished":"2025-01-11T08:28:14+00:00","dateModified":"2025-01-11T08:28:14+00:00","author":{"@id":"https:\/\/www.nettali.com\/#\/schema\/person\/d8ac7b7e27ddad43f1c0d2ef090d7f71"},"breadcrumb":{"@id":"https:\/\/www.nettali.com\/2025\/01\/11\/barca-olmo-et-victor-la-liga-va-faire-appel\/#breadcrumb"},"inLanguage":"fr-FR","potentialAction":[{"@type":"ReadAction","target":["https:\/\/www.nettali.com\/2025\/01\/11\/barca-olmo-et-victor-la-liga-va-faire-appel\/"]}]},{"@type":"BreadcrumbList","@id":"https:\/\/www.nettali.com\/2025\/01\/11\/barca-olmo-et-victor-la-liga-va-faire-appel\/#breadcrumb","itemListElement":[{"@type":"ListItem","position":1,"name":"Accueil","item":"https:\/\/www.nettali.com\/"},{"@type":"ListItem","position":2,"name":"BAR\u00c7A - Olmo et Victor, la Liga va faire appel"}]},{"@type":"Person","@id":"https:\/\/www.nettali.com\/#\/schema\/person\/d8ac7b7e27ddad43f1c0d2ef090d7f71","name":"CK","image":{"@type":"ImageObject","@id":"https:\/\/www.nettali.com\/#personlogo","inLanguage":"fr-FR","url":"https:\/\/secure.gravatar.com\/avatar\/1d8d5118b9327d94da7cd4ce7f17fec2?s=96&d=mm&r=g","contentUrl":"https:\/\/secure.gravatar.com\/avatar\/1d8d5118b9327d94da7cd4ce7f17fec2?s=96&d=mm&r=g","caption":"CK"},"sameAs":["https:\/\/www.nettali.com"]}]}},"_links":{"self":[{"href":"https:\/\/www.nettali.com\/rest\/wp\/v2\/posts\/146927"}],"collection":[{"href":"https:\/\/www.nettali.com\/rest\/wp\/v2\/posts"}],"about":[{"href":"https:\/\/www.nettali.com\/rest\/wp\/v2\/types\/post"}],"author":[{"embeddable":true,"href":"https:\/\/www.nettali.com\/rest\/wp\/v2\/users\/2"}],"replies":[{"embeddable":true,"href":"https:\/\/www.nettali.com\/rest\/wp\/v2\/comments?post=146927"}],"version-history":[{"count":1,"href":"https:\/\/www.nettali.com\/rest\/wp\/v2\/posts\/146927\/revisions"}],"predecessor-version":[{"id":146929,"href":"https:\/\/www.nettali.com\/rest\/wp\/v2\/posts\/146927\/revisions\/146929"}],"wp:featuredmedia":[{"embeddable":true,"href":"https:\/\/www.nettali.com\/rest\/wp\/v2\/media\/146928"}],"wp:attachment":[{"href":"https:\/\/www.nettali.com\/rest\/wp\/v2\/media?parent=146927"}],"wp:term":[{"taxonomy":"category","embeddable":true,"href":"https:\/\/www.nettali.com\/rest\/wp\/v2\/categories?post=146927"},{"taxonomy":"post_tag","embeddable":true,"href":"https:\/\/www.nettali.com\/rest\/wp\/v2\/tags?post=146927"}],"curies":[{"name":"wp","href":"https:\/\/api.w.org\/{rel}","templated":true}]}}