{"id":146706,"date":"2025-01-08T07:16:20","date_gmt":"2025-01-08T07:16:20","guid":{"rendered":"https:\/\/www.nettali.com\/?p=146706"},"modified":"2025-01-08T07:16:43","modified_gmt":"2025-01-08T07:16:43","slug":"ivestiture-de-dramani-mahama-le-president-diomaye-faye-au-ghana","status":"publish","type":"post","link":"https:\/\/www.nettali.com\/2025\/01\/08\/ivestiture-de-dramani-mahama-le-president-diomaye-faye-au-ghana\/","title":{"rendered":"INVESTITURE DE DRAMANI MAHAMA - Le pr\u00e9sident Diomaye Faye, au Ghana"},"content":{"rendered":"<p><strong>NETTALI.COM -<\/strong> Selon une note de la pr\u00e9sidence de la R\u00e9publique, le pr\u00e9sident Bassirou Diomaye Diakhar Faye \u00e9tait le mardi 8 janvier au Ghana o\u00f9 il a assist\u00e9 \u00e0 la c\u00e9r\u00e9monie d\u2019investiture de son homologue John Dramani Mahama.<\/p>\n<p>\u201c<em>Cette c\u00e9r\u00e9monie, empreinte de ferveur populaire a rassembl\u00e9 plusieurs chefs d\u2019\u00c9tat et de gouvernement venus t\u00e9moigner leur soutien et c\u00e9l\u00e9brer un moment marquant pour la d\u00e9mocratie ghan\u00e9enne. Par sa participation, le pr\u00e9sident Faye r\u00e9affirme les liens d\u2019amiti\u00e9 et de coop\u00e9ration entre le S\u00e9n\u00e9gal et le Ghana, tout en soulignant l\u2019importance d\u2019une Afrique unie, stable et tourn\u00e9e vers le progr\u00e8s<\/em>\u201d, ajoute la pr\u00e9sidence du S\u00e9n\u00e9gal.<\/p>\n<div class='share-to-whatsapp-wrapper'><div class='share-on-whsp'>PARTAGER SUR : <\/div><a data-text='INVESTITURE DE DRAMANI MAHAMA - Le pr\u00e9sident Diomaye Faye, au Ghana' data-link='https:\/\/www.nettali.com\/2025\/01\/08\/ivestiture-de-dramani-mahama-le-president-diomaye-faye-au-ghana\/' class='whatsapp-button whatsapp-share'>WhatsApp<\/a><div class='clear '><\/div><\/div>","protected":false},"excerpt":{"rendered":"<p>NETTALI.COM - Selon une note de la pr\u00e9sidence de la R\u00e9publique, le pr\u00e9sident Bassirou Diomaye Diakhar Faye \u00e9tait le mardi 8 janvier au Ghana o\u00f9 il a assist\u00e9 \u00e0 la c\u00e9r\u00e9monie d\u2019investiture de son homologue John Dramani Mahama. \u201cCette c\u00e9r\u00e9monie, empreinte de ferveur populaire a rassembl\u00e9 plusieurs chefs d\u2019\u00c9tat et de gouvernement venus t\u00e9moigner leur [&hellip;]<\/p>\n","protected":false},"author":2,"featured_media":146707,"comment_status":"open","ping_status":"open","sticky":false,"template":"","format":"standard","meta":{"_et_pb_use_builder":"","_et_pb_old_content":""},"categories":[34945],"tags":[],"yoast_head":"<!-- This site is optimized with the Yoast SEO Premium plugin v17.8 (Yoast SEO v17.8) - https:\/\/yoast.com\/wordpress\/plugins\/seo\/ -->\n<title>INVESTITURE DE DRAMANI MAHAMA - Le pr\u00e9sident Diomaye Faye, au Ghana | Nettali.com<\/title>\n<meta name=\"robots\" content=\"index, follow, max-snippet:-1, max-image-preview:large, max-video-preview:-1\" \/>\n<link rel=\"canonical\" href=\"https:\/\/www.nettali.com\/2025\/01\/08\/ivestiture-de-dramani-mahama-le-president-diomaye-faye-au-ghana\/\" \/>\n<meta property=\"og:locale\" content=\"fr_FR\" \/>\n<meta property=\"og:type\" content=\"article\" \/>\n<meta property=\"og:title\" content=\"INVESTITURE DE DRAMANI MAHAMA - Le pr\u00e9sident Diomaye Faye, au Ghana\" \/>\n<meta property=\"og:description\" content=\"NETTALI.COM - Selon une note de la pr\u00e9sidence de la R\u00e9publique, le pr\u00e9sident Bassirou Diomaye Diakhar Faye \u00e9tait le mardi 8 janvier au Ghana o\u00f9 il a assist\u00e9 \u00e0 la c\u00e9r\u00e9monie d\u2019investiture de son homologue John Dramani Mahama. \u201cCette c\u00e9r\u00e9monie, empreinte de ferveur populaire a rassembl\u00e9 plusieurs chefs d\u2019\u00c9tat et de gouvernement venus t\u00e9moigner leur [&hellip;]\" \/>\n<meta property=\"og:url\" content=\"https:\/\/www.nettali.com\/2025\/01\/08\/ivestiture-de-dramani-mahama-le-president-diomaye-faye-au-ghana\/\" \/>\n<meta property=\"og:site_name\" content=\"Nettali.com\" \/>\n<meta property=\"article:publisher\" content=\"https:\/\/www.facebook.com\/nettalicom\" \/>\n<meta property=\"article:published_time\" content=\"2025-01-08T07:16:20+00:00\" \/>\n<meta property=\"article:modified_time\" content=\"2025-01-08T07:16:43+00:00\" \/>\n<meta property=\"og:image\" content=\"https:\/\/www.nettali.com\/wp-content\/uploads\/2025\/01\/IMG_0679-300x169-1.jpeg\" \/>\n\t<meta property=\"og:image:width\" content=\"300\" \/>\n\t<meta property=\"og:image:height\" content=\"169\" \/>\n<meta name=\"twitter:card\" content=\"summary_large_image\" \/>\n<meta name=\"twitter:label1\" content=\"\u00c9crit par\" \/>\n\t<meta name=\"twitter:data1\" content=\"CK\" \/>\n\t<meta name=\"twitter:label2\" content=\"Dur\u00e9e de lecture estim\u00e9e\" \/>\n\t<meta name=\"twitter:data2\" content=\"1 minute\" \/>\n<script type=\"application\/ld+json\" class=\"yoast-schema-graph\">{\"@context\":\"https:\/\/schema.org\",\"@graph\":[{\"@type\":\"WebSite\",\"@id\":\"https:\/\/www.nettali.com\/#website\",\"url\":\"https:\/\/www.nettali.com\/\",\"name\":\"Nettali.com\",\"description\":\"Le rendez-vous critique du Net\",\"potentialAction\":[{\"@type\":\"SearchAction\",\"target\":{\"@type\":\"EntryPoint\",\"urlTemplate\":\"https:\/\/www.nettali.com\/?s={search_term_string}\"},\"query-input\":\"required name=search_term_string\"}],\"inLanguage\":\"fr-FR\"},{\"@type\":\"ImageObject\",\"@id\":\"https:\/\/www.nettali.com\/2025\/01\/08\/ivestiture-de-dramani-mahama-le-president-diomaye-faye-au-ghana\/#primaryimage\",\"inLanguage\":\"fr-FR\",\"url\":\"https:\/\/www.nettali.com\/wp-content\/uploads\/2025\/01\/IMG_0679-300x169-1.jpeg\",\"contentUrl\":\"https:\/\/www.nettali.com\/wp-content\/uploads\/2025\/01\/IMG_0679-300x169-1.jpeg\",\"width\":300,\"height\":169},{\"@type\":\"WebPage\",\"@id\":\"https:\/\/www.nettali.com\/2025\/01\/08\/ivestiture-de-dramani-mahama-le-president-diomaye-faye-au-ghana\/#webpage\",\"url\":\"https:\/\/www.nettali.com\/2025\/01\/08\/ivestiture-de-dramani-mahama-le-president-diomaye-faye-au-ghana\/\",\"name\":\"INVESTITURE DE DRAMANI MAHAMA - Le pr\\u00e9sident Diomaye Faye, au Ghana | Nettali.com\",\"isPartOf\":{\"@id\":\"https:\/\/www.nettali.com\/#website\"},\"primaryImageOfPage\":{\"@id\":\"https:\/\/www.nettali.com\/2025\/01\/08\/ivestiture-de-dramani-mahama-le-president-diomaye-faye-au-ghana\/#primaryimage\"},\"datePublished\":\"2025-01-08T07:16:20+00:00\",\"dateModified\":\"2025-01-08T07:16:43+00:00\",\"author\":{\"@id\":\"https:\/\/www.nettali.com\/#\/schema\/person\/d8ac7b7e27ddad43f1c0d2ef090d7f71\"},\"breadcrumb\":{\"@id\":\"https:\/\/www.nettali.com\/2025\/01\/08\/ivestiture-de-dramani-mahama-le-president-diomaye-faye-au-ghana\/#breadcrumb\"},\"inLanguage\":\"fr-FR\",\"potentialAction\":[{\"@type\":\"ReadAction\",\"target\":[\"https:\/\/www.nettali.com\/2025\/01\/08\/ivestiture-de-dramani-mahama-le-president-diomaye-faye-au-ghana\/\"]}]},{\"@type\":\"BreadcrumbList\",\"@id\":\"https:\/\/www.nettali.com\/2025\/01\/08\/ivestiture-de-dramani-mahama-le-president-diomaye-faye-au-ghana\/#breadcrumb\",\"itemListElement\":[{\"@type\":\"ListItem\",\"position\":1,\"name\":\"Accueil\",\"item\":\"https:\/\/www.nettali.com\/\"},{\"@type\":\"ListItem\",\"position\":2,\"name\":\"INVESTITURE DE DRAMANI MAHAMA - Le pr\\u00e9sident Diomaye Faye, au Ghana\"}]},{\"@type\":\"Person\",\"@id\":\"https:\/\/www.nettali.com\/#\/schema\/person\/d8ac7b7e27ddad43f1c0d2ef090d7f71\",\"name\":\"CK\",\"image\":{\"@type\":\"ImageObject\",\"@id\":\"https:\/\/www.nettali.com\/#personlogo\",\"inLanguage\":\"fr-FR\",\"url\":\"https:\/\/secure.gravatar.com\/avatar\/1d8d5118b9327d94da7cd4ce7f17fec2?s=96&d=mm&r=g\",\"contentUrl\":\"https:\/\/secure.gravatar.com\/avatar\/1d8d5118b9327d94da7cd4ce7f17fec2?s=96&d=mm&r=g\",\"caption\":\"CK\"},\"sameAs\":[\"https:\/\/www.nettali.com\"]}]}<\/script>\n<!-- \/ Yoast SEO Premium plugin. -->","yoast_head_json":{"title":"INVESTITURE DE DRAMANI MAHAMA - Le pr\u00e9sident Diomaye Faye, au Ghana | Nettali.com","robots":{"index":"index","follow":"follow","max-snippet":"max-snippet:-1","max-image-preview":"max-image-preview:large","max-video-preview":"max-video-preview:-1"},"canonical":"https:\/\/www.nettali.com\/2025\/01\/08\/ivestiture-de-dramani-mahama-le-president-diomaye-faye-au-ghana\/","og_locale":"fr_FR","og_type":"article","og_title":"INVESTITURE DE DRAMANI MAHAMA - Le pr\u00e9sident Diomaye Faye, au Ghana","og_description":"NETTALI.COM - Selon une note de la pr\u00e9sidence de la R\u00e9publique, le pr\u00e9sident Bassirou Diomaye Diakhar Faye \u00e9tait le mardi 8 janvier au Ghana o\u00f9 il a assist\u00e9 \u00e0 la c\u00e9r\u00e9monie d\u2019investiture de son homologue John Dramani Mahama. \u201cCette c\u00e9r\u00e9monie, empreinte de ferveur populaire a rassembl\u00e9 plusieurs chefs d\u2019\u00c9tat et de gouvernement venus t\u00e9moigner leur [&hellip;]","og_url":"https:\/\/www.nettali.com\/2025\/01\/08\/ivestiture-de-dramani-mahama-le-president-diomaye-faye-au-ghana\/","og_site_name":"Nettali.com","article_publisher":"https:\/\/www.facebook.com\/nettalicom","article_published_time":"2025-01-08T07:16:20+00:00","article_modified_time":"2025-01-08T07:16:43+00:00","og_image":[{"width":300,"height":169,"url":"https:\/\/www.nettali.com\/wp-content\/uploads\/2025\/01\/IMG_0679-300x169-1.jpeg","type":"image\/jpeg"}],"twitter_card":"summary_large_image","twitter_misc":{"\u00c9crit par":"CK","Dur\u00e9e de lecture estim\u00e9e":"1 minute"},"schema":{"@context":"https:\/\/schema.org","@graph":[{"@type":"WebSite","@id":"https:\/\/www.nettali.com\/#website","url":"https:\/\/www.nettali.com\/","name":"Nettali.com","description":"Le rendez-vous critique du Net","potentialAction":[{"@type":"SearchAction","target":{"@type":"EntryPoint","urlTemplate":"https:\/\/www.nettali.com\/?s={search_term_string}"},"query-input":"required name=search_term_string"}],"inLanguage":"fr-FR"},{"@type":"ImageObject","@id":"https:\/\/www.nettali.com\/2025\/01\/08\/ivestiture-de-dramani-mahama-le-president-diomaye-faye-au-ghana\/#primaryimage","inLanguage":"fr-FR","url":"https:\/\/www.nettali.com\/wp-content\/uploads\/2025\/01\/IMG_0679-300x169-1.jpeg","contentUrl":"https:\/\/www.nettali.com\/wp-content\/uploads\/2025\/01\/IMG_0679-300x169-1.jpeg","width":300,"height":169},{"@type":"WebPage","@id":"https:\/\/www.nettali.com\/2025\/01\/08\/ivestiture-de-dramani-mahama-le-president-diomaye-faye-au-ghana\/#webpage","url":"https:\/\/www.nettali.com\/2025\/01\/08\/ivestiture-de-dramani-mahama-le-president-diomaye-faye-au-ghana\/","name":"INVESTITURE DE DRAMANI MAHAMA - Le pr\u00e9sident Diomaye Faye, au Ghana | Nettali.com","isPartOf":{"@id":"https:\/\/www.nettali.com\/#website"},"primaryImageOfPage":{"@id":"https:\/\/www.nettali.com\/2025\/01\/08\/ivestiture-de-dramani-mahama-le-president-diomaye-faye-au-ghana\/#primaryimage"},"datePublished":"2025-01-08T07:16:20+00:00","dateModified":"2025-01-08T07:16:43+00:00","author":{"@id":"https:\/\/www.nettali.com\/#\/schema\/person\/d8ac7b7e27ddad43f1c0d2ef090d7f71"},"breadcrumb":{"@id":"https:\/\/www.nettali.com\/2025\/01\/08\/ivestiture-de-dramani-mahama-le-president-diomaye-faye-au-ghana\/#breadcrumb"},"inLanguage":"fr-FR","potentialAction":[{"@type":"ReadAction","target":["https:\/\/www.nettali.com\/2025\/01\/08\/ivestiture-de-dramani-mahama-le-president-diomaye-faye-au-ghana\/"]}]},{"@type":"BreadcrumbList","@id":"https:\/\/www.nettali.com\/2025\/01\/08\/ivestiture-de-dramani-mahama-le-president-diomaye-faye-au-ghana\/#breadcrumb","itemListElement":[{"@type":"ListItem","position":1,"name":"Accueil","item":"https:\/\/www.nettali.com\/"},{"@type":"ListItem","position":2,"name":"INVESTITURE DE DRAMANI MAHAMA - Le pr\u00e9sident Diomaye Faye, au Ghana"}]},{"@type":"Person","@id":"https:\/\/www.nettali.com\/#\/schema\/person\/d8ac7b7e27ddad43f1c0d2ef090d7f71","name":"CK","image":{"@type":"ImageObject","@id":"https:\/\/www.nettali.com\/#personlogo","inLanguage":"fr-FR","url":"https:\/\/secure.gravatar.com\/avatar\/1d8d5118b9327d94da7cd4ce7f17fec2?s=96&d=mm&r=g","contentUrl":"https:\/\/secure.gravatar.com\/avatar\/1d8d5118b9327d94da7cd4ce7f17fec2?s=96&d=mm&r=g","caption":"CK"},"sameAs":["https:\/\/www.nettali.com"]}]}},"_links":{"self":[{"href":"https:\/\/www.nettali.com\/rest\/wp\/v2\/posts\/146706"}],"collection":[{"href":"https:\/\/www.nettali.com\/rest\/wp\/v2\/posts"}],"about":[{"href":"https:\/\/www.nettali.com\/rest\/wp\/v2\/types\/post"}],"author":[{"embeddable":true,"href":"https:\/\/www.nettali.com\/rest\/wp\/v2\/users\/2"}],"replies":[{"embeddable":true,"href":"https:\/\/www.nettali.com\/rest\/wp\/v2\/comments?post=146706"}],"version-history":[{"count":2,"href":"https:\/\/www.nettali.com\/rest\/wp\/v2\/posts\/146706\/revisions"}],"predecessor-version":[{"id":146709,"href":"https:\/\/www.nettali.com\/rest\/wp\/v2\/posts\/146706\/revisions\/146709"}],"wp:featuredmedia":[{"embeddable":true,"href":"https:\/\/www.nettali.com\/rest\/wp\/v2\/media\/146707"}],"wp:attachment":[{"href":"https:\/\/www.nettali.com\/rest\/wp\/v2\/media?parent=146706"}],"wp:term":[{"taxonomy":"category","embeddable":true,"href":"https:\/\/www.nettali.com\/rest\/wp\/v2\/categories?post=146706"},{"taxonomy":"post_tag","embeddable":true,"href":"https:\/\/www.nettali.com\/rest\/wp\/v2\/tags?post=146706"}],"curies":[{"name":"wp","href":"https:\/\/api.w.org\/{rel}","templated":true}]}}