{"id":146667,"date":"2025-01-07T11:56:47","date_gmt":"2025-01-07T11:56:47","guid":{"rendered":"https:\/\/www.nettali.com\/?p=146667"},"modified":"2025-01-07T11:56:47","modified_gmt":"2025-01-07T11:56:47","slug":"nomination-des-membres-du-cnra-le-cdeps-tacle-le-ministere-de-la-communication","status":"publish","type":"post","link":"https:\/\/www.nettali.com\/2025\/01\/07\/nomination-des-membres-du-cnra-le-cdeps-tacle-le-ministere-de-la-communication\/","title":{"rendered":"NOMINATION DES MEMBRES DU CNRA - Le Cdeps tacle le minist\u00e8re de la Communication"},"content":{"rendered":"<p><strong>NETTALI.COM - Le secteur des m\u00e9dias au S\u00e9n\u00e9gal est de nouveau secou\u00e9 par les agissements du ministre de la Communication, des T\u00e9l\u00e9communications et du Num\u00e9rique, avec la publication du d\u00e9cret 2024-3401, portant nomination des membres du Conseil national de R\u00e9gulation de l\u2019Audiovisuel (CNRA), en date du 11 d\u00e9cembre 2024. Selon le Cdeps, ce document rec\u00e8le beaucoup de manquements, qui d\u00e9notent, encore une fois, de l\u2019incomp\u00e9tence du ministre de la Communication.<\/strong><\/p>\n<p>Selon le Cdeps,\u00a0 la nomination des membres du Cnra est de la seule comp\u00e9tence du pr\u00e9sident de la R\u00e9publique. <em>\"En aucun cas, la nomination des membres du CNRA ne saurait l\u2019\u00eatre sur proposition du ministre de la Communication\"<\/em>, \u00e9crit le pr\u00e9sident du Cdeps, Mamoudou Ibra Kane, dans un communiqu\u00e9.<\/p>\n<p>Il rappelle que les membres du CNRA ont un mandat de six ans, non renouvelable et non r\u00e9vocable. <em>\"Il ne s\u2019agit nullement de les remplacer. C\u2019est l\u00e0 aussi simplement une nouvelle maladresse du fait d\u2019une m\u00e9connaissance totale des textes qui r\u00e9gissent le secteur\"<\/em>, laisse-t-il entendre.<\/p>\n<p>Le CDEPS invite urgemment le pouvoir \u00e0 mettre en place la Haute Autorit\u00e9 de R\u00e9gulation de la Communication audiovisuelle (HARCA), qui doit remplacer depuis fort longtemps l'actuel CNRA, conform\u00e9ment aux textes pertinents du nouveau Code de la presse, tout en respectant les crit\u00e8res objectifs de nomination. Le \u00abjub, jubal, jubanti\u00bb commence par le respect des lois en vigueur, sinon il reste un slogan creux.<br \/>\n\"\u00c0 vrai dire, ces nouveaux agissements du ministre de la Communication sont en droite ligne de toutes les entorses de son minist\u00e8re depuis l\u2019av\u00e8nement de la troisi\u00e8me alternance politique du 24 mars 2024. L\u00e0 o\u00f9 la Constitution consacre la libert\u00e9 de la presse et le droit d\u2019entreprendre dans tous les secteurs, y compris celui des m\u00e9dias, le ministre commet la forfaiture de s\u2019arroger le droit de dire qui est m\u00e9dia l\u00e9gal ou non et quelle entreprise de presse a le droit d\u2019exercer sur le territoire s\u00e9n\u00e9galais ou non.<br \/>\nR\u00e9cemment, l\u2019avant-projet de la loi sur la publicit\u00e9 exclut, tant dans sa phase d\u2019\u00e9laboration que dans l\u2019identification des acteurs du secteur, les entreprises de presse qui sont sans conteste des supports naturels de la r\u00e9clame commerciale\", fustige le Cnra.<\/p>\n<p>Selon lui, tous ces agissements du ministre de la Communication, sous le r\u00e9gime du Pr\u00e9sident Bassirou Diomaye Diakhar Faye, ont fini par instaurer une situation de tension permanente avec les m\u00e9dias depuis bient\u00f4t 10 mois (289 jours). <em>\"C'est le r\u00e8gne de la terreur et de l'arbitraire dans le secteur de la presse au S\u00e9n\u00e9gal depuis la nomination de l\u2019actuel ministre. Au S\u00e9n\u00e9gal, on ne parle plus de menaces, mais d\u2019atteintes r\u00e9currentes \u00e0 la libert\u00e9 de presse\",<\/em> laisse-t-il entendre.<\/p>\n<div class='share-to-whatsapp-wrapper'><div class='share-on-whsp'>PARTAGER SUR : <\/div><a data-text='NOMINATION DES MEMBRES DU CNRA - Le Cdeps tacle le minist\u00e8re de la Communication' data-link='https:\/\/www.nettali.com\/2025\/01\/07\/nomination-des-membres-du-cnra-le-cdeps-tacle-le-ministere-de-la-communication\/' class='whatsapp-button whatsapp-share'>WhatsApp<\/a><div class='clear '><\/div><\/div>","protected":false},"excerpt":{"rendered":"<p>NETTALI.COM - Le secteur des m\u00e9dias au S\u00e9n\u00e9gal est de nouveau secou\u00e9 par les agissements du ministre de la Communication, des T\u00e9l\u00e9communications et du Num\u00e9rique, avec la publication du d\u00e9cret 2024-3401, portant nomination des membres du Conseil national de R\u00e9gulation de l\u2019Audiovisuel (CNRA), en date du 11 d\u00e9cembre 2024. Selon le Cdeps, ce document rec\u00e8le [&hellip;]<\/p>\n","protected":false},"author":4,"featured_media":144838,"comment_status":"open","ping_status":"open","sticky":false,"template":"","format":"standard","meta":{"_et_pb_use_builder":"","_et_pb_old_content":""},"categories":[3],"tags":[],"yoast_head":"<!-- This site is optimized with the Yoast SEO Premium plugin v17.8 (Yoast SEO v17.8) - https:\/\/yoast.com\/wordpress\/plugins\/seo\/ -->\n<title>NOMINATION DES MEMBRES DU CNRA - Le Cdeps tacle le minist\u00e8re de la Communication | Nettali.com<\/title>\n<meta name=\"robots\" content=\"index, follow, max-snippet:-1, max-image-preview:large, max-video-preview:-1\" \/>\n<link rel=\"canonical\" href=\"https:\/\/www.nettali.com\/2025\/01\/07\/nomination-des-membres-du-cnra-le-cdeps-tacle-le-ministere-de-la-communication\/\" \/>\n<meta property=\"og:locale\" content=\"fr_FR\" \/>\n<meta property=\"og:type\" content=\"article\" \/>\n<meta property=\"og:title\" content=\"NOMINATION DES MEMBRES DU CNRA - Le Cdeps tacle le minist\u00e8re de la Communication\" \/>\n<meta property=\"og:description\" content=\"NETTALI.COM - Le secteur des m\u00e9dias au S\u00e9n\u00e9gal est de nouveau secou\u00e9 par les agissements du ministre de la Communication, des T\u00e9l\u00e9communications et du Num\u00e9rique, avec la publication du d\u00e9cret 2024-3401, portant nomination des membres du Conseil national de R\u00e9gulation de l\u2019Audiovisuel (CNRA), en date du 11 d\u00e9cembre 2024. Selon le Cdeps, ce document rec\u00e8le [&hellip;]\" \/>\n<meta property=\"og:url\" content=\"https:\/\/www.nettali.com\/2025\/01\/07\/nomination-des-membres-du-cnra-le-cdeps-tacle-le-ministere-de-la-communication\/\" \/>\n<meta property=\"og:site_name\" content=\"Nettali.com\" \/>\n<meta property=\"article:publisher\" content=\"https:\/\/www.facebook.com\/nettalicom\" \/>\n<meta property=\"article:published_time\" content=\"2025-01-07T11:56:47+00:00\" \/>\n<meta property=\"og:image\" content=\"https:\/\/www.nettali.com\/wp-content\/uploads\/2024\/12\/mamadou-Ibra-Kane.jpg\" \/>\n\t<meta property=\"og:image:width\" content=\"539\" \/>\n\t<meta property=\"og:image:height\" content=\"408\" \/>\n<meta name=\"twitter:card\" content=\"summary_large_image\" \/>\n<meta name=\"twitter:label1\" content=\"\u00c9crit par\" \/>\n\t<meta name=\"twitter:data1\" content=\"Daouda\" \/>\n\t<meta name=\"twitter:label2\" content=\"Dur\u00e9e de lecture estim\u00e9e\" \/>\n\t<meta name=\"twitter:data2\" content=\"3 minutes\" \/>\n<script type=\"application\/ld+json\" class=\"yoast-schema-graph\">{\"@context\":\"https:\/\/schema.org\",\"@graph\":[{\"@type\":\"WebSite\",\"@id\":\"https:\/\/www.nettali.com\/#website\",\"url\":\"https:\/\/www.nettali.com\/\",\"name\":\"Nettali.com\",\"description\":\"Le rendez-vous critique du Net\",\"potentialAction\":[{\"@type\":\"SearchAction\",\"target\":{\"@type\":\"EntryPoint\",\"urlTemplate\":\"https:\/\/www.nettali.com\/?s={search_term_string}\"},\"query-input\":\"required name=search_term_string\"}],\"inLanguage\":\"fr-FR\"},{\"@type\":\"ImageObject\",\"@id\":\"https:\/\/www.nettali.com\/2025\/01\/07\/nomination-des-membres-du-cnra-le-cdeps-tacle-le-ministere-de-la-communication\/#primaryimage\",\"inLanguage\":\"fr-FR\",\"url\":\"https:\/\/www.nettali.com\/wp-content\/uploads\/2024\/12\/mamadou-Ibra-Kane.jpg\",\"contentUrl\":\"https:\/\/www.nettali.com\/wp-content\/uploads\/2024\/12\/mamadou-Ibra-Kane.jpg\",\"width\":539,\"height\":408},{\"@type\":\"WebPage\",\"@id\":\"https:\/\/www.nettali.com\/2025\/01\/07\/nomination-des-membres-du-cnra-le-cdeps-tacle-le-ministere-de-la-communication\/#webpage\",\"url\":\"https:\/\/www.nettali.com\/2025\/01\/07\/nomination-des-membres-du-cnra-le-cdeps-tacle-le-ministere-de-la-communication\/\",\"name\":\"NOMINATION DES MEMBRES DU CNRA - Le Cdeps tacle le minist\\u00e8re de la Communication | Nettali.com\",\"isPartOf\":{\"@id\":\"https:\/\/www.nettali.com\/#website\"},\"primaryImageOfPage\":{\"@id\":\"https:\/\/www.nettali.com\/2025\/01\/07\/nomination-des-membres-du-cnra-le-cdeps-tacle-le-ministere-de-la-communication\/#primaryimage\"},\"datePublished\":\"2025-01-07T11:56:47+00:00\",\"dateModified\":\"2025-01-07T11:56:47+00:00\",\"author\":{\"@id\":\"https:\/\/www.nettali.com\/#\/schema\/person\/3317e0bb3aa1da309fbf7b2780901bf4\"},\"breadcrumb\":{\"@id\":\"https:\/\/www.nettali.com\/2025\/01\/07\/nomination-des-membres-du-cnra-le-cdeps-tacle-le-ministere-de-la-communication\/#breadcrumb\"},\"inLanguage\":\"fr-FR\",\"potentialAction\":[{\"@type\":\"ReadAction\",\"target\":[\"https:\/\/www.nettali.com\/2025\/01\/07\/nomination-des-membres-du-cnra-le-cdeps-tacle-le-ministere-de-la-communication\/\"]}]},{\"@type\":\"BreadcrumbList\",\"@id\":\"https:\/\/www.nettali.com\/2025\/01\/07\/nomination-des-membres-du-cnra-le-cdeps-tacle-le-ministere-de-la-communication\/#breadcrumb\",\"itemListElement\":[{\"@type\":\"ListItem\",\"position\":1,\"name\":\"Accueil\",\"item\":\"https:\/\/www.nettali.com\/\"},{\"@type\":\"ListItem\",\"position\":2,\"name\":\"NOMINATION DES MEMBRES DU CNRA - Le Cdeps tacle le minist\\u00e8re de la Communication\"}]},{\"@type\":\"Person\",\"@id\":\"https:\/\/www.nettali.com\/#\/schema\/person\/3317e0bb3aa1da309fbf7b2780901bf4\",\"name\":\"Daouda\",\"image\":{\"@type\":\"ImageObject\",\"@id\":\"https:\/\/www.nettali.com\/#personlogo\",\"inLanguage\":\"fr-FR\",\"url\":\"https:\/\/secure.gravatar.com\/avatar\/8d143b5a49345098ddcfee1c49c2f47c?s=96&d=mm&r=g\",\"contentUrl\":\"https:\/\/secure.gravatar.com\/avatar\/8d143b5a49345098ddcfee1c49c2f47c?s=96&d=mm&r=g\",\"caption\":\"Daouda\"},\"sameAs\":[\"https:\/\/www.nettali.com\"]}]}<\/script>\n<!-- \/ Yoast SEO Premium plugin. -->","yoast_head_json":{"title":"NOMINATION DES MEMBRES DU CNRA - Le Cdeps tacle le minist\u00e8re de la Communication | Nettali.com","robots":{"index":"index","follow":"follow","max-snippet":"max-snippet:-1","max-image-preview":"max-image-preview:large","max-video-preview":"max-video-preview:-1"},"canonical":"https:\/\/www.nettali.com\/2025\/01\/07\/nomination-des-membres-du-cnra-le-cdeps-tacle-le-ministere-de-la-communication\/","og_locale":"fr_FR","og_type":"article","og_title":"NOMINATION DES MEMBRES DU CNRA - Le Cdeps tacle le minist\u00e8re de la Communication","og_description":"NETTALI.COM - Le secteur des m\u00e9dias au S\u00e9n\u00e9gal est de nouveau secou\u00e9 par les agissements du ministre de la Communication, des T\u00e9l\u00e9communications et du Num\u00e9rique, avec la publication du d\u00e9cret 2024-3401, portant nomination des membres du Conseil national de R\u00e9gulation de l\u2019Audiovisuel (CNRA), en date du 11 d\u00e9cembre 2024. Selon le Cdeps, ce document rec\u00e8le [&hellip;]","og_url":"https:\/\/www.nettali.com\/2025\/01\/07\/nomination-des-membres-du-cnra-le-cdeps-tacle-le-ministere-de-la-communication\/","og_site_name":"Nettali.com","article_publisher":"https:\/\/www.facebook.com\/nettalicom","article_published_time":"2025-01-07T11:56:47+00:00","og_image":[{"width":539,"height":408,"url":"https:\/\/www.nettali.com\/wp-content\/uploads\/2024\/12\/mamadou-Ibra-Kane.jpg","type":"image\/jpeg"}],"twitter_card":"summary_large_image","twitter_misc":{"\u00c9crit par":"Daouda","Dur\u00e9e de lecture estim\u00e9e":"3 minutes"},"schema":{"@context":"https:\/\/schema.org","@graph":[{"@type":"WebSite","@id":"https:\/\/www.nettali.com\/#website","url":"https:\/\/www.nettali.com\/","name":"Nettali.com","description":"Le rendez-vous critique du Net","potentialAction":[{"@type":"SearchAction","target":{"@type":"EntryPoint","urlTemplate":"https:\/\/www.nettali.com\/?s={search_term_string}"},"query-input":"required name=search_term_string"}],"inLanguage":"fr-FR"},{"@type":"ImageObject","@id":"https:\/\/www.nettali.com\/2025\/01\/07\/nomination-des-membres-du-cnra-le-cdeps-tacle-le-ministere-de-la-communication\/#primaryimage","inLanguage":"fr-FR","url":"https:\/\/www.nettali.com\/wp-content\/uploads\/2024\/12\/mamadou-Ibra-Kane.jpg","contentUrl":"https:\/\/www.nettali.com\/wp-content\/uploads\/2024\/12\/mamadou-Ibra-Kane.jpg","width":539,"height":408},{"@type":"WebPage","@id":"https:\/\/www.nettali.com\/2025\/01\/07\/nomination-des-membres-du-cnra-le-cdeps-tacle-le-ministere-de-la-communication\/#webpage","url":"https:\/\/www.nettali.com\/2025\/01\/07\/nomination-des-membres-du-cnra-le-cdeps-tacle-le-ministere-de-la-communication\/","name":"NOMINATION DES MEMBRES DU CNRA - Le Cdeps tacle le minist\u00e8re de la Communication | Nettali.com","isPartOf":{"@id":"https:\/\/www.nettali.com\/#website"},"primaryImageOfPage":{"@id":"https:\/\/www.nettali.com\/2025\/01\/07\/nomination-des-membres-du-cnra-le-cdeps-tacle-le-ministere-de-la-communication\/#primaryimage"},"datePublished":"2025-01-07T11:56:47+00:00","dateModified":"2025-01-07T11:56:47+00:00","author":{"@id":"https:\/\/www.nettali.com\/#\/schema\/person\/3317e0bb3aa1da309fbf7b2780901bf4"},"breadcrumb":{"@id":"https:\/\/www.nettali.com\/2025\/01\/07\/nomination-des-membres-du-cnra-le-cdeps-tacle-le-ministere-de-la-communication\/#breadcrumb"},"inLanguage":"fr-FR","potentialAction":[{"@type":"ReadAction","target":["https:\/\/www.nettali.com\/2025\/01\/07\/nomination-des-membres-du-cnra-le-cdeps-tacle-le-ministere-de-la-communication\/"]}]},{"@type":"BreadcrumbList","@id":"https:\/\/www.nettali.com\/2025\/01\/07\/nomination-des-membres-du-cnra-le-cdeps-tacle-le-ministere-de-la-communication\/#breadcrumb","itemListElement":[{"@type":"ListItem","position":1,"name":"Accueil","item":"https:\/\/www.nettali.com\/"},{"@type":"ListItem","position":2,"name":"NOMINATION DES MEMBRES DU CNRA - Le Cdeps tacle le minist\u00e8re de la Communication"}]},{"@type":"Person","@id":"https:\/\/www.nettali.com\/#\/schema\/person\/3317e0bb3aa1da309fbf7b2780901bf4","name":"Daouda","image":{"@type":"ImageObject","@id":"https:\/\/www.nettali.com\/#personlogo","inLanguage":"fr-FR","url":"https:\/\/secure.gravatar.com\/avatar\/8d143b5a49345098ddcfee1c49c2f47c?s=96&d=mm&r=g","contentUrl":"https:\/\/secure.gravatar.com\/avatar\/8d143b5a49345098ddcfee1c49c2f47c?s=96&d=mm&r=g","caption":"Daouda"},"sameAs":["https:\/\/www.nettali.com"]}]}},"_links":{"self":[{"href":"https:\/\/www.nettali.com\/rest\/wp\/v2\/posts\/146667"}],"collection":[{"href":"https:\/\/www.nettali.com\/rest\/wp\/v2\/posts"}],"about":[{"href":"https:\/\/www.nettali.com\/rest\/wp\/v2\/types\/post"}],"author":[{"embeddable":true,"href":"https:\/\/www.nettali.com\/rest\/wp\/v2\/users\/4"}],"replies":[{"embeddable":true,"href":"https:\/\/www.nettali.com\/rest\/wp\/v2\/comments?post=146667"}],"version-history":[{"count":1,"href":"https:\/\/www.nettali.com\/rest\/wp\/v2\/posts\/146667\/revisions"}],"predecessor-version":[{"id":146669,"href":"https:\/\/www.nettali.com\/rest\/wp\/v2\/posts\/146667\/revisions\/146669"}],"wp:featuredmedia":[{"embeddable":true,"href":"https:\/\/www.nettali.com\/rest\/wp\/v2\/media\/144838"}],"wp:attachment":[{"href":"https:\/\/www.nettali.com\/rest\/wp\/v2\/media?parent=146667"}],"wp:term":[{"taxonomy":"category","embeddable":true,"href":"https:\/\/www.nettali.com\/rest\/wp\/v2\/categories?post=146667"},{"taxonomy":"post_tag","embeddable":true,"href":"https:\/\/www.nettali.com\/rest\/wp\/v2\/tags?post=146667"}],"curies":[{"name":"wp","href":"https:\/\/api.w.org\/{rel}","templated":true}]}}