{"id":146640,"date":"2025-01-07T08:01:10","date_gmt":"2025-01-07T08:01:10","guid":{"rendered":"https:\/\/www.nettali.com\/?p=146640"},"modified":"2025-01-08T19:50:44","modified_gmt":"2025-01-08T19:50:44","slug":"sivasspor-le-contrat-de-diao-balde-keita-resilie","status":"publish","type":"post","link":"https:\/\/www.nettali.com\/2025\/01\/07\/sivasspor-le-contrat-de-diao-balde-keita-resilie\/","title":{"rendered":"SIVASSPOR - Le contrat de Diao Bald\u00e9 Ke\u00efta r\u00e9sili\u00e9"},"content":{"rendered":"<p><strong>NETTALI.COM - Comme annonc\u00e9 depuis plusieurs jours, le d\u00e9part de Ke\u00efta Bald\u00e9 de Sivasspor est officiel ce lundi 6 janvier. Le club turc a d\u00e9cid\u00e9 de rompre le contrat de l\u2019attaquant s\u00e9n\u00e9galais.<\/strong><\/p>\n<p>C\u2019\u00e9tait annonc\u00e9, c\u2019est d\u00e9sormais officiel : Ke\u00efta Bald\u00e9 Diao n\u2019est plus un joueur de Sivasspor. Ce lundi 6 janvier, le club turc a mis fin au contrat de l\u2019attaquant s\u00e9n\u00e9galais de 29 ans, arriv\u00e9 libre l\u2019\u00e9t\u00e9 dernier mais qui n\u2019aura pas convaincu en S\u00fcper Lig avec seulement un but marqu\u00e9 en onze apparitions.<\/p>\n<p>L\u2019ancien joueur de la Lazio Rome, de l\u2019AS Monaco de l\u2019Inter Milan ou encore de l\u2019Espanyol Barcelone doit donc une nouvelle fois retrouver chaussure \u00e0 son pied et aller se relancer ailleurs.<\/p>\n<p>Reste \u00e0 voir quel club serait pr\u00eat \u00e0 accueillir le champion d'Afrique 2021, un joueur en grande difficult\u00e9 depuis quelques saisons maintenant<\/p>\n<div class='share-to-whatsapp-wrapper'><div class='share-on-whsp'>PARTAGER SUR : <\/div><a data-text='SIVASSPOR - Le contrat de Diao Bald\u00e9 Ke\u00efta r\u00e9sili\u00e9' data-link='https:\/\/www.nettali.com\/2025\/01\/07\/sivasspor-le-contrat-de-diao-balde-keita-resilie\/' class='whatsapp-button whatsapp-share'>WhatsApp<\/a><div class='clear '><\/div><\/div>","protected":false},"excerpt":{"rendered":"<p>NETTALI.COM - Comme annonc\u00e9 depuis plusieurs jours, le d\u00e9part de Ke\u00efta Bald\u00e9 de Sivasspor est officiel ce lundi 6 janvier. Le club turc a d\u00e9cid\u00e9 de rompre le contrat de l\u2019attaquant s\u00e9n\u00e9galais. C\u2019\u00e9tait annonc\u00e9, c\u2019est d\u00e9sormais officiel : Ke\u00efta Bald\u00e9 Diao n\u2019est plus un joueur de Sivasspor. Ce lundi 6 janvier, le club turc a [&hellip;]<\/p>\n","protected":false},"author":5,"featured_media":146642,"comment_status":"open","ping_status":"open","sticky":false,"template":"","format":"standard","meta":{"_et_pb_use_builder":"","_et_pb_old_content":""},"categories":[6],"tags":[],"yoast_head":"<!-- This site is optimized with the Yoast SEO Premium plugin v17.8 (Yoast SEO v17.8) - https:\/\/yoast.com\/wordpress\/plugins\/seo\/ -->\n<title>SIVASSPOR - Le contrat de Diao Bald\u00e9 Ke\u00efta r\u00e9sili\u00e9 | Nettali.com<\/title>\n<meta name=\"robots\" content=\"index, follow, max-snippet:-1, max-image-preview:large, max-video-preview:-1\" \/>\n<link rel=\"canonical\" href=\"https:\/\/www.nettali.com\/2025\/01\/07\/sivasspor-le-contrat-de-diao-balde-keita-resilie\/\" \/>\n<meta property=\"og:locale\" content=\"fr_FR\" \/>\n<meta property=\"og:type\" content=\"article\" \/>\n<meta property=\"og:title\" content=\"SIVASSPOR - Le contrat de Diao Bald\u00e9 Ke\u00efta r\u00e9sili\u00e9\" \/>\n<meta property=\"og:description\" content=\"NETTALI.COM - Comme annonc\u00e9 depuis plusieurs jours, le d\u00e9part de Ke\u00efta Bald\u00e9 de Sivasspor est officiel ce lundi 6 janvier. Le club turc a d\u00e9cid\u00e9 de rompre le contrat de l\u2019attaquant s\u00e9n\u00e9galais. C\u2019\u00e9tait annonc\u00e9, c\u2019est d\u00e9sormais officiel : Ke\u00efta Bald\u00e9 Diao n\u2019est plus un joueur de Sivasspor. Ce lundi 6 janvier, le club turc a [&hellip;]\" \/>\n<meta property=\"og:url\" content=\"https:\/\/www.nettali.com\/2025\/01\/07\/sivasspor-le-contrat-de-diao-balde-keita-resilie\/\" \/>\n<meta property=\"og:site_name\" content=\"Nettali.com\" \/>\n<meta property=\"article:publisher\" content=\"https:\/\/www.facebook.com\/nettalicom\" \/>\n<meta property=\"article:published_time\" content=\"2025-01-07T08:01:10+00:00\" \/>\n<meta property=\"article:modified_time\" content=\"2025-01-08T19:50:44+00:00\" \/>\n<meta property=\"og:image\" content=\"https:\/\/www.nettali.com\/wp-content\/uploads\/2025\/01\/GVXMUSIWIAAXFiG-scaled-1.jpeg\" \/>\n\t<meta property=\"og:image:width\" content=\"2560\" \/>\n\t<meta property=\"og:image:height\" content=\"1832\" \/>\n<meta name=\"twitter:card\" content=\"summary_large_image\" \/>\n<meta name=\"twitter:label1\" content=\"\u00c9crit par\" \/>\n\t<meta name=\"twitter:data1\" content=\"Ibrahima\" \/>\n\t<meta name=\"twitter:label2\" content=\"Dur\u00e9e de lecture estim\u00e9e\" \/>\n\t<meta name=\"twitter:data2\" content=\"1 minute\" \/>\n<script type=\"application\/ld+json\" class=\"yoast-schema-graph\">{\"@context\":\"https:\/\/schema.org\",\"@graph\":[{\"@type\":\"WebSite\",\"@id\":\"https:\/\/www.nettali.com\/#website\",\"url\":\"https:\/\/www.nettali.com\/\",\"name\":\"Nettali.com\",\"description\":\"Le rendez-vous critique du Net\",\"potentialAction\":[{\"@type\":\"SearchAction\",\"target\":{\"@type\":\"EntryPoint\",\"urlTemplate\":\"https:\/\/www.nettali.com\/?s={search_term_string}\"},\"query-input\":\"required name=search_term_string\"}],\"inLanguage\":\"fr-FR\"},{\"@type\":\"ImageObject\",\"@id\":\"https:\/\/www.nettali.com\/2025\/01\/07\/sivasspor-le-contrat-de-diao-balde-keita-resilie\/#primaryimage\",\"inLanguage\":\"fr-FR\",\"url\":\"https:\/\/www.nettali.com\/wp-content\/uploads\/2025\/01\/GVXMUSIWIAAXFiG-scaled-1.jpeg\",\"contentUrl\":\"https:\/\/www.nettali.com\/wp-content\/uploads\/2025\/01\/GVXMUSIWIAAXFiG-scaled-1.jpeg\",\"width\":2560,\"height\":1832},{\"@type\":\"WebPage\",\"@id\":\"https:\/\/www.nettali.com\/2025\/01\/07\/sivasspor-le-contrat-de-diao-balde-keita-resilie\/#webpage\",\"url\":\"https:\/\/www.nettali.com\/2025\/01\/07\/sivasspor-le-contrat-de-diao-balde-keita-resilie\/\",\"name\":\"SIVASSPOR - Le contrat de Diao Bald\\u00e9 Ke\\u00efta r\\u00e9sili\\u00e9 | Nettali.com\",\"isPartOf\":{\"@id\":\"https:\/\/www.nettali.com\/#website\"},\"primaryImageOfPage\":{\"@id\":\"https:\/\/www.nettali.com\/2025\/01\/07\/sivasspor-le-contrat-de-diao-balde-keita-resilie\/#primaryimage\"},\"datePublished\":\"2025-01-07T08:01:10+00:00\",\"dateModified\":\"2025-01-08T19:50:44+00:00\",\"author\":{\"@id\":\"https:\/\/www.nettali.com\/#\/schema\/person\/bb147657c2986240405a608162b9bb23\"},\"breadcrumb\":{\"@id\":\"https:\/\/www.nettali.com\/2025\/01\/07\/sivasspor-le-contrat-de-diao-balde-keita-resilie\/#breadcrumb\"},\"inLanguage\":\"fr-FR\",\"potentialAction\":[{\"@type\":\"ReadAction\",\"target\":[\"https:\/\/www.nettali.com\/2025\/01\/07\/sivasspor-le-contrat-de-diao-balde-keita-resilie\/\"]}]},{\"@type\":\"BreadcrumbList\",\"@id\":\"https:\/\/www.nettali.com\/2025\/01\/07\/sivasspor-le-contrat-de-diao-balde-keita-resilie\/#breadcrumb\",\"itemListElement\":[{\"@type\":\"ListItem\",\"position\":1,\"name\":\"Accueil\",\"item\":\"https:\/\/www.nettali.com\/\"},{\"@type\":\"ListItem\",\"position\":2,\"name\":\"SIVASSPOR - Le contrat de Diao Bald\\u00e9 Ke\\u00efta r\\u00e9sili\\u00e9\"}]},{\"@type\":\"Person\",\"@id\":\"https:\/\/www.nettali.com\/#\/schema\/person\/bb147657c2986240405a608162b9bb23\",\"name\":\"Ibrahima\",\"image\":{\"@type\":\"ImageObject\",\"@id\":\"https:\/\/www.nettali.com\/#personlogo\",\"inLanguage\":\"fr-FR\",\"url\":\"https:\/\/secure.gravatar.com\/avatar\/26a8a81f09f0dd7624c9d5c36c9ba3a2?s=96&d=mm&r=g\",\"contentUrl\":\"https:\/\/secure.gravatar.com\/avatar\/26a8a81f09f0dd7624c9d5c36c9ba3a2?s=96&d=mm&r=g\",\"caption\":\"Ibrahima\"},\"sameAs\":[\"https:\/\/www.nettali.com\"]}]}<\/script>\n<!-- \/ Yoast SEO Premium plugin. -->","yoast_head_json":{"title":"SIVASSPOR - Le contrat de Diao Bald\u00e9 Ke\u00efta r\u00e9sili\u00e9 | Nettali.com","robots":{"index":"index","follow":"follow","max-snippet":"max-snippet:-1","max-image-preview":"max-image-preview:large","max-video-preview":"max-video-preview:-1"},"canonical":"https:\/\/www.nettali.com\/2025\/01\/07\/sivasspor-le-contrat-de-diao-balde-keita-resilie\/","og_locale":"fr_FR","og_type":"article","og_title":"SIVASSPOR - Le contrat de Diao Bald\u00e9 Ke\u00efta r\u00e9sili\u00e9","og_description":"NETTALI.COM - Comme annonc\u00e9 depuis plusieurs jours, le d\u00e9part de Ke\u00efta Bald\u00e9 de Sivasspor est officiel ce lundi 6 janvier. Le club turc a d\u00e9cid\u00e9 de rompre le contrat de l\u2019attaquant s\u00e9n\u00e9galais. C\u2019\u00e9tait annonc\u00e9, c\u2019est d\u00e9sormais officiel : Ke\u00efta Bald\u00e9 Diao n\u2019est plus un joueur de Sivasspor. Ce lundi 6 janvier, le club turc a [&hellip;]","og_url":"https:\/\/www.nettali.com\/2025\/01\/07\/sivasspor-le-contrat-de-diao-balde-keita-resilie\/","og_site_name":"Nettali.com","article_publisher":"https:\/\/www.facebook.com\/nettalicom","article_published_time":"2025-01-07T08:01:10+00:00","article_modified_time":"2025-01-08T19:50:44+00:00","og_image":[{"width":2560,"height":1832,"url":"https:\/\/www.nettali.com\/wp-content\/uploads\/2025\/01\/GVXMUSIWIAAXFiG-scaled-1.jpeg","type":"image\/jpeg"}],"twitter_card":"summary_large_image","twitter_misc":{"\u00c9crit par":"Ibrahima","Dur\u00e9e de lecture estim\u00e9e":"1 minute"},"schema":{"@context":"https:\/\/schema.org","@graph":[{"@type":"WebSite","@id":"https:\/\/www.nettali.com\/#website","url":"https:\/\/www.nettali.com\/","name":"Nettali.com","description":"Le rendez-vous critique du Net","potentialAction":[{"@type":"SearchAction","target":{"@type":"EntryPoint","urlTemplate":"https:\/\/www.nettali.com\/?s={search_term_string}"},"query-input":"required name=search_term_string"}],"inLanguage":"fr-FR"},{"@type":"ImageObject","@id":"https:\/\/www.nettali.com\/2025\/01\/07\/sivasspor-le-contrat-de-diao-balde-keita-resilie\/#primaryimage","inLanguage":"fr-FR","url":"https:\/\/www.nettali.com\/wp-content\/uploads\/2025\/01\/GVXMUSIWIAAXFiG-scaled-1.jpeg","contentUrl":"https:\/\/www.nettali.com\/wp-content\/uploads\/2025\/01\/GVXMUSIWIAAXFiG-scaled-1.jpeg","width":2560,"height":1832},{"@type":"WebPage","@id":"https:\/\/www.nettali.com\/2025\/01\/07\/sivasspor-le-contrat-de-diao-balde-keita-resilie\/#webpage","url":"https:\/\/www.nettali.com\/2025\/01\/07\/sivasspor-le-contrat-de-diao-balde-keita-resilie\/","name":"SIVASSPOR - Le contrat de Diao Bald\u00e9 Ke\u00efta r\u00e9sili\u00e9 | Nettali.com","isPartOf":{"@id":"https:\/\/www.nettali.com\/#website"},"primaryImageOfPage":{"@id":"https:\/\/www.nettali.com\/2025\/01\/07\/sivasspor-le-contrat-de-diao-balde-keita-resilie\/#primaryimage"},"datePublished":"2025-01-07T08:01:10+00:00","dateModified":"2025-01-08T19:50:44+00:00","author":{"@id":"https:\/\/www.nettali.com\/#\/schema\/person\/bb147657c2986240405a608162b9bb23"},"breadcrumb":{"@id":"https:\/\/www.nettali.com\/2025\/01\/07\/sivasspor-le-contrat-de-diao-balde-keita-resilie\/#breadcrumb"},"inLanguage":"fr-FR","potentialAction":[{"@type":"ReadAction","target":["https:\/\/www.nettali.com\/2025\/01\/07\/sivasspor-le-contrat-de-diao-balde-keita-resilie\/"]}]},{"@type":"BreadcrumbList","@id":"https:\/\/www.nettali.com\/2025\/01\/07\/sivasspor-le-contrat-de-diao-balde-keita-resilie\/#breadcrumb","itemListElement":[{"@type":"ListItem","position":1,"name":"Accueil","item":"https:\/\/www.nettali.com\/"},{"@type":"ListItem","position":2,"name":"SIVASSPOR - Le contrat de Diao Bald\u00e9 Ke\u00efta r\u00e9sili\u00e9"}]},{"@type":"Person","@id":"https:\/\/www.nettali.com\/#\/schema\/person\/bb147657c2986240405a608162b9bb23","name":"Ibrahima","image":{"@type":"ImageObject","@id":"https:\/\/www.nettali.com\/#personlogo","inLanguage":"fr-FR","url":"https:\/\/secure.gravatar.com\/avatar\/26a8a81f09f0dd7624c9d5c36c9ba3a2?s=96&d=mm&r=g","contentUrl":"https:\/\/secure.gravatar.com\/avatar\/26a8a81f09f0dd7624c9d5c36c9ba3a2?s=96&d=mm&r=g","caption":"Ibrahima"},"sameAs":["https:\/\/www.nettali.com"]}]}},"_links":{"self":[{"href":"https:\/\/www.nettali.com\/rest\/wp\/v2\/posts\/146640"}],"collection":[{"href":"https:\/\/www.nettali.com\/rest\/wp\/v2\/posts"}],"about":[{"href":"https:\/\/www.nettali.com\/rest\/wp\/v2\/types\/post"}],"author":[{"embeddable":true,"href":"https:\/\/www.nettali.com\/rest\/wp\/v2\/users\/5"}],"replies":[{"embeddable":true,"href":"https:\/\/www.nettali.com\/rest\/wp\/v2\/comments?post=146640"}],"version-history":[{"count":2,"href":"https:\/\/www.nettali.com\/rest\/wp\/v2\/posts\/146640\/revisions"}],"predecessor-version":[{"id":146644,"href":"https:\/\/www.nettali.com\/rest\/wp\/v2\/posts\/146640\/revisions\/146644"}],"wp:featuredmedia":[{"embeddable":true,"href":"https:\/\/www.nettali.com\/rest\/wp\/v2\/media\/146642"}],"wp:attachment":[{"href":"https:\/\/www.nettali.com\/rest\/wp\/v2\/media?parent=146640"}],"wp:term":[{"taxonomy":"category","embeddable":true,"href":"https:\/\/www.nettali.com\/rest\/wp\/v2\/categories?post=146640"},{"taxonomy":"post_tag","embeddable":true,"href":"https:\/\/www.nettali.com\/rest\/wp\/v2\/tags?post=146640"}],"curies":[{"name":"wp","href":"https:\/\/api.w.org\/{rel}","templated":true}]}}