{"id":146637,"date":"2025-01-07T07:46:41","date_gmt":"2025-01-07T07:46:41","guid":{"rendered":"https:\/\/www.nettali.com\/?p=146637"},"modified":"2025-01-07T07:46:41","modified_gmt":"2025-01-07T07:46:41","slug":"mamoudou-ibra-kane-sur-la-sortie-de-sonko-on-ne-gouverne-pas-avec-les-reseaux-sociaux","status":"publish","type":"post","link":"https:\/\/www.nettali.com\/2025\/01\/07\/mamoudou-ibra-kane-sur-la-sortie-de-sonko-on-ne-gouverne-pas-avec-les-reseaux-sociaux\/","title":{"rendered":"MAMOUDOU IBRA KANE SUR LA SORTIE DE SONKO - \" On ne gouverne pas avec les r\u00e9seaux sociaux...\""},"content":{"rendered":"<p><strong>NETTALI.COM -<\/strong> Une sortie largement comment\u00e9e, c'est celle d'Ousmane Sonko, apr\u00e8s qu'il a vol\u00e9 au secours du pr\u00e9sident de la r\u00e9publique, suite au toll\u00e9 provoqu\u00e9 sur les r\u00e9seaux sociaux, par la nomination de Aoua Bocar Ly Tall au Conseil National de R\u00e9gulation de l\u2019Audiovisuel (CNRA) . Mais sa sortie a attir\u00e9 les critiques de l\u2019opposant Mamoudou Ibra Kane.<\/p>\n<p>Selon le leader de\u00a0 \"<em>Demain c\u2019est maintenant<\/em>\", les nouvelles autorit\u00e9s devraient se r\u00e9server de se justifier \u00e0 la moindre pol\u00e9mique sur les r\u00e9seaux sociaux.<\/p>\n<p>\"<em>Au sujet des critiques contre certaines nominations, le probl\u00e8me est moins les oukases via les r\u00e9seaux sociaux des militants de Pastef que la propension des autorit\u00e9s de l\u2019Etat \u00e0 vouloir justifier les d\u00e9cisions du Pr\u00e9sident \u00e0 la moindre bronca. On ne gouverne pas pour les r\u00e9seaux sociaux<\/em>\", dit-il.<\/p>\n<p>Pour lui, les nominations ne devraient se baser que sur la comp\u00e9tence, peu importe l\u2019affiliation. \"<em>La solution est celle propos\u00e9e par \u2018Demain c\u2019est maintenant\u2019 : co-construction. C\u2019est elle qui permet de d\u00e9passer les clivages et de co-construire avec tous les citoyens sans distinction de race, d\u2019ethnie, de r\u00e9gion ou de parti. Quant au CNRA, il doit c\u00e9der la place \u00e0 la HARCA (code de la presse)<\/em>\", conclut le journaliste.<\/p>\n<div class='share-to-whatsapp-wrapper'><div class='share-on-whsp'>PARTAGER SUR : <\/div><a data-text='MAMOUDOU IBRA KANE SUR LA SORTIE DE SONKO - \" On ne gouverne pas avec les r\u00e9seaux sociaux...\"' data-link='https:\/\/www.nettali.com\/2025\/01\/07\/mamoudou-ibra-kane-sur-la-sortie-de-sonko-on-ne-gouverne-pas-avec-les-reseaux-sociaux\/' class='whatsapp-button whatsapp-share'>WhatsApp<\/a><div class='clear '><\/div><\/div>","protected":false},"excerpt":{"rendered":"<p>NETTALI.COM - Une sortie largement comment\u00e9e, c'est celle d'Ousmane Sonko, apr\u00e8s qu'il a vol\u00e9 au secours du pr\u00e9sident de la r\u00e9publique, suite au toll\u00e9 provoqu\u00e9 sur les r\u00e9seaux sociaux, par la nomination de Aoua Bocar Ly Tall au Conseil National de R\u00e9gulation de l\u2019Audiovisuel (CNRA) . Mais sa sortie a attir\u00e9 les critiques de l\u2019opposant [&hellip;]<\/p>\n","protected":false},"author":2,"featured_media":146638,"comment_status":"open","ping_status":"open","sticky":false,"template":"","format":"standard","meta":{"_et_pb_use_builder":"","_et_pb_old_content":""},"categories":[34945],"tags":[],"yoast_head":"<!-- This site is optimized with the Yoast SEO Premium plugin v17.8 (Yoast SEO v17.8) - https:\/\/yoast.com\/wordpress\/plugins\/seo\/ -->\n<title>MAMOUDOU IBRA KANE SUR LA SORTIE DE SONKO - &quot; On ne gouverne pas avec les r\u00e9seaux sociaux...&quot; | Nettali.com<\/title>\n<meta name=\"robots\" content=\"index, follow, max-snippet:-1, max-image-preview:large, max-video-preview:-1\" \/>\n<link rel=\"canonical\" href=\"https:\/\/www.nettali.com\/2025\/01\/07\/mamoudou-ibra-kane-sur-la-sortie-de-sonko-on-ne-gouverne-pas-avec-les-reseaux-sociaux\/\" \/>\n<meta property=\"og:locale\" content=\"fr_FR\" \/>\n<meta property=\"og:type\" content=\"article\" \/>\n<meta property=\"og:title\" content=\"MAMOUDOU IBRA KANE SUR LA SORTIE DE SONKO - &quot; On ne gouverne pas avec les r\u00e9seaux sociaux...&quot;\" \/>\n<meta property=\"og:description\" content=\"NETTALI.COM - Une sortie largement comment\u00e9e, c&#039;est celle d&#039;Ousmane Sonko, apr\u00e8s qu&#039;il a vol\u00e9 au secours du pr\u00e9sident de la r\u00e9publique, suite au toll\u00e9 provoqu\u00e9 sur les r\u00e9seaux sociaux, par la nomination de Aoua Bocar Ly Tall au Conseil National de R\u00e9gulation de l\u2019Audiovisuel (CNRA) . Mais sa sortie a attir\u00e9 les critiques de l\u2019opposant [&hellip;]\" \/>\n<meta property=\"og:url\" content=\"https:\/\/www.nettali.com\/2025\/01\/07\/mamoudou-ibra-kane-sur-la-sortie-de-sonko-on-ne-gouverne-pas-avec-les-reseaux-sociaux\/\" \/>\n<meta property=\"og:site_name\" content=\"Nettali.com\" \/>\n<meta property=\"article:publisher\" content=\"https:\/\/www.facebook.com\/nettalicom\" \/>\n<meta property=\"article:published_time\" content=\"2025-01-07T07:46:41+00:00\" \/>\n<meta property=\"og:image\" content=\"https:\/\/www.nettali.com\/wp-content\/uploads\/2025\/01\/Mamoudou-Ibra-Kane.jpg\" \/>\n\t<meta property=\"og:image:width\" content=\"600\" \/>\n\t<meta property=\"og:image:height\" content=\"406\" \/>\n<meta name=\"twitter:card\" content=\"summary_large_image\" \/>\n<meta name=\"twitter:label1\" content=\"\u00c9crit par\" \/>\n\t<meta name=\"twitter:data1\" content=\"CK\" \/>\n\t<meta name=\"twitter:label2\" content=\"Dur\u00e9e de lecture estim\u00e9e\" \/>\n\t<meta name=\"twitter:data2\" content=\"1 minute\" \/>\n<script type=\"application\/ld+json\" class=\"yoast-schema-graph\">{\"@context\":\"https:\/\/schema.org\",\"@graph\":[{\"@type\":\"WebSite\",\"@id\":\"https:\/\/www.nettali.com\/#website\",\"url\":\"https:\/\/www.nettali.com\/\",\"name\":\"Nettali.com\",\"description\":\"Le rendez-vous critique du Net\",\"potentialAction\":[{\"@type\":\"SearchAction\",\"target\":{\"@type\":\"EntryPoint\",\"urlTemplate\":\"https:\/\/www.nettali.com\/?s={search_term_string}\"},\"query-input\":\"required name=search_term_string\"}],\"inLanguage\":\"fr-FR\"},{\"@type\":\"ImageObject\",\"@id\":\"https:\/\/www.nettali.com\/2025\/01\/07\/mamoudou-ibra-kane-sur-la-sortie-de-sonko-on-ne-gouverne-pas-avec-les-reseaux-sociaux\/#primaryimage\",\"inLanguage\":\"fr-FR\",\"url\":\"https:\/\/www.nettali.com\/wp-content\/uploads\/2025\/01\/Mamoudou-Ibra-Kane.jpg\",\"contentUrl\":\"https:\/\/www.nettali.com\/wp-content\/uploads\/2025\/01\/Mamoudou-Ibra-Kane.jpg\",\"width\":600,\"height\":406},{\"@type\":\"WebPage\",\"@id\":\"https:\/\/www.nettali.com\/2025\/01\/07\/mamoudou-ibra-kane-sur-la-sortie-de-sonko-on-ne-gouverne-pas-avec-les-reseaux-sociaux\/#webpage\",\"url\":\"https:\/\/www.nettali.com\/2025\/01\/07\/mamoudou-ibra-kane-sur-la-sortie-de-sonko-on-ne-gouverne-pas-avec-les-reseaux-sociaux\/\",\"name\":\"MAMOUDOU IBRA KANE SUR LA SORTIE DE SONKO - \\\" On ne gouverne pas avec les r\\u00e9seaux sociaux...\\\" | Nettali.com\",\"isPartOf\":{\"@id\":\"https:\/\/www.nettali.com\/#website\"},\"primaryImageOfPage\":{\"@id\":\"https:\/\/www.nettali.com\/2025\/01\/07\/mamoudou-ibra-kane-sur-la-sortie-de-sonko-on-ne-gouverne-pas-avec-les-reseaux-sociaux\/#primaryimage\"},\"datePublished\":\"2025-01-07T07:46:41+00:00\",\"dateModified\":\"2025-01-07T07:46:41+00:00\",\"author\":{\"@id\":\"https:\/\/www.nettali.com\/#\/schema\/person\/d8ac7b7e27ddad43f1c0d2ef090d7f71\"},\"breadcrumb\":{\"@id\":\"https:\/\/www.nettali.com\/2025\/01\/07\/mamoudou-ibra-kane-sur-la-sortie-de-sonko-on-ne-gouverne-pas-avec-les-reseaux-sociaux\/#breadcrumb\"},\"inLanguage\":\"fr-FR\",\"potentialAction\":[{\"@type\":\"ReadAction\",\"target\":[\"https:\/\/www.nettali.com\/2025\/01\/07\/mamoudou-ibra-kane-sur-la-sortie-de-sonko-on-ne-gouverne-pas-avec-les-reseaux-sociaux\/\"]}]},{\"@type\":\"BreadcrumbList\",\"@id\":\"https:\/\/www.nettali.com\/2025\/01\/07\/mamoudou-ibra-kane-sur-la-sortie-de-sonko-on-ne-gouverne-pas-avec-les-reseaux-sociaux\/#breadcrumb\",\"itemListElement\":[{\"@type\":\"ListItem\",\"position\":1,\"name\":\"Accueil\",\"item\":\"https:\/\/www.nettali.com\/\"},{\"@type\":\"ListItem\",\"position\":2,\"name\":\"MAMOUDOU IBRA KANE SUR LA SORTIE DE SONKO - \\\" On ne gouverne pas avec les r\\u00e9seaux sociaux...\\\"\"}]},{\"@type\":\"Person\",\"@id\":\"https:\/\/www.nettali.com\/#\/schema\/person\/d8ac7b7e27ddad43f1c0d2ef090d7f71\",\"name\":\"CK\",\"image\":{\"@type\":\"ImageObject\",\"@id\":\"https:\/\/www.nettali.com\/#personlogo\",\"inLanguage\":\"fr-FR\",\"url\":\"https:\/\/secure.gravatar.com\/avatar\/1d8d5118b9327d94da7cd4ce7f17fec2?s=96&d=mm&r=g\",\"contentUrl\":\"https:\/\/secure.gravatar.com\/avatar\/1d8d5118b9327d94da7cd4ce7f17fec2?s=96&d=mm&r=g\",\"caption\":\"CK\"},\"sameAs\":[\"https:\/\/www.nettali.com\"]}]}<\/script>\n<!-- \/ Yoast SEO Premium plugin. -->","yoast_head_json":{"title":"MAMOUDOU IBRA KANE SUR LA SORTIE DE SONKO - \" On ne gouverne pas avec les r\u00e9seaux sociaux...\" | Nettali.com","robots":{"index":"index","follow":"follow","max-snippet":"max-snippet:-1","max-image-preview":"max-image-preview:large","max-video-preview":"max-video-preview:-1"},"canonical":"https:\/\/www.nettali.com\/2025\/01\/07\/mamoudou-ibra-kane-sur-la-sortie-de-sonko-on-ne-gouverne-pas-avec-les-reseaux-sociaux\/","og_locale":"fr_FR","og_type":"article","og_title":"MAMOUDOU IBRA KANE SUR LA SORTIE DE SONKO - \" On ne gouverne pas avec les r\u00e9seaux sociaux...\"","og_description":"NETTALI.COM - Une sortie largement comment\u00e9e, c'est celle d'Ousmane Sonko, apr\u00e8s qu'il a vol\u00e9 au secours du pr\u00e9sident de la r\u00e9publique, suite au toll\u00e9 provoqu\u00e9 sur les r\u00e9seaux sociaux, par la nomination de Aoua Bocar Ly Tall au Conseil National de R\u00e9gulation de l\u2019Audiovisuel (CNRA) . Mais sa sortie a attir\u00e9 les critiques de l\u2019opposant [&hellip;]","og_url":"https:\/\/www.nettali.com\/2025\/01\/07\/mamoudou-ibra-kane-sur-la-sortie-de-sonko-on-ne-gouverne-pas-avec-les-reseaux-sociaux\/","og_site_name":"Nettali.com","article_publisher":"https:\/\/www.facebook.com\/nettalicom","article_published_time":"2025-01-07T07:46:41+00:00","og_image":[{"width":600,"height":406,"url":"https:\/\/www.nettali.com\/wp-content\/uploads\/2025\/01\/Mamoudou-Ibra-Kane.jpg","type":"image\/jpeg"}],"twitter_card":"summary_large_image","twitter_misc":{"\u00c9crit par":"CK","Dur\u00e9e de lecture estim\u00e9e":"1 minute"},"schema":{"@context":"https:\/\/schema.org","@graph":[{"@type":"WebSite","@id":"https:\/\/www.nettali.com\/#website","url":"https:\/\/www.nettali.com\/","name":"Nettali.com","description":"Le rendez-vous critique du Net","potentialAction":[{"@type":"SearchAction","target":{"@type":"EntryPoint","urlTemplate":"https:\/\/www.nettali.com\/?s={search_term_string}"},"query-input":"required name=search_term_string"}],"inLanguage":"fr-FR"},{"@type":"ImageObject","@id":"https:\/\/www.nettali.com\/2025\/01\/07\/mamoudou-ibra-kane-sur-la-sortie-de-sonko-on-ne-gouverne-pas-avec-les-reseaux-sociaux\/#primaryimage","inLanguage":"fr-FR","url":"https:\/\/www.nettali.com\/wp-content\/uploads\/2025\/01\/Mamoudou-Ibra-Kane.jpg","contentUrl":"https:\/\/www.nettali.com\/wp-content\/uploads\/2025\/01\/Mamoudou-Ibra-Kane.jpg","width":600,"height":406},{"@type":"WebPage","@id":"https:\/\/www.nettali.com\/2025\/01\/07\/mamoudou-ibra-kane-sur-la-sortie-de-sonko-on-ne-gouverne-pas-avec-les-reseaux-sociaux\/#webpage","url":"https:\/\/www.nettali.com\/2025\/01\/07\/mamoudou-ibra-kane-sur-la-sortie-de-sonko-on-ne-gouverne-pas-avec-les-reseaux-sociaux\/","name":"MAMOUDOU IBRA KANE SUR LA SORTIE DE SONKO - \" On ne gouverne pas avec les r\u00e9seaux sociaux...\" | Nettali.com","isPartOf":{"@id":"https:\/\/www.nettali.com\/#website"},"primaryImageOfPage":{"@id":"https:\/\/www.nettali.com\/2025\/01\/07\/mamoudou-ibra-kane-sur-la-sortie-de-sonko-on-ne-gouverne-pas-avec-les-reseaux-sociaux\/#primaryimage"},"datePublished":"2025-01-07T07:46:41+00:00","dateModified":"2025-01-07T07:46:41+00:00","author":{"@id":"https:\/\/www.nettali.com\/#\/schema\/person\/d8ac7b7e27ddad43f1c0d2ef090d7f71"},"breadcrumb":{"@id":"https:\/\/www.nettali.com\/2025\/01\/07\/mamoudou-ibra-kane-sur-la-sortie-de-sonko-on-ne-gouverne-pas-avec-les-reseaux-sociaux\/#breadcrumb"},"inLanguage":"fr-FR","potentialAction":[{"@type":"ReadAction","target":["https:\/\/www.nettali.com\/2025\/01\/07\/mamoudou-ibra-kane-sur-la-sortie-de-sonko-on-ne-gouverne-pas-avec-les-reseaux-sociaux\/"]}]},{"@type":"BreadcrumbList","@id":"https:\/\/www.nettali.com\/2025\/01\/07\/mamoudou-ibra-kane-sur-la-sortie-de-sonko-on-ne-gouverne-pas-avec-les-reseaux-sociaux\/#breadcrumb","itemListElement":[{"@type":"ListItem","position":1,"name":"Accueil","item":"https:\/\/www.nettali.com\/"},{"@type":"ListItem","position":2,"name":"MAMOUDOU IBRA KANE SUR LA SORTIE DE SONKO - \" On ne gouverne pas avec les r\u00e9seaux sociaux...\""}]},{"@type":"Person","@id":"https:\/\/www.nettali.com\/#\/schema\/person\/d8ac7b7e27ddad43f1c0d2ef090d7f71","name":"CK","image":{"@type":"ImageObject","@id":"https:\/\/www.nettali.com\/#personlogo","inLanguage":"fr-FR","url":"https:\/\/secure.gravatar.com\/avatar\/1d8d5118b9327d94da7cd4ce7f17fec2?s=96&d=mm&r=g","contentUrl":"https:\/\/secure.gravatar.com\/avatar\/1d8d5118b9327d94da7cd4ce7f17fec2?s=96&d=mm&r=g","caption":"CK"},"sameAs":["https:\/\/www.nettali.com"]}]}},"_links":{"self":[{"href":"https:\/\/www.nettali.com\/rest\/wp\/v2\/posts\/146637"}],"collection":[{"href":"https:\/\/www.nettali.com\/rest\/wp\/v2\/posts"}],"about":[{"href":"https:\/\/www.nettali.com\/rest\/wp\/v2\/types\/post"}],"author":[{"embeddable":true,"href":"https:\/\/www.nettali.com\/rest\/wp\/v2\/users\/2"}],"replies":[{"embeddable":true,"href":"https:\/\/www.nettali.com\/rest\/wp\/v2\/comments?post=146637"}],"version-history":[{"count":1,"href":"https:\/\/www.nettali.com\/rest\/wp\/v2\/posts\/146637\/revisions"}],"predecessor-version":[{"id":146639,"href":"https:\/\/www.nettali.com\/rest\/wp\/v2\/posts\/146637\/revisions\/146639"}],"wp:featuredmedia":[{"embeddable":true,"href":"https:\/\/www.nettali.com\/rest\/wp\/v2\/media\/146638"}],"wp:attachment":[{"href":"https:\/\/www.nettali.com\/rest\/wp\/v2\/media?parent=146637"}],"wp:term":[{"taxonomy":"category","embeddable":true,"href":"https:\/\/www.nettali.com\/rest\/wp\/v2\/categories?post=146637"},{"taxonomy":"post_tag","embeddable":true,"href":"https:\/\/www.nettali.com\/rest\/wp\/v2\/tags?post=146637"}],"curies":[{"name":"wp","href":"https:\/\/api.w.org\/{rel}","templated":true}]}}