{"id":146627,"date":"2025-01-06T23:57:29","date_gmt":"2025-01-06T23:57:29","guid":{"rendered":"https:\/\/www.nettali.com\/?p=146627"},"modified":"2025-01-07T08:05:19","modified_gmt":"2025-01-07T08:05:19","slug":"en-coulisses-melanchon-tacle-macron","status":"publish","type":"post","link":"https:\/\/www.nettali.com\/2025\/01\/06\/en-coulisses-melanchon-tacle-macron\/","title":{"rendered":"SORTIE DU PRESIDENT FANCAIS  - M\u00e9lenchon tacle Macron"},"content":{"rendered":"<p><strong>NETTALI.COM - Le pr\u00e9sident de La France insoumise (LFI) se m\u00eale \u00e0 la pol\u00e9mique entre Emmanuel Macron et certains dirigeants africains. Sur X (anciennement Twitter) M\u00e9lenchon lance ses fl\u00e8ches en direction du pr\u00e9sident fran\u00e7ais.\u00a0<\/strong><\/p>\n<p>Manque de reconnaissance, volont\u00e9 souveraine de la France de fermer certaines de ses bases militaires en Afrique. Emmanuel Macron a cr\u00e9\u00e9 la pol\u00e9mique, ce lundi, en abordant la relation entre la France et l\u2019Afrique dans son discours de v\u0153ux aux ambassadeurs. Le S\u00e9n\u00e9gal, par la voix de son Premier ministre, et le Tchad ont du reste d\u00e9menti toute n\u00e9gociation avec la France pour la fermeture de ces bases. Une aubaine pour Jean-Luc M\u00e9lenchon. Le chef du parti La France insoumise (LFI) a saisi la balle au rebond pour tacler Macron.<\/p>\n<p>\"<em>Les propos du Pr\u00e9sident Macron \u00e0 propos du d\u00e9part pr\u00e9tendument n\u00e9goci\u00e9 de l'arm\u00e9e fran\u00e7aise au S\u00e9n\u00e9gal et au Tchad sont d\u00e9mentis par les deux pays. Encore une fois, la d\u00e9sinvolture et les paroles non ma\u00eetris\u00e9es aggravent les relations internationales de notre pays. La diplomatie insoumise permettra le moment venu d'autres r\u00e9sultats<\/em>\", a post\u00e9 Jean-Luc M\u00e9lenchon sur X.<\/p>\n<div class='share-to-whatsapp-wrapper'><div class='share-on-whsp'>PARTAGER SUR : <\/div><a data-text='SORTIE DU PRESIDENT FANCAIS  - M\u00e9lenchon tacle Macron' data-link='https:\/\/www.nettali.com\/2025\/01\/06\/en-coulisses-melanchon-tacle-macron\/' class='whatsapp-button whatsapp-share'>WhatsApp<\/a><div class='clear '><\/div><\/div>","protected":false},"excerpt":{"rendered":"<p>NETTALI.COM - Le pr\u00e9sident de La France insoumise (LFI) se m\u00eale \u00e0 la pol\u00e9mique entre Emmanuel Macron et certains dirigeants africains. Sur X (anciennement Twitter) M\u00e9lenchon lance ses fl\u00e8ches en direction du pr\u00e9sident fran\u00e7ais.\u00a0 Manque de reconnaissance, volont\u00e9 souveraine de la France de fermer certaines de ses bases militaires en Afrique. Emmanuel Macron a cr\u00e9\u00e9 [&hellip;]<\/p>\n","protected":false},"author":3,"featured_media":146629,"comment_status":"open","ping_status":"open","sticky":false,"template":"","format":"standard","meta":{"_et_pb_use_builder":"","_et_pb_old_content":""},"categories":[8],"tags":[],"yoast_head":"<!-- This site is optimized with the Yoast SEO Premium plugin v17.8 (Yoast SEO v17.8) - https:\/\/yoast.com\/wordpress\/plugins\/seo\/ -->\n<title>SORTIE DU PRESIDENT FANCAIS - M\u00e9lenchon tacle Macron | Nettali.com<\/title>\n<meta name=\"robots\" content=\"index, follow, max-snippet:-1, max-image-preview:large, max-video-preview:-1\" \/>\n<link rel=\"canonical\" href=\"https:\/\/www.nettali.com\/2025\/01\/06\/en-coulisses-melanchon-tacle-macron\/\" \/>\n<meta property=\"og:locale\" content=\"fr_FR\" \/>\n<meta property=\"og:type\" content=\"article\" \/>\n<meta property=\"og:title\" content=\"SORTIE DU PRESIDENT FANCAIS - M\u00e9lenchon tacle Macron\" \/>\n<meta property=\"og:description\" content=\"NETTALI.COM - Le pr\u00e9sident de La France insoumise (LFI) se m\u00eale \u00e0 la pol\u00e9mique entre Emmanuel Macron et certains dirigeants africains. Sur X (anciennement Twitter) M\u00e9lenchon lance ses fl\u00e8ches en direction du pr\u00e9sident fran\u00e7ais.\u00a0 Manque de reconnaissance, volont\u00e9 souveraine de la France de fermer certaines de ses bases militaires en Afrique. Emmanuel Macron a cr\u00e9\u00e9 [&hellip;]\" \/>\n<meta property=\"og:url\" content=\"https:\/\/www.nettali.com\/2025\/01\/06\/en-coulisses-melanchon-tacle-macron\/\" \/>\n<meta property=\"og:site_name\" content=\"Nettali.com\" \/>\n<meta property=\"article:publisher\" content=\"https:\/\/www.facebook.com\/nettalicom\" \/>\n<meta property=\"article:published_time\" content=\"2025-01-06T23:57:29+00:00\" \/>\n<meta property=\"article:modified_time\" content=\"2025-01-07T08:05:19+00:00\" \/>\n<meta property=\"og:image\" content=\"https:\/\/www.nettali.com\/wp-content\/uploads\/2025\/01\/680c544afa0f2ceeadaa582683d7e775944fdd5a.jpg\" \/>\n\t<meta property=\"og:image:width\" content=\"612\" \/>\n\t<meta property=\"og:image:height\" content=\"298\" \/>\n<meta name=\"twitter:card\" content=\"summary_large_image\" \/>\n<meta name=\"twitter:label1\" content=\"\u00c9crit par\" \/>\n\t<meta name=\"twitter:data1\" content=\"Moustapha\" \/>\n\t<meta name=\"twitter:label2\" content=\"Dur\u00e9e de lecture estim\u00e9e\" \/>\n\t<meta name=\"twitter:data2\" content=\"1 minute\" \/>\n<script type=\"application\/ld+json\" class=\"yoast-schema-graph\">{\"@context\":\"https:\/\/schema.org\",\"@graph\":[{\"@type\":\"WebSite\",\"@id\":\"https:\/\/www.nettali.com\/#website\",\"url\":\"https:\/\/www.nettali.com\/\",\"name\":\"Nettali.com\",\"description\":\"Le rendez-vous critique du Net\",\"potentialAction\":[{\"@type\":\"SearchAction\",\"target\":{\"@type\":\"EntryPoint\",\"urlTemplate\":\"https:\/\/www.nettali.com\/?s={search_term_string}\"},\"query-input\":\"required name=search_term_string\"}],\"inLanguage\":\"fr-FR\"},{\"@type\":\"ImageObject\",\"@id\":\"https:\/\/www.nettali.com\/2025\/01\/06\/en-coulisses-melanchon-tacle-macron\/#primaryimage\",\"inLanguage\":\"fr-FR\",\"url\":\"https:\/\/www.nettali.com\/wp-content\/uploads\/2025\/01\/680c544afa0f2ceeadaa582683d7e775944fdd5a.jpg\",\"contentUrl\":\"https:\/\/www.nettali.com\/wp-content\/uploads\/2025\/01\/680c544afa0f2ceeadaa582683d7e775944fdd5a.jpg\",\"width\":612,\"height\":298},{\"@type\":\"WebPage\",\"@id\":\"https:\/\/www.nettali.com\/2025\/01\/06\/en-coulisses-melanchon-tacle-macron\/#webpage\",\"url\":\"https:\/\/www.nettali.com\/2025\/01\/06\/en-coulisses-melanchon-tacle-macron\/\",\"name\":\"SORTIE DU PRESIDENT FANCAIS - M\\u00e9lenchon tacle Macron | Nettali.com\",\"isPartOf\":{\"@id\":\"https:\/\/www.nettali.com\/#website\"},\"primaryImageOfPage\":{\"@id\":\"https:\/\/www.nettali.com\/2025\/01\/06\/en-coulisses-melanchon-tacle-macron\/#primaryimage\"},\"datePublished\":\"2025-01-06T23:57:29+00:00\",\"dateModified\":\"2025-01-07T08:05:19+00:00\",\"author\":{\"@id\":\"https:\/\/www.nettali.com\/#\/schema\/person\/7962a12a6e0267f88f0ffa544c36469a\"},\"breadcrumb\":{\"@id\":\"https:\/\/www.nettali.com\/2025\/01\/06\/en-coulisses-melanchon-tacle-macron\/#breadcrumb\"},\"inLanguage\":\"fr-FR\",\"potentialAction\":[{\"@type\":\"ReadAction\",\"target\":[\"https:\/\/www.nettali.com\/2025\/01\/06\/en-coulisses-melanchon-tacle-macron\/\"]}]},{\"@type\":\"BreadcrumbList\",\"@id\":\"https:\/\/www.nettali.com\/2025\/01\/06\/en-coulisses-melanchon-tacle-macron\/#breadcrumb\",\"itemListElement\":[{\"@type\":\"ListItem\",\"position\":1,\"name\":\"Accueil\",\"item\":\"https:\/\/www.nettali.com\/\"},{\"@type\":\"ListItem\",\"position\":2,\"name\":\"SORTIE DU PRESIDENT FANCAIS - M\\u00e9lenchon tacle Macron\"}]},{\"@type\":\"Person\",\"@id\":\"https:\/\/www.nettali.com\/#\/schema\/person\/7962a12a6e0267f88f0ffa544c36469a\",\"name\":\"Moustapha\",\"image\":{\"@type\":\"ImageObject\",\"@id\":\"https:\/\/www.nettali.com\/#personlogo\",\"inLanguage\":\"fr-FR\",\"url\":\"https:\/\/secure.gravatar.com\/avatar\/10fdf6a071cccdcf374e3dbe45159590?s=96&d=mm&r=g\",\"contentUrl\":\"https:\/\/secure.gravatar.com\/avatar\/10fdf6a071cccdcf374e3dbe45159590?s=96&d=mm&r=g\",\"caption\":\"Moustapha\"},\"sameAs\":[\"https:\/\/www.nettali.com\"]}]}<\/script>\n<!-- \/ Yoast SEO Premium plugin. -->","yoast_head_json":{"title":"SORTIE DU PRESIDENT FANCAIS - M\u00e9lenchon tacle Macron | Nettali.com","robots":{"index":"index","follow":"follow","max-snippet":"max-snippet:-1","max-image-preview":"max-image-preview:large","max-video-preview":"max-video-preview:-1"},"canonical":"https:\/\/www.nettali.com\/2025\/01\/06\/en-coulisses-melanchon-tacle-macron\/","og_locale":"fr_FR","og_type":"article","og_title":"SORTIE DU PRESIDENT FANCAIS - M\u00e9lenchon tacle Macron","og_description":"NETTALI.COM - Le pr\u00e9sident de La France insoumise (LFI) se m\u00eale \u00e0 la pol\u00e9mique entre Emmanuel Macron et certains dirigeants africains. Sur X (anciennement Twitter) M\u00e9lenchon lance ses fl\u00e8ches en direction du pr\u00e9sident fran\u00e7ais.\u00a0 Manque de reconnaissance, volont\u00e9 souveraine de la France de fermer certaines de ses bases militaires en Afrique. Emmanuel Macron a cr\u00e9\u00e9 [&hellip;]","og_url":"https:\/\/www.nettali.com\/2025\/01\/06\/en-coulisses-melanchon-tacle-macron\/","og_site_name":"Nettali.com","article_publisher":"https:\/\/www.facebook.com\/nettalicom","article_published_time":"2025-01-06T23:57:29+00:00","article_modified_time":"2025-01-07T08:05:19+00:00","og_image":[{"width":612,"height":298,"url":"https:\/\/www.nettali.com\/wp-content\/uploads\/2025\/01\/680c544afa0f2ceeadaa582683d7e775944fdd5a.jpg","type":"image\/jpeg"}],"twitter_card":"summary_large_image","twitter_misc":{"\u00c9crit par":"Moustapha","Dur\u00e9e de lecture estim\u00e9e":"1 minute"},"schema":{"@context":"https:\/\/schema.org","@graph":[{"@type":"WebSite","@id":"https:\/\/www.nettali.com\/#website","url":"https:\/\/www.nettali.com\/","name":"Nettali.com","description":"Le rendez-vous critique du Net","potentialAction":[{"@type":"SearchAction","target":{"@type":"EntryPoint","urlTemplate":"https:\/\/www.nettali.com\/?s={search_term_string}"},"query-input":"required name=search_term_string"}],"inLanguage":"fr-FR"},{"@type":"ImageObject","@id":"https:\/\/www.nettali.com\/2025\/01\/06\/en-coulisses-melanchon-tacle-macron\/#primaryimage","inLanguage":"fr-FR","url":"https:\/\/www.nettali.com\/wp-content\/uploads\/2025\/01\/680c544afa0f2ceeadaa582683d7e775944fdd5a.jpg","contentUrl":"https:\/\/www.nettali.com\/wp-content\/uploads\/2025\/01\/680c544afa0f2ceeadaa582683d7e775944fdd5a.jpg","width":612,"height":298},{"@type":"WebPage","@id":"https:\/\/www.nettali.com\/2025\/01\/06\/en-coulisses-melanchon-tacle-macron\/#webpage","url":"https:\/\/www.nettali.com\/2025\/01\/06\/en-coulisses-melanchon-tacle-macron\/","name":"SORTIE DU PRESIDENT FANCAIS - M\u00e9lenchon tacle Macron | Nettali.com","isPartOf":{"@id":"https:\/\/www.nettali.com\/#website"},"primaryImageOfPage":{"@id":"https:\/\/www.nettali.com\/2025\/01\/06\/en-coulisses-melanchon-tacle-macron\/#primaryimage"},"datePublished":"2025-01-06T23:57:29+00:00","dateModified":"2025-01-07T08:05:19+00:00","author":{"@id":"https:\/\/www.nettali.com\/#\/schema\/person\/7962a12a6e0267f88f0ffa544c36469a"},"breadcrumb":{"@id":"https:\/\/www.nettali.com\/2025\/01\/06\/en-coulisses-melanchon-tacle-macron\/#breadcrumb"},"inLanguage":"fr-FR","potentialAction":[{"@type":"ReadAction","target":["https:\/\/www.nettali.com\/2025\/01\/06\/en-coulisses-melanchon-tacle-macron\/"]}]},{"@type":"BreadcrumbList","@id":"https:\/\/www.nettali.com\/2025\/01\/06\/en-coulisses-melanchon-tacle-macron\/#breadcrumb","itemListElement":[{"@type":"ListItem","position":1,"name":"Accueil","item":"https:\/\/www.nettali.com\/"},{"@type":"ListItem","position":2,"name":"SORTIE DU PRESIDENT FANCAIS - M\u00e9lenchon tacle Macron"}]},{"@type":"Person","@id":"https:\/\/www.nettali.com\/#\/schema\/person\/7962a12a6e0267f88f0ffa544c36469a","name":"Moustapha","image":{"@type":"ImageObject","@id":"https:\/\/www.nettali.com\/#personlogo","inLanguage":"fr-FR","url":"https:\/\/secure.gravatar.com\/avatar\/10fdf6a071cccdcf374e3dbe45159590?s=96&d=mm&r=g","contentUrl":"https:\/\/secure.gravatar.com\/avatar\/10fdf6a071cccdcf374e3dbe45159590?s=96&d=mm&r=g","caption":"Moustapha"},"sameAs":["https:\/\/www.nettali.com"]}]}},"_links":{"self":[{"href":"https:\/\/www.nettali.com\/rest\/wp\/v2\/posts\/146627"}],"collection":[{"href":"https:\/\/www.nettali.com\/rest\/wp\/v2\/posts"}],"about":[{"href":"https:\/\/www.nettali.com\/rest\/wp\/v2\/types\/post"}],"author":[{"embeddable":true,"href":"https:\/\/www.nettali.com\/rest\/wp\/v2\/users\/3"}],"replies":[{"embeddable":true,"href":"https:\/\/www.nettali.com\/rest\/wp\/v2\/comments?post=146627"}],"version-history":[{"count":3,"href":"https:\/\/www.nettali.com\/rest\/wp\/v2\/posts\/146627\/revisions"}],"predecessor-version":[{"id":146652,"href":"https:\/\/www.nettali.com\/rest\/wp\/v2\/posts\/146627\/revisions\/146652"}],"wp:featuredmedia":[{"embeddable":true,"href":"https:\/\/www.nettali.com\/rest\/wp\/v2\/media\/146629"}],"wp:attachment":[{"href":"https:\/\/www.nettali.com\/rest\/wp\/v2\/media?parent=146627"}],"wp:term":[{"taxonomy":"category","embeddable":true,"href":"https:\/\/www.nettali.com\/rest\/wp\/v2\/categories?post=146627"},{"taxonomy":"post_tag","embeddable":true,"href":"https:\/\/www.nettali.com\/rest\/wp\/v2\/tags?post=146627"}],"curies":[{"name":"wp","href":"https:\/\/api.w.org\/{rel}","templated":true}]}}