{"id":146622,"date":"2025-01-06T23:44:34","date_gmt":"2025-01-06T23:44:34","guid":{"rendered":"https:\/\/www.nettali.com\/?p=146622"},"modified":"2025-01-07T08:15:29","modified_gmt":"2025-01-07T08:15:29","slug":"emmanuel-macron-les-dirigeants-africains-ont-oublie-de-nous-dire-merci","status":"publish","type":"post","link":"https:\/\/www.nettali.com\/2025\/01\/06\/emmanuel-macron-les-dirigeants-africains-ont-oublie-de-nous-dire-merci\/","title":{"rendered":"EMMANUEL MACRON  : \"Les dirigeants africains ont oubli\u00e9 de nous dire merci\""},"content":{"rendered":"<p><strong>NETTALI.COM - La fermeture des bases militaires fran\u00e7aises en Afrique est une d\u00e9cision souveraine de la France. C'est du moins ce que soutient Emmanuel Macron qui indexe l'ingratitude des dirigeants africains.\u00a0<\/strong><\/p>\n<p>L'Afrique a occup\u00e9 le lundi 6 janvier, une place importante dans le traditionnel discours de v\u0153ux aux ambassadeurs de la France. Emmanuel Macron a saisi l'occasion pour revenir sur les relations entre la France et l\u2019Afrique marqu\u00e9es notamment par le d\u00e9part annonc\u00e9 des soldats fran\u00e7ais.<\/p>\n<p>Selon Emmanuel Macron, c'est la France qui a \u00e9t\u00e9 \u00e0 l'origine des n\u00e9gociations pour une r\u00e9organisation de la coop\u00e9ration militaire et non l'inverse. \"... <em>On a d\u00e9cid\u00e9 de r\u00e9organiser notre pr\u00e9sence militaire... ; on nourrissait nous-m\u00eames un discours post-colonial. Dans les pays d'Afrique francophone, est-ce que ces bases avaient encore une justification ? Est-ce que c'est \u00e7a le rayonnement de la France ? Non. Ce n'\u00e9tait plus compris et c'\u00e9tait utilis\u00e9 par les r\u00e9seaux d'activistes, qui n'h\u00e9sitaient pas \u00e0 dire : regardez les Fran\u00e7ais, ils ont un camp avec 2 000 soldats, ils vont organiser un coup d'\u00c9tat\"<\/em>. C'est pour lutter contre cette forme de d\u00e9sinformation, soutient le pr\u00e9sident fran\u00e7ais, que son pays avait d\u00e9cid\u00e9 de revoir la coop\u00e9ration militaire avec l'Afrique francophone<\/p>\n<p>Selon Emmanuel Macron, la France a eu raison d'intervenir militairement en Afrique. A l'en croire, cela rentre dans le cadre de la lutte contre le terrorisme. \"<em>Mais les dirigeants africains ont oubli\u00e9 de nous dire merci<\/em>\", soutient, avec ironie, le pr\u00e9sident fran\u00e7ais. Qui soutient qu'aucun des pays o\u00f9 la France est intervenue \"<em>ne serait aujourd'hui avec un pays souverain si l'arm\u00e9e fran\u00e7aise ne s'\u00e9tait pas d\u00e9ploy\u00e9e<\/em>\".<\/p>\n<p>Avant de poursuivre : \" <em>et parfois, il a fallu pousser. Ce n'est pas parce qu'on est poli que cela doit se retourner contre nous en disant qu'on est chass\u00e9 d'Afrique. Dans bien de ces pays, on ne voulait pas enlever l'arm\u00e9e fran\u00e7aise ou m\u00eame la r\u00e9organiser. Mais on l'a assum\u00e9 ensemble. La France n'est pas en recul, comme certains l'ont pr\u00e9tendu. Elle est simplement lucide et elle s'adapte elle se r\u00e9organise. On a choisi de bouger en Afrique parce qu\u2019il fallait bouger.\u00a0 Selon lui, ce sont les autres qui regardent les rapports entre la France et ses partenaires en Afrique avec des lunettes d'un autre temps.<\/em>\"<\/p>\n<p>\"<em>Le dialogue avec l\u2019Afrique ne peut pas \u00eatre l\u2019otage d\u2019un panafricanisme de bon aloi, contemporain, qui utilise en quelque sorte un discours post-colonial. Nous avons propos\u00e9 aux chefs d\u2019\u00c9tat africains de r\u00e9organiser notre pr\u00e9sence<\/em>\", laisse entendre le chef de l\u2019Etat fran\u00e7ais.<\/p>\n<p>Selon ce dernier, la difficult\u00e9, c'est qu'il y a \"<em>des nostalgiques, des gens qui ne comprennent pas ou qui ne veulent pas comprendre, et parce qu\u2019on bouscule des int\u00e9r\u00eats acquis<\/em>\".<\/p>\n<div class='share-to-whatsapp-wrapper'><div class='share-on-whsp'>PARTAGER SUR : <\/div><a data-text='EMMANUEL MACRON  : \"Les dirigeants africains ont oubli\u00e9 de nous dire merci\"' data-link='https:\/\/www.nettali.com\/2025\/01\/06\/emmanuel-macron-les-dirigeants-africains-ont-oublie-de-nous-dire-merci\/' class='whatsapp-button whatsapp-share'>WhatsApp<\/a><div class='clear '><\/div><\/div>","protected":false},"excerpt":{"rendered":"<p>NETTALI.COM - La fermeture des bases militaires fran\u00e7aises en Afrique est une d\u00e9cision souveraine de la France. C'est du moins ce que soutient Emmanuel Macron qui indexe l'ingratitude des dirigeants africains.\u00a0 L'Afrique a occup\u00e9 le lundi 6 janvier, une place importante dans le traditionnel discours de v\u0153ux aux ambassadeurs de la France. Emmanuel Macron a [&hellip;]<\/p>\n","protected":false},"author":3,"featured_media":105115,"comment_status":"open","ping_status":"open","sticky":false,"template":"","format":"standard","meta":{"_et_pb_use_builder":"","_et_pb_old_content":""},"categories":[8],"tags":[],"yoast_head":"<!-- This site is optimized with the Yoast SEO Premium plugin v17.8 (Yoast SEO v17.8) - https:\/\/yoast.com\/wordpress\/plugins\/seo\/ -->\n<title>EMMANUEL MACRON : &quot;Les dirigeants africains ont oubli\u00e9 de nous dire merci&quot; | Nettali.com<\/title>\n<meta name=\"robots\" content=\"index, follow, max-snippet:-1, max-image-preview:large, max-video-preview:-1\" \/>\n<link rel=\"canonical\" href=\"https:\/\/www.nettali.com\/2025\/01\/06\/emmanuel-macron-les-dirigeants-africains-ont-oublie-de-nous-dire-merci\/\" \/>\n<meta property=\"og:locale\" content=\"fr_FR\" \/>\n<meta property=\"og:type\" content=\"article\" \/>\n<meta property=\"og:title\" content=\"EMMANUEL MACRON : &quot;Les dirigeants africains ont oubli\u00e9 de nous dire merci&quot;\" \/>\n<meta property=\"og:description\" content=\"NETTALI.COM - La fermeture des bases militaires fran\u00e7aises en Afrique est une d\u00e9cision souveraine de la France. C&#039;est du moins ce que soutient Emmanuel Macron qui indexe l&#039;ingratitude des dirigeants africains.\u00a0 L&#039;Afrique a occup\u00e9 le lundi 6 janvier, une place importante dans le traditionnel discours de v\u0153ux aux ambassadeurs de la France. Emmanuel Macron a [&hellip;]\" \/>\n<meta property=\"og:url\" content=\"https:\/\/www.nettali.com\/2025\/01\/06\/emmanuel-macron-les-dirigeants-africains-ont-oublie-de-nous-dire-merci\/\" \/>\n<meta property=\"og:site_name\" content=\"Nettali.com\" \/>\n<meta property=\"article:publisher\" content=\"https:\/\/www.facebook.com\/nettalicom\" \/>\n<meta property=\"article:published_time\" content=\"2025-01-06T23:44:34+00:00\" \/>\n<meta property=\"article:modified_time\" content=\"2025-01-07T08:15:29+00:00\" \/>\n<meta property=\"og:image\" content=\"https:\/\/www.nettali.com\/wp-content\/uploads\/2023\/02\/EMMANUEL_MACRON_FRANCE_PResident.jpg\" \/>\n\t<meta property=\"og:image:width\" content=\"770\" \/>\n\t<meta property=\"og:image:height\" content=\"513\" \/>\n<meta name=\"twitter:card\" content=\"summary_large_image\" \/>\n<meta name=\"twitter:label1\" content=\"\u00c9crit par\" \/>\n\t<meta name=\"twitter:data1\" content=\"Moustapha\" \/>\n\t<meta name=\"twitter:label2\" content=\"Dur\u00e9e de lecture estim\u00e9e\" \/>\n\t<meta name=\"twitter:data2\" content=\"2 minutes\" \/>\n<script type=\"application\/ld+json\" class=\"yoast-schema-graph\">{\"@context\":\"https:\/\/schema.org\",\"@graph\":[{\"@type\":\"WebSite\",\"@id\":\"https:\/\/www.nettali.com\/#website\",\"url\":\"https:\/\/www.nettali.com\/\",\"name\":\"Nettali.com\",\"description\":\"Le rendez-vous critique du Net\",\"potentialAction\":[{\"@type\":\"SearchAction\",\"target\":{\"@type\":\"EntryPoint\",\"urlTemplate\":\"https:\/\/www.nettali.com\/?s={search_term_string}\"},\"query-input\":\"required name=search_term_string\"}],\"inLanguage\":\"fr-FR\"},{\"@type\":\"ImageObject\",\"@id\":\"https:\/\/www.nettali.com\/2025\/01\/06\/emmanuel-macron-les-dirigeants-africains-ont-oublie-de-nous-dire-merci\/#primaryimage\",\"inLanguage\":\"fr-FR\",\"url\":\"https:\/\/www.nettali.com\/wp-content\/uploads\/2023\/02\/EMMANUEL_MACRON_FRANCE_PResident.jpg\",\"contentUrl\":\"https:\/\/www.nettali.com\/wp-content\/uploads\/2023\/02\/EMMANUEL_MACRON_FRANCE_PResident.jpg\",\"width\":770,\"height\":513},{\"@type\":\"WebPage\",\"@id\":\"https:\/\/www.nettali.com\/2025\/01\/06\/emmanuel-macron-les-dirigeants-africains-ont-oublie-de-nous-dire-merci\/#webpage\",\"url\":\"https:\/\/www.nettali.com\/2025\/01\/06\/emmanuel-macron-les-dirigeants-africains-ont-oublie-de-nous-dire-merci\/\",\"name\":\"EMMANUEL MACRON : \\\"Les dirigeants africains ont oubli\\u00e9 de nous dire merci\\\" | Nettali.com\",\"isPartOf\":{\"@id\":\"https:\/\/www.nettali.com\/#website\"},\"primaryImageOfPage\":{\"@id\":\"https:\/\/www.nettali.com\/2025\/01\/06\/emmanuel-macron-les-dirigeants-africains-ont-oublie-de-nous-dire-merci\/#primaryimage\"},\"datePublished\":\"2025-01-06T23:44:34+00:00\",\"dateModified\":\"2025-01-07T08:15:29+00:00\",\"author\":{\"@id\":\"https:\/\/www.nettali.com\/#\/schema\/person\/7962a12a6e0267f88f0ffa544c36469a\"},\"breadcrumb\":{\"@id\":\"https:\/\/www.nettali.com\/2025\/01\/06\/emmanuel-macron-les-dirigeants-africains-ont-oublie-de-nous-dire-merci\/#breadcrumb\"},\"inLanguage\":\"fr-FR\",\"potentialAction\":[{\"@type\":\"ReadAction\",\"target\":[\"https:\/\/www.nettali.com\/2025\/01\/06\/emmanuel-macron-les-dirigeants-africains-ont-oublie-de-nous-dire-merci\/\"]}]},{\"@type\":\"BreadcrumbList\",\"@id\":\"https:\/\/www.nettali.com\/2025\/01\/06\/emmanuel-macron-les-dirigeants-africains-ont-oublie-de-nous-dire-merci\/#breadcrumb\",\"itemListElement\":[{\"@type\":\"ListItem\",\"position\":1,\"name\":\"Accueil\",\"item\":\"https:\/\/www.nettali.com\/\"},{\"@type\":\"ListItem\",\"position\":2,\"name\":\"EMMANUEL MACRON : \\\"Les dirigeants africains ont oubli\\u00e9 de nous dire merci\\\"\"}]},{\"@type\":\"Person\",\"@id\":\"https:\/\/www.nettali.com\/#\/schema\/person\/7962a12a6e0267f88f0ffa544c36469a\",\"name\":\"Moustapha\",\"image\":{\"@type\":\"ImageObject\",\"@id\":\"https:\/\/www.nettali.com\/#personlogo\",\"inLanguage\":\"fr-FR\",\"url\":\"https:\/\/secure.gravatar.com\/avatar\/10fdf6a071cccdcf374e3dbe45159590?s=96&d=mm&r=g\",\"contentUrl\":\"https:\/\/secure.gravatar.com\/avatar\/10fdf6a071cccdcf374e3dbe45159590?s=96&d=mm&r=g\",\"caption\":\"Moustapha\"},\"sameAs\":[\"https:\/\/www.nettali.com\"]}]}<\/script>\n<!-- \/ Yoast SEO Premium plugin. -->","yoast_head_json":{"title":"EMMANUEL MACRON : \"Les dirigeants africains ont oubli\u00e9 de nous dire merci\" | Nettali.com","robots":{"index":"index","follow":"follow","max-snippet":"max-snippet:-1","max-image-preview":"max-image-preview:large","max-video-preview":"max-video-preview:-1"},"canonical":"https:\/\/www.nettali.com\/2025\/01\/06\/emmanuel-macron-les-dirigeants-africains-ont-oublie-de-nous-dire-merci\/","og_locale":"fr_FR","og_type":"article","og_title":"EMMANUEL MACRON : \"Les dirigeants africains ont oubli\u00e9 de nous dire merci\"","og_description":"NETTALI.COM - La fermeture des bases militaires fran\u00e7aises en Afrique est une d\u00e9cision souveraine de la France. C'est du moins ce que soutient Emmanuel Macron qui indexe l'ingratitude des dirigeants africains.\u00a0 L'Afrique a occup\u00e9 le lundi 6 janvier, une place importante dans le traditionnel discours de v\u0153ux aux ambassadeurs de la France. Emmanuel Macron a [&hellip;]","og_url":"https:\/\/www.nettali.com\/2025\/01\/06\/emmanuel-macron-les-dirigeants-africains-ont-oublie-de-nous-dire-merci\/","og_site_name":"Nettali.com","article_publisher":"https:\/\/www.facebook.com\/nettalicom","article_published_time":"2025-01-06T23:44:34+00:00","article_modified_time":"2025-01-07T08:15:29+00:00","og_image":[{"width":770,"height":513,"url":"https:\/\/www.nettali.com\/wp-content\/uploads\/2023\/02\/EMMANUEL_MACRON_FRANCE_PResident.jpg","type":"image\/jpeg"}],"twitter_card":"summary_large_image","twitter_misc":{"\u00c9crit par":"Moustapha","Dur\u00e9e de lecture estim\u00e9e":"2 minutes"},"schema":{"@context":"https:\/\/schema.org","@graph":[{"@type":"WebSite","@id":"https:\/\/www.nettali.com\/#website","url":"https:\/\/www.nettali.com\/","name":"Nettali.com","description":"Le rendez-vous critique du Net","potentialAction":[{"@type":"SearchAction","target":{"@type":"EntryPoint","urlTemplate":"https:\/\/www.nettali.com\/?s={search_term_string}"},"query-input":"required name=search_term_string"}],"inLanguage":"fr-FR"},{"@type":"ImageObject","@id":"https:\/\/www.nettali.com\/2025\/01\/06\/emmanuel-macron-les-dirigeants-africains-ont-oublie-de-nous-dire-merci\/#primaryimage","inLanguage":"fr-FR","url":"https:\/\/www.nettali.com\/wp-content\/uploads\/2023\/02\/EMMANUEL_MACRON_FRANCE_PResident.jpg","contentUrl":"https:\/\/www.nettali.com\/wp-content\/uploads\/2023\/02\/EMMANUEL_MACRON_FRANCE_PResident.jpg","width":770,"height":513},{"@type":"WebPage","@id":"https:\/\/www.nettali.com\/2025\/01\/06\/emmanuel-macron-les-dirigeants-africains-ont-oublie-de-nous-dire-merci\/#webpage","url":"https:\/\/www.nettali.com\/2025\/01\/06\/emmanuel-macron-les-dirigeants-africains-ont-oublie-de-nous-dire-merci\/","name":"EMMANUEL MACRON : \"Les dirigeants africains ont oubli\u00e9 de nous dire merci\" | Nettali.com","isPartOf":{"@id":"https:\/\/www.nettali.com\/#website"},"primaryImageOfPage":{"@id":"https:\/\/www.nettali.com\/2025\/01\/06\/emmanuel-macron-les-dirigeants-africains-ont-oublie-de-nous-dire-merci\/#primaryimage"},"datePublished":"2025-01-06T23:44:34+00:00","dateModified":"2025-01-07T08:15:29+00:00","author":{"@id":"https:\/\/www.nettali.com\/#\/schema\/person\/7962a12a6e0267f88f0ffa544c36469a"},"breadcrumb":{"@id":"https:\/\/www.nettali.com\/2025\/01\/06\/emmanuel-macron-les-dirigeants-africains-ont-oublie-de-nous-dire-merci\/#breadcrumb"},"inLanguage":"fr-FR","potentialAction":[{"@type":"ReadAction","target":["https:\/\/www.nettali.com\/2025\/01\/06\/emmanuel-macron-les-dirigeants-africains-ont-oublie-de-nous-dire-merci\/"]}]},{"@type":"BreadcrumbList","@id":"https:\/\/www.nettali.com\/2025\/01\/06\/emmanuel-macron-les-dirigeants-africains-ont-oublie-de-nous-dire-merci\/#breadcrumb","itemListElement":[{"@type":"ListItem","position":1,"name":"Accueil","item":"https:\/\/www.nettali.com\/"},{"@type":"ListItem","position":2,"name":"EMMANUEL MACRON : \"Les dirigeants africains ont oubli\u00e9 de nous dire merci\""}]},{"@type":"Person","@id":"https:\/\/www.nettali.com\/#\/schema\/person\/7962a12a6e0267f88f0ffa544c36469a","name":"Moustapha","image":{"@type":"ImageObject","@id":"https:\/\/www.nettali.com\/#personlogo","inLanguage":"fr-FR","url":"https:\/\/secure.gravatar.com\/avatar\/10fdf6a071cccdcf374e3dbe45159590?s=96&d=mm&r=g","contentUrl":"https:\/\/secure.gravatar.com\/avatar\/10fdf6a071cccdcf374e3dbe45159590?s=96&d=mm&r=g","caption":"Moustapha"},"sameAs":["https:\/\/www.nettali.com"]}]}},"_links":{"self":[{"href":"https:\/\/www.nettali.com\/rest\/wp\/v2\/posts\/146622"}],"collection":[{"href":"https:\/\/www.nettali.com\/rest\/wp\/v2\/posts"}],"about":[{"href":"https:\/\/www.nettali.com\/rest\/wp\/v2\/types\/post"}],"author":[{"embeddable":true,"href":"https:\/\/www.nettali.com\/rest\/wp\/v2\/users\/3"}],"replies":[{"embeddable":true,"href":"https:\/\/www.nettali.com\/rest\/wp\/v2\/comments?post=146622"}],"version-history":[{"count":4,"href":"https:\/\/www.nettali.com\/rest\/wp\/v2\/posts\/146622\/revisions"}],"predecessor-version":[{"id":146654,"href":"https:\/\/www.nettali.com\/rest\/wp\/v2\/posts\/146622\/revisions\/146654"}],"wp:featuredmedia":[{"embeddable":true,"href":"https:\/\/www.nettali.com\/rest\/wp\/v2\/media\/105115"}],"wp:attachment":[{"href":"https:\/\/www.nettali.com\/rest\/wp\/v2\/media?parent=146622"}],"wp:term":[{"taxonomy":"category","embeddable":true,"href":"https:\/\/www.nettali.com\/rest\/wp\/v2\/categories?post=146622"},{"taxonomy":"post_tag","embeddable":true,"href":"https:\/\/www.nettali.com\/rest\/wp\/v2\/tags?post=146622"}],"curies":[{"name":"wp","href":"https:\/\/api.w.org\/{rel}","templated":true}]}}