{"id":146498,"date":"2025-01-03T20:52:33","date_gmt":"2025-01-03T20:52:33","guid":{"rendered":"https:\/\/www.nettali.com\/?p=146498"},"modified":"2025-01-04T07:51:43","modified_gmt":"2025-01-04T07:51:43","slug":"regulation-vers-ladoption-de-la-loi-actualisee-sur-la-publicite","status":"publish","type":"post","link":"https:\/\/www.nettali.com\/2025\/01\/03\/regulation-vers-ladoption-de-la-loi-actualisee-sur-la-publicite\/","title":{"rendered":"REGULATION - Vers l\u2019adoption de la loi actualis\u00e9e sur la publicit\u00e9"},"content":{"rendered":"<p><strong>NETTALI.COM - Le ministre de la Communication, des T\u00e9l\u00e9communications et du Num\u00e9rique, Alioune Sall, a exprim\u00e9, vendredi, \u00e0 Dakar, la\u00a0 volont\u00e9 du gouvernement de voir adopter d\u00e8s cette ann\u00e9e le projet de loi portant Code de la publicit\u00e9 actualis\u00e9 pour parvenir \u00e0 une meilleure r\u00e9gulation du secteur.<\/strong><\/p>\n<p>Cette mise \u00e0 jour int\u00e8gre, entre autres, de nouveaux dispositifs qui prennent en compte les \u00e9volutions induites par le d\u00e9veloppement du num\u00e9rique et des technologies de l\u2019information et de la communication, a justifi\u00e9 la tutelle.<\/p>\n<p><em>\u00ab\u00a0Nous travaillons de concert avec les diff\u00e9rents acteurs pour actualiser la loi portant Code de la publicit\u00e9 et faire en sorte que l\u2019Assembl\u00e9e nationale puisse la voter au cours du premier trimestre de l\u2019ann\u00e9e 2025, afin que le secteur soit davantage structur\u00e9\u00a0\u00bb<\/em>, a d\u00e9clar\u00e9 le ministre en marge de l\u2019atelier de partage sur l\u2019avant-projet de ladite loi.<\/p>\n<p>La loi sur la publicit\u00e9 qui date de 1964, a \u00e9t\u00e9 r\u00e9vis\u00e9e en 1983, et n\u2019a jamais \u00e9t\u00e9 accompagn\u00e9e d\u2019un d\u00e9cret d\u2019application, a rappel\u00e9 Alioune Sall, qui la juge \u00ab obsol\u00e8te \u00bb.<\/p>\n<p>Cette loi n\u2019a pas non plus pris en compte le d\u00e9veloppement des technologies de l\u2019information et de la communication, ni le num\u00e9rique, par o\u00f9 passent aujourd\u2019hui plus des deux tiers des revenus publicitaires, notamment via les GAFAM, l\u2019acronyme form\u00e9 par l\u2019initiale des g\u00e9ants de l\u2019internet (Google-Apple- Facebook-Amazon-Microsoft), a soulign\u00e9 le ministre Alioune Sall, ing\u00e9nieur sp\u00e9cialis\u00e9 en mise en r\u00e9seau des syst\u00e8mes informatiques et t\u00e9l\u00e9coms et ancien cadre \u00e0 l\u2019op\u00e9rateur SFR en France.<\/p>\n<p>Dans un souci de modernisation, l\u2019\u00c9tat du S\u00e9n\u00e9gal s\u2019att\u00e8le ainsi \u00e0 la formalisation du secteur publicitaire, avec plusieurs objectifs vis\u00e9s.<\/p>\n<p>Selon Aliou Sall, cette r\u00e9forme souhait\u00e9e par la tutelle est avant tout une r\u00e9ponse \u00e0 un besoin d'adaptation \u00e0 l'\u00e8re du num\u00e9rique. Aliou Sall s'explique : \u201c<em>Aujourd'hui, on sait que 90 % des r\u00e9sidus publicitaires se font \u00e0 travers les plateformes e-commerce. Donc, l'innovation majeure, c'est l'implication du secteur num\u00e9rique de mani\u00e8re g\u00e9n\u00e9rale, qui va permettre la r\u00e9cup\u00e9ration de cette manne financi\u00e8re \u00e0 travers tous les contenus absorb\u00e9s par les S\u00e9n\u00e9galais pour qu\u2019ils puissent en b\u00e9n\u00e9ficier. Aujourd'hui, il y a cette absence de l\u00e9gislation qui fait qu'on ne peut m\u00eame pas r\u00e9clamer nos droits.<\/em>\u201d<\/p>\n<p>M. Sall a ajout\u00e9 en soutenant que \u201c<em>deux tiers de la manne financi\u00e8re g\u00e9n\u00e9r\u00e9e par la publicit\u00e9 dans le monde sont capt\u00e9s par les multinationales des technologies de l\u2019information et de la communication.<\/em>\u201d<\/p>\n<p>Toutefois, selon le ministre de la Communication, pour une formalisation du secteur de la publicit\u00e9, une base de donn\u00e9es claire sur les acteurs est plus que n\u00e9cessaire. \u201c<em>Il nous faut identifier l\u2019ensemble des r\u00e9gies publicitaires ainsi que les agences de conseils et autres acteurs qui op\u00e8rent au S\u00e9n\u00e9gal, en veillant \u00e0 ce qu\u2019ils se conforment aux dispositions l\u00e9gales.<\/em>\u201d<\/p>\n<p>\u00c0 l'en croire, c'est uniquement de cette fa\u00e7on qu\u2019il serait possible de \u201c<em>prot\u00e9ger les acteurs du secteur avec plus de transparence pour l\u2019uniformisation des proc\u00e9dures et de leur taxation par l\u2019administration centrale et celle des collectivit\u00e9s territoriales, mais aussi de prot\u00e9ger les consommateurs.<\/em>\u201d<\/p>\n<p>Les principaux acteurs du secteur pr\u00e9sents \u00e0 cet atelier appr\u00e9cient bien \u00e9videmment cette d\u00e9cision du ministre. \u201c<em>Cette initiative ne pouvait mieux tomber. La loi de 1983 ne dispose pas de d\u00e9cret d'application et celle de 1964 est d\u00e9su\u00e8te. En outre, si le projet va au bout, cela pourrait constituer une bouff\u00e9e d'oxyg\u00e8ne pour nous<\/em>\u201d soutient le pr\u00e9sident de l'association des r\u00e9gies publicitaires, Abdoulaye Thiam. Ce dernier illustre son propos en d\u00e9clarant : \u201c<em>Durant les dix derni\u00e8res ann\u00e9es, nous avons subi de nombreux dommages par le saccage de nos panneaux publicitaires. Cela a pouss\u00e9 beaucoup d'investisseurs du secteur \u00e0 mettre la cl\u00e9 sous la porte. Ce que nous souhaitons, c'est juste une s\u00e9curit\u00e9 d'implantation, et cette derni\u00e8re ne pourrait voir le jour qu'avec une loi qui organise le secteur.<\/em>\u201d<\/p>\n<p>Apr\u00e8s avoir applaudi ce projet de la tutelle, ces agents de la publicit\u00e9 ont soumis quelques sollicitations au-pr\u00e8s de celle-ci. \u201c<em>Cette rencontre est aussi pour nous une occasion de soumettre quelques dol\u00e9ances \u00e0 la tutelle. Nous pensons qu'\u00e0 l'instar de tous les acteurs et de toutes les composantes de la presse, nous m\u00e9ritons de disposer d'un local \u00e0 La Maison de la presse Babacar Tour\u00e9. Cela nous permettrait d'\u00eatre dans un m\u00eame bloc, en contact permanent avec nos principaux collaborateurs. Deuxi\u00e8mement, une part devrait aussi revenir au secteur de la publicit\u00e9 dans le fonds d'aide \u00e0 la presse. Nous osons esp\u00e9rer que la tutelle va s'atteler \u00e0 la correction de ces deux anomalies<\/em>\u201d.<\/p>\n<div class='share-to-whatsapp-wrapper'><div class='share-on-whsp'>PARTAGER SUR : <\/div><a data-text='REGULATION - Vers l\u2019adoption de la loi actualis\u00e9e sur la publicit\u00e9' data-link='https:\/\/www.nettali.com\/2025\/01\/03\/regulation-vers-ladoption-de-la-loi-actualisee-sur-la-publicite\/' class='whatsapp-button whatsapp-share'>WhatsApp<\/a><div class='clear '><\/div><\/div>","protected":false},"excerpt":{"rendered":"<p>NETTALI.COM - Le ministre de la Communication, des T\u00e9l\u00e9communications et du Num\u00e9rique, Alioune Sall, a exprim\u00e9, vendredi, \u00e0 Dakar, la\u00a0 volont\u00e9 du gouvernement de voir adopter d\u00e8s cette ann\u00e9e le projet de loi portant Code de la publicit\u00e9 actualis\u00e9 pour parvenir \u00e0 une meilleure r\u00e9gulation du secteur. Cette mise \u00e0 jour int\u00e8gre, entre autres, de [&hellip;]<\/p>\n","protected":false},"author":4,"featured_media":138823,"comment_status":"open","ping_status":"open","sticky":false,"template":"","format":"standard","meta":{"_et_pb_use_builder":"","_et_pb_old_content":""},"categories":[3],"tags":[],"yoast_head":"<!-- This site is optimized with the Yoast SEO Premium plugin v17.8 (Yoast SEO v17.8) - https:\/\/yoast.com\/wordpress\/plugins\/seo\/ -->\n<title>REGULATION - Vers l\u2019adoption de la loi actualis\u00e9e sur la publicit\u00e9 | Nettali.com<\/title>\n<meta name=\"robots\" content=\"index, follow, max-snippet:-1, max-image-preview:large, max-video-preview:-1\" \/>\n<link rel=\"canonical\" href=\"https:\/\/www.nettali.com\/2025\/01\/03\/regulation-vers-ladoption-de-la-loi-actualisee-sur-la-publicite\/\" \/>\n<meta property=\"og:locale\" content=\"fr_FR\" \/>\n<meta property=\"og:type\" content=\"article\" \/>\n<meta property=\"og:title\" content=\"REGULATION - Vers l\u2019adoption de la loi actualis\u00e9e sur la publicit\u00e9\" \/>\n<meta property=\"og:description\" content=\"NETTALI.COM - Le ministre de la Communication, des T\u00e9l\u00e9communications et du Num\u00e9rique, Alioune Sall, a exprim\u00e9, vendredi, \u00e0 Dakar, la\u00a0 volont\u00e9 du gouvernement de voir adopter d\u00e8s cette ann\u00e9e le projet de loi portant Code de la publicit\u00e9 actualis\u00e9 pour parvenir \u00e0 une meilleure r\u00e9gulation du secteur. Cette mise \u00e0 jour int\u00e8gre, entre autres, de [&hellip;]\" \/>\n<meta property=\"og:url\" content=\"https:\/\/www.nettali.com\/2025\/01\/03\/regulation-vers-ladoption-de-la-loi-actualisee-sur-la-publicite\/\" \/>\n<meta property=\"og:site_name\" content=\"Nettali.com\" \/>\n<meta property=\"article:publisher\" content=\"https:\/\/www.facebook.com\/nettalicom\" \/>\n<meta property=\"article:published_time\" content=\"2025-01-03T20:52:33+00:00\" \/>\n<meta property=\"article:modified_time\" content=\"2025-01-04T07:51:43+00:00\" \/>\n<meta property=\"og:image\" content=\"https:\/\/www.nettali.com\/wp-content\/uploads\/2024\/08\/ALIOUNE-SALL-MINISTRE-DES-Telecoms.png\" \/>\n\t<meta property=\"og:image:width\" content=\"810\" \/>\n\t<meta property=\"og:image:height\" content=\"501\" \/>\n<meta name=\"twitter:card\" content=\"summary_large_image\" \/>\n<meta name=\"twitter:label1\" content=\"\u00c9crit par\" \/>\n\t<meta name=\"twitter:data1\" content=\"Daouda\" \/>\n\t<meta name=\"twitter:label2\" content=\"Dur\u00e9e de lecture estim\u00e9e\" \/>\n\t<meta name=\"twitter:data2\" content=\"4 minutes\" \/>\n<script type=\"application\/ld+json\" class=\"yoast-schema-graph\">{\"@context\":\"https:\/\/schema.org\",\"@graph\":[{\"@type\":\"WebSite\",\"@id\":\"https:\/\/www.nettali.com\/#website\",\"url\":\"https:\/\/www.nettali.com\/\",\"name\":\"Nettali.com\",\"description\":\"Le rendez-vous critique du Net\",\"potentialAction\":[{\"@type\":\"SearchAction\",\"target\":{\"@type\":\"EntryPoint\",\"urlTemplate\":\"https:\/\/www.nettali.com\/?s={search_term_string}\"},\"query-input\":\"required name=search_term_string\"}],\"inLanguage\":\"fr-FR\"},{\"@type\":\"ImageObject\",\"@id\":\"https:\/\/www.nettali.com\/2025\/01\/03\/regulation-vers-ladoption-de-la-loi-actualisee-sur-la-publicite\/#primaryimage\",\"inLanguage\":\"fr-FR\",\"url\":\"https:\/\/www.nettali.com\/wp-content\/uploads\/2024\/08\/ALIOUNE-SALL-MINISTRE-DES-Telecoms.png\",\"contentUrl\":\"https:\/\/www.nettali.com\/wp-content\/uploads\/2024\/08\/ALIOUNE-SALL-MINISTRE-DES-Telecoms.png\",\"width\":810,\"height\":501},{\"@type\":\"WebPage\",\"@id\":\"https:\/\/www.nettali.com\/2025\/01\/03\/regulation-vers-ladoption-de-la-loi-actualisee-sur-la-publicite\/#webpage\",\"url\":\"https:\/\/www.nettali.com\/2025\/01\/03\/regulation-vers-ladoption-de-la-loi-actualisee-sur-la-publicite\/\",\"name\":\"REGULATION - Vers l\\u2019adoption de la loi actualis\\u00e9e sur la publicit\\u00e9 | Nettali.com\",\"isPartOf\":{\"@id\":\"https:\/\/www.nettali.com\/#website\"},\"primaryImageOfPage\":{\"@id\":\"https:\/\/www.nettali.com\/2025\/01\/03\/regulation-vers-ladoption-de-la-loi-actualisee-sur-la-publicite\/#primaryimage\"},\"datePublished\":\"2025-01-03T20:52:33+00:00\",\"dateModified\":\"2025-01-04T07:51:43+00:00\",\"author\":{\"@id\":\"https:\/\/www.nettali.com\/#\/schema\/person\/3317e0bb3aa1da309fbf7b2780901bf4\"},\"breadcrumb\":{\"@id\":\"https:\/\/www.nettali.com\/2025\/01\/03\/regulation-vers-ladoption-de-la-loi-actualisee-sur-la-publicite\/#breadcrumb\"},\"inLanguage\":\"fr-FR\",\"potentialAction\":[{\"@type\":\"ReadAction\",\"target\":[\"https:\/\/www.nettali.com\/2025\/01\/03\/regulation-vers-ladoption-de-la-loi-actualisee-sur-la-publicite\/\"]}]},{\"@type\":\"BreadcrumbList\",\"@id\":\"https:\/\/www.nettali.com\/2025\/01\/03\/regulation-vers-ladoption-de-la-loi-actualisee-sur-la-publicite\/#breadcrumb\",\"itemListElement\":[{\"@type\":\"ListItem\",\"position\":1,\"name\":\"Accueil\",\"item\":\"https:\/\/www.nettali.com\/\"},{\"@type\":\"ListItem\",\"position\":2,\"name\":\"REGULATION - Vers l\\u2019adoption de la loi actualis\\u00e9e sur la publicit\\u00e9\"}]},{\"@type\":\"Person\",\"@id\":\"https:\/\/www.nettali.com\/#\/schema\/person\/3317e0bb3aa1da309fbf7b2780901bf4\",\"name\":\"Daouda\",\"image\":{\"@type\":\"ImageObject\",\"@id\":\"https:\/\/www.nettali.com\/#personlogo\",\"inLanguage\":\"fr-FR\",\"url\":\"https:\/\/secure.gravatar.com\/avatar\/8d143b5a49345098ddcfee1c49c2f47c?s=96&d=mm&r=g\",\"contentUrl\":\"https:\/\/secure.gravatar.com\/avatar\/8d143b5a49345098ddcfee1c49c2f47c?s=96&d=mm&r=g\",\"caption\":\"Daouda\"},\"sameAs\":[\"https:\/\/www.nettali.com\"]}]}<\/script>\n<!-- \/ Yoast SEO Premium plugin. -->","yoast_head_json":{"title":"REGULATION - Vers l\u2019adoption de la loi actualis\u00e9e sur la publicit\u00e9 | Nettali.com","robots":{"index":"index","follow":"follow","max-snippet":"max-snippet:-1","max-image-preview":"max-image-preview:large","max-video-preview":"max-video-preview:-1"},"canonical":"https:\/\/www.nettali.com\/2025\/01\/03\/regulation-vers-ladoption-de-la-loi-actualisee-sur-la-publicite\/","og_locale":"fr_FR","og_type":"article","og_title":"REGULATION - Vers l\u2019adoption de la loi actualis\u00e9e sur la publicit\u00e9","og_description":"NETTALI.COM - Le ministre de la Communication, des T\u00e9l\u00e9communications et du Num\u00e9rique, Alioune Sall, a exprim\u00e9, vendredi, \u00e0 Dakar, la\u00a0 volont\u00e9 du gouvernement de voir adopter d\u00e8s cette ann\u00e9e le projet de loi portant Code de la publicit\u00e9 actualis\u00e9 pour parvenir \u00e0 une meilleure r\u00e9gulation du secteur. Cette mise \u00e0 jour int\u00e8gre, entre autres, de [&hellip;]","og_url":"https:\/\/www.nettali.com\/2025\/01\/03\/regulation-vers-ladoption-de-la-loi-actualisee-sur-la-publicite\/","og_site_name":"Nettali.com","article_publisher":"https:\/\/www.facebook.com\/nettalicom","article_published_time":"2025-01-03T20:52:33+00:00","article_modified_time":"2025-01-04T07:51:43+00:00","og_image":[{"width":810,"height":501,"url":"https:\/\/www.nettali.com\/wp-content\/uploads\/2024\/08\/ALIOUNE-SALL-MINISTRE-DES-Telecoms.png","type":"image\/png"}],"twitter_card":"summary_large_image","twitter_misc":{"\u00c9crit par":"Daouda","Dur\u00e9e de lecture estim\u00e9e":"4 minutes"},"schema":{"@context":"https:\/\/schema.org","@graph":[{"@type":"WebSite","@id":"https:\/\/www.nettali.com\/#website","url":"https:\/\/www.nettali.com\/","name":"Nettali.com","description":"Le rendez-vous critique du Net","potentialAction":[{"@type":"SearchAction","target":{"@type":"EntryPoint","urlTemplate":"https:\/\/www.nettali.com\/?s={search_term_string}"},"query-input":"required name=search_term_string"}],"inLanguage":"fr-FR"},{"@type":"ImageObject","@id":"https:\/\/www.nettali.com\/2025\/01\/03\/regulation-vers-ladoption-de-la-loi-actualisee-sur-la-publicite\/#primaryimage","inLanguage":"fr-FR","url":"https:\/\/www.nettali.com\/wp-content\/uploads\/2024\/08\/ALIOUNE-SALL-MINISTRE-DES-Telecoms.png","contentUrl":"https:\/\/www.nettali.com\/wp-content\/uploads\/2024\/08\/ALIOUNE-SALL-MINISTRE-DES-Telecoms.png","width":810,"height":501},{"@type":"WebPage","@id":"https:\/\/www.nettali.com\/2025\/01\/03\/regulation-vers-ladoption-de-la-loi-actualisee-sur-la-publicite\/#webpage","url":"https:\/\/www.nettali.com\/2025\/01\/03\/regulation-vers-ladoption-de-la-loi-actualisee-sur-la-publicite\/","name":"REGULATION - Vers l\u2019adoption de la loi actualis\u00e9e sur la publicit\u00e9 | Nettali.com","isPartOf":{"@id":"https:\/\/www.nettali.com\/#website"},"primaryImageOfPage":{"@id":"https:\/\/www.nettali.com\/2025\/01\/03\/regulation-vers-ladoption-de-la-loi-actualisee-sur-la-publicite\/#primaryimage"},"datePublished":"2025-01-03T20:52:33+00:00","dateModified":"2025-01-04T07:51:43+00:00","author":{"@id":"https:\/\/www.nettali.com\/#\/schema\/person\/3317e0bb3aa1da309fbf7b2780901bf4"},"breadcrumb":{"@id":"https:\/\/www.nettali.com\/2025\/01\/03\/regulation-vers-ladoption-de-la-loi-actualisee-sur-la-publicite\/#breadcrumb"},"inLanguage":"fr-FR","potentialAction":[{"@type":"ReadAction","target":["https:\/\/www.nettali.com\/2025\/01\/03\/regulation-vers-ladoption-de-la-loi-actualisee-sur-la-publicite\/"]}]},{"@type":"BreadcrumbList","@id":"https:\/\/www.nettali.com\/2025\/01\/03\/regulation-vers-ladoption-de-la-loi-actualisee-sur-la-publicite\/#breadcrumb","itemListElement":[{"@type":"ListItem","position":1,"name":"Accueil","item":"https:\/\/www.nettali.com\/"},{"@type":"ListItem","position":2,"name":"REGULATION - Vers l\u2019adoption de la loi actualis\u00e9e sur la publicit\u00e9"}]},{"@type":"Person","@id":"https:\/\/www.nettali.com\/#\/schema\/person\/3317e0bb3aa1da309fbf7b2780901bf4","name":"Daouda","image":{"@type":"ImageObject","@id":"https:\/\/www.nettali.com\/#personlogo","inLanguage":"fr-FR","url":"https:\/\/secure.gravatar.com\/avatar\/8d143b5a49345098ddcfee1c49c2f47c?s=96&d=mm&r=g","contentUrl":"https:\/\/secure.gravatar.com\/avatar\/8d143b5a49345098ddcfee1c49c2f47c?s=96&d=mm&r=g","caption":"Daouda"},"sameAs":["https:\/\/www.nettali.com"]}]}},"_links":{"self":[{"href":"https:\/\/www.nettali.com\/rest\/wp\/v2\/posts\/146498"}],"collection":[{"href":"https:\/\/www.nettali.com\/rest\/wp\/v2\/posts"}],"about":[{"href":"https:\/\/www.nettali.com\/rest\/wp\/v2\/types\/post"}],"author":[{"embeddable":true,"href":"https:\/\/www.nettali.com\/rest\/wp\/v2\/users\/4"}],"replies":[{"embeddable":true,"href":"https:\/\/www.nettali.com\/rest\/wp\/v2\/comments?post=146498"}],"version-history":[{"count":3,"href":"https:\/\/www.nettali.com\/rest\/wp\/v2\/posts\/146498\/revisions"}],"predecessor-version":[{"id":146507,"href":"https:\/\/www.nettali.com\/rest\/wp\/v2\/posts\/146498\/revisions\/146507"}],"wp:featuredmedia":[{"embeddable":true,"href":"https:\/\/www.nettali.com\/rest\/wp\/v2\/media\/138823"}],"wp:attachment":[{"href":"https:\/\/www.nettali.com\/rest\/wp\/v2\/media?parent=146498"}],"wp:term":[{"taxonomy":"category","embeddable":true,"href":"https:\/\/www.nettali.com\/rest\/wp\/v2\/categories?post=146498"},{"taxonomy":"post_tag","embeddable":true,"href":"https:\/\/www.nettali.com\/rest\/wp\/v2\/tags?post=146498"}],"curies":[{"name":"wp","href":"https:\/\/api.w.org\/{rel}","templated":true}]}}