{"id":146468,"date":"2025-01-03T07:49:41","date_gmt":"2025-01-03T07:49:41","guid":{"rendered":"https:\/\/www.nettali.com\/?p=146468"},"modified":"2025-01-03T07:50:03","modified_gmt":"2025-01-03T07:50:03","slug":"real-ancelotti-confirme-pour-alaba","status":"publish","type":"post","link":"https:\/\/www.nettali.com\/2025\/01\/03\/real-ancelotti-confirme-pour-alaba\/","title":{"rendered":"REAL - Ancelotti confirme pour Alaba"},"content":{"rendered":"<p><strong>NETTALI.COM -<\/strong> Absent depuis un an suite \u00e0 une grave blessure \u00e0 un genou, David Alaba (32 ans) est pr\u00eat \u00e0 reprendre du service. L'entra\u00eeneur du Real Madrid, Carlo Ancelotti, a confirm\u00e9 le retour imminent du milieu polyvalent autrichien.<\/p>\n<p>\"David Alaba est proche de rejouer. Il sera pr\u00eat le 20 janvier, a expliqu\u00e9 le manager italien en conf\u00e9rence de presse. Nous allons d\u00e9sormais faire plus de rotations, notamment en d\u00e9fense.\"<\/p>\n<p>Un soulagement pour le technicien madril\u00e8ne, priv\u00e9 de Daniel Carvajal et \u00c9der Milit\u00e3o jusqu'au terme de la saison.<\/p>\n<div class='share-to-whatsapp-wrapper'><div class='share-on-whsp'>PARTAGER SUR : <\/div><a data-text='REAL - Ancelotti confirme pour Alaba' data-link='https:\/\/www.nettali.com\/2025\/01\/03\/real-ancelotti-confirme-pour-alaba\/' class='whatsapp-button whatsapp-share'>WhatsApp<\/a><div class='clear '><\/div><\/div>","protected":false},"excerpt":{"rendered":"<p>NETTALI.COM - Absent depuis un an suite \u00e0 une grave blessure \u00e0 un genou, David Alaba (32 ans) est pr\u00eat \u00e0 reprendre du service. L'entra\u00eeneur du Real Madrid, Carlo Ancelotti, a confirm\u00e9 le retour imminent du milieu polyvalent autrichien. \"David Alaba est proche de rejouer. Il sera pr\u00eat le 20 janvier, a expliqu\u00e9 le manager [&hellip;]<\/p>\n","protected":false},"author":2,"featured_media":146469,"comment_status":"open","ping_status":"open","sticky":false,"template":"","format":"standard","meta":{"_et_pb_use_builder":"","_et_pb_old_content":""},"categories":[6],"tags":[],"yoast_head":"<!-- This site is optimized with the Yoast SEO Premium plugin v17.8 (Yoast SEO v17.8) - https:\/\/yoast.com\/wordpress\/plugins\/seo\/ -->\n<title>REAL - Ancelotti confirme pour Alaba | Nettali.com<\/title>\n<meta name=\"robots\" content=\"index, follow, max-snippet:-1, max-image-preview:large, max-video-preview:-1\" \/>\n<link rel=\"canonical\" href=\"https:\/\/www.nettali.com\/2025\/01\/03\/real-ancelotti-confirme-pour-alaba\/\" \/>\n<meta property=\"og:locale\" content=\"fr_FR\" \/>\n<meta property=\"og:type\" content=\"article\" \/>\n<meta property=\"og:title\" content=\"REAL - Ancelotti confirme pour Alaba\" \/>\n<meta property=\"og:description\" content=\"NETTALI.COM - Absent depuis un an suite \u00e0 une grave blessure \u00e0 un genou, David Alaba (32 ans) est pr\u00eat \u00e0 reprendre du service. L&#039;entra\u00eeneur du Real Madrid, Carlo Ancelotti, a confirm\u00e9 le retour imminent du milieu polyvalent autrichien. &quot;David Alaba est proche de rejouer. Il sera pr\u00eat le 20 janvier, a expliqu\u00e9 le manager [&hellip;]\" \/>\n<meta property=\"og:url\" content=\"https:\/\/www.nettali.com\/2025\/01\/03\/real-ancelotti-confirme-pour-alaba\/\" \/>\n<meta property=\"og:site_name\" content=\"Nettali.com\" \/>\n<meta property=\"article:publisher\" content=\"https:\/\/www.facebook.com\/nettalicom\" \/>\n<meta property=\"article:published_time\" content=\"2025-01-03T07:49:41+00:00\" \/>\n<meta property=\"article:modified_time\" content=\"2025-01-03T07:50:03+00:00\" \/>\n<meta property=\"og:image\" content=\"https:\/\/www.nettali.com\/wp-content\/uploads\/2025\/01\/3019912-61953968-2560-1440.jpg\" \/>\n\t<meta property=\"og:image:width\" content=\"1200\" \/>\n\t<meta property=\"og:image:height\" content=\"675\" \/>\n<meta name=\"twitter:card\" content=\"summary_large_image\" \/>\n<meta name=\"twitter:label1\" content=\"\u00c9crit par\" \/>\n\t<meta name=\"twitter:data1\" content=\"CK\" \/>\n\t<meta name=\"twitter:label2\" content=\"Dur\u00e9e de lecture estim\u00e9e\" \/>\n\t<meta name=\"twitter:data2\" content=\"1 minute\" \/>\n<script type=\"application\/ld+json\" class=\"yoast-schema-graph\">{\"@context\":\"https:\/\/schema.org\",\"@graph\":[{\"@type\":\"WebSite\",\"@id\":\"https:\/\/www.nettali.com\/#website\",\"url\":\"https:\/\/www.nettali.com\/\",\"name\":\"Nettali.com\",\"description\":\"Le rendez-vous critique du Net\",\"potentialAction\":[{\"@type\":\"SearchAction\",\"target\":{\"@type\":\"EntryPoint\",\"urlTemplate\":\"https:\/\/www.nettali.com\/?s={search_term_string}\"},\"query-input\":\"required name=search_term_string\"}],\"inLanguage\":\"fr-FR\"},{\"@type\":\"ImageObject\",\"@id\":\"https:\/\/www.nettali.com\/2025\/01\/03\/real-ancelotti-confirme-pour-alaba\/#primaryimage\",\"inLanguage\":\"fr-FR\",\"url\":\"https:\/\/www.nettali.com\/wp-content\/uploads\/2025\/01\/3019912-61953968-2560-1440.jpg\",\"contentUrl\":\"https:\/\/www.nettali.com\/wp-content\/uploads\/2025\/01\/3019912-61953968-2560-1440.jpg\",\"width\":1200,\"height\":675},{\"@type\":\"WebPage\",\"@id\":\"https:\/\/www.nettali.com\/2025\/01\/03\/real-ancelotti-confirme-pour-alaba\/#webpage\",\"url\":\"https:\/\/www.nettali.com\/2025\/01\/03\/real-ancelotti-confirme-pour-alaba\/\",\"name\":\"REAL - Ancelotti confirme pour Alaba | Nettali.com\",\"isPartOf\":{\"@id\":\"https:\/\/www.nettali.com\/#website\"},\"primaryImageOfPage\":{\"@id\":\"https:\/\/www.nettali.com\/2025\/01\/03\/real-ancelotti-confirme-pour-alaba\/#primaryimage\"},\"datePublished\":\"2025-01-03T07:49:41+00:00\",\"dateModified\":\"2025-01-03T07:50:03+00:00\",\"author\":{\"@id\":\"https:\/\/www.nettali.com\/#\/schema\/person\/d8ac7b7e27ddad43f1c0d2ef090d7f71\"},\"breadcrumb\":{\"@id\":\"https:\/\/www.nettali.com\/2025\/01\/03\/real-ancelotti-confirme-pour-alaba\/#breadcrumb\"},\"inLanguage\":\"fr-FR\",\"potentialAction\":[{\"@type\":\"ReadAction\",\"target\":[\"https:\/\/www.nettali.com\/2025\/01\/03\/real-ancelotti-confirme-pour-alaba\/\"]}]},{\"@type\":\"BreadcrumbList\",\"@id\":\"https:\/\/www.nettali.com\/2025\/01\/03\/real-ancelotti-confirme-pour-alaba\/#breadcrumb\",\"itemListElement\":[{\"@type\":\"ListItem\",\"position\":1,\"name\":\"Accueil\",\"item\":\"https:\/\/www.nettali.com\/\"},{\"@type\":\"ListItem\",\"position\":2,\"name\":\"REAL - Ancelotti confirme pour Alaba\"}]},{\"@type\":\"Person\",\"@id\":\"https:\/\/www.nettali.com\/#\/schema\/person\/d8ac7b7e27ddad43f1c0d2ef090d7f71\",\"name\":\"CK\",\"image\":{\"@type\":\"ImageObject\",\"@id\":\"https:\/\/www.nettali.com\/#personlogo\",\"inLanguage\":\"fr-FR\",\"url\":\"https:\/\/secure.gravatar.com\/avatar\/1d8d5118b9327d94da7cd4ce7f17fec2?s=96&d=mm&r=g\",\"contentUrl\":\"https:\/\/secure.gravatar.com\/avatar\/1d8d5118b9327d94da7cd4ce7f17fec2?s=96&d=mm&r=g\",\"caption\":\"CK\"},\"sameAs\":[\"https:\/\/www.nettali.com\"]}]}<\/script>\n<!-- \/ Yoast SEO Premium plugin. -->","yoast_head_json":{"title":"REAL - Ancelotti confirme pour Alaba | Nettali.com","robots":{"index":"index","follow":"follow","max-snippet":"max-snippet:-1","max-image-preview":"max-image-preview:large","max-video-preview":"max-video-preview:-1"},"canonical":"https:\/\/www.nettali.com\/2025\/01\/03\/real-ancelotti-confirme-pour-alaba\/","og_locale":"fr_FR","og_type":"article","og_title":"REAL - Ancelotti confirme pour Alaba","og_description":"NETTALI.COM - Absent depuis un an suite \u00e0 une grave blessure \u00e0 un genou, David Alaba (32 ans) est pr\u00eat \u00e0 reprendre du service. L'entra\u00eeneur du Real Madrid, Carlo Ancelotti, a confirm\u00e9 le retour imminent du milieu polyvalent autrichien. \"David Alaba est proche de rejouer. Il sera pr\u00eat le 20 janvier, a expliqu\u00e9 le manager [&hellip;]","og_url":"https:\/\/www.nettali.com\/2025\/01\/03\/real-ancelotti-confirme-pour-alaba\/","og_site_name":"Nettali.com","article_publisher":"https:\/\/www.facebook.com\/nettalicom","article_published_time":"2025-01-03T07:49:41+00:00","article_modified_time":"2025-01-03T07:50:03+00:00","og_image":[{"width":1200,"height":675,"url":"https:\/\/www.nettali.com\/wp-content\/uploads\/2025\/01\/3019912-61953968-2560-1440.jpg","type":"image\/jpeg"}],"twitter_card":"summary_large_image","twitter_misc":{"\u00c9crit par":"CK","Dur\u00e9e de lecture estim\u00e9e":"1 minute"},"schema":{"@context":"https:\/\/schema.org","@graph":[{"@type":"WebSite","@id":"https:\/\/www.nettali.com\/#website","url":"https:\/\/www.nettali.com\/","name":"Nettali.com","description":"Le rendez-vous critique du Net","potentialAction":[{"@type":"SearchAction","target":{"@type":"EntryPoint","urlTemplate":"https:\/\/www.nettali.com\/?s={search_term_string}"},"query-input":"required name=search_term_string"}],"inLanguage":"fr-FR"},{"@type":"ImageObject","@id":"https:\/\/www.nettali.com\/2025\/01\/03\/real-ancelotti-confirme-pour-alaba\/#primaryimage","inLanguage":"fr-FR","url":"https:\/\/www.nettali.com\/wp-content\/uploads\/2025\/01\/3019912-61953968-2560-1440.jpg","contentUrl":"https:\/\/www.nettali.com\/wp-content\/uploads\/2025\/01\/3019912-61953968-2560-1440.jpg","width":1200,"height":675},{"@type":"WebPage","@id":"https:\/\/www.nettali.com\/2025\/01\/03\/real-ancelotti-confirme-pour-alaba\/#webpage","url":"https:\/\/www.nettali.com\/2025\/01\/03\/real-ancelotti-confirme-pour-alaba\/","name":"REAL - Ancelotti confirme pour Alaba | Nettali.com","isPartOf":{"@id":"https:\/\/www.nettali.com\/#website"},"primaryImageOfPage":{"@id":"https:\/\/www.nettali.com\/2025\/01\/03\/real-ancelotti-confirme-pour-alaba\/#primaryimage"},"datePublished":"2025-01-03T07:49:41+00:00","dateModified":"2025-01-03T07:50:03+00:00","author":{"@id":"https:\/\/www.nettali.com\/#\/schema\/person\/d8ac7b7e27ddad43f1c0d2ef090d7f71"},"breadcrumb":{"@id":"https:\/\/www.nettali.com\/2025\/01\/03\/real-ancelotti-confirme-pour-alaba\/#breadcrumb"},"inLanguage":"fr-FR","potentialAction":[{"@type":"ReadAction","target":["https:\/\/www.nettali.com\/2025\/01\/03\/real-ancelotti-confirme-pour-alaba\/"]}]},{"@type":"BreadcrumbList","@id":"https:\/\/www.nettali.com\/2025\/01\/03\/real-ancelotti-confirme-pour-alaba\/#breadcrumb","itemListElement":[{"@type":"ListItem","position":1,"name":"Accueil","item":"https:\/\/www.nettali.com\/"},{"@type":"ListItem","position":2,"name":"REAL - Ancelotti confirme pour Alaba"}]},{"@type":"Person","@id":"https:\/\/www.nettali.com\/#\/schema\/person\/d8ac7b7e27ddad43f1c0d2ef090d7f71","name":"CK","image":{"@type":"ImageObject","@id":"https:\/\/www.nettali.com\/#personlogo","inLanguage":"fr-FR","url":"https:\/\/secure.gravatar.com\/avatar\/1d8d5118b9327d94da7cd4ce7f17fec2?s=96&d=mm&r=g","contentUrl":"https:\/\/secure.gravatar.com\/avatar\/1d8d5118b9327d94da7cd4ce7f17fec2?s=96&d=mm&r=g","caption":"CK"},"sameAs":["https:\/\/www.nettali.com"]}]}},"_links":{"self":[{"href":"https:\/\/www.nettali.com\/rest\/wp\/v2\/posts\/146468"}],"collection":[{"href":"https:\/\/www.nettali.com\/rest\/wp\/v2\/posts"}],"about":[{"href":"https:\/\/www.nettali.com\/rest\/wp\/v2\/types\/post"}],"author":[{"embeddable":true,"href":"https:\/\/www.nettali.com\/rest\/wp\/v2\/users\/2"}],"replies":[{"embeddable":true,"href":"https:\/\/www.nettali.com\/rest\/wp\/v2\/comments?post=146468"}],"version-history":[{"count":1,"href":"https:\/\/www.nettali.com\/rest\/wp\/v2\/posts\/146468\/revisions"}],"predecessor-version":[{"id":146470,"href":"https:\/\/www.nettali.com\/rest\/wp\/v2\/posts\/146468\/revisions\/146470"}],"wp:featuredmedia":[{"embeddable":true,"href":"https:\/\/www.nettali.com\/rest\/wp\/v2\/media\/146469"}],"wp:attachment":[{"href":"https:\/\/www.nettali.com\/rest\/wp\/v2\/media?parent=146468"}],"wp:term":[{"taxonomy":"category","embeddable":true,"href":"https:\/\/www.nettali.com\/rest\/wp\/v2\/categories?post=146468"},{"taxonomy":"post_tag","embeddable":true,"href":"https:\/\/www.nettali.com\/rest\/wp\/v2\/tags?post=146468"}],"curies":[{"name":"wp","href":"https:\/\/api.w.org\/{rel}","templated":true}]}}