{"id":146443,"date":"2025-01-02T20:06:49","date_gmt":"2025-01-02T20:06:49","guid":{"rendered":"https:\/\/www.nettali.com\/?p=146443"},"modified":"2025-01-02T20:06:49","modified_gmt":"2025-01-02T20:06:49","slug":"saudi-pro-league-kalidou-koulibaly-vers-un-club-europeen","status":"publish","type":"post","link":"https:\/\/www.nettali.com\/2025\/01\/02\/saudi-pro-league-kalidou-koulibaly-vers-un-club-europeen\/","title":{"rendered":"SAUDI PRO LEAGUE - Kalidou Koulibaly vers un club europ\u00e9en"},"content":{"rendered":"<p><strong>NETTALI.COM - Al-Hilal envisagerait de se s\u00e9parer de Kalidou Koulibaly lors du mercato hivernal selon des medias turcs. Le d\u00e9fenseur s\u00e9n\u00e9galais, arriv\u00e9 d\u2019abord de Chelsea, pourrait partir pour lib\u00e9rer une place pour Neymar dans l\u2019effectif \u00e9tranger de la Saudi Pro League.<\/strong><\/p>\n<p>L\u2019entra\u00eeneur Jorge Jesus doit r\u00e9duire le nombre d\u2019\u00e9trangers pour permettre au Br\u00e9silien de jouer lors de la seconde moiti\u00e9 de la saison. Kalidou Koulibaly est le choix prioritaire pour \u00eatre \u00e9cart\u00e9, m\u00eame si Renan Lodi pourrait \u00e9galement \u00eatre concern\u00e9. Mais, l\u2019agent de Lodi a affirm\u00e9 que le joueur resterait jusqu\u2019\u00e0 la fin de son contrat.<\/p>\n<p>Galatasaray, leader du championnat turc, s\u2019int\u00e9resse \u00e0 Koulibaly, mais aimerait \u00e9viter les frais de transfert ou de pr\u00eat, se contentant de prendre en charge son salaire.<br \/>\nFenerbah\u00e7e, rival de Galatasaray, surveille \u00e9galement la situation, mais les dirigeants de Galatasaray semblent en t\u00eate pour finaliser l\u2019accord.<\/p>\n<div class='share-to-whatsapp-wrapper'><div class='share-on-whsp'>PARTAGER SUR : <\/div><a data-text='SAUDI PRO LEAGUE - Kalidou Koulibaly vers un club europ\u00e9en' data-link='https:\/\/www.nettali.com\/2025\/01\/02\/saudi-pro-league-kalidou-koulibaly-vers-un-club-europeen\/' class='whatsapp-button whatsapp-share'>WhatsApp<\/a><div class='clear '><\/div><\/div>","protected":false},"excerpt":{"rendered":"<p>NETTALI.COM - Al-Hilal envisagerait de se s\u00e9parer de Kalidou Koulibaly lors du mercato hivernal selon des medias turcs. Le d\u00e9fenseur s\u00e9n\u00e9galais, arriv\u00e9 d\u2019abord de Chelsea, pourrait partir pour lib\u00e9rer une place pour Neymar dans l\u2019effectif \u00e9tranger de la Saudi Pro League. L\u2019entra\u00eeneur Jorge Jesus doit r\u00e9duire le nombre d\u2019\u00e9trangers pour permettre au Br\u00e9silien de jouer [&hellip;]<\/p>\n","protected":false},"author":5,"featured_media":146444,"comment_status":"open","ping_status":"open","sticky":false,"template":"","format":"standard","meta":{"_et_pb_use_builder":"","_et_pb_old_content":""},"categories":[6],"tags":[],"yoast_head":"<!-- This site is optimized with the Yoast SEO Premium plugin v17.8 (Yoast SEO v17.8) - https:\/\/yoast.com\/wordpress\/plugins\/seo\/ -->\n<title>SAUDI PRO LEAGUE - Kalidou Koulibaly vers un club europ\u00e9en | Nettali.com<\/title>\n<meta name=\"robots\" content=\"index, follow, max-snippet:-1, max-image-preview:large, max-video-preview:-1\" \/>\n<link rel=\"canonical\" href=\"https:\/\/www.nettali.com\/2025\/01\/02\/saudi-pro-league-kalidou-koulibaly-vers-un-club-europeen\/\" \/>\n<meta property=\"og:locale\" content=\"fr_FR\" \/>\n<meta property=\"og:type\" content=\"article\" \/>\n<meta property=\"og:title\" content=\"SAUDI PRO LEAGUE - Kalidou Koulibaly vers un club europ\u00e9en\" \/>\n<meta property=\"og:description\" content=\"NETTALI.COM - Al-Hilal envisagerait de se s\u00e9parer de Kalidou Koulibaly lors du mercato hivernal selon des medias turcs. Le d\u00e9fenseur s\u00e9n\u00e9galais, arriv\u00e9 d\u2019abord de Chelsea, pourrait partir pour lib\u00e9rer une place pour Neymar dans l\u2019effectif \u00e9tranger de la Saudi Pro League. L\u2019entra\u00eeneur Jorge Jesus doit r\u00e9duire le nombre d\u2019\u00e9trangers pour permettre au Br\u00e9silien de jouer [&hellip;]\" \/>\n<meta property=\"og:url\" content=\"https:\/\/www.nettali.com\/2025\/01\/02\/saudi-pro-league-kalidou-koulibaly-vers-un-club-europeen\/\" \/>\n<meta property=\"og:site_name\" content=\"Nettali.com\" \/>\n<meta property=\"article:publisher\" content=\"https:\/\/www.facebook.com\/nettalicom\" \/>\n<meta property=\"article:published_time\" content=\"2025-01-02T20:06:49+00:00\" \/>\n<meta property=\"og:image\" content=\"https:\/\/www.nettali.com\/wp-content\/uploads\/2025\/01\/kalidou-koulibaly-al-hilal-2023-1693997477-116051.jpg\" \/>\n\t<meta property=\"og:image:width\" content=\"1002\" \/>\n\t<meta property=\"og:image:height\" content=\"560\" \/>\n<meta name=\"twitter:card\" content=\"summary_large_image\" \/>\n<meta name=\"twitter:label1\" content=\"\u00c9crit par\" \/>\n\t<meta name=\"twitter:data1\" content=\"Ibrahima\" \/>\n\t<meta name=\"twitter:label2\" content=\"Dur\u00e9e de lecture estim\u00e9e\" \/>\n\t<meta name=\"twitter:data2\" content=\"1 minute\" \/>\n<script type=\"application\/ld+json\" class=\"yoast-schema-graph\">{\"@context\":\"https:\/\/schema.org\",\"@graph\":[{\"@type\":\"WebSite\",\"@id\":\"https:\/\/www.nettali.com\/#website\",\"url\":\"https:\/\/www.nettali.com\/\",\"name\":\"Nettali.com\",\"description\":\"Le rendez-vous critique du Net\",\"potentialAction\":[{\"@type\":\"SearchAction\",\"target\":{\"@type\":\"EntryPoint\",\"urlTemplate\":\"https:\/\/www.nettali.com\/?s={search_term_string}\"},\"query-input\":\"required name=search_term_string\"}],\"inLanguage\":\"fr-FR\"},{\"@type\":\"ImageObject\",\"@id\":\"https:\/\/www.nettali.com\/2025\/01\/02\/saudi-pro-league-kalidou-koulibaly-vers-un-club-europeen\/#primaryimage\",\"inLanguage\":\"fr-FR\",\"url\":\"https:\/\/www.nettali.com\/wp-content\/uploads\/2025\/01\/kalidou-koulibaly-al-hilal-2023-1693997477-116051.jpg\",\"contentUrl\":\"https:\/\/www.nettali.com\/wp-content\/uploads\/2025\/01\/kalidou-koulibaly-al-hilal-2023-1693997477-116051.jpg\",\"width\":1002,\"height\":560},{\"@type\":\"WebPage\",\"@id\":\"https:\/\/www.nettali.com\/2025\/01\/02\/saudi-pro-league-kalidou-koulibaly-vers-un-club-europeen\/#webpage\",\"url\":\"https:\/\/www.nettali.com\/2025\/01\/02\/saudi-pro-league-kalidou-koulibaly-vers-un-club-europeen\/\",\"name\":\"SAUDI PRO LEAGUE - Kalidou Koulibaly vers un club europ\\u00e9en | Nettali.com\",\"isPartOf\":{\"@id\":\"https:\/\/www.nettali.com\/#website\"},\"primaryImageOfPage\":{\"@id\":\"https:\/\/www.nettali.com\/2025\/01\/02\/saudi-pro-league-kalidou-koulibaly-vers-un-club-europeen\/#primaryimage\"},\"datePublished\":\"2025-01-02T20:06:49+00:00\",\"dateModified\":\"2025-01-02T20:06:49+00:00\",\"author\":{\"@id\":\"https:\/\/www.nettali.com\/#\/schema\/person\/bb147657c2986240405a608162b9bb23\"},\"breadcrumb\":{\"@id\":\"https:\/\/www.nettali.com\/2025\/01\/02\/saudi-pro-league-kalidou-koulibaly-vers-un-club-europeen\/#breadcrumb\"},\"inLanguage\":\"fr-FR\",\"potentialAction\":[{\"@type\":\"ReadAction\",\"target\":[\"https:\/\/www.nettali.com\/2025\/01\/02\/saudi-pro-league-kalidou-koulibaly-vers-un-club-europeen\/\"]}]},{\"@type\":\"BreadcrumbList\",\"@id\":\"https:\/\/www.nettali.com\/2025\/01\/02\/saudi-pro-league-kalidou-koulibaly-vers-un-club-europeen\/#breadcrumb\",\"itemListElement\":[{\"@type\":\"ListItem\",\"position\":1,\"name\":\"Accueil\",\"item\":\"https:\/\/www.nettali.com\/\"},{\"@type\":\"ListItem\",\"position\":2,\"name\":\"SAUDI PRO LEAGUE - Kalidou Koulibaly vers un club europ\\u00e9en\"}]},{\"@type\":\"Person\",\"@id\":\"https:\/\/www.nettali.com\/#\/schema\/person\/bb147657c2986240405a608162b9bb23\",\"name\":\"Ibrahima\",\"image\":{\"@type\":\"ImageObject\",\"@id\":\"https:\/\/www.nettali.com\/#personlogo\",\"inLanguage\":\"fr-FR\",\"url\":\"https:\/\/secure.gravatar.com\/avatar\/26a8a81f09f0dd7624c9d5c36c9ba3a2?s=96&d=mm&r=g\",\"contentUrl\":\"https:\/\/secure.gravatar.com\/avatar\/26a8a81f09f0dd7624c9d5c36c9ba3a2?s=96&d=mm&r=g\",\"caption\":\"Ibrahima\"},\"sameAs\":[\"https:\/\/www.nettali.com\"]}]}<\/script>\n<!-- \/ Yoast SEO Premium plugin. -->","yoast_head_json":{"title":"SAUDI PRO LEAGUE - Kalidou Koulibaly vers un club europ\u00e9en | Nettali.com","robots":{"index":"index","follow":"follow","max-snippet":"max-snippet:-1","max-image-preview":"max-image-preview:large","max-video-preview":"max-video-preview:-1"},"canonical":"https:\/\/www.nettali.com\/2025\/01\/02\/saudi-pro-league-kalidou-koulibaly-vers-un-club-europeen\/","og_locale":"fr_FR","og_type":"article","og_title":"SAUDI PRO LEAGUE - Kalidou Koulibaly vers un club europ\u00e9en","og_description":"NETTALI.COM - Al-Hilal envisagerait de se s\u00e9parer de Kalidou Koulibaly lors du mercato hivernal selon des medias turcs. Le d\u00e9fenseur s\u00e9n\u00e9galais, arriv\u00e9 d\u2019abord de Chelsea, pourrait partir pour lib\u00e9rer une place pour Neymar dans l\u2019effectif \u00e9tranger de la Saudi Pro League. L\u2019entra\u00eeneur Jorge Jesus doit r\u00e9duire le nombre d\u2019\u00e9trangers pour permettre au Br\u00e9silien de jouer [&hellip;]","og_url":"https:\/\/www.nettali.com\/2025\/01\/02\/saudi-pro-league-kalidou-koulibaly-vers-un-club-europeen\/","og_site_name":"Nettali.com","article_publisher":"https:\/\/www.facebook.com\/nettalicom","article_published_time":"2025-01-02T20:06:49+00:00","og_image":[{"width":1002,"height":560,"url":"https:\/\/www.nettali.com\/wp-content\/uploads\/2025\/01\/kalidou-koulibaly-al-hilal-2023-1693997477-116051.jpg","type":"image\/jpeg"}],"twitter_card":"summary_large_image","twitter_misc":{"\u00c9crit par":"Ibrahima","Dur\u00e9e de lecture estim\u00e9e":"1 minute"},"schema":{"@context":"https:\/\/schema.org","@graph":[{"@type":"WebSite","@id":"https:\/\/www.nettali.com\/#website","url":"https:\/\/www.nettali.com\/","name":"Nettali.com","description":"Le rendez-vous critique du Net","potentialAction":[{"@type":"SearchAction","target":{"@type":"EntryPoint","urlTemplate":"https:\/\/www.nettali.com\/?s={search_term_string}"},"query-input":"required name=search_term_string"}],"inLanguage":"fr-FR"},{"@type":"ImageObject","@id":"https:\/\/www.nettali.com\/2025\/01\/02\/saudi-pro-league-kalidou-koulibaly-vers-un-club-europeen\/#primaryimage","inLanguage":"fr-FR","url":"https:\/\/www.nettali.com\/wp-content\/uploads\/2025\/01\/kalidou-koulibaly-al-hilal-2023-1693997477-116051.jpg","contentUrl":"https:\/\/www.nettali.com\/wp-content\/uploads\/2025\/01\/kalidou-koulibaly-al-hilal-2023-1693997477-116051.jpg","width":1002,"height":560},{"@type":"WebPage","@id":"https:\/\/www.nettali.com\/2025\/01\/02\/saudi-pro-league-kalidou-koulibaly-vers-un-club-europeen\/#webpage","url":"https:\/\/www.nettali.com\/2025\/01\/02\/saudi-pro-league-kalidou-koulibaly-vers-un-club-europeen\/","name":"SAUDI PRO LEAGUE - Kalidou Koulibaly vers un club europ\u00e9en | Nettali.com","isPartOf":{"@id":"https:\/\/www.nettali.com\/#website"},"primaryImageOfPage":{"@id":"https:\/\/www.nettali.com\/2025\/01\/02\/saudi-pro-league-kalidou-koulibaly-vers-un-club-europeen\/#primaryimage"},"datePublished":"2025-01-02T20:06:49+00:00","dateModified":"2025-01-02T20:06:49+00:00","author":{"@id":"https:\/\/www.nettali.com\/#\/schema\/person\/bb147657c2986240405a608162b9bb23"},"breadcrumb":{"@id":"https:\/\/www.nettali.com\/2025\/01\/02\/saudi-pro-league-kalidou-koulibaly-vers-un-club-europeen\/#breadcrumb"},"inLanguage":"fr-FR","potentialAction":[{"@type":"ReadAction","target":["https:\/\/www.nettali.com\/2025\/01\/02\/saudi-pro-league-kalidou-koulibaly-vers-un-club-europeen\/"]}]},{"@type":"BreadcrumbList","@id":"https:\/\/www.nettali.com\/2025\/01\/02\/saudi-pro-league-kalidou-koulibaly-vers-un-club-europeen\/#breadcrumb","itemListElement":[{"@type":"ListItem","position":1,"name":"Accueil","item":"https:\/\/www.nettali.com\/"},{"@type":"ListItem","position":2,"name":"SAUDI PRO LEAGUE - Kalidou Koulibaly vers un club europ\u00e9en"}]},{"@type":"Person","@id":"https:\/\/www.nettali.com\/#\/schema\/person\/bb147657c2986240405a608162b9bb23","name":"Ibrahima","image":{"@type":"ImageObject","@id":"https:\/\/www.nettali.com\/#personlogo","inLanguage":"fr-FR","url":"https:\/\/secure.gravatar.com\/avatar\/26a8a81f09f0dd7624c9d5c36c9ba3a2?s=96&d=mm&r=g","contentUrl":"https:\/\/secure.gravatar.com\/avatar\/26a8a81f09f0dd7624c9d5c36c9ba3a2?s=96&d=mm&r=g","caption":"Ibrahima"},"sameAs":["https:\/\/www.nettali.com"]}]}},"_links":{"self":[{"href":"https:\/\/www.nettali.com\/rest\/wp\/v2\/posts\/146443"}],"collection":[{"href":"https:\/\/www.nettali.com\/rest\/wp\/v2\/posts"}],"about":[{"href":"https:\/\/www.nettali.com\/rest\/wp\/v2\/types\/post"}],"author":[{"embeddable":true,"href":"https:\/\/www.nettali.com\/rest\/wp\/v2\/users\/5"}],"replies":[{"embeddable":true,"href":"https:\/\/www.nettali.com\/rest\/wp\/v2\/comments?post=146443"}],"version-history":[{"count":2,"href":"https:\/\/www.nettali.com\/rest\/wp\/v2\/posts\/146443\/revisions"}],"predecessor-version":[{"id":146447,"href":"https:\/\/www.nettali.com\/rest\/wp\/v2\/posts\/146443\/revisions\/146447"}],"wp:featuredmedia":[{"embeddable":true,"href":"https:\/\/www.nettali.com\/rest\/wp\/v2\/media\/146444"}],"wp:attachment":[{"href":"https:\/\/www.nettali.com\/rest\/wp\/v2\/media?parent=146443"}],"wp:term":[{"taxonomy":"category","embeddable":true,"href":"https:\/\/www.nettali.com\/rest\/wp\/v2\/categories?post=146443"},{"taxonomy":"post_tag","embeddable":true,"href":"https:\/\/www.nettali.com\/rest\/wp\/v2\/tags?post=146443"}],"curies":[{"name":"wp","href":"https:\/\/api.w.org\/{rel}","templated":true}]}}