{"id":146419,"date":"2025-01-02T07:46:52","date_gmt":"2025-01-02T07:46:52","guid":{"rendered":"https:\/\/www.nettali.com\/?p=146419"},"modified":"2025-01-03T07:30:09","modified_gmt":"2025-01-03T07:30:09","slug":"retrait-total-des-forces-etrangeres-du-senegal-la-fin-dune-epoque","status":"publish","type":"post","link":"https:\/\/www.nettali.com\/2025\/01\/02\/retrait-total-des-forces-etrangeres-du-senegal-la-fin-dune-epoque\/","title":{"rendered":"RETRAIT TOTAL DES FORCES \u00c9TRANG\u00c8RES DU S\u00c9N\u00c9GAL - La fin d\u2019une \u00e9poque"},"content":{"rendered":"<p><strong>NETTALI.COM - Le pr\u00e9sident s\u00e9n\u00e9galais Bassirou Diomaye Faye a annonc\u00e9 la fermeture de toutes les bases militaires \u00e9trang\u00e8res pr\u00e9sentes sur le territoire national d\u00e8s 2025, marquant une rupture historique avec la France et affirmant une souverainet\u00e9 renforc\u00e9e. Cette d\u00e9cision, inscrite dans une dynamique panafricaine, red\u00e9finit les partenariats strat\u00e9giques du S\u00e9n\u00e9gal, tout en suscitant des interrogations sur les implications s\u00e9curitaires, \u00e9conomiques et g\u00e9opolitiques de cette transition.<\/strong><\/p>\n<p>Le mardi 31 d\u00e9cembre 2024, le pr\u00e9sident s\u00e9n\u00e9galais Bassirou Diomaye Faye a annonc\u00e9 la fermeture de toutes les bases militaires \u00e9trang\u00e8res pr\u00e9sentes sur le territoire national d\u00e8s 2025. Cette d\u00e9cision marque un tournant majeur dans l\u2019histoire des relations entre le S\u00e9n\u00e9gal et la France, tout en s\u2019inscrivant dans une dynamique panafricaine d\u2019\u00e9mancipation vis-\u00e0-vis des puissances coloniales.<\/p>\n<p>Ce retrait des forces fran\u00e7aises du S\u00e9n\u00e9gal, tout comme celui annonc\u00e9 en C\u00f4te d\u2019Ivoire par le pr\u00e9sident Alassane Ouattara, symbolise une red\u00e9finition des rapports de d\u00e9fense en Afrique de l\u2019Ouest. Cependant, au-del\u00e0 des implications militaires, cette mesure suscite un d\u00e9bat autour de son impact en mati\u00e8re de communication politique, de coop\u00e9ration s\u00e9curitaire et de repositionnement strat\u00e9gique dans une r\u00e9gion confront\u00e9e \u00e0 une menace terroriste croissante.<\/p>\n<p>Pr\u00e8s de 400 soldats sont bas\u00e9s au camp Colonel Fr\u00e9d\u00e9ric Geille \u00e0 Ouakam, au camp Contre-Amiral Protet au port militaire de Dakar et \u00e0 l\u2019a\u00e9roport L\u00e9opold S\u00e9dar Senghor, les \u00c9l\u00e9ments fran\u00e7ais au S\u00e9n\u00e9gal (EFS). Ces bases constituent un point d\u2019appui strat\u00e9gique pour la France dans ses op\u00e9rations en Afrique de l\u2019Ouest, notamment en mati\u00e8re de formation et de logistique militaire.<\/p>\n<p>La d\u00e9cision de Bassirou Diomaye Faye, annonc\u00e9e \u00e0 la veille de la nouvelle ann\u00e9e, met un terme \u00e0 cette pr\u00e9sence. Dans son discours, le pr\u00e9sident s\u00e9n\u00e9galais a soulign\u00e9 que cette mesure s\u2019inscrivait dans une nouvelle doctrine de coop\u00e9ration en mati\u00e8re de d\u00e9fense et de s\u00e9curit\u00e9. \u201c<em>Tous les amis du S\u00e9n\u00e9gal seront trait\u00e9s comme des partenaires strat\u00e9giques, dans le cadre d'une coop\u00e9ration ouverte, diversifi\u00e9e et d\u00e9complex\u00e9e<\/em>\u201d, a-t-il d\u00e9clar\u00e9, fixant pour la premi\u00e8re fois une date pr\u00e9cise pour le d\u00e9part des troupes \u00e9trang\u00e8res.<\/p>\n<p>D\u2019ici quelques mois, seules deux bases majeures fran\u00e7aises continueront d\u2019op\u00e9rer sur le continent : Djibouti, o\u00f9 est install\u00e9 le plus grand contingent militaire fran\u00e7ais et le Gabon, point strat\u00e9gique en Afrique centrale.<\/p>\n<p><strong>Une communication politique habile<\/strong><\/p>\n<p>Pour le S\u00e9n\u00e9gal, cette annonce rev\u00eat une dimension hautement symbolique. Elle r\u00e9pond aux critiques de plus en plus vives des mouvements panafricanistes et d\u2019une partie de l\u2019opinion publique qui d\u00e9non\u00e7aient depuis des ann\u00e9es une d\u00e9pendance excessive \u00e0 l\u2019\u00e9gard de la France.<\/p>\n<p>Le gouvernement s\u00e9n\u00e9galais, dirig\u00e9 par le Pastef, avait d\u00e9j\u00e0 marqu\u00e9 sa volont\u00e9 de rupture avec les pratiques h\u00e9rit\u00e9es de l\u2019\u00e9poque coloniale. Ce retrait des troupes fran\u00e7aises renforce l\u2019image d\u2019un r\u00e9gime souverainiste, align\u00e9 sur les aspirations panafricanistes, tout en d\u00e9samor\u00e7ant les critiques r\u00e9currentes d\u2019un suppos\u00e9 manque de fermet\u00e9 vis-\u00e0-vis de l\u2019ancienne puissance coloniale.<\/p>\n<p>\u201c<em>Cette d\u00e9cision conforte les principes d\u2019autod\u00e9termination et de panafricanisme qui sont au coeur de notre politique<\/em>\u201d, pensent plusieurs militants et sympathisants du parti au pouvoir. La fermeture des bases fran\u00e7aises au S\u00e9n\u00e9gal survient dans un contexte de recomposition des alliances en Afrique de l\u2019Ouest. Les voisins du S\u00e9n\u00e9gal, notamment le Mali, le Burkina Faso et le Niger, avaient d\u00e9j\u00e0 rompu avec la France en actant la fermeture de leurs bases militaires sur leurs territoires respectifs. Pour ces pays, qui forment aujourd\u2019hui l\u2019Alliance des \u00c9tats du Sahel (AES), cette d\u00e9cision s\u00e9n\u00e9galaise est per\u00e7ue comme une victoire symbolique. \u201c<em>Le S\u00e9n\u00e9gal rejoint enfin les rangs des nations africaines qui privil\u00e9gient leur souverainet\u00e9<\/em>\u201d, a comment\u00e9 cet analyste g\u00e9opolitique \u00e0 Bamako, Ousmane Dao.<\/p>\n<p>Cependant, le S\u00e9n\u00e9gal a \u00e9galement tenu \u00e0 r\u00e9affirmer son attachement \u00e0 la CEDEAO et \u00e0 son r\u00f4le de m\u00e9diateur dans les crises r\u00e9gionales. Cette double posture refl\u00e8te une volont\u00e9 d\u2019\u00e9quilibre entre souverainisme et coop\u00e9ration r\u00e9gionale.<\/p>\n<p>Pourtant, selon une \u00e9tude de l\u2019ARMP en 2022 sur la dynamique des march\u00e9s publics, il existe une comp\u00e9tition accrue entre les entreprises internationales, avec une pr\u00e9sence de plus en plus marqu\u00e9e des Chinois, qui dominent d\u00e9sormais largement le secteur, rel\u00e9guant les Fran\u00e7ais derri\u00e8re les Turcs, ces derniers ayant su saisir des opportunit\u00e9s sur les chantiers s\u00e9n\u00e9galais. Ce changement illustre le recul de l\u2019influence fran\u00e7aise dans son ancien pr\u00e9carr\u00e9 colonial, o\u00f9 elle a longtemps domin\u00e9 les sph\u00e8res \u00e9conomiques, politiques et culturelles.<\/p>\n<p>La Chine, avec ses investissements massifs dans les infrastructures et son r\u00f4le croissant dans le commerce, s\u2019est impos\u00e9e comme un acteur incontournable au S\u00e9n\u00e9gal.<\/p>\n<p>La Turquie, de son c\u00f4t\u00e9, multipli\u00e9 les partenariats strat\u00e9giques, notamment dans les secteurs de la construction, de l\u2019\u00e9nergie et de l\u2019armement, tout en cultivant des liens culturels \u00e9troits.<\/p>\n<p>Quant au Maroc, il renforce sa pr\u00e9sence en Afrique subsaharienne \u00e0 travers des investissements dans les banques, les assurances et les t\u00e9l\u00e9communications, consolidant ainsi une relation historique avec Dakar.<\/p>\n<p><strong>La menace terroriste : une coop\u00e9ration \u00e0 red\u00e9finir<\/strong><\/p>\n<p>Si le d\u00e9part des troupes fran\u00e7aises symbolise une rupture, il ne signifie pas pour autant la fin de toute coop\u00e9ration en mati\u00e8re de s\u00e9curit\u00e9. La menace terroriste reste un d\u00e9fi majeur pour la r\u00e9gion, notamment dans le Sahel et \u00e0 ses fronti\u00e8res Sud. Le S\u00e9n\u00e9gal, relativement \u00e9pargn\u00e9 jusqu\u2019\u00e0 pr\u00e9sent, est n\u00e9anmoins vuln\u00e9rable face \u00e0 l\u2019expansion des groupes terroristes. La coop\u00e9ration pourrait donc se poursuivre sous de nouvelles formes, avec une implication accrue d\u2019autres partenaires internationaux ou une refonte des programmes existants.<\/p>\n<p>Le programme Garsi, financ\u00e9 par l\u2019Union europ\u00e9enne pour renforcer la s\u00e9curit\u00e9 aux fronti\u00e8res, constitue un exemple de coop\u00e9ration multilat\u00e9rale que le S\u00e9n\u00e9gal pourrait privil\u00e9gier \u00e0 l\u2019avenir. De plus, une partie importante des \u00e9lites militaires s\u00e9n\u00e9galaises continuera probablement de se former en France, \u00e0 Saint-Cyr ou \u00e0 Brest, perp\u00e9tuant ainsi des liens historiques dans un cadre renouvel\u00e9.<\/p>\n<p>Cette mesure ouvre ainsi la voie \u00e0 une diversification des partenariats. Le S\u00e9n\u00e9gal pourrait renforcer sa coop\u00e9ration avec d\u2019autres puissances, comme la Chine, la Turquie ou les pays du Golfe, pour combler le vide laiss\u00e9 par la France.<\/p>\n<p><strong>La C\u00f4te d\u2019Ivoire embo\u00eete le pas : une surprise strat\u00e9gique<\/strong><\/p>\n<p>L\u2019annonce d\u2019Alassane Ouattara concernant la fermeture de la base fran\u00e7aise d\u2019Abidjan ajoute une autre dimension \u00e0 cette red\u00e9finition des relations franco-africaines. Le 43e Bima, qui abrite pr\u00e8s de 1 000 soldats, est consid\u00e9r\u00e9 comme un point d\u2019appui strat\u00e9gique pour la France en Afrique de l\u2019Ouest, en particulier apr\u00e8s l\u2019op\u00e9ration Licorne.<\/p>\n<p>La r\u00e9trocession de cette base aux forces arm\u00e9es ivoiriennes, rebaptis\u00e9e camp G\u00e9n\u00e9ral Ouattara Thomas d\u2019Aquin, symbolise une volont\u00e9 similaire de renforcement de la souverainet\u00e9 nationale. Pour autant, la C\u00f4te d\u2019Ivoire maintient des liens \u00e9troits avec la France, notamment dans le domaine \u00e9conomique. La C\u00f4te d\u2019Ivoire pourrait s\u2019inspirer de l\u2019exemple du Tchad, qui a r\u00e9cemment rompu ses accords militaires avec la France.<\/p>\n<p>Ces pays, autrefois appuy\u00e9s par Paris pour r\u00e9sister aux r\u00e9bellions internes et aux crises politiques, explorent d\u00e9sormais des alternatives pour garantir leur s\u00e9curit\u00e9 et leur stabilit\u00e9.<\/p>\n<p>Cette reconfiguration g\u00e9opolitique ouvre la voie \u00e0 de nouveaux acteurs internationaux. La Turquie, par exemple, s\u2019impose avec ses drones Bayraktar, devenus un atout cl\u00e9 pour plusieurs arm\u00e9es africaines. La Russie, de son c\u00f4t\u00e9, mise sur ses mercenaires et son mat\u00e9riel militaire, tandis que la Chine privil\u00e9gie des partenariats strat\u00e9giques li\u00e9s \u00e0 des investissements \u00e9conomiques et infrastructurels.<\/p>\n<p>Cependant, au S\u00e9n\u00e9gal, cette transition s\u2019accompagne de controverses sur la gestion des contrats d\u2019armement. Des accords pass\u00e9s avec la Russie et la Turquie, comme celui portant sur 45 milliards de francs CFA pour du mat\u00e9riel militaire, ont suscit\u00e9 des interrogations, notamment autour de soup\u00e7ons de surfacturation, notamment sur des grenades lacrymog\u00e8nes. Ces affaires alimentent le d\u00e9bat sur la transparence et la souverainet\u00e9 dans les choix strat\u00e9giques du pays.<\/p>\n<p>Alors que le S\u00e9n\u00e9gal amorce une red\u00e9finition de ses alliances strat\u00e9giques, la fermeture des bases militaires fran\u00e7aises s\u2019inscrit dans une vision de souverainet\u00e9 et d\u2019autonomie accrue.<\/p>\n<p>Toutefois, cette rupture ouvre la porte \u00e0 de nouveaux d\u00e9fis en mati\u00e8re de s\u00e9curit\u00e9 et de partenariats internationaux. Si cette d\u00e9cision refl\u00e8te une volont\u00e9 d\u2019\u00e9mancipation, elle exigera une gestion rigoureuse pour \u00e9quilibrer affirmation nationale et coop\u00e9ration r\u00e9gionale dans une Afrique en pleine recomposition g\u00e9opolitique.<\/p>\n<p>EnQu\u00eate<\/p>\n<div class='share-to-whatsapp-wrapper'><div class='share-on-whsp'>PARTAGER SUR : <\/div><a data-text='RETRAIT TOTAL DES FORCES \u00c9TRANG\u00c8RES DU S\u00c9N\u00c9GAL - La fin d\u2019une \u00e9poque' data-link='https:\/\/www.nettali.com\/2025\/01\/02\/retrait-total-des-forces-etrangeres-du-senegal-la-fin-dune-epoque\/' class='whatsapp-button whatsapp-share'>WhatsApp<\/a><div class='clear '><\/div><\/div>","protected":false},"excerpt":{"rendered":"<p>NETTALI.COM - Le pr\u00e9sident s\u00e9n\u00e9galais Bassirou Diomaye Faye a annonc\u00e9 la fermeture de toutes les bases militaires \u00e9trang\u00e8res pr\u00e9sentes sur le territoire national d\u00e8s 2025, marquant une rupture historique avec la France et affirmant une souverainet\u00e9 renforc\u00e9e. Cette d\u00e9cision, inscrite dans une dynamique panafricaine, red\u00e9finit les partenariats strat\u00e9giques du S\u00e9n\u00e9gal, tout en suscitant des interrogations [&hellip;]<\/p>\n","protected":false},"author":2,"featured_media":146421,"comment_status":"open","ping_status":"open","sticky":false,"template":"","format":"standard","meta":{"_et_pb_use_builder":"","_et_pb_old_content":""},"categories":[8],"tags":[],"yoast_head":"<!-- This site is optimized with the Yoast SEO Premium plugin v17.8 (Yoast SEO v17.8) - https:\/\/yoast.com\/wordpress\/plugins\/seo\/ -->\n<title>RETRAIT TOTAL DES FORCES \u00c9TRANG\u00c8RES DU S\u00c9N\u00c9GAL - La fin d\u2019une \u00e9poque | Nettali.com<\/title>\n<meta name=\"robots\" content=\"index, follow, max-snippet:-1, max-image-preview:large, max-video-preview:-1\" \/>\n<link rel=\"canonical\" href=\"https:\/\/www.nettali.com\/2025\/01\/02\/retrait-total-des-forces-etrangeres-du-senegal-la-fin-dune-epoque\/\" \/>\n<meta property=\"og:locale\" content=\"fr_FR\" \/>\n<meta property=\"og:type\" content=\"article\" \/>\n<meta property=\"og:title\" content=\"RETRAIT TOTAL DES FORCES \u00c9TRANG\u00c8RES DU S\u00c9N\u00c9GAL - La fin d\u2019une \u00e9poque\" \/>\n<meta property=\"og:description\" content=\"NETTALI.COM - Le pr\u00e9sident s\u00e9n\u00e9galais Bassirou Diomaye Faye a annonc\u00e9 la fermeture de toutes les bases militaires \u00e9trang\u00e8res pr\u00e9sentes sur le territoire national d\u00e8s 2025, marquant une rupture historique avec la France et affirmant une souverainet\u00e9 renforc\u00e9e. Cette d\u00e9cision, inscrite dans une dynamique panafricaine, red\u00e9finit les partenariats strat\u00e9giques du S\u00e9n\u00e9gal, tout en suscitant des interrogations [&hellip;]\" \/>\n<meta property=\"og:url\" content=\"https:\/\/www.nettali.com\/2025\/01\/02\/retrait-total-des-forces-etrangeres-du-senegal-la-fin-dune-epoque\/\" \/>\n<meta property=\"og:site_name\" content=\"Nettali.com\" \/>\n<meta property=\"article:publisher\" content=\"https:\/\/www.facebook.com\/nettalicom\" \/>\n<meta property=\"article:published_time\" content=\"2025-01-02T07:46:52+00:00\" \/>\n<meta property=\"article:modified_time\" content=\"2025-01-03T07:30:09+00:00\" \/>\n<meta property=\"og:image\" content=\"https:\/\/www.nettali.com\/wp-content\/uploads\/2025\/01\/Soldats-franc\u0327ais.jpg\" \/>\n\t<meta property=\"og:image:width\" content=\"1280\" \/>\n\t<meta property=\"og:image:height\" content=\"960\" \/>\n<meta name=\"twitter:card\" content=\"summary_large_image\" \/>\n<meta name=\"twitter:label1\" content=\"\u00c9crit par\" \/>\n\t<meta name=\"twitter:data1\" content=\"CK\" \/>\n\t<meta name=\"twitter:label2\" content=\"Dur\u00e9e de lecture estim\u00e9e\" \/>\n\t<meta name=\"twitter:data2\" content=\"8 minutes\" \/>\n<script type=\"application\/ld+json\" class=\"yoast-schema-graph\">{\"@context\":\"https:\/\/schema.org\",\"@graph\":[{\"@type\":\"WebSite\",\"@id\":\"https:\/\/www.nettali.com\/#website\",\"url\":\"https:\/\/www.nettali.com\/\",\"name\":\"Nettali.com\",\"description\":\"Le rendez-vous critique du Net\",\"potentialAction\":[{\"@type\":\"SearchAction\",\"target\":{\"@type\":\"EntryPoint\",\"urlTemplate\":\"https:\/\/www.nettali.com\/?s={search_term_string}\"},\"query-input\":\"required name=search_term_string\"}],\"inLanguage\":\"fr-FR\"},{\"@type\":\"ImageObject\",\"@id\":\"https:\/\/www.nettali.com\/2025\/01\/02\/retrait-total-des-forces-etrangeres-du-senegal-la-fin-dune-epoque\/#primaryimage\",\"inLanguage\":\"fr-FR\",\"url\":\"https:\/\/www.nettali.com\/wp-content\/uploads\/2025\/01\/Soldats-franc\\u0327ais.jpg\",\"contentUrl\":\"https:\/\/www.nettali.com\/wp-content\/uploads\/2025\/01\/Soldats-franc\\u0327ais.jpg\",\"width\":1280,\"height\":960},{\"@type\":\"WebPage\",\"@id\":\"https:\/\/www.nettali.com\/2025\/01\/02\/retrait-total-des-forces-etrangeres-du-senegal-la-fin-dune-epoque\/#webpage\",\"url\":\"https:\/\/www.nettali.com\/2025\/01\/02\/retrait-total-des-forces-etrangeres-du-senegal-la-fin-dune-epoque\/\",\"name\":\"RETRAIT TOTAL DES FORCES \\u00c9TRANG\\u00c8RES DU S\\u00c9N\\u00c9GAL - La fin d\\u2019une \\u00e9poque | Nettali.com\",\"isPartOf\":{\"@id\":\"https:\/\/www.nettali.com\/#website\"},\"primaryImageOfPage\":{\"@id\":\"https:\/\/www.nettali.com\/2025\/01\/02\/retrait-total-des-forces-etrangeres-du-senegal-la-fin-dune-epoque\/#primaryimage\"},\"datePublished\":\"2025-01-02T07:46:52+00:00\",\"dateModified\":\"2025-01-03T07:30:09+00:00\",\"author\":{\"@id\":\"https:\/\/www.nettali.com\/#\/schema\/person\/d8ac7b7e27ddad43f1c0d2ef090d7f71\"},\"breadcrumb\":{\"@id\":\"https:\/\/www.nettali.com\/2025\/01\/02\/retrait-total-des-forces-etrangeres-du-senegal-la-fin-dune-epoque\/#breadcrumb\"},\"inLanguage\":\"fr-FR\",\"potentialAction\":[{\"@type\":\"ReadAction\",\"target\":[\"https:\/\/www.nettali.com\/2025\/01\/02\/retrait-total-des-forces-etrangeres-du-senegal-la-fin-dune-epoque\/\"]}]},{\"@type\":\"BreadcrumbList\",\"@id\":\"https:\/\/www.nettali.com\/2025\/01\/02\/retrait-total-des-forces-etrangeres-du-senegal-la-fin-dune-epoque\/#breadcrumb\",\"itemListElement\":[{\"@type\":\"ListItem\",\"position\":1,\"name\":\"Accueil\",\"item\":\"https:\/\/www.nettali.com\/\"},{\"@type\":\"ListItem\",\"position\":2,\"name\":\"RETRAIT TOTAL DES FORCES \\u00c9TRANG\\u00c8RES DU S\\u00c9N\\u00c9GAL - La fin d\\u2019une \\u00e9poque\"}]},{\"@type\":\"Person\",\"@id\":\"https:\/\/www.nettali.com\/#\/schema\/person\/d8ac7b7e27ddad43f1c0d2ef090d7f71\",\"name\":\"CK\",\"image\":{\"@type\":\"ImageObject\",\"@id\":\"https:\/\/www.nettali.com\/#personlogo\",\"inLanguage\":\"fr-FR\",\"url\":\"https:\/\/secure.gravatar.com\/avatar\/1d8d5118b9327d94da7cd4ce7f17fec2?s=96&d=mm&r=g\",\"contentUrl\":\"https:\/\/secure.gravatar.com\/avatar\/1d8d5118b9327d94da7cd4ce7f17fec2?s=96&d=mm&r=g\",\"caption\":\"CK\"},\"sameAs\":[\"https:\/\/www.nettali.com\"]}]}<\/script>\n<!-- \/ Yoast SEO Premium plugin. -->","yoast_head_json":{"title":"RETRAIT TOTAL DES FORCES \u00c9TRANG\u00c8RES DU S\u00c9N\u00c9GAL - La fin d\u2019une \u00e9poque | Nettali.com","robots":{"index":"index","follow":"follow","max-snippet":"max-snippet:-1","max-image-preview":"max-image-preview:large","max-video-preview":"max-video-preview:-1"},"canonical":"https:\/\/www.nettali.com\/2025\/01\/02\/retrait-total-des-forces-etrangeres-du-senegal-la-fin-dune-epoque\/","og_locale":"fr_FR","og_type":"article","og_title":"RETRAIT TOTAL DES FORCES \u00c9TRANG\u00c8RES DU S\u00c9N\u00c9GAL - La fin d\u2019une \u00e9poque","og_description":"NETTALI.COM - Le pr\u00e9sident s\u00e9n\u00e9galais Bassirou Diomaye Faye a annonc\u00e9 la fermeture de toutes les bases militaires \u00e9trang\u00e8res pr\u00e9sentes sur le territoire national d\u00e8s 2025, marquant une rupture historique avec la France et affirmant une souverainet\u00e9 renforc\u00e9e. Cette d\u00e9cision, inscrite dans une dynamique panafricaine, red\u00e9finit les partenariats strat\u00e9giques du S\u00e9n\u00e9gal, tout en suscitant des interrogations [&hellip;]","og_url":"https:\/\/www.nettali.com\/2025\/01\/02\/retrait-total-des-forces-etrangeres-du-senegal-la-fin-dune-epoque\/","og_site_name":"Nettali.com","article_publisher":"https:\/\/www.facebook.com\/nettalicom","article_published_time":"2025-01-02T07:46:52+00:00","article_modified_time":"2025-01-03T07:30:09+00:00","og_image":[{"width":1280,"height":960,"url":"https:\/\/www.nettali.com\/wp-content\/uploads\/2025\/01\/Soldats-franc\u0327ais.jpg","type":"image\/jpeg"}],"twitter_card":"summary_large_image","twitter_misc":{"\u00c9crit par":"CK","Dur\u00e9e de lecture estim\u00e9e":"8 minutes"},"schema":{"@context":"https:\/\/schema.org","@graph":[{"@type":"WebSite","@id":"https:\/\/www.nettali.com\/#website","url":"https:\/\/www.nettali.com\/","name":"Nettali.com","description":"Le rendez-vous critique du Net","potentialAction":[{"@type":"SearchAction","target":{"@type":"EntryPoint","urlTemplate":"https:\/\/www.nettali.com\/?s={search_term_string}"},"query-input":"required name=search_term_string"}],"inLanguage":"fr-FR"},{"@type":"ImageObject","@id":"https:\/\/www.nettali.com\/2025\/01\/02\/retrait-total-des-forces-etrangeres-du-senegal-la-fin-dune-epoque\/#primaryimage","inLanguage":"fr-FR","url":"https:\/\/www.nettali.com\/wp-content\/uploads\/2025\/01\/Soldats-franc\u0327ais.jpg","contentUrl":"https:\/\/www.nettali.com\/wp-content\/uploads\/2025\/01\/Soldats-franc\u0327ais.jpg","width":1280,"height":960},{"@type":"WebPage","@id":"https:\/\/www.nettali.com\/2025\/01\/02\/retrait-total-des-forces-etrangeres-du-senegal-la-fin-dune-epoque\/#webpage","url":"https:\/\/www.nettali.com\/2025\/01\/02\/retrait-total-des-forces-etrangeres-du-senegal-la-fin-dune-epoque\/","name":"RETRAIT TOTAL DES FORCES \u00c9TRANG\u00c8RES DU S\u00c9N\u00c9GAL - La fin d\u2019une \u00e9poque | Nettali.com","isPartOf":{"@id":"https:\/\/www.nettali.com\/#website"},"primaryImageOfPage":{"@id":"https:\/\/www.nettali.com\/2025\/01\/02\/retrait-total-des-forces-etrangeres-du-senegal-la-fin-dune-epoque\/#primaryimage"},"datePublished":"2025-01-02T07:46:52+00:00","dateModified":"2025-01-03T07:30:09+00:00","author":{"@id":"https:\/\/www.nettali.com\/#\/schema\/person\/d8ac7b7e27ddad43f1c0d2ef090d7f71"},"breadcrumb":{"@id":"https:\/\/www.nettali.com\/2025\/01\/02\/retrait-total-des-forces-etrangeres-du-senegal-la-fin-dune-epoque\/#breadcrumb"},"inLanguage":"fr-FR","potentialAction":[{"@type":"ReadAction","target":["https:\/\/www.nettali.com\/2025\/01\/02\/retrait-total-des-forces-etrangeres-du-senegal-la-fin-dune-epoque\/"]}]},{"@type":"BreadcrumbList","@id":"https:\/\/www.nettali.com\/2025\/01\/02\/retrait-total-des-forces-etrangeres-du-senegal-la-fin-dune-epoque\/#breadcrumb","itemListElement":[{"@type":"ListItem","position":1,"name":"Accueil","item":"https:\/\/www.nettali.com\/"},{"@type":"ListItem","position":2,"name":"RETRAIT TOTAL DES FORCES \u00c9TRANG\u00c8RES DU S\u00c9N\u00c9GAL - La fin d\u2019une \u00e9poque"}]},{"@type":"Person","@id":"https:\/\/www.nettali.com\/#\/schema\/person\/d8ac7b7e27ddad43f1c0d2ef090d7f71","name":"CK","image":{"@type":"ImageObject","@id":"https:\/\/www.nettali.com\/#personlogo","inLanguage":"fr-FR","url":"https:\/\/secure.gravatar.com\/avatar\/1d8d5118b9327d94da7cd4ce7f17fec2?s=96&d=mm&r=g","contentUrl":"https:\/\/secure.gravatar.com\/avatar\/1d8d5118b9327d94da7cd4ce7f17fec2?s=96&d=mm&r=g","caption":"CK"},"sameAs":["https:\/\/www.nettali.com"]}]}},"_links":{"self":[{"href":"https:\/\/www.nettali.com\/rest\/wp\/v2\/posts\/146419"}],"collection":[{"href":"https:\/\/www.nettali.com\/rest\/wp\/v2\/posts"}],"about":[{"href":"https:\/\/www.nettali.com\/rest\/wp\/v2\/types\/post"}],"author":[{"embeddable":true,"href":"https:\/\/www.nettali.com\/rest\/wp\/v2\/users\/2"}],"replies":[{"embeddable":true,"href":"https:\/\/www.nettali.com\/rest\/wp\/v2\/comments?post=146419"}],"version-history":[{"count":1,"href":"https:\/\/www.nettali.com\/rest\/wp\/v2\/posts\/146419\/revisions"}],"predecessor-version":[{"id":146422,"href":"https:\/\/www.nettali.com\/rest\/wp\/v2\/posts\/146419\/revisions\/146422"}],"wp:featuredmedia":[{"embeddable":true,"href":"https:\/\/www.nettali.com\/rest\/wp\/v2\/media\/146421"}],"wp:attachment":[{"href":"https:\/\/www.nettali.com\/rest\/wp\/v2\/media?parent=146419"}],"wp:term":[{"taxonomy":"category","embeddable":true,"href":"https:\/\/www.nettali.com\/rest\/wp\/v2\/categories?post=146419"},{"taxonomy":"post_tag","embeddable":true,"href":"https:\/\/www.nettali.com\/rest\/wp\/v2\/tags?post=146419"}],"curies":[{"name":"wp","href":"https:\/\/api.w.org\/{rel}","templated":true}]}}