{"id":146270,"date":"2024-12-30T07:40:03","date_gmt":"2024-12-30T07:40:03","guid":{"rendered":"https:\/\/www.nettali.com\/?p=146270"},"modified":"2024-12-30T07:40:03","modified_gmt":"2024-12-30T07:40:03","slug":"armee-nationale-le-general-de-division-magatte-ndiaye-est-le-nouveau-sous-cemga","status":"publish","type":"post","link":"https:\/\/www.nettali.com\/2024\/12\/30\/armee-nationale-le-general-de-division-magatte-ndiaye-est-le-nouveau-sous-cemga\/","title":{"rendered":"ARM\u00c9E NATIONALE - Le g\u00e9n\u00e9ral de division Magatte Ndiaye est le nouveau sous-Cemga"},"content":{"rendered":"<p><strong>NETTALI.COM -<\/strong> L\u2019 arm\u00e9e nationale a un nouveau sous-chef d'\u00c9tat-major g\u00e9n\u00e9ral des arm\u00e9es (Cemga). Il s\u2019agit du g\u00e9n\u00e9ral de division Magatte Ndiaye. Il devient Sous-Cemga, \u00e0 la suite de l\u2019admission du g\u00e9n\u00e9ral de division Fulgence Ndour dans la 2e section des officiers g\u00e9n\u00e9raux (retraite).<\/p>\n<p>Le poste qu\u2019il occupait auparavant, celui de chef d'\u00c9tat-major de l\u2019arm\u00e9e de terre, sera dirig\u00e9 \u00e0 compter du 5 janvier 2025 par le g\u00e9n\u00e9ral de brigade Simon Ndour. Le sous-chef d\u2019\u00c9tat-major g\u00e9n\u00e9ral des arm\u00e9es assure la suppl\u00e9ance du chef d\u2019\u00c9tat-major g\u00e9n\u00e9ral des arm\u00e9es, en cas d\u2019absence ou d\u2019emp\u00eachement.<\/p>\n<p>Il dispose de quatre adjoints aux fonctions sp\u00e9cifiques : l\u2019adjoint op\u00e9rations, qui traite de toutes les questions relatives aux op\u00e9rations, \u00e0 l\u2019instruction et au sport ; l\u2019adjoint logistique, qui traite de toutes les questions relatives \u00e0 la gestion et la logistique dans les arm\u00e9es ; l\u2019adjoint administration charg\u00e9 des affaires ayant trait aux \u00e9tudes g\u00e9n\u00e9rales, \u00e0 l\u2019administration et aux questions budg\u00e9taires ; et l\u2019adjoint ressources humaines.<\/p>\n<p>Chaque adjoint coordonne l\u2019activit\u00e9 de plusieurs divisions.<\/p>\n<p>En outre, les colonels Abdoul Latif Camara et Ousmane Aly Kane ont \u00e9t\u00e9 promus g\u00e9n\u00e9raux de brigade pour occuper respectivement les postes de directeur de l'Institut de d\u00e9fense du S\u00e9n\u00e9gal et d\u2019adjoint \u00e0 l'inspecteur g\u00e9n\u00e9ral des forces arm\u00e9es.<\/p>\n<p>Le g\u00e9n\u00e9ral de brigade Koly Faye, ancien directeur de l\u2019Institut de d\u00e9fense du S\u00e9n\u00e9gal (IDS), devient le nouveau directeur g\u00e9n\u00e9ral du renseignement ext\u00e9rieur, en remplacement du g\u00e9n\u00e9ral Jean-Luc Di\u00e8ne, admis dans la 2e section des officiers g\u00e9n\u00e9raux.<\/p>\n<div class='share-to-whatsapp-wrapper'><div class='share-on-whsp'>PARTAGER SUR : <\/div><a data-text='ARM\u00c9E NATIONALE - Le g\u00e9n\u00e9ral de division Magatte Ndiaye est le nouveau sous-Cemga' data-link='https:\/\/www.nettali.com\/2024\/12\/30\/armee-nationale-le-general-de-division-magatte-ndiaye-est-le-nouveau-sous-cemga\/' class='whatsapp-button whatsapp-share'>WhatsApp<\/a><div class='clear '><\/div><\/div>","protected":false},"excerpt":{"rendered":"<p>NETTALI.COM - L\u2019 arm\u00e9e nationale a un nouveau sous-chef d'\u00c9tat-major g\u00e9n\u00e9ral des arm\u00e9es (Cemga). Il s\u2019agit du g\u00e9n\u00e9ral de division Magatte Ndiaye. Il devient Sous-Cemga, \u00e0 la suite de l\u2019admission du g\u00e9n\u00e9ral de division Fulgence Ndour dans la 2e section des officiers g\u00e9n\u00e9raux (retraite). Le poste qu\u2019il occupait auparavant, celui de chef d'\u00c9tat-major de l\u2019arm\u00e9e [&hellip;]<\/p>\n","protected":false},"author":2,"featured_media":146271,"comment_status":"open","ping_status":"open","sticky":false,"template":"","format":"standard","meta":{"_et_pb_use_builder":"","_et_pb_old_content":""},"categories":[34945],"tags":[],"yoast_head":"<!-- This site is optimized with the Yoast SEO Premium plugin v17.8 (Yoast SEO v17.8) - https:\/\/yoast.com\/wordpress\/plugins\/seo\/ -->\n<title>ARM\u00c9E NATIONALE - Le g\u00e9n\u00e9ral de division Magatte Ndiaye est le nouveau sous-Cemga | Nettali.com<\/title>\n<meta name=\"robots\" content=\"index, follow, max-snippet:-1, max-image-preview:large, max-video-preview:-1\" \/>\n<link rel=\"canonical\" href=\"https:\/\/www.nettali.com\/2024\/12\/30\/armee-nationale-le-general-de-division-magatte-ndiaye-est-le-nouveau-sous-cemga\/\" \/>\n<meta property=\"og:locale\" content=\"fr_FR\" \/>\n<meta property=\"og:type\" content=\"article\" \/>\n<meta property=\"og:title\" content=\"ARM\u00c9E NATIONALE - Le g\u00e9n\u00e9ral de division Magatte Ndiaye est le nouveau sous-Cemga\" \/>\n<meta property=\"og:description\" content=\"NETTALI.COM - L\u2019 arm\u00e9e nationale a un nouveau sous-chef d&#039;\u00c9tat-major g\u00e9n\u00e9ral des arm\u00e9es (Cemga). Il s\u2019agit du g\u00e9n\u00e9ral de division Magatte Ndiaye. Il devient Sous-Cemga, \u00e0 la suite de l\u2019admission du g\u00e9n\u00e9ral de division Fulgence Ndour dans la 2e section des officiers g\u00e9n\u00e9raux (retraite). Le poste qu\u2019il occupait auparavant, celui de chef d&#039;\u00c9tat-major de l\u2019arm\u00e9e [&hellip;]\" \/>\n<meta property=\"og:url\" content=\"https:\/\/www.nettali.com\/2024\/12\/30\/armee-nationale-le-general-de-division-magatte-ndiaye-est-le-nouveau-sous-cemga\/\" \/>\n<meta property=\"og:site_name\" content=\"Nettali.com\" \/>\n<meta property=\"article:publisher\" content=\"https:\/\/www.facebook.com\/nettalicom\" \/>\n<meta property=\"article:published_time\" content=\"2024-12-30T07:40:03+00:00\" \/>\n<meta property=\"og:image\" content=\"https:\/\/www.nettali.com\/wp-content\/uploads\/2024\/12\/ndiaye_7942.jpeg\" \/>\n\t<meta property=\"og:image:width\" content=\"691\" \/>\n\t<meta property=\"og:image:height\" content=\"538\" \/>\n<meta name=\"twitter:card\" content=\"summary_large_image\" \/>\n<meta name=\"twitter:label1\" content=\"\u00c9crit par\" \/>\n\t<meta name=\"twitter:data1\" content=\"CK\" \/>\n\t<meta name=\"twitter:label2\" content=\"Dur\u00e9e de lecture estim\u00e9e\" \/>\n\t<meta name=\"twitter:data2\" content=\"2 minutes\" \/>\n<script type=\"application\/ld+json\" class=\"yoast-schema-graph\">{\"@context\":\"https:\/\/schema.org\",\"@graph\":[{\"@type\":\"WebSite\",\"@id\":\"https:\/\/www.nettali.com\/#website\",\"url\":\"https:\/\/www.nettali.com\/\",\"name\":\"Nettali.com\",\"description\":\"Le rendez-vous critique du Net\",\"potentialAction\":[{\"@type\":\"SearchAction\",\"target\":{\"@type\":\"EntryPoint\",\"urlTemplate\":\"https:\/\/www.nettali.com\/?s={search_term_string}\"},\"query-input\":\"required name=search_term_string\"}],\"inLanguage\":\"fr-FR\"},{\"@type\":\"ImageObject\",\"@id\":\"https:\/\/www.nettali.com\/2024\/12\/30\/armee-nationale-le-general-de-division-magatte-ndiaye-est-le-nouveau-sous-cemga\/#primaryimage\",\"inLanguage\":\"fr-FR\",\"url\":\"https:\/\/www.nettali.com\/wp-content\/uploads\/2024\/12\/ndiaye_7942.jpeg\",\"contentUrl\":\"https:\/\/www.nettali.com\/wp-content\/uploads\/2024\/12\/ndiaye_7942.jpeg\",\"width\":691,\"height\":538},{\"@type\":\"WebPage\",\"@id\":\"https:\/\/www.nettali.com\/2024\/12\/30\/armee-nationale-le-general-de-division-magatte-ndiaye-est-le-nouveau-sous-cemga\/#webpage\",\"url\":\"https:\/\/www.nettali.com\/2024\/12\/30\/armee-nationale-le-general-de-division-magatte-ndiaye-est-le-nouveau-sous-cemga\/\",\"name\":\"ARM\\u00c9E NATIONALE - Le g\\u00e9n\\u00e9ral de division Magatte Ndiaye est le nouveau sous-Cemga | Nettali.com\",\"isPartOf\":{\"@id\":\"https:\/\/www.nettali.com\/#website\"},\"primaryImageOfPage\":{\"@id\":\"https:\/\/www.nettali.com\/2024\/12\/30\/armee-nationale-le-general-de-division-magatte-ndiaye-est-le-nouveau-sous-cemga\/#primaryimage\"},\"datePublished\":\"2024-12-30T07:40:03+00:00\",\"dateModified\":\"2024-12-30T07:40:03+00:00\",\"author\":{\"@id\":\"https:\/\/www.nettali.com\/#\/schema\/person\/d8ac7b7e27ddad43f1c0d2ef090d7f71\"},\"breadcrumb\":{\"@id\":\"https:\/\/www.nettali.com\/2024\/12\/30\/armee-nationale-le-general-de-division-magatte-ndiaye-est-le-nouveau-sous-cemga\/#breadcrumb\"},\"inLanguage\":\"fr-FR\",\"potentialAction\":[{\"@type\":\"ReadAction\",\"target\":[\"https:\/\/www.nettali.com\/2024\/12\/30\/armee-nationale-le-general-de-division-magatte-ndiaye-est-le-nouveau-sous-cemga\/\"]}]},{\"@type\":\"BreadcrumbList\",\"@id\":\"https:\/\/www.nettali.com\/2024\/12\/30\/armee-nationale-le-general-de-division-magatte-ndiaye-est-le-nouveau-sous-cemga\/#breadcrumb\",\"itemListElement\":[{\"@type\":\"ListItem\",\"position\":1,\"name\":\"Accueil\",\"item\":\"https:\/\/www.nettali.com\/\"},{\"@type\":\"ListItem\",\"position\":2,\"name\":\"ARM\\u00c9E NATIONALE - Le g\\u00e9n\\u00e9ral de division Magatte Ndiaye est le nouveau sous-Cemga\"}]},{\"@type\":\"Person\",\"@id\":\"https:\/\/www.nettali.com\/#\/schema\/person\/d8ac7b7e27ddad43f1c0d2ef090d7f71\",\"name\":\"CK\",\"image\":{\"@type\":\"ImageObject\",\"@id\":\"https:\/\/www.nettali.com\/#personlogo\",\"inLanguage\":\"fr-FR\",\"url\":\"https:\/\/secure.gravatar.com\/avatar\/1d8d5118b9327d94da7cd4ce7f17fec2?s=96&d=mm&r=g\",\"contentUrl\":\"https:\/\/secure.gravatar.com\/avatar\/1d8d5118b9327d94da7cd4ce7f17fec2?s=96&d=mm&r=g\",\"caption\":\"CK\"},\"sameAs\":[\"https:\/\/www.nettali.com\"]}]}<\/script>\n<!-- \/ Yoast SEO Premium plugin. -->","yoast_head_json":{"title":"ARM\u00c9E NATIONALE - Le g\u00e9n\u00e9ral de division Magatte Ndiaye est le nouveau sous-Cemga | Nettali.com","robots":{"index":"index","follow":"follow","max-snippet":"max-snippet:-1","max-image-preview":"max-image-preview:large","max-video-preview":"max-video-preview:-1"},"canonical":"https:\/\/www.nettali.com\/2024\/12\/30\/armee-nationale-le-general-de-division-magatte-ndiaye-est-le-nouveau-sous-cemga\/","og_locale":"fr_FR","og_type":"article","og_title":"ARM\u00c9E NATIONALE - Le g\u00e9n\u00e9ral de division Magatte Ndiaye est le nouveau sous-Cemga","og_description":"NETTALI.COM - L\u2019 arm\u00e9e nationale a un nouveau sous-chef d'\u00c9tat-major g\u00e9n\u00e9ral des arm\u00e9es (Cemga). Il s\u2019agit du g\u00e9n\u00e9ral de division Magatte Ndiaye. Il devient Sous-Cemga, \u00e0 la suite de l\u2019admission du g\u00e9n\u00e9ral de division Fulgence Ndour dans la 2e section des officiers g\u00e9n\u00e9raux (retraite). Le poste qu\u2019il occupait auparavant, celui de chef d'\u00c9tat-major de l\u2019arm\u00e9e [&hellip;]","og_url":"https:\/\/www.nettali.com\/2024\/12\/30\/armee-nationale-le-general-de-division-magatte-ndiaye-est-le-nouveau-sous-cemga\/","og_site_name":"Nettali.com","article_publisher":"https:\/\/www.facebook.com\/nettalicom","article_published_time":"2024-12-30T07:40:03+00:00","og_image":[{"width":691,"height":538,"url":"https:\/\/www.nettali.com\/wp-content\/uploads\/2024\/12\/ndiaye_7942.jpeg","type":"image\/jpeg"}],"twitter_card":"summary_large_image","twitter_misc":{"\u00c9crit par":"CK","Dur\u00e9e de lecture estim\u00e9e":"2 minutes"},"schema":{"@context":"https:\/\/schema.org","@graph":[{"@type":"WebSite","@id":"https:\/\/www.nettali.com\/#website","url":"https:\/\/www.nettali.com\/","name":"Nettali.com","description":"Le rendez-vous critique du Net","potentialAction":[{"@type":"SearchAction","target":{"@type":"EntryPoint","urlTemplate":"https:\/\/www.nettali.com\/?s={search_term_string}"},"query-input":"required name=search_term_string"}],"inLanguage":"fr-FR"},{"@type":"ImageObject","@id":"https:\/\/www.nettali.com\/2024\/12\/30\/armee-nationale-le-general-de-division-magatte-ndiaye-est-le-nouveau-sous-cemga\/#primaryimage","inLanguage":"fr-FR","url":"https:\/\/www.nettali.com\/wp-content\/uploads\/2024\/12\/ndiaye_7942.jpeg","contentUrl":"https:\/\/www.nettali.com\/wp-content\/uploads\/2024\/12\/ndiaye_7942.jpeg","width":691,"height":538},{"@type":"WebPage","@id":"https:\/\/www.nettali.com\/2024\/12\/30\/armee-nationale-le-general-de-division-magatte-ndiaye-est-le-nouveau-sous-cemga\/#webpage","url":"https:\/\/www.nettali.com\/2024\/12\/30\/armee-nationale-le-general-de-division-magatte-ndiaye-est-le-nouveau-sous-cemga\/","name":"ARM\u00c9E NATIONALE - Le g\u00e9n\u00e9ral de division Magatte Ndiaye est le nouveau sous-Cemga | Nettali.com","isPartOf":{"@id":"https:\/\/www.nettali.com\/#website"},"primaryImageOfPage":{"@id":"https:\/\/www.nettali.com\/2024\/12\/30\/armee-nationale-le-general-de-division-magatte-ndiaye-est-le-nouveau-sous-cemga\/#primaryimage"},"datePublished":"2024-12-30T07:40:03+00:00","dateModified":"2024-12-30T07:40:03+00:00","author":{"@id":"https:\/\/www.nettali.com\/#\/schema\/person\/d8ac7b7e27ddad43f1c0d2ef090d7f71"},"breadcrumb":{"@id":"https:\/\/www.nettali.com\/2024\/12\/30\/armee-nationale-le-general-de-division-magatte-ndiaye-est-le-nouveau-sous-cemga\/#breadcrumb"},"inLanguage":"fr-FR","potentialAction":[{"@type":"ReadAction","target":["https:\/\/www.nettali.com\/2024\/12\/30\/armee-nationale-le-general-de-division-magatte-ndiaye-est-le-nouveau-sous-cemga\/"]}]},{"@type":"BreadcrumbList","@id":"https:\/\/www.nettali.com\/2024\/12\/30\/armee-nationale-le-general-de-division-magatte-ndiaye-est-le-nouveau-sous-cemga\/#breadcrumb","itemListElement":[{"@type":"ListItem","position":1,"name":"Accueil","item":"https:\/\/www.nettali.com\/"},{"@type":"ListItem","position":2,"name":"ARM\u00c9E NATIONALE - Le g\u00e9n\u00e9ral de division Magatte Ndiaye est le nouveau sous-Cemga"}]},{"@type":"Person","@id":"https:\/\/www.nettali.com\/#\/schema\/person\/d8ac7b7e27ddad43f1c0d2ef090d7f71","name":"CK","image":{"@type":"ImageObject","@id":"https:\/\/www.nettali.com\/#personlogo","inLanguage":"fr-FR","url":"https:\/\/secure.gravatar.com\/avatar\/1d8d5118b9327d94da7cd4ce7f17fec2?s=96&d=mm&r=g","contentUrl":"https:\/\/secure.gravatar.com\/avatar\/1d8d5118b9327d94da7cd4ce7f17fec2?s=96&d=mm&r=g","caption":"CK"},"sameAs":["https:\/\/www.nettali.com"]}]}},"_links":{"self":[{"href":"https:\/\/www.nettali.com\/rest\/wp\/v2\/posts\/146270"}],"collection":[{"href":"https:\/\/www.nettali.com\/rest\/wp\/v2\/posts"}],"about":[{"href":"https:\/\/www.nettali.com\/rest\/wp\/v2\/types\/post"}],"author":[{"embeddable":true,"href":"https:\/\/www.nettali.com\/rest\/wp\/v2\/users\/2"}],"replies":[{"embeddable":true,"href":"https:\/\/www.nettali.com\/rest\/wp\/v2\/comments?post=146270"}],"version-history":[{"count":1,"href":"https:\/\/www.nettali.com\/rest\/wp\/v2\/posts\/146270\/revisions"}],"predecessor-version":[{"id":146272,"href":"https:\/\/www.nettali.com\/rest\/wp\/v2\/posts\/146270\/revisions\/146272"}],"wp:featuredmedia":[{"embeddable":true,"href":"https:\/\/www.nettali.com\/rest\/wp\/v2\/media\/146271"}],"wp:attachment":[{"href":"https:\/\/www.nettali.com\/rest\/wp\/v2\/media?parent=146270"}],"wp:term":[{"taxonomy":"category","embeddable":true,"href":"https:\/\/www.nettali.com\/rest\/wp\/v2\/categories?post=146270"},{"taxonomy":"post_tag","embeddable":true,"href":"https:\/\/www.nettali.com\/rest\/wp\/v2\/tags?post=146270"}],"curies":[{"name":"wp","href":"https:\/\/api.w.org\/{rel}","templated":true}]}}