{"id":146255,"date":"2024-12-29T22:15:48","date_gmt":"2024-12-29T22:15:48","guid":{"rendered":"https:\/\/www.nettali.com\/?p=146255"},"modified":"2024-12-30T07:34:38","modified_gmt":"2024-12-30T07:34:38","slug":"supossee-vente-de-la-residence-du-president-de-lassemblee-nationale-abdou-mbow-dement-sonko-et-retablit-la-verite","status":"publish","type":"post","link":"https:\/\/www.nettali.com\/2024\/12\/29\/supossee-vente-de-la-residence-du-president-de-lassemblee-nationale-abdou-mbow-dement-sonko-et-retablit-la-verite\/","title":{"rendered":"SUPOSS\u00c9E VENTE DE LA R\u00c9SIDENCE DU PR\u00c9SIDENT DE L'ASSEMBL\u00c9E NATIONALE - Abdou Mbow d\u00e9ment Sonko"},"content":{"rendered":"<p><strong>NETTALI.COM - En marge de sa d\u00e9claration de politique g\u00e9n\u00e9rale, Ousmane Sonko, devant les d\u00e9put\u00e9s, a fait savoir que la r\u00e9sidence du pr\u00e9sident de l\u2019Assembl\u00e9e nationale a \u00e9t\u00e9 vendue \u00e0 300 millions de FCFA. Une all\u00e9gation que le d\u00e9put\u00e9 Abdou Mbow a d\u00e9menti, dimanche 27 d\u00e9cembre \u00e0 l'\u00e9mission \"Grand Jury\" de la RFM.<\/strong><\/p>\n<p>\"<em>Ce que le premier ministre a dit par rapport \u00e0 la r\u00e9sidence du pr\u00e9sident de l\u2019assembl\u00e9e nationale en disant qu\u2019on l\u2019a vendu \u00e0 300 millions de F Cfa, c\u2019est totalement faux<\/em>\", a-t-il d\u00e9clar\u00e9 devant Babacar Fall.<\/p>\n<p>Selon Abdou Mbow, ce qu\u2019il s\u2019est pass\u00e9, \"<em>c\u2019est que quand le pr\u00e9sident Moustapha Niass est arriv\u00e9 \u00e0 la t\u00eate de l\u2019assembl\u00e9e nationale, il a saisi les services pour qu\u2019on lui montre la r\u00e9sidence du pr\u00e9sident de l\u2019assembl\u00e9e nationale que Mamadou Seck avait utilis\u00e9e\". <\/em>A l'en croire, le dernier pr\u00e9sident de l\u2019assembl\u00e9e nationale \u00e0 avoir utilis\u00e9 cette maison, c\u2019est le pr\u00e9sident Mamadou Seck.<\/p>\n<p>Plus loin dans son argumentaire, le parlementaire affirme : \"<em>le pr\u00e9sident Macky Sall \u00e9tait au courant. Il a eu l\u2019information qu\u2019il y a un litige sur cette maison. En effet, <\/em><em>le pr\u00e9sident Moustapha Niass a trouv\u00e9 un dossier o\u00f9 l\u2019\u00c9tat du S\u00e9n\u00e9gal avait fait un troc. C\u2019\u00e9tait un \u00e9change en r\u00e9alit\u00e9. L\u2019\u00c9tat voulait construire un lyc\u00e9e \u00e0 Yoff et un particulier, un S\u00e9n\u00e9galais, avait un terrain \u00e0 Yoff qu\u2019il a donn\u00e9 \u00e0 l\u2019\u00c9tat C\u2019est le terrain o\u00f9 on a construit l\u2019actuel lyc\u00e9e de Yoff. L\u2019\u00c9tat lui a r\u00e9troc\u00e9d\u00e9 cette maison parce que c\u2019\u00e9tait une maison de l\u2019\u00c9tat<\/em>\".<\/p>\n<p><strong>Moustapha Niass saisit Macky Sall<\/strong><\/p>\n<p>\"<em>Quand le pr\u00e9sident Moustapha Niass a saisi le pr\u00e9sident Macky Sall, ce dernier s\u2019y est totalement oppos\u00e9 en disant que cette maison est un patrimoine de l\u2019\u00c9tat. Le pr\u00e9sident de l\u2019assembl\u00e9e nationale, Moustapha Niass, pendant les 10 ans qu\u2019il a occup\u00e9 le perchoir, habitait dans sa r\u00e9sidence personnelle. Ce sont les gendarmes charg\u00e9s d'assurer la s\u00e9curit\u00e9 du pr\u00e9sident de l\u2019assembl\u00e9e nationale qui occupaient cette maison. Quand le pr\u00e9sident Mame Diop est arriv\u00e9, la maison \u00e9tait l\u00e0-bas. Pour dire simplement que maintenant, c\u2019est eux (Ndlr : Ousmane Sonko et Cie) qui sont aux affaires. Le dossier est sur leur table. Cette maison n\u2019a pas \u00e9t\u00e9 vendue \u00e0 300 millions comme l\u2019a dit le premier ministre<\/em>\", a-t-il notamment insist\u00e9.<\/p>\n<div class='share-to-whatsapp-wrapper'><div class='share-on-whsp'>PARTAGER SUR : <\/div><a data-text='SUPOSS\u00c9E VENTE DE LA R\u00c9SIDENCE DU PR\u00c9SIDENT DE L'ASSEMBL\u00c9E NATIONALE - Abdou Mbow d\u00e9ment Sonko' data-link='https:\/\/www.nettali.com\/2024\/12\/29\/supossee-vente-de-la-residence-du-president-de-lassemblee-nationale-abdou-mbow-dement-sonko-et-retablit-la-verite\/' class='whatsapp-button whatsapp-share'>WhatsApp<\/a><div class='clear '><\/div><\/div>","protected":false},"excerpt":{"rendered":"<p>NETTALI.COM - En marge de sa d\u00e9claration de politique g\u00e9n\u00e9rale, Ousmane Sonko, devant les d\u00e9put\u00e9s, a fait savoir que la r\u00e9sidence du pr\u00e9sident de l\u2019Assembl\u00e9e nationale a \u00e9t\u00e9 vendue \u00e0 300 millions de FCFA. Une all\u00e9gation que le d\u00e9put\u00e9 Abdou Mbow a d\u00e9menti, dimanche 27 d\u00e9cembre \u00e0 l'\u00e9mission \"Grand Jury\" de la RFM. \"Ce que [&hellip;]<\/p>\n","protected":false},"author":5,"featured_media":146246,"comment_status":"open","ping_status":"open","sticky":false,"template":"","format":"standard","meta":{"_et_pb_use_builder":"","_et_pb_old_content":""},"categories":[2],"tags":[],"yoast_head":"<!-- This site is optimized with the Yoast SEO Premium plugin v17.8 (Yoast SEO v17.8) - https:\/\/yoast.com\/wordpress\/plugins\/seo\/ -->\n<title>SUPOSS\u00c9E VENTE DE LA R\u00c9SIDENCE DU PR\u00c9SIDENT DE L&#039;ASSEMBL\u00c9E NATIONALE - Abdou Mbow d\u00e9ment Sonko | Nettali.com<\/title>\n<meta name=\"robots\" content=\"index, follow, max-snippet:-1, max-image-preview:large, max-video-preview:-1\" \/>\n<link rel=\"canonical\" href=\"https:\/\/www.nettali.com\/2024\/12\/29\/supossee-vente-de-la-residence-du-president-de-lassemblee-nationale-abdou-mbow-dement-sonko-et-retablit-la-verite\/\" \/>\n<meta property=\"og:locale\" content=\"fr_FR\" \/>\n<meta property=\"og:type\" content=\"article\" \/>\n<meta property=\"og:title\" content=\"SUPOSS\u00c9E VENTE DE LA R\u00c9SIDENCE DU PR\u00c9SIDENT DE L&#039;ASSEMBL\u00c9E NATIONALE - Abdou Mbow d\u00e9ment Sonko\" \/>\n<meta property=\"og:description\" content=\"NETTALI.COM - En marge de sa d\u00e9claration de politique g\u00e9n\u00e9rale, Ousmane Sonko, devant les d\u00e9put\u00e9s, a fait savoir que la r\u00e9sidence du pr\u00e9sident de l\u2019Assembl\u00e9e nationale a \u00e9t\u00e9 vendue \u00e0 300 millions de FCFA. Une all\u00e9gation que le d\u00e9put\u00e9 Abdou Mbow a d\u00e9menti, dimanche 27 d\u00e9cembre \u00e0 l&#039;\u00e9mission &quot;Grand Jury&quot; de la RFM. &quot;Ce que [&hellip;]\" \/>\n<meta property=\"og:url\" content=\"https:\/\/www.nettali.com\/2024\/12\/29\/supossee-vente-de-la-residence-du-president-de-lassemblee-nationale-abdou-mbow-dement-sonko-et-retablit-la-verite\/\" \/>\n<meta property=\"og:site_name\" content=\"Nettali.com\" \/>\n<meta property=\"article:publisher\" content=\"https:\/\/www.facebook.com\/nettalicom\" \/>\n<meta property=\"article:published_time\" content=\"2024-12-29T22:15:48+00:00\" \/>\n<meta property=\"article:modified_time\" content=\"2024-12-30T07:34:38+00:00\" \/>\n<meta property=\"og:image\" content=\"https:\/\/www.nettali.com\/wp-content\/uploads\/2024\/12\/Abdou-.jpeg\" \/>\n\t<meta property=\"og:image:width\" content=\"2560\" \/>\n\t<meta property=\"og:image:height\" content=\"1706\" \/>\n<meta name=\"twitter:card\" content=\"summary_large_image\" \/>\n<meta name=\"twitter:label1\" content=\"\u00c9crit par\" \/>\n\t<meta name=\"twitter:data1\" content=\"Ibrahima\" \/>\n\t<meta name=\"twitter:label2\" content=\"Dur\u00e9e de lecture estim\u00e9e\" \/>\n\t<meta name=\"twitter:data2\" content=\"2 minutes\" \/>\n<script type=\"application\/ld+json\" class=\"yoast-schema-graph\">{\"@context\":\"https:\/\/schema.org\",\"@graph\":[{\"@type\":\"WebSite\",\"@id\":\"https:\/\/www.nettali.com\/#website\",\"url\":\"https:\/\/www.nettali.com\/\",\"name\":\"Nettali.com\",\"description\":\"Le rendez-vous critique du Net\",\"potentialAction\":[{\"@type\":\"SearchAction\",\"target\":{\"@type\":\"EntryPoint\",\"urlTemplate\":\"https:\/\/www.nettali.com\/?s={search_term_string}\"},\"query-input\":\"required name=search_term_string\"}],\"inLanguage\":\"fr-FR\"},{\"@type\":\"ImageObject\",\"@id\":\"https:\/\/www.nettali.com\/2024\/12\/29\/supossee-vente-de-la-residence-du-president-de-lassemblee-nationale-abdou-mbow-dement-sonko-et-retablit-la-verite\/#primaryimage\",\"inLanguage\":\"fr-FR\",\"url\":\"https:\/\/www.nettali.com\/wp-content\/uploads\/2024\/12\/Abdou-.jpeg\",\"contentUrl\":\"https:\/\/www.nettali.com\/wp-content\/uploads\/2024\/12\/Abdou-.jpeg\",\"width\":2560,\"height\":1706},{\"@type\":\"WebPage\",\"@id\":\"https:\/\/www.nettali.com\/2024\/12\/29\/supossee-vente-de-la-residence-du-president-de-lassemblee-nationale-abdou-mbow-dement-sonko-et-retablit-la-verite\/#webpage\",\"url\":\"https:\/\/www.nettali.com\/2024\/12\/29\/supossee-vente-de-la-residence-du-president-de-lassemblee-nationale-abdou-mbow-dement-sonko-et-retablit-la-verite\/\",\"name\":\"SUPOSS\\u00c9E VENTE DE LA R\\u00c9SIDENCE DU PR\\u00c9SIDENT DE L'ASSEMBL\\u00c9E NATIONALE - Abdou Mbow d\\u00e9ment Sonko | Nettali.com\",\"isPartOf\":{\"@id\":\"https:\/\/www.nettali.com\/#website\"},\"primaryImageOfPage\":{\"@id\":\"https:\/\/www.nettali.com\/2024\/12\/29\/supossee-vente-de-la-residence-du-president-de-lassemblee-nationale-abdou-mbow-dement-sonko-et-retablit-la-verite\/#primaryimage\"},\"datePublished\":\"2024-12-29T22:15:48+00:00\",\"dateModified\":\"2024-12-30T07:34:38+00:00\",\"author\":{\"@id\":\"https:\/\/www.nettali.com\/#\/schema\/person\/bb147657c2986240405a608162b9bb23\"},\"breadcrumb\":{\"@id\":\"https:\/\/www.nettali.com\/2024\/12\/29\/supossee-vente-de-la-residence-du-president-de-lassemblee-nationale-abdou-mbow-dement-sonko-et-retablit-la-verite\/#breadcrumb\"},\"inLanguage\":\"fr-FR\",\"potentialAction\":[{\"@type\":\"ReadAction\",\"target\":[\"https:\/\/www.nettali.com\/2024\/12\/29\/supossee-vente-de-la-residence-du-president-de-lassemblee-nationale-abdou-mbow-dement-sonko-et-retablit-la-verite\/\"]}]},{\"@type\":\"BreadcrumbList\",\"@id\":\"https:\/\/www.nettali.com\/2024\/12\/29\/supossee-vente-de-la-residence-du-president-de-lassemblee-nationale-abdou-mbow-dement-sonko-et-retablit-la-verite\/#breadcrumb\",\"itemListElement\":[{\"@type\":\"ListItem\",\"position\":1,\"name\":\"Accueil\",\"item\":\"https:\/\/www.nettali.com\/\"},{\"@type\":\"ListItem\",\"position\":2,\"name\":\"SUPOSS\\u00c9E VENTE DE LA R\\u00c9SIDENCE DU PR\\u00c9SIDENT DE L'ASSEMBL\\u00c9E NATIONALE - Abdou Mbow d\\u00e9ment Sonko\"}]},{\"@type\":\"Person\",\"@id\":\"https:\/\/www.nettali.com\/#\/schema\/person\/bb147657c2986240405a608162b9bb23\",\"name\":\"Ibrahima\",\"image\":{\"@type\":\"ImageObject\",\"@id\":\"https:\/\/www.nettali.com\/#personlogo\",\"inLanguage\":\"fr-FR\",\"url\":\"https:\/\/secure.gravatar.com\/avatar\/26a8a81f09f0dd7624c9d5c36c9ba3a2?s=96&d=mm&r=g\",\"contentUrl\":\"https:\/\/secure.gravatar.com\/avatar\/26a8a81f09f0dd7624c9d5c36c9ba3a2?s=96&d=mm&r=g\",\"caption\":\"Ibrahima\"},\"sameAs\":[\"https:\/\/www.nettali.com\"]}]}<\/script>\n<!-- \/ Yoast SEO Premium plugin. -->","yoast_head_json":{"title":"SUPOSS\u00c9E VENTE DE LA R\u00c9SIDENCE DU PR\u00c9SIDENT DE L'ASSEMBL\u00c9E NATIONALE - Abdou Mbow d\u00e9ment Sonko | Nettali.com","robots":{"index":"index","follow":"follow","max-snippet":"max-snippet:-1","max-image-preview":"max-image-preview:large","max-video-preview":"max-video-preview:-1"},"canonical":"https:\/\/www.nettali.com\/2024\/12\/29\/supossee-vente-de-la-residence-du-president-de-lassemblee-nationale-abdou-mbow-dement-sonko-et-retablit-la-verite\/","og_locale":"fr_FR","og_type":"article","og_title":"SUPOSS\u00c9E VENTE DE LA R\u00c9SIDENCE DU PR\u00c9SIDENT DE L'ASSEMBL\u00c9E NATIONALE - Abdou Mbow d\u00e9ment Sonko","og_description":"NETTALI.COM - En marge de sa d\u00e9claration de politique g\u00e9n\u00e9rale, Ousmane Sonko, devant les d\u00e9put\u00e9s, a fait savoir que la r\u00e9sidence du pr\u00e9sident de l\u2019Assembl\u00e9e nationale a \u00e9t\u00e9 vendue \u00e0 300 millions de FCFA. Une all\u00e9gation que le d\u00e9put\u00e9 Abdou Mbow a d\u00e9menti, dimanche 27 d\u00e9cembre \u00e0 l'\u00e9mission \"Grand Jury\" de la RFM. \"Ce que [&hellip;]","og_url":"https:\/\/www.nettali.com\/2024\/12\/29\/supossee-vente-de-la-residence-du-president-de-lassemblee-nationale-abdou-mbow-dement-sonko-et-retablit-la-verite\/","og_site_name":"Nettali.com","article_publisher":"https:\/\/www.facebook.com\/nettalicom","article_published_time":"2024-12-29T22:15:48+00:00","article_modified_time":"2024-12-30T07:34:38+00:00","og_image":[{"width":2560,"height":1706,"url":"https:\/\/www.nettali.com\/wp-content\/uploads\/2024\/12\/Abdou-.jpeg","type":"image\/jpeg"}],"twitter_card":"summary_large_image","twitter_misc":{"\u00c9crit par":"Ibrahima","Dur\u00e9e de lecture estim\u00e9e":"2 minutes"},"schema":{"@context":"https:\/\/schema.org","@graph":[{"@type":"WebSite","@id":"https:\/\/www.nettali.com\/#website","url":"https:\/\/www.nettali.com\/","name":"Nettali.com","description":"Le rendez-vous critique du Net","potentialAction":[{"@type":"SearchAction","target":{"@type":"EntryPoint","urlTemplate":"https:\/\/www.nettali.com\/?s={search_term_string}"},"query-input":"required name=search_term_string"}],"inLanguage":"fr-FR"},{"@type":"ImageObject","@id":"https:\/\/www.nettali.com\/2024\/12\/29\/supossee-vente-de-la-residence-du-president-de-lassemblee-nationale-abdou-mbow-dement-sonko-et-retablit-la-verite\/#primaryimage","inLanguage":"fr-FR","url":"https:\/\/www.nettali.com\/wp-content\/uploads\/2024\/12\/Abdou-.jpeg","contentUrl":"https:\/\/www.nettali.com\/wp-content\/uploads\/2024\/12\/Abdou-.jpeg","width":2560,"height":1706},{"@type":"WebPage","@id":"https:\/\/www.nettali.com\/2024\/12\/29\/supossee-vente-de-la-residence-du-president-de-lassemblee-nationale-abdou-mbow-dement-sonko-et-retablit-la-verite\/#webpage","url":"https:\/\/www.nettali.com\/2024\/12\/29\/supossee-vente-de-la-residence-du-president-de-lassemblee-nationale-abdou-mbow-dement-sonko-et-retablit-la-verite\/","name":"SUPOSS\u00c9E VENTE DE LA R\u00c9SIDENCE DU PR\u00c9SIDENT DE L'ASSEMBL\u00c9E NATIONALE - Abdou Mbow d\u00e9ment Sonko | Nettali.com","isPartOf":{"@id":"https:\/\/www.nettali.com\/#website"},"primaryImageOfPage":{"@id":"https:\/\/www.nettali.com\/2024\/12\/29\/supossee-vente-de-la-residence-du-president-de-lassemblee-nationale-abdou-mbow-dement-sonko-et-retablit-la-verite\/#primaryimage"},"datePublished":"2024-12-29T22:15:48+00:00","dateModified":"2024-12-30T07:34:38+00:00","author":{"@id":"https:\/\/www.nettali.com\/#\/schema\/person\/bb147657c2986240405a608162b9bb23"},"breadcrumb":{"@id":"https:\/\/www.nettali.com\/2024\/12\/29\/supossee-vente-de-la-residence-du-president-de-lassemblee-nationale-abdou-mbow-dement-sonko-et-retablit-la-verite\/#breadcrumb"},"inLanguage":"fr-FR","potentialAction":[{"@type":"ReadAction","target":["https:\/\/www.nettali.com\/2024\/12\/29\/supossee-vente-de-la-residence-du-president-de-lassemblee-nationale-abdou-mbow-dement-sonko-et-retablit-la-verite\/"]}]},{"@type":"BreadcrumbList","@id":"https:\/\/www.nettali.com\/2024\/12\/29\/supossee-vente-de-la-residence-du-president-de-lassemblee-nationale-abdou-mbow-dement-sonko-et-retablit-la-verite\/#breadcrumb","itemListElement":[{"@type":"ListItem","position":1,"name":"Accueil","item":"https:\/\/www.nettali.com\/"},{"@type":"ListItem","position":2,"name":"SUPOSS\u00c9E VENTE DE LA R\u00c9SIDENCE DU PR\u00c9SIDENT DE L'ASSEMBL\u00c9E NATIONALE - Abdou Mbow d\u00e9ment Sonko"}]},{"@type":"Person","@id":"https:\/\/www.nettali.com\/#\/schema\/person\/bb147657c2986240405a608162b9bb23","name":"Ibrahima","image":{"@type":"ImageObject","@id":"https:\/\/www.nettali.com\/#personlogo","inLanguage":"fr-FR","url":"https:\/\/secure.gravatar.com\/avatar\/26a8a81f09f0dd7624c9d5c36c9ba3a2?s=96&d=mm&r=g","contentUrl":"https:\/\/secure.gravatar.com\/avatar\/26a8a81f09f0dd7624c9d5c36c9ba3a2?s=96&d=mm&r=g","caption":"Ibrahima"},"sameAs":["https:\/\/www.nettali.com"]}]}},"_links":{"self":[{"href":"https:\/\/www.nettali.com\/rest\/wp\/v2\/posts\/146255"}],"collection":[{"href":"https:\/\/www.nettali.com\/rest\/wp\/v2\/posts"}],"about":[{"href":"https:\/\/www.nettali.com\/rest\/wp\/v2\/types\/post"}],"author":[{"embeddable":true,"href":"https:\/\/www.nettali.com\/rest\/wp\/v2\/users\/5"}],"replies":[{"embeddable":true,"href":"https:\/\/www.nettali.com\/rest\/wp\/v2\/comments?post=146255"}],"version-history":[{"count":10,"href":"https:\/\/www.nettali.com\/rest\/wp\/v2\/posts\/146255\/revisions"}],"predecessor-version":[{"id":146269,"href":"https:\/\/www.nettali.com\/rest\/wp\/v2\/posts\/146255\/revisions\/146269"}],"wp:featuredmedia":[{"embeddable":true,"href":"https:\/\/www.nettali.com\/rest\/wp\/v2\/media\/146246"}],"wp:attachment":[{"href":"https:\/\/www.nettali.com\/rest\/wp\/v2\/media?parent=146255"}],"wp:term":[{"taxonomy":"category","embeddable":true,"href":"https:\/\/www.nettali.com\/rest\/wp\/v2\/categories?post=146255"},{"taxonomy":"post_tag","embeddable":true,"href":"https:\/\/www.nettali.com\/rest\/wp\/v2\/tags?post=146255"}],"curies":[{"name":"wp","href":"https:\/\/api.w.org\/{rel}","templated":true}]}}