{"id":146205,"date":"2024-12-28T17:36:37","date_gmt":"2024-12-28T17:36:37","guid":{"rendered":"https:\/\/www.nettali.com\/?p=146205"},"modified":"2024-12-28T17:36:37","modified_gmt":"2024-12-28T17:36:37","slug":"maroc-69-morts-dont-25-maliens-dans-un-naufrage","status":"publish","type":"post","link":"https:\/\/www.nettali.com\/2024\/12\/28\/maroc-69-morts-dont-25-maliens-dans-un-naufrage\/","title":{"rendered":"MAROC - 69 morts, dont 25 Maliens dans un naufrage\u00a0"},"content":{"rendered":"<p><strong>NETTALI.COM - Une embarcation de fortune transportant environ 80 personnes a sombr\u00e9 au large des c\u00f4tes marocaines, causant la mort d\u2019au moins 69 migrants, dont 25 originaires du Mali, selon les autorit\u00e9s maliennes. Seuls 11 survivants ont pu \u00eatre secourus, parmi lesquels neuf Maliens, a indiqu\u00e9 le minist\u00e8re malien des Maliens de l\u2019ext\u00e9rieur dans un communiqu\u00e9.<\/strong><\/p>\n<p>L\u2019incident, survenu la semaine derni\u00e8re mais confirm\u00e9 jeudi, souligne une fois de plus les dangers de la migration par la route atlantique, l\u2019une des plus meurtri\u00e8res au monde. Une cellule de crise a \u00e9t\u00e9 mise en place pour g\u00e9rer les cons\u00e9quences de cette trag\u00e9die.<\/p>\n<p>Le Mali, confront\u00e9 \u00e0 une grave instabilit\u00e9 politique et s\u00e9curitaire, avec des violences djihadistes et des r\u00e9bellions s\u00e9paratistes, conna\u00eet \u00e9galement une d\u00e9t\u00e9rioration de ses conditions \u00e9conomiques. Ces facteurs, combin\u00e9s au ch\u00f4mage et aux effets du changement climatique, poussent de nombreux citoyens \u00e0 tenter leur chance \u00e0 l\u2019\u00e9tranger, au p\u00e9ril de leur vie.<\/p>\n<p>D\u2019apr\u00e8s l\u2019organisation espagnole Caminando Fronteras, plus de 10 000 personnes ont p\u00e9ri cette ann\u00e9e en tentant de rejoindre l\u2019Espagne, soit une moyenne alarmante de 30 d\u00e9c\u00e8s par jour. Le Maroc, situ\u00e9 \u00e0 seulement 14 kilom\u00e8tres des c\u00f4tes espagnoles, est une route privil\u00e9gi\u00e9e mais extr\u00eamement risqu\u00e9e pour ces migrants en qu\u00eate d\u2019un avenir meilleur en Europe.<\/p>\n<div class='share-to-whatsapp-wrapper'><div class='share-on-whsp'>PARTAGER SUR : <\/div><a data-text='MAROC - 69 morts, dont 25 Maliens dans un naufrage\u00a0' data-link='https:\/\/www.nettali.com\/2024\/12\/28\/maroc-69-morts-dont-25-maliens-dans-un-naufrage\/' class='whatsapp-button whatsapp-share'>WhatsApp<\/a><div class='clear '><\/div><\/div>","protected":false},"excerpt":{"rendered":"<p>NETTALI.COM - Une embarcation de fortune transportant environ 80 personnes a sombr\u00e9 au large des c\u00f4tes marocaines, causant la mort d\u2019au moins 69 migrants, dont 25 originaires du Mali, selon les autorit\u00e9s maliennes. Seuls 11 survivants ont pu \u00eatre secourus, parmi lesquels neuf Maliens, a indiqu\u00e9 le minist\u00e8re malien des Maliens de l\u2019ext\u00e9rieur dans un [&hellip;]<\/p>\n","protected":false},"author":5,"featured_media":146202,"comment_status":"open","ping_status":"open","sticky":false,"template":"","format":"standard","meta":{"_et_pb_use_builder":"","_et_pb_old_content":""},"categories":[8],"tags":[],"yoast_head":"<!-- This site is optimized with the Yoast SEO Premium plugin v17.8 (Yoast SEO v17.8) - https:\/\/yoast.com\/wordpress\/plugins\/seo\/ -->\n<title>MAROC - 69 morts, dont 25 Maliens dans un naufrage\u00a0 | Nettali.com<\/title>\n<meta name=\"robots\" content=\"index, follow, max-snippet:-1, max-image-preview:large, max-video-preview:-1\" \/>\n<link rel=\"canonical\" href=\"https:\/\/www.nettali.com\/2024\/12\/28\/maroc-69-morts-dont-25-maliens-dans-un-naufrage\/\" \/>\n<meta property=\"og:locale\" content=\"fr_FR\" \/>\n<meta property=\"og:type\" content=\"article\" \/>\n<meta property=\"og:title\" content=\"MAROC - 69 morts, dont 25 Maliens dans un naufrage\u00a0\" \/>\n<meta property=\"og:description\" content=\"NETTALI.COM - Une embarcation de fortune transportant environ 80 personnes a sombr\u00e9 au large des c\u00f4tes marocaines, causant la mort d\u2019au moins 69 migrants, dont 25 originaires du Mali, selon les autorit\u00e9s maliennes. Seuls 11 survivants ont pu \u00eatre secourus, parmi lesquels neuf Maliens, a indiqu\u00e9 le minist\u00e8re malien des Maliens de l\u2019ext\u00e9rieur dans un [&hellip;]\" \/>\n<meta property=\"og:url\" content=\"https:\/\/www.nettali.com\/2024\/12\/28\/maroc-69-morts-dont-25-maliens-dans-un-naufrage\/\" \/>\n<meta property=\"og:site_name\" content=\"Nettali.com\" \/>\n<meta property=\"article:publisher\" content=\"https:\/\/www.facebook.com\/nettalicom\" \/>\n<meta property=\"article:published_time\" content=\"2024-12-28T17:36:37+00:00\" \/>\n<meta property=\"og:image\" content=\"https:\/\/www.nettali.com\/wp-content\/uploads\/2024\/12\/AP23110385877424.jpg\" \/>\n\t<meta property=\"og:image:width\" content=\"734\" \/>\n\t<meta property=\"og:image:height\" content=\"489\" \/>\n<meta name=\"twitter:card\" content=\"summary_large_image\" \/>\n<meta name=\"twitter:label1\" content=\"\u00c9crit par\" \/>\n\t<meta name=\"twitter:data1\" content=\"Ibrahima\" \/>\n\t<meta name=\"twitter:label2\" content=\"Dur\u00e9e de lecture estim\u00e9e\" \/>\n\t<meta name=\"twitter:data2\" content=\"2 minutes\" \/>\n<script type=\"application\/ld+json\" class=\"yoast-schema-graph\">{\"@context\":\"https:\/\/schema.org\",\"@graph\":[{\"@type\":\"WebSite\",\"@id\":\"https:\/\/www.nettali.com\/#website\",\"url\":\"https:\/\/www.nettali.com\/\",\"name\":\"Nettali.com\",\"description\":\"Le rendez-vous critique du Net\",\"potentialAction\":[{\"@type\":\"SearchAction\",\"target\":{\"@type\":\"EntryPoint\",\"urlTemplate\":\"https:\/\/www.nettali.com\/?s={search_term_string}\"},\"query-input\":\"required name=search_term_string\"}],\"inLanguage\":\"fr-FR\"},{\"@type\":\"ImageObject\",\"@id\":\"https:\/\/www.nettali.com\/2024\/12\/28\/maroc-69-morts-dont-25-maliens-dans-un-naufrage\/#primaryimage\",\"inLanguage\":\"fr-FR\",\"url\":\"https:\/\/www.nettali.com\/wp-content\/uploads\/2024\/12\/AP23110385877424.jpg\",\"contentUrl\":\"https:\/\/www.nettali.com\/wp-content\/uploads\/2024\/12\/AP23110385877424.jpg\",\"width\":734,\"height\":489},{\"@type\":\"WebPage\",\"@id\":\"https:\/\/www.nettali.com\/2024\/12\/28\/maroc-69-morts-dont-25-maliens-dans-un-naufrage\/#webpage\",\"url\":\"https:\/\/www.nettali.com\/2024\/12\/28\/maroc-69-morts-dont-25-maliens-dans-un-naufrage\/\",\"name\":\"MAROC - 69 morts, dont 25 Maliens dans un naufrage\\u00a0 | Nettali.com\",\"isPartOf\":{\"@id\":\"https:\/\/www.nettali.com\/#website\"},\"primaryImageOfPage\":{\"@id\":\"https:\/\/www.nettali.com\/2024\/12\/28\/maroc-69-morts-dont-25-maliens-dans-un-naufrage\/#primaryimage\"},\"datePublished\":\"2024-12-28T17:36:37+00:00\",\"dateModified\":\"2024-12-28T17:36:37+00:00\",\"author\":{\"@id\":\"https:\/\/www.nettali.com\/#\/schema\/person\/bb147657c2986240405a608162b9bb23\"},\"breadcrumb\":{\"@id\":\"https:\/\/www.nettali.com\/2024\/12\/28\/maroc-69-morts-dont-25-maliens-dans-un-naufrage\/#breadcrumb\"},\"inLanguage\":\"fr-FR\",\"potentialAction\":[{\"@type\":\"ReadAction\",\"target\":[\"https:\/\/www.nettali.com\/2024\/12\/28\/maroc-69-morts-dont-25-maliens-dans-un-naufrage\/\"]}]},{\"@type\":\"BreadcrumbList\",\"@id\":\"https:\/\/www.nettali.com\/2024\/12\/28\/maroc-69-morts-dont-25-maliens-dans-un-naufrage\/#breadcrumb\",\"itemListElement\":[{\"@type\":\"ListItem\",\"position\":1,\"name\":\"Accueil\",\"item\":\"https:\/\/www.nettali.com\/\"},{\"@type\":\"ListItem\",\"position\":2,\"name\":\"MAROC - 69 morts, dont 25 Maliens dans un naufrage\\u00a0\"}]},{\"@type\":\"Person\",\"@id\":\"https:\/\/www.nettali.com\/#\/schema\/person\/bb147657c2986240405a608162b9bb23\",\"name\":\"Ibrahima\",\"image\":{\"@type\":\"ImageObject\",\"@id\":\"https:\/\/www.nettali.com\/#personlogo\",\"inLanguage\":\"fr-FR\",\"url\":\"https:\/\/secure.gravatar.com\/avatar\/26a8a81f09f0dd7624c9d5c36c9ba3a2?s=96&d=mm&r=g\",\"contentUrl\":\"https:\/\/secure.gravatar.com\/avatar\/26a8a81f09f0dd7624c9d5c36c9ba3a2?s=96&d=mm&r=g\",\"caption\":\"Ibrahima\"},\"sameAs\":[\"https:\/\/www.nettali.com\"]}]}<\/script>\n<!-- \/ Yoast SEO Premium plugin. -->","yoast_head_json":{"title":"MAROC - 69 morts, dont 25 Maliens dans un naufrage\u00a0 | Nettali.com","robots":{"index":"index","follow":"follow","max-snippet":"max-snippet:-1","max-image-preview":"max-image-preview:large","max-video-preview":"max-video-preview:-1"},"canonical":"https:\/\/www.nettali.com\/2024\/12\/28\/maroc-69-morts-dont-25-maliens-dans-un-naufrage\/","og_locale":"fr_FR","og_type":"article","og_title":"MAROC - 69 morts, dont 25 Maliens dans un naufrage\u00a0","og_description":"NETTALI.COM - Une embarcation de fortune transportant environ 80 personnes a sombr\u00e9 au large des c\u00f4tes marocaines, causant la mort d\u2019au moins 69 migrants, dont 25 originaires du Mali, selon les autorit\u00e9s maliennes. Seuls 11 survivants ont pu \u00eatre secourus, parmi lesquels neuf Maliens, a indiqu\u00e9 le minist\u00e8re malien des Maliens de l\u2019ext\u00e9rieur dans un [&hellip;]","og_url":"https:\/\/www.nettali.com\/2024\/12\/28\/maroc-69-morts-dont-25-maliens-dans-un-naufrage\/","og_site_name":"Nettali.com","article_publisher":"https:\/\/www.facebook.com\/nettalicom","article_published_time":"2024-12-28T17:36:37+00:00","og_image":[{"width":734,"height":489,"url":"https:\/\/www.nettali.com\/wp-content\/uploads\/2024\/12\/AP23110385877424.jpg","type":"image\/jpeg"}],"twitter_card":"summary_large_image","twitter_misc":{"\u00c9crit par":"Ibrahima","Dur\u00e9e de lecture estim\u00e9e":"2 minutes"},"schema":{"@context":"https:\/\/schema.org","@graph":[{"@type":"WebSite","@id":"https:\/\/www.nettali.com\/#website","url":"https:\/\/www.nettali.com\/","name":"Nettali.com","description":"Le rendez-vous critique du Net","potentialAction":[{"@type":"SearchAction","target":{"@type":"EntryPoint","urlTemplate":"https:\/\/www.nettali.com\/?s={search_term_string}"},"query-input":"required name=search_term_string"}],"inLanguage":"fr-FR"},{"@type":"ImageObject","@id":"https:\/\/www.nettali.com\/2024\/12\/28\/maroc-69-morts-dont-25-maliens-dans-un-naufrage\/#primaryimage","inLanguage":"fr-FR","url":"https:\/\/www.nettali.com\/wp-content\/uploads\/2024\/12\/AP23110385877424.jpg","contentUrl":"https:\/\/www.nettali.com\/wp-content\/uploads\/2024\/12\/AP23110385877424.jpg","width":734,"height":489},{"@type":"WebPage","@id":"https:\/\/www.nettali.com\/2024\/12\/28\/maroc-69-morts-dont-25-maliens-dans-un-naufrage\/#webpage","url":"https:\/\/www.nettali.com\/2024\/12\/28\/maroc-69-morts-dont-25-maliens-dans-un-naufrage\/","name":"MAROC - 69 morts, dont 25 Maliens dans un naufrage\u00a0 | Nettali.com","isPartOf":{"@id":"https:\/\/www.nettali.com\/#website"},"primaryImageOfPage":{"@id":"https:\/\/www.nettali.com\/2024\/12\/28\/maroc-69-morts-dont-25-maliens-dans-un-naufrage\/#primaryimage"},"datePublished":"2024-12-28T17:36:37+00:00","dateModified":"2024-12-28T17:36:37+00:00","author":{"@id":"https:\/\/www.nettali.com\/#\/schema\/person\/bb147657c2986240405a608162b9bb23"},"breadcrumb":{"@id":"https:\/\/www.nettali.com\/2024\/12\/28\/maroc-69-morts-dont-25-maliens-dans-un-naufrage\/#breadcrumb"},"inLanguage":"fr-FR","potentialAction":[{"@type":"ReadAction","target":["https:\/\/www.nettali.com\/2024\/12\/28\/maroc-69-morts-dont-25-maliens-dans-un-naufrage\/"]}]},{"@type":"BreadcrumbList","@id":"https:\/\/www.nettali.com\/2024\/12\/28\/maroc-69-morts-dont-25-maliens-dans-un-naufrage\/#breadcrumb","itemListElement":[{"@type":"ListItem","position":1,"name":"Accueil","item":"https:\/\/www.nettali.com\/"},{"@type":"ListItem","position":2,"name":"MAROC - 69 morts, dont 25 Maliens dans un naufrage\u00a0"}]},{"@type":"Person","@id":"https:\/\/www.nettali.com\/#\/schema\/person\/bb147657c2986240405a608162b9bb23","name":"Ibrahima","image":{"@type":"ImageObject","@id":"https:\/\/www.nettali.com\/#personlogo","inLanguage":"fr-FR","url":"https:\/\/secure.gravatar.com\/avatar\/26a8a81f09f0dd7624c9d5c36c9ba3a2?s=96&d=mm&r=g","contentUrl":"https:\/\/secure.gravatar.com\/avatar\/26a8a81f09f0dd7624c9d5c36c9ba3a2?s=96&d=mm&r=g","caption":"Ibrahima"},"sameAs":["https:\/\/www.nettali.com"]}]}},"_links":{"self":[{"href":"https:\/\/www.nettali.com\/rest\/wp\/v2\/posts\/146205"}],"collection":[{"href":"https:\/\/www.nettali.com\/rest\/wp\/v2\/posts"}],"about":[{"href":"https:\/\/www.nettali.com\/rest\/wp\/v2\/types\/post"}],"author":[{"embeddable":true,"href":"https:\/\/www.nettali.com\/rest\/wp\/v2\/users\/5"}],"replies":[{"embeddable":true,"href":"https:\/\/www.nettali.com\/rest\/wp\/v2\/comments?post=146205"}],"version-history":[{"count":1,"href":"https:\/\/www.nettali.com\/rest\/wp\/v2\/posts\/146205\/revisions"}],"predecessor-version":[{"id":146206,"href":"https:\/\/www.nettali.com\/rest\/wp\/v2\/posts\/146205\/revisions\/146206"}],"wp:featuredmedia":[{"embeddable":true,"href":"https:\/\/www.nettali.com\/rest\/wp\/v2\/media\/146202"}],"wp:attachment":[{"href":"https:\/\/www.nettali.com\/rest\/wp\/v2\/media?parent=146205"}],"wp:term":[{"taxonomy":"category","embeddable":true,"href":"https:\/\/www.nettali.com\/rest\/wp\/v2\/categories?post=146205"},{"taxonomy":"post_tag","embeddable":true,"href":"https:\/\/www.nettali.com\/rest\/wp\/v2\/tags?post=146205"}],"curies":[{"name":"wp","href":"https:\/\/api.w.org\/{rel}","templated":true}]}}