{"id":146192,"date":"2024-12-28T14:38:04","date_gmt":"2024-12-28T14:38:04","guid":{"rendered":"https:\/\/www.nettali.com\/?p=146192"},"modified":"2024-12-28T14:38:04","modified_gmt":"2024-12-28T14:38:04","slug":"finances-le-budget-de-la-presidence-et-de-la-primature-en-baisse-celui-de-lassemblee-en-hausse","status":"publish","type":"post","link":"https:\/\/www.nettali.com\/2024\/12\/28\/finances-le-budget-de-la-presidence-et-de-la-primature-en-baisse-celui-de-lassemblee-en-hausse\/","title":{"rendered":"FINANCES- Le budget de la Pr\u00e9sidence et de la Primature en baisse, celui de l'Assembl\u00e9e en hausse"},"content":{"rendered":"<p><span style=\"font-size: 16px;\"><strong>NETTALI.COM- L'Assembl\u00e9e nationale a adopt\u00e9 le budget de l'\u00c9tat du S\u00e9n\u00e9gal pour l'ann\u00e9e 2025. Celui de la Pr\u00e9sidence et de la Primature connaissent une baisse tandis que le budget de l'Assembl\u00e9e nationale enregistre une hausse\u00a0<\/strong><\/span><\/p>\n<p><span style=\"font-size: 16px;\">Selon le rapport de la commission, s'agissant des moyens d\u00e9volus aux institutions constitutionnelles, les Ministres ont indiqu\u00e9 que le budget de la Pr\u00e9sidence de la R\u00e9publique est arr\u00eat\u00e9 \u00e0 78 609 617 404 FCFA contre 80 129 718 244 FCFA en 2024.<\/span><\/p>\n<p><span style=\"font-size: 16px;\">Le budget\u00a0 de la Primature est fix\u00e9 \u00e0 25 006 817 345 FCFA pour 2025 contre 25 723 322 360 FCFA en 2024.<\/span><\/p>\n<p><span style=\"font-size: 16px;\">Quant au budget de l'Assembl\u00e9e nationale, il\u00a0 s'\u00e9l\u00e8ve \u00e0 22 474 015 137 FCFA pour 2025 contre 20 158 015137 FCFA en 2024.<\/span><\/p>\n<div class='share-to-whatsapp-wrapper'><div class='share-on-whsp'>PARTAGER SUR : <\/div><a data-text='FINANCES- Le budget de la Pr\u00e9sidence et de la Primature en baisse, celui de l'Assembl\u00e9e en hausse' data-link='https:\/\/www.nettali.com\/2024\/12\/28\/finances-le-budget-de-la-presidence-et-de-la-primature-en-baisse-celui-de-lassemblee-en-hausse\/' class='whatsapp-button whatsapp-share'>WhatsApp<\/a><div class='clear '><\/div><\/div>","protected":false},"excerpt":{"rendered":"<p>NETTALI.COM- L'Assembl\u00e9e nationale a adopt\u00e9 le budget de l'\u00c9tat du S\u00e9n\u00e9gal pour l'ann\u00e9e 2025. Celui de la Pr\u00e9sidence et de la Primature connaissent une baisse tandis que le budget de l'Assembl\u00e9e nationale enregistre une hausse\u00a0 Selon le rapport de la commission, s'agissant des moyens d\u00e9volus aux institutions constitutionnelles, les Ministres ont indiqu\u00e9 que le budget [&hellip;]<\/p>\n","protected":false},"author":6,"featured_media":139899,"comment_status":"open","ping_status":"open","sticky":false,"template":"","format":"standard","meta":{"_et_pb_use_builder":"","_et_pb_old_content":""},"categories":[4],"tags":[],"yoast_head":"<!-- This site is optimized with the Yoast SEO Premium plugin v17.8 (Yoast SEO v17.8) - https:\/\/yoast.com\/wordpress\/plugins\/seo\/ -->\n<title>FINANCES- Le budget de la Pr\u00e9sidence et de la Primature en baisse, celui de l&#039;Assembl\u00e9e en hausse | Nettali.com<\/title>\n<meta name=\"robots\" content=\"index, follow, max-snippet:-1, max-image-preview:large, max-video-preview:-1\" \/>\n<link rel=\"canonical\" href=\"https:\/\/www.nettali.com\/2024\/12\/28\/finances-le-budget-de-la-presidence-et-de-la-primature-en-baisse-celui-de-lassemblee-en-hausse\/\" \/>\n<meta property=\"og:locale\" content=\"fr_FR\" \/>\n<meta property=\"og:type\" content=\"article\" \/>\n<meta property=\"og:title\" content=\"FINANCES- Le budget de la Pr\u00e9sidence et de la Primature en baisse, celui de l&#039;Assembl\u00e9e en hausse\" \/>\n<meta property=\"og:description\" content=\"NETTALI.COM- L&#039;Assembl\u00e9e nationale a adopt\u00e9 le budget de l&#039;\u00c9tat du S\u00e9n\u00e9gal pour l&#039;ann\u00e9e 2025. Celui de la Pr\u00e9sidence et de la Primature connaissent une baisse tandis que le budget de l&#039;Assembl\u00e9e nationale enregistre une hausse\u00a0 Selon le rapport de la commission, s&#039;agissant des moyens d\u00e9volus aux institutions constitutionnelles, les Ministres ont indiqu\u00e9 que le budget [&hellip;]\" \/>\n<meta property=\"og:url\" content=\"https:\/\/www.nettali.com\/2024\/12\/28\/finances-le-budget-de-la-presidence-et-de-la-primature-en-baisse-celui-de-lassemblee-en-hausse\/\" \/>\n<meta property=\"og:site_name\" content=\"Nettali.com\" \/>\n<meta property=\"article:publisher\" content=\"https:\/\/www.facebook.com\/nettalicom\" \/>\n<meta property=\"article:published_time\" content=\"2024-12-28T14:38:04+00:00\" \/>\n<meta property=\"og:image\" content=\"https:\/\/www.nettali.com\/wp-content\/uploads\/2024\/09\/assemblee-nationale.jpg\" \/>\n\t<meta property=\"og:image:width\" content=\"696\" \/>\n\t<meta property=\"og:image:height\" content=\"392\" \/>\n<meta name=\"twitter:card\" content=\"summary_large_image\" \/>\n<meta name=\"twitter:label1\" content=\"\u00c9crit par\" \/>\n\t<meta name=\"twitter:data1\" content=\"Fatou\" \/>\n\t<meta name=\"twitter:label2\" content=\"Dur\u00e9e de lecture estim\u00e9e\" \/>\n\t<meta name=\"twitter:data2\" content=\"1 minute\" \/>\n<script type=\"application\/ld+json\" class=\"yoast-schema-graph\">{\"@context\":\"https:\/\/schema.org\",\"@graph\":[{\"@type\":\"WebSite\",\"@id\":\"https:\/\/www.nettali.com\/#website\",\"url\":\"https:\/\/www.nettali.com\/\",\"name\":\"Nettali.com\",\"description\":\"Le rendez-vous critique du Net\",\"potentialAction\":[{\"@type\":\"SearchAction\",\"target\":{\"@type\":\"EntryPoint\",\"urlTemplate\":\"https:\/\/www.nettali.com\/?s={search_term_string}\"},\"query-input\":\"required name=search_term_string\"}],\"inLanguage\":\"fr-FR\"},{\"@type\":\"ImageObject\",\"@id\":\"https:\/\/www.nettali.com\/2024\/12\/28\/finances-le-budget-de-la-presidence-et-de-la-primature-en-baisse-celui-de-lassemblee-en-hausse\/#primaryimage\",\"inLanguage\":\"fr-FR\",\"url\":\"https:\/\/www.nettali.com\/wp-content\/uploads\/2024\/09\/assemblee-nationale.jpg\",\"contentUrl\":\"https:\/\/www.nettali.com\/wp-content\/uploads\/2024\/09\/assemblee-nationale.jpg\",\"width\":696,\"height\":392},{\"@type\":\"WebPage\",\"@id\":\"https:\/\/www.nettali.com\/2024\/12\/28\/finances-le-budget-de-la-presidence-et-de-la-primature-en-baisse-celui-de-lassemblee-en-hausse\/#webpage\",\"url\":\"https:\/\/www.nettali.com\/2024\/12\/28\/finances-le-budget-de-la-presidence-et-de-la-primature-en-baisse-celui-de-lassemblee-en-hausse\/\",\"name\":\"FINANCES- Le budget de la Pr\\u00e9sidence et de la Primature en baisse, celui de l'Assembl\\u00e9e en hausse | Nettali.com\",\"isPartOf\":{\"@id\":\"https:\/\/www.nettali.com\/#website\"},\"primaryImageOfPage\":{\"@id\":\"https:\/\/www.nettali.com\/2024\/12\/28\/finances-le-budget-de-la-presidence-et-de-la-primature-en-baisse-celui-de-lassemblee-en-hausse\/#primaryimage\"},\"datePublished\":\"2024-12-28T14:38:04+00:00\",\"dateModified\":\"2024-12-28T14:38:04+00:00\",\"author\":{\"@id\":\"https:\/\/www.nettali.com\/#\/schema\/person\/418274a86bdf87caff7a3ef476bd0bbf\"},\"breadcrumb\":{\"@id\":\"https:\/\/www.nettali.com\/2024\/12\/28\/finances-le-budget-de-la-presidence-et-de-la-primature-en-baisse-celui-de-lassemblee-en-hausse\/#breadcrumb\"},\"inLanguage\":\"fr-FR\",\"potentialAction\":[{\"@type\":\"ReadAction\",\"target\":[\"https:\/\/www.nettali.com\/2024\/12\/28\/finances-le-budget-de-la-presidence-et-de-la-primature-en-baisse-celui-de-lassemblee-en-hausse\/\"]}]},{\"@type\":\"BreadcrumbList\",\"@id\":\"https:\/\/www.nettali.com\/2024\/12\/28\/finances-le-budget-de-la-presidence-et-de-la-primature-en-baisse-celui-de-lassemblee-en-hausse\/#breadcrumb\",\"itemListElement\":[{\"@type\":\"ListItem\",\"position\":1,\"name\":\"Accueil\",\"item\":\"https:\/\/www.nettali.com\/\"},{\"@type\":\"ListItem\",\"position\":2,\"name\":\"FINANCES- Le budget de la Pr\\u00e9sidence et de la Primature en baisse, celui de l'Assembl\\u00e9e en hausse\"}]},{\"@type\":\"Person\",\"@id\":\"https:\/\/www.nettali.com\/#\/schema\/person\/418274a86bdf87caff7a3ef476bd0bbf\",\"name\":\"Fatou\",\"image\":{\"@type\":\"ImageObject\",\"@id\":\"https:\/\/www.nettali.com\/#personlogo\",\"inLanguage\":\"fr-FR\",\"url\":\"https:\/\/secure.gravatar.com\/avatar\/5a9442a2bee7b4dcf167cab035858e9a?s=96&d=mm&r=g\",\"contentUrl\":\"https:\/\/secure.gravatar.com\/avatar\/5a9442a2bee7b4dcf167cab035858e9a?s=96&d=mm&r=g\",\"caption\":\"Fatou\"},\"sameAs\":[\"https:\/\/www.nettali.com\"]}]}<\/script>\n<!-- \/ Yoast SEO Premium plugin. -->","yoast_head_json":{"title":"FINANCES- Le budget de la Pr\u00e9sidence et de la Primature en baisse, celui de l'Assembl\u00e9e en hausse | Nettali.com","robots":{"index":"index","follow":"follow","max-snippet":"max-snippet:-1","max-image-preview":"max-image-preview:large","max-video-preview":"max-video-preview:-1"},"canonical":"https:\/\/www.nettali.com\/2024\/12\/28\/finances-le-budget-de-la-presidence-et-de-la-primature-en-baisse-celui-de-lassemblee-en-hausse\/","og_locale":"fr_FR","og_type":"article","og_title":"FINANCES- Le budget de la Pr\u00e9sidence et de la Primature en baisse, celui de l'Assembl\u00e9e en hausse","og_description":"NETTALI.COM- L'Assembl\u00e9e nationale a adopt\u00e9 le budget de l'\u00c9tat du S\u00e9n\u00e9gal pour l'ann\u00e9e 2025. Celui de la Pr\u00e9sidence et de la Primature connaissent une baisse tandis que le budget de l'Assembl\u00e9e nationale enregistre une hausse\u00a0 Selon le rapport de la commission, s'agissant des moyens d\u00e9volus aux institutions constitutionnelles, les Ministres ont indiqu\u00e9 que le budget [&hellip;]","og_url":"https:\/\/www.nettali.com\/2024\/12\/28\/finances-le-budget-de-la-presidence-et-de-la-primature-en-baisse-celui-de-lassemblee-en-hausse\/","og_site_name":"Nettali.com","article_publisher":"https:\/\/www.facebook.com\/nettalicom","article_published_time":"2024-12-28T14:38:04+00:00","og_image":[{"width":696,"height":392,"url":"https:\/\/www.nettali.com\/wp-content\/uploads\/2024\/09\/assemblee-nationale.jpg","type":"image\/jpeg"}],"twitter_card":"summary_large_image","twitter_misc":{"\u00c9crit par":"Fatou","Dur\u00e9e de lecture estim\u00e9e":"1 minute"},"schema":{"@context":"https:\/\/schema.org","@graph":[{"@type":"WebSite","@id":"https:\/\/www.nettali.com\/#website","url":"https:\/\/www.nettali.com\/","name":"Nettali.com","description":"Le rendez-vous critique du Net","potentialAction":[{"@type":"SearchAction","target":{"@type":"EntryPoint","urlTemplate":"https:\/\/www.nettali.com\/?s={search_term_string}"},"query-input":"required name=search_term_string"}],"inLanguage":"fr-FR"},{"@type":"ImageObject","@id":"https:\/\/www.nettali.com\/2024\/12\/28\/finances-le-budget-de-la-presidence-et-de-la-primature-en-baisse-celui-de-lassemblee-en-hausse\/#primaryimage","inLanguage":"fr-FR","url":"https:\/\/www.nettali.com\/wp-content\/uploads\/2024\/09\/assemblee-nationale.jpg","contentUrl":"https:\/\/www.nettali.com\/wp-content\/uploads\/2024\/09\/assemblee-nationale.jpg","width":696,"height":392},{"@type":"WebPage","@id":"https:\/\/www.nettali.com\/2024\/12\/28\/finances-le-budget-de-la-presidence-et-de-la-primature-en-baisse-celui-de-lassemblee-en-hausse\/#webpage","url":"https:\/\/www.nettali.com\/2024\/12\/28\/finances-le-budget-de-la-presidence-et-de-la-primature-en-baisse-celui-de-lassemblee-en-hausse\/","name":"FINANCES- Le budget de la Pr\u00e9sidence et de la Primature en baisse, celui de l'Assembl\u00e9e en hausse | Nettali.com","isPartOf":{"@id":"https:\/\/www.nettali.com\/#website"},"primaryImageOfPage":{"@id":"https:\/\/www.nettali.com\/2024\/12\/28\/finances-le-budget-de-la-presidence-et-de-la-primature-en-baisse-celui-de-lassemblee-en-hausse\/#primaryimage"},"datePublished":"2024-12-28T14:38:04+00:00","dateModified":"2024-12-28T14:38:04+00:00","author":{"@id":"https:\/\/www.nettali.com\/#\/schema\/person\/418274a86bdf87caff7a3ef476bd0bbf"},"breadcrumb":{"@id":"https:\/\/www.nettali.com\/2024\/12\/28\/finances-le-budget-de-la-presidence-et-de-la-primature-en-baisse-celui-de-lassemblee-en-hausse\/#breadcrumb"},"inLanguage":"fr-FR","potentialAction":[{"@type":"ReadAction","target":["https:\/\/www.nettali.com\/2024\/12\/28\/finances-le-budget-de-la-presidence-et-de-la-primature-en-baisse-celui-de-lassemblee-en-hausse\/"]}]},{"@type":"BreadcrumbList","@id":"https:\/\/www.nettali.com\/2024\/12\/28\/finances-le-budget-de-la-presidence-et-de-la-primature-en-baisse-celui-de-lassemblee-en-hausse\/#breadcrumb","itemListElement":[{"@type":"ListItem","position":1,"name":"Accueil","item":"https:\/\/www.nettali.com\/"},{"@type":"ListItem","position":2,"name":"FINANCES- Le budget de la Pr\u00e9sidence et de la Primature en baisse, celui de l'Assembl\u00e9e en hausse"}]},{"@type":"Person","@id":"https:\/\/www.nettali.com\/#\/schema\/person\/418274a86bdf87caff7a3ef476bd0bbf","name":"Fatou","image":{"@type":"ImageObject","@id":"https:\/\/www.nettali.com\/#personlogo","inLanguage":"fr-FR","url":"https:\/\/secure.gravatar.com\/avatar\/5a9442a2bee7b4dcf167cab035858e9a?s=96&d=mm&r=g","contentUrl":"https:\/\/secure.gravatar.com\/avatar\/5a9442a2bee7b4dcf167cab035858e9a?s=96&d=mm&r=g","caption":"Fatou"},"sameAs":["https:\/\/www.nettali.com"]}]}},"_links":{"self":[{"href":"https:\/\/www.nettali.com\/rest\/wp\/v2\/posts\/146192"}],"collection":[{"href":"https:\/\/www.nettali.com\/rest\/wp\/v2\/posts"}],"about":[{"href":"https:\/\/www.nettali.com\/rest\/wp\/v2\/types\/post"}],"author":[{"embeddable":true,"href":"https:\/\/www.nettali.com\/rest\/wp\/v2\/users\/6"}],"replies":[{"embeddable":true,"href":"https:\/\/www.nettali.com\/rest\/wp\/v2\/comments?post=146192"}],"version-history":[{"count":3,"href":"https:\/\/www.nettali.com\/rest\/wp\/v2\/posts\/146192\/revisions"}],"predecessor-version":[{"id":146198,"href":"https:\/\/www.nettali.com\/rest\/wp\/v2\/posts\/146192\/revisions\/146198"}],"wp:featuredmedia":[{"embeddable":true,"href":"https:\/\/www.nettali.com\/rest\/wp\/v2\/media\/139899"}],"wp:attachment":[{"href":"https:\/\/www.nettali.com\/rest\/wp\/v2\/media?parent=146192"}],"wp:term":[{"taxonomy":"category","embeddable":true,"href":"https:\/\/www.nettali.com\/rest\/wp\/v2\/categories?post=146192"},{"taxonomy":"post_tag","embeddable":true,"href":"https:\/\/www.nettali.com\/rest\/wp\/v2\/tags?post=146192"}],"curies":[{"name":"wp","href":"https:\/\/api.w.org\/{rel}","templated":true}]}}