{"id":146165,"date":"2024-12-28T08:12:44","date_gmt":"2024-12-28T08:12:44","guid":{"rendered":"https:\/\/www.nettali.com\/?p=146165"},"modified":"2024-12-29T17:28:26","modified_gmt":"2024-12-29T17:28:26","slug":"dpg-lappel-aux-patriotes-bonds-et-a-lepargne-locale","status":"publish","type":"post","link":"https:\/\/www.nettali.com\/2024\/12\/28\/dpg-lappel-aux-patriotes-bonds-et-a-lepargne-locale\/","title":{"rendered":"DPG - L'appel aux patriotes-bonds et \u00e0 l'\u00e9pargne locale"},"content":{"rendered":"<p><strong>NETTALI.COM -<\/strong> Lors de la D\u00e9c\u00e9laration de Politique G\u00e9n\u00e9rale du vendredi 27 d\u00e9cembre, il a \u00e9t\u00e9 aussi question de financement de l'action publique. Pour atteindre cet objectif, le Premier ministre mise surtout sur la mobilisation de l'\u00e9pargne locale. Le gouvernement compte\u00a0 ainsi faire de la promotion des m\u00e9canismes innovants de financement, le principal levier de mobilisation de ressources domestiques aupr\u00e8s des m\u00e9nages, des entreprises non financi\u00e8res et des investisseurs institutionnels.<\/p>\n<p>En ce qui concerne les m\u00e9nages, le Premier ministre a soutenu que la strat\u00e9gie de mobilisation des financements n\u00e9cessaires int\u00e9grera l\u2019int\u00e9r\u00eat \u00e0 susciter aupr\u00e8s des S\u00e9n\u00e9galais pour leur participation financi\u00e8re \u00e0 l\u2019effort de transformation structurelle du pays. \u00c0 cet \u00e9gard, insiste-t-il, le recours sera fait aux organismes de placement collectif (OPC) de type conventionnel ou islamique, selon les pr\u00e9f\u00e9rences des \u00e9pargnants s\u00e9n\u00e9galais.<\/p>\n<p>\u201c<em>Ces OPC pourront souscrire \u00e0 des obligations et sukuks dits \u2018patriotes\u2019 \u00e9mis par le Tr\u00e9sor public ou par des soci\u00e9t\u00e9s de projets pour les grands travaux figurant dans le r\u00e9f\u00e9rentiel. Elles peuvent aussi opter pour des actions dans des soci\u00e9t\u00e9s publiques ou parapubliques, soit dans le cadre de la constitution de leur capital social, de leur augmentation ou de l\u2019ouverture de leur capital social. Les OPC peuvent aussi souscrire au rachat d\u2019une partie des actions d\u00e9tenues par des entit\u00e9s \u00e9trang\u00e8res dans des soci\u00e9t\u00e9s de droit s\u00e9n\u00e9galais, dans le cadre de la politique de souverainet\u00e9 nationale.<\/em>\"<\/p>\n<p>Relativement aux personnes physiques disposant de capacit\u00e9s substantielles d\u2019\u00e9pargne et les entreprises s\u00e9n\u00e9galaises d\u00e9sireuses de se positionner dans la participation au financement des grands travaux d\u2019investissement, indique le Premier ministre, des op\u00e9rations de souverainet\u00e9 \u00e9conomique (telles que les rachats de parts d\u2019entreprises \u00e9trang\u00e8res) ou dans la souscription aux augmentations de capital et \u00e0 la cession de parts de capital de l\u2019\u00c9tat dans des entreprises publiques et parapubliques, il leur sera offert la possibilit\u00e9 de participer \u00e0 des fonds d\u2019investissement alternatifs (FIA).<\/p>\n<p>Quant aux investisseurs institutionnels publics nationaux, l\u2019accent sera mis sur l\u2019\u00e9pargne longue qu\u2019ils d\u00e9tiennent en la canalisant dans le financement des programmes de la SNDS 2025-2029 financ\u00e9s sous la forme de Project-finance. Parmi ces entit\u00e9s, il y a notamment la Caisse des d\u00e9p\u00f4ts et consignations (CDC), le Fonds national de retraite et le Fonsis.<\/p>\n<p>Pour Ousmane Sonko, cette importance accord\u00e9e \u00e0 la mobilisation des ressources domestiques constitue la meilleure garantie d\u2019une r\u00e9silience aux chocs pouvant affecter les financements ext\u00e9rieurs. Cela dit, le Premier ministre ne compte pas pour autant renoncer aux financements ext\u00e9rieurs.<\/p>\n<p>Selon lui, le gouvernement continuera de recourir de mani\u00e8re responsable \u00e0 de tels financements. \u201c<em>L\u2019objectif est de diminuer l\u2019exposition au risque de change et de d\u00e9gager des marges de manoeuvre budg\u00e9taire pour ramener et maintenir le profil de la dette ext\u00e9rieure \u00e0 un risque faible<\/em>\u201d, a-t-il promis.<\/p>\n<p>\u201c<em>Nous poursuivrons \u00e9galement les excellentes relations avec le groupe de la Banque islamique de d\u00e9veloppement sur qui nous comptons \u00e9norm\u00e9ment pour d\u00e9velopper nos op\u00e9rations bilat\u00e9rales, mais aussi en qualit\u00e9 d\u2019institution catalyseur de notre r\u00e9solution \u00e0 attirer vers le S\u00e9n\u00e9gal plus d\u2019investissements priv\u00e9s et publics des pays arabes et islamiques. Nous nous appuierons aussi sur la Banque africaine de d\u00e9veloppement (Bad), partenaire historique du S\u00e9n\u00e9gal, mais aussi sur les institutions multilat\u00e9rales sous-r\u00e9gionales (BOAD, BIDC, etc.), la Badea, la BEI ainsi que tous les autres multilat\u00e9raux d\u00e9sireux d\u2019intervenir dans le pays<\/em>\u201d.<\/p>\n<div class='share-to-whatsapp-wrapper'><div class='share-on-whsp'>PARTAGER SUR : <\/div><a data-text='DPG - L'appel aux patriotes-bonds et \u00e0 l'\u00e9pargne locale' data-link='https:\/\/www.nettali.com\/2024\/12\/28\/dpg-lappel-aux-patriotes-bonds-et-a-lepargne-locale\/' class='whatsapp-button whatsapp-share'>WhatsApp<\/a><div class='clear '><\/div><\/div>","protected":false},"excerpt":{"rendered":"<p>NETTALI.COM - Lors de la D\u00e9c\u00e9laration de Politique G\u00e9n\u00e9rale du vendredi 27 d\u00e9cembre, il a \u00e9t\u00e9 aussi question de financement de l'action publique. Pour atteindre cet objectif, le Premier ministre mise surtout sur la mobilisation de l'\u00e9pargne locale. Le gouvernement compte\u00a0 ainsi faire de la promotion des m\u00e9canismes innovants de financement, le principal levier de [&hellip;]<\/p>\n","protected":false},"author":2,"featured_media":146157,"comment_status":"open","ping_status":"open","sticky":false,"template":"","format":"standard","meta":{"_et_pb_use_builder":"","_et_pb_old_content":""},"categories":[2],"tags":[],"yoast_head":"<!-- This site is optimized with the Yoast SEO Premium plugin v17.8 (Yoast SEO v17.8) - https:\/\/yoast.com\/wordpress\/plugins\/seo\/ -->\n<title>DPG - L&#039;appel aux patriotes-bonds et \u00e0 l&#039;\u00e9pargne locale | Nettali.com<\/title>\n<meta name=\"robots\" content=\"index, follow, max-snippet:-1, max-image-preview:large, max-video-preview:-1\" \/>\n<link rel=\"canonical\" href=\"https:\/\/www.nettali.com\/2024\/12\/28\/dpg-lappel-aux-patriotes-bonds-et-a-lepargne-locale\/\" \/>\n<meta property=\"og:locale\" content=\"fr_FR\" \/>\n<meta property=\"og:type\" content=\"article\" \/>\n<meta property=\"og:title\" content=\"DPG - L&#039;appel aux patriotes-bonds et \u00e0 l&#039;\u00e9pargne locale\" \/>\n<meta property=\"og:description\" content=\"NETTALI.COM - Lors de la D\u00e9c\u00e9laration de Politique G\u00e9n\u00e9rale du vendredi 27 d\u00e9cembre, il a \u00e9t\u00e9 aussi question de financement de l&#039;action publique. Pour atteindre cet objectif, le Premier ministre mise surtout sur la mobilisation de l&#039;\u00e9pargne locale. Le gouvernement compte\u00a0 ainsi faire de la promotion des m\u00e9canismes innovants de financement, le principal levier de [&hellip;]\" \/>\n<meta property=\"og:url\" content=\"https:\/\/www.nettali.com\/2024\/12\/28\/dpg-lappel-aux-patriotes-bonds-et-a-lepargne-locale\/\" \/>\n<meta property=\"og:site_name\" content=\"Nettali.com\" \/>\n<meta property=\"article:publisher\" content=\"https:\/\/www.facebook.com\/nettalicom\" \/>\n<meta property=\"article:published_time\" content=\"2024-12-28T08:12:44+00:00\" \/>\n<meta property=\"article:modified_time\" content=\"2024-12-29T17:28:26+00:00\" \/>\n<meta property=\"og:image\" content=\"https:\/\/www.nettali.com\/wp-content\/uploads\/2024\/12\/Sonko.jpg\" \/>\n\t<meta property=\"og:image:width\" content=\"819\" \/>\n\t<meta property=\"og:image:height\" content=\"546\" \/>\n<meta name=\"twitter:card\" content=\"summary_large_image\" \/>\n<meta name=\"twitter:label1\" content=\"\u00c9crit par\" \/>\n\t<meta name=\"twitter:data1\" content=\"CK\" \/>\n\t<meta name=\"twitter:label2\" content=\"Dur\u00e9e de lecture estim\u00e9e\" \/>\n\t<meta name=\"twitter:data2\" content=\"3 minutes\" \/>\n<script type=\"application\/ld+json\" class=\"yoast-schema-graph\">{\"@context\":\"https:\/\/schema.org\",\"@graph\":[{\"@type\":\"WebSite\",\"@id\":\"https:\/\/www.nettali.com\/#website\",\"url\":\"https:\/\/www.nettali.com\/\",\"name\":\"Nettali.com\",\"description\":\"Le rendez-vous critique du Net\",\"potentialAction\":[{\"@type\":\"SearchAction\",\"target\":{\"@type\":\"EntryPoint\",\"urlTemplate\":\"https:\/\/www.nettali.com\/?s={search_term_string}\"},\"query-input\":\"required name=search_term_string\"}],\"inLanguage\":\"fr-FR\"},{\"@type\":\"ImageObject\",\"@id\":\"https:\/\/www.nettali.com\/2024\/12\/28\/dpg-lappel-aux-patriotes-bonds-et-a-lepargne-locale\/#primaryimage\",\"inLanguage\":\"fr-FR\",\"url\":\"https:\/\/www.nettali.com\/wp-content\/uploads\/2024\/12\/Sonko.jpg\",\"contentUrl\":\"https:\/\/www.nettali.com\/wp-content\/uploads\/2024\/12\/Sonko.jpg\",\"width\":819,\"height\":546},{\"@type\":\"WebPage\",\"@id\":\"https:\/\/www.nettali.com\/2024\/12\/28\/dpg-lappel-aux-patriotes-bonds-et-a-lepargne-locale\/#webpage\",\"url\":\"https:\/\/www.nettali.com\/2024\/12\/28\/dpg-lappel-aux-patriotes-bonds-et-a-lepargne-locale\/\",\"name\":\"DPG - L'appel aux patriotes-bonds et \\u00e0 l'\\u00e9pargne locale | Nettali.com\",\"isPartOf\":{\"@id\":\"https:\/\/www.nettali.com\/#website\"},\"primaryImageOfPage\":{\"@id\":\"https:\/\/www.nettali.com\/2024\/12\/28\/dpg-lappel-aux-patriotes-bonds-et-a-lepargne-locale\/#primaryimage\"},\"datePublished\":\"2024-12-28T08:12:44+00:00\",\"dateModified\":\"2024-12-29T17:28:26+00:00\",\"author\":{\"@id\":\"https:\/\/www.nettali.com\/#\/schema\/person\/d8ac7b7e27ddad43f1c0d2ef090d7f71\"},\"breadcrumb\":{\"@id\":\"https:\/\/www.nettali.com\/2024\/12\/28\/dpg-lappel-aux-patriotes-bonds-et-a-lepargne-locale\/#breadcrumb\"},\"inLanguage\":\"fr-FR\",\"potentialAction\":[{\"@type\":\"ReadAction\",\"target\":[\"https:\/\/www.nettali.com\/2024\/12\/28\/dpg-lappel-aux-patriotes-bonds-et-a-lepargne-locale\/\"]}]},{\"@type\":\"BreadcrumbList\",\"@id\":\"https:\/\/www.nettali.com\/2024\/12\/28\/dpg-lappel-aux-patriotes-bonds-et-a-lepargne-locale\/#breadcrumb\",\"itemListElement\":[{\"@type\":\"ListItem\",\"position\":1,\"name\":\"Accueil\",\"item\":\"https:\/\/www.nettali.com\/\"},{\"@type\":\"ListItem\",\"position\":2,\"name\":\"DPG - L'appel aux patriotes-bonds et \\u00e0 l'\\u00e9pargne locale\"}]},{\"@type\":\"Person\",\"@id\":\"https:\/\/www.nettali.com\/#\/schema\/person\/d8ac7b7e27ddad43f1c0d2ef090d7f71\",\"name\":\"CK\",\"image\":{\"@type\":\"ImageObject\",\"@id\":\"https:\/\/www.nettali.com\/#personlogo\",\"inLanguage\":\"fr-FR\",\"url\":\"https:\/\/secure.gravatar.com\/avatar\/1d8d5118b9327d94da7cd4ce7f17fec2?s=96&d=mm&r=g\",\"contentUrl\":\"https:\/\/secure.gravatar.com\/avatar\/1d8d5118b9327d94da7cd4ce7f17fec2?s=96&d=mm&r=g\",\"caption\":\"CK\"},\"sameAs\":[\"https:\/\/www.nettali.com\"]}]}<\/script>\n<!-- \/ Yoast SEO Premium plugin. -->","yoast_head_json":{"title":"DPG - L'appel aux patriotes-bonds et \u00e0 l'\u00e9pargne locale | Nettali.com","robots":{"index":"index","follow":"follow","max-snippet":"max-snippet:-1","max-image-preview":"max-image-preview:large","max-video-preview":"max-video-preview:-1"},"canonical":"https:\/\/www.nettali.com\/2024\/12\/28\/dpg-lappel-aux-patriotes-bonds-et-a-lepargne-locale\/","og_locale":"fr_FR","og_type":"article","og_title":"DPG - L'appel aux patriotes-bonds et \u00e0 l'\u00e9pargne locale","og_description":"NETTALI.COM - Lors de la D\u00e9c\u00e9laration de Politique G\u00e9n\u00e9rale du vendredi 27 d\u00e9cembre, il a \u00e9t\u00e9 aussi question de financement de l'action publique. Pour atteindre cet objectif, le Premier ministre mise surtout sur la mobilisation de l'\u00e9pargne locale. Le gouvernement compte\u00a0 ainsi faire de la promotion des m\u00e9canismes innovants de financement, le principal levier de [&hellip;]","og_url":"https:\/\/www.nettali.com\/2024\/12\/28\/dpg-lappel-aux-patriotes-bonds-et-a-lepargne-locale\/","og_site_name":"Nettali.com","article_publisher":"https:\/\/www.facebook.com\/nettalicom","article_published_time":"2024-12-28T08:12:44+00:00","article_modified_time":"2024-12-29T17:28:26+00:00","og_image":[{"width":819,"height":546,"url":"https:\/\/www.nettali.com\/wp-content\/uploads\/2024\/12\/Sonko.jpg","type":"image\/jpeg"}],"twitter_card":"summary_large_image","twitter_misc":{"\u00c9crit par":"CK","Dur\u00e9e de lecture estim\u00e9e":"3 minutes"},"schema":{"@context":"https:\/\/schema.org","@graph":[{"@type":"WebSite","@id":"https:\/\/www.nettali.com\/#website","url":"https:\/\/www.nettali.com\/","name":"Nettali.com","description":"Le rendez-vous critique du Net","potentialAction":[{"@type":"SearchAction","target":{"@type":"EntryPoint","urlTemplate":"https:\/\/www.nettali.com\/?s={search_term_string}"},"query-input":"required name=search_term_string"}],"inLanguage":"fr-FR"},{"@type":"ImageObject","@id":"https:\/\/www.nettali.com\/2024\/12\/28\/dpg-lappel-aux-patriotes-bonds-et-a-lepargne-locale\/#primaryimage","inLanguage":"fr-FR","url":"https:\/\/www.nettali.com\/wp-content\/uploads\/2024\/12\/Sonko.jpg","contentUrl":"https:\/\/www.nettali.com\/wp-content\/uploads\/2024\/12\/Sonko.jpg","width":819,"height":546},{"@type":"WebPage","@id":"https:\/\/www.nettali.com\/2024\/12\/28\/dpg-lappel-aux-patriotes-bonds-et-a-lepargne-locale\/#webpage","url":"https:\/\/www.nettali.com\/2024\/12\/28\/dpg-lappel-aux-patriotes-bonds-et-a-lepargne-locale\/","name":"DPG - L'appel aux patriotes-bonds et \u00e0 l'\u00e9pargne locale | Nettali.com","isPartOf":{"@id":"https:\/\/www.nettali.com\/#website"},"primaryImageOfPage":{"@id":"https:\/\/www.nettali.com\/2024\/12\/28\/dpg-lappel-aux-patriotes-bonds-et-a-lepargne-locale\/#primaryimage"},"datePublished":"2024-12-28T08:12:44+00:00","dateModified":"2024-12-29T17:28:26+00:00","author":{"@id":"https:\/\/www.nettali.com\/#\/schema\/person\/d8ac7b7e27ddad43f1c0d2ef090d7f71"},"breadcrumb":{"@id":"https:\/\/www.nettali.com\/2024\/12\/28\/dpg-lappel-aux-patriotes-bonds-et-a-lepargne-locale\/#breadcrumb"},"inLanguage":"fr-FR","potentialAction":[{"@type":"ReadAction","target":["https:\/\/www.nettali.com\/2024\/12\/28\/dpg-lappel-aux-patriotes-bonds-et-a-lepargne-locale\/"]}]},{"@type":"BreadcrumbList","@id":"https:\/\/www.nettali.com\/2024\/12\/28\/dpg-lappel-aux-patriotes-bonds-et-a-lepargne-locale\/#breadcrumb","itemListElement":[{"@type":"ListItem","position":1,"name":"Accueil","item":"https:\/\/www.nettali.com\/"},{"@type":"ListItem","position":2,"name":"DPG - L'appel aux patriotes-bonds et \u00e0 l'\u00e9pargne locale"}]},{"@type":"Person","@id":"https:\/\/www.nettali.com\/#\/schema\/person\/d8ac7b7e27ddad43f1c0d2ef090d7f71","name":"CK","image":{"@type":"ImageObject","@id":"https:\/\/www.nettali.com\/#personlogo","inLanguage":"fr-FR","url":"https:\/\/secure.gravatar.com\/avatar\/1d8d5118b9327d94da7cd4ce7f17fec2?s=96&d=mm&r=g","contentUrl":"https:\/\/secure.gravatar.com\/avatar\/1d8d5118b9327d94da7cd4ce7f17fec2?s=96&d=mm&r=g","caption":"CK"},"sameAs":["https:\/\/www.nettali.com"]}]}},"_links":{"self":[{"href":"https:\/\/www.nettali.com\/rest\/wp\/v2\/posts\/146165"}],"collection":[{"href":"https:\/\/www.nettali.com\/rest\/wp\/v2\/posts"}],"about":[{"href":"https:\/\/www.nettali.com\/rest\/wp\/v2\/types\/post"}],"author":[{"embeddable":true,"href":"https:\/\/www.nettali.com\/rest\/wp\/v2\/users\/2"}],"replies":[{"embeddable":true,"href":"https:\/\/www.nettali.com\/rest\/wp\/v2\/comments?post=146165"}],"version-history":[{"count":3,"href":"https:\/\/www.nettali.com\/rest\/wp\/v2\/posts\/146165\/revisions"}],"predecessor-version":[{"id":146174,"href":"https:\/\/www.nettali.com\/rest\/wp\/v2\/posts\/146165\/revisions\/146174"}],"wp:featuredmedia":[{"embeddable":true,"href":"https:\/\/www.nettali.com\/rest\/wp\/v2\/media\/146157"}],"wp:attachment":[{"href":"https:\/\/www.nettali.com\/rest\/wp\/v2\/media?parent=146165"}],"wp:term":[{"taxonomy":"category","embeddable":true,"href":"https:\/\/www.nettali.com\/rest\/wp\/v2\/categories?post=146165"},{"taxonomy":"post_tag","embeddable":true,"href":"https:\/\/www.nettali.com\/rest\/wp\/v2\/tags?post=146165"}],"curies":[{"name":"wp","href":"https:\/\/api.w.org\/{rel}","templated":true}]}}