{"id":146156,"date":"2024-12-28T07:43:59","date_gmt":"2024-12-28T07:43:59","guid":{"rendered":"https:\/\/www.nettali.com\/?p=146156"},"modified":"2024-12-28T08:28:33","modified_gmt":"2024-12-28T08:28:33","slug":"apres-sa-declaration-de-politique-generale-sonko-face-aux-attentes-sociales-aux-grandes-reformes-et-a-la-promesse-de-rupture","status":"publish","type":"post","link":"https:\/\/www.nettali.com\/2024\/12\/28\/apres-sa-declaration-de-politique-generale-sonko-face-aux-attentes-sociales-aux-grandes-reformes-et-a-la-promesse-de-rupture\/","title":{"rendered":"APRES SA D\u00c9CLARATION DE POLITIQUE G\u00c9N\u00c9RALE -\u00a0Sonko face aux attentes sociales, aux grandes r\u00e9formes et \u00e0 la promesse de rupture"},"content":{"rendered":"<p><strong>NETTALI.COM - Le Premier ministre, Ousmane Sonko, a prononc\u00e9 sa d\u00e9claration de politique g\u00e9n\u00e9rale (Dpg). Un face-\u00e0-face qui \u00e9tait tr\u00e8s attendu avec les d\u00e9put\u00e9s depuis sa nomination en avril dernier. Dans un contexte \u00e9conomique morose, marqu\u00e9 par des attentes sociales particuli\u00e8rement complexes, le Premier ministre a d\u00e9taill\u00e9 sa feuille de route et expliqu\u00e9 concr\u00e8tement aux S\u00e9n\u00e9galais ce que son gouvernement compte faire \u00e0 court et \u00e0 long terme.<\/strong><\/p>\n<p>Une Dpg en fin d\u2019ann\u00e9e, sous haute tension pour le gouvernement. Au pied du sapin, des dossiers br\u00fblants attendent d\u2019\u00eatre trait\u00e9s. Depuis sa nomination, le gouvernement n\u2019a pas eu de r\u00e9pit. Les attentes sociales sont \u00e9normes. La Dpg \u00e9tant souvent un moment d\u00e9cisif pour asseoir une l\u00e9gitimit\u00e9, le Premier ministre devra d\u00e9tailler sa feuille de route et ses principaux objectifs. Face aux attentes populaires grandissantes en plus d\u2019une \u00e9conomie sous pression, Ousmane Sonko doit pr\u00e9ciser ses intentions pour le S\u00e9n\u00e9gal, contenues dans le \u2018\u2019projet\u2019\u2019 pr\u00e9sent\u00e9 aux S\u00e9n\u00e9galais. Le discours devra \u00eatre clair et limpide. Mamadou Sy Albert, analyste politique croit savoir que tout devra tourner autour des orientations politiques et \u00e9conomiques. <em>\u00abPour les populations de mani\u00e8re g\u00e9n\u00e9rale, y compris les travailleurs du secteur formel ou de l'informel, il y a le pouvoir d'achat qui est un vrai probl\u00e8me au S\u00e9n\u00e9gal. Il y a eu des mesures d'urgence pour baisser les prix de certaines denr\u00e9es de premi\u00e8re n\u00e9cessit\u00e9, mais apr\u00e8s 8 \u00e0 10 mois, la flamb\u00e9e des prix est l\u00e0.\u00bb<\/em><\/p>\n<p>Il faudra, selon lui, que le gouvernement dise quelle solution proposer pour ma\u00eetriser le pouvoir d\u2019achat et aller vers la souverainet\u00e9 alimentaire. Pour l\u2019analyste, les syndicats sont sur le qui-vive parce qu\u2019il y a un probl\u00e8me d'application des engagements de l'ancien r\u00e9gime. <em>\u00abEst-ce que le gouvernement a une manne financi\u00e8re pour solder tous les accords avec les anciens secteurs ? L\u00e0 c'est un gros souci. Les travailleurs attendront une d\u00e9cision dans ce sens. Tous les syndicats sont en ordre de bataille avec la menace de d\u00e9p\u00f4t de pr\u00e9avis. Est-ce que le gouvernement est pr\u00eat \u00e0 respecter les engagements, est-ce qu'il aura les points financiers pour les respecter, \u00e7a c'est important.\u00bb<\/em><\/p>\n<p>L\u2019autre aspect de la crise sociale, c'est le ch\u00f4mage. Mamadou Sy Albert\u00a0: <em>\u00abQuelles r\u00e9ponses ils vont avoir ? Ils ont annonc\u00e9 l'auto groupement de tous les projets qui concernaient la jeunesse. Quelles r\u00e9ponses ils vont donner? Une chose est de r\u00e9organiser le syst\u00e8me, mais autre chose : trouver une r\u00e9ponse en mati\u00e8re de formation professionnelle et technique, en mati\u00e8re de soutien financier au projet. C'est une demande au niveau particuli\u00e8rement des jeunes s\u00e9n\u00e9galais qui sont dipl\u00f4m\u00e9s. Ceux qui n'ont pas de dipl\u00f4me, ceux qui sont dans le secteur informel, comment ils vont transformer le secteur informel ? L\u00e0 aussi c'est une attente. Maintenant les jeunes qui vont \u00e0 l'\u00e9tranger, la vague est toujours l\u00e0.\u00bb<\/em> Au-del\u00e0 des attentes, le Premier ministre aura en face de lui les d\u00e9put\u00e9s de l\u2019opposition qui ne lui feront pas de cadeaux. Son discours devra tenter de les convaincre.<\/p>\n<p>Exercice extr\u00eamement difficile. Ousmane Sonko, selon Mamadou Sy Albert, devra dire \u00e0 ses adversaires comment les r\u00e9formes issues des conclusions des assises de la justice seront appliqu\u00e9es. <em>\u00abOn parle d\u2019une justice ind\u00e9pendante, quel est le contenu d'une justice ind\u00e9pendante et du pouvoir l\u00e9gislatif et du pouvoir ex\u00e9cutif? L\u00e0 aussi, c'est un probl\u00e8me qui peut cristalliser les divergences parce que l'ind\u00e9pendance de la justice, \u00e7a va faire appel \u00e0 la prochaine Cour, la haute Cour de justice, la r\u00e9\u00e9dition des comptes, le parquet financier, mais s'il n'y a pas de consensus, c'est s\u00fbr et certain qu'on n'est pas sorti de l'auberge parce que les gens vont dire que la prochaine \u00e9tape, \u00e7a va \u00eatre la chasse contre ses adversaires. Il y a aussi la question maintenant des libert\u00e9s, les libert\u00e9s d'expression. Il y a un probl\u00e8me s\u00e9rieux de gestion des r\u00e9seaux sociaux.\u00bb<\/em><\/p>\n<p><strong>Entre promesses et r\u00e9alit\u00e9s<\/strong><\/p>\n<p>Toutes les attentes sociales sont bas\u00e9es sur des promesses. Le tandem Diomaye-Sonko a beaucoup promis. Entre la campagne pour la Pr\u00e9sidentielle et la campagne pour les L\u00e9gislatives, plusieurs r\u00e9formes et mesures phares ont \u00e9t\u00e9 annonc\u00e9es. Cette Dpg devra creuser l\u2019\u00e9cart entre les promesses et la r\u00e9alit\u00e9. Dire avec coh\u00e9rence ce qui sera fait. Mamadou Sy Albert\u00a0: <em>\u00abLa question de la transformation de l'agriculture s\u00e9n\u00e9galaise, je pense que les gens attendent une politique claire sur les fili\u00e8res, sur l'exploitation des fili\u00e8res, les investissements qu'il faut faire, les objectifs \u00e0 court et \u00e0 long terme dans le domaine agricole. L'industrialisation aussi, aujourd'hui c'est les mati\u00e8res premi\u00e8res, qu'est-ce qu'on entend par souverainet\u00e9 par rapport au p\u00e9trole, au gaz, l'or, etc. Quelle est la politique d'industrialisation du S\u00e9n\u00e9gal ? Je pense que ces deux secteurs-l\u00e0, quand c'est clair, on verra quelle est la place du secteur priv\u00e9 national.\u00bb\u00a0<\/em><\/p>\n<p>L\u2019analyste reste convaincu que sur le plan \u00e9conomique, le Premier ministre doit \u00e9clairer la vision, le projet du S\u00e9n\u00e9gal dans un an, dans cinq ans. <em>\u00abMaintenant, il y a les questions phares qui touchent les secteurs sociaux, sant\u00e9, \u00e9ducation, transport. Quelles sont les mesures sociales ? Je pense que ces secteurs-l\u00e0, quand m\u00eame, veulent avoir une bouff\u00e9e d'oxyg\u00e8ne. Donc, qu'est-ce qu'ils vont prendre comme d\u00e9cision phare ? Je pense que \u00e7a, quand m\u00eame, c'est important.\u00bb<\/em> Pour la classe politique, la d\u00e9cision phare, d\u2019apr\u00e8s l\u2019analyste, c'est vraiment de prendre la d\u00e9cision de faire des concertations pour que d'ici \u00e0 deux ans, on n\u2019ait pas les m\u00eames probl\u00e8mes aux \u00e9lections locales. <em>\u00abLe premier ministre devrait peut-\u00eatre annoncer la d\u00e9cision d'organiser, apr\u00e8s toutes les \u00e9lections qu'on a v\u00e9cues, qu'on ait un moment d'arr\u00eat, faire des concertations, avoir des consensus sur le code \u00e9lectoral, qu'on ne soit pas dans ce cercle vicieux depuis presque 2012 jusqu'\u00e0 maintenant.\u00bb<\/em> L\u2019une des mesures phares sera aussi de dire ce qu\u2019il propose \u00a0au niveau des territoires. <em>\u00abEst-ce que les 8 p\u00f4les r\u00e9gionaux vont satisfaire la demande qu'il y a au niveau des r\u00e9gions?. Comment ils vont se traduire en termes d'emplois? En termes de cr\u00e9ation d'emplois, en termes de production locale\u00a0? C'est vrai qu'ils ont parl\u00e9 des accords avec certaines soci\u00e9t\u00e9s mini\u00e8res, mais concr\u00e8tement comment \u00e7a va se traduire les ren\u00e9gociations? Est-ce que ces ren\u00e9gociations vont permettre \u00e0 l'\u00c9tat d'avoir de l'argent pour soutenir le secteur priv\u00e9? Pour moi, peut-\u00eatre la grosse question, c'est le secteur priv\u00e9 national.\u00bb<\/em><\/p>\n<p><strong>Une promesse en acte ?<\/strong><\/p>\n<p>Depuis qu\u2019ils ont pris leur marque dans le champ politique, Diomaye et Sonko ont promis la rupture d\u2019avec les pratiques et politiques ant\u00e9rieures. Dans cette Dpg, le sceau de la rupture devrait y \u00eatre imprim\u00e9, tant dans le discours que dans les r\u00e9formes \u00e0 venir. Mamadou Sy Albert :<em> \u00abPour marquer la rupture, il faut que\u00a0 dans les deux ans, ou trois ans \u00e0 venir, qu'il n'y ait plus d'interf\u00e9rence entre le gouvernement que Sonko dirige, et la politique. Il faut qu'il y ait s\u00e9paration. Comme le pr\u00e9sident n'est plus membre du Pastef, ils ne doivent plus confondre l'\u00c9tat et le parti. Ousmane Sonko doit se d\u00e9gager davantage des pressions politiques, des d\u00e9bats politiques, des pol\u00e9miques contre-productives, et s'atteler \u00e0 l'administration. Il doit administrer. Et c'est difficile de faire en m\u00eame temps l'administration publique et la politique. Vous versez toujours dans la politique politicienne. Je pense que \u00e7a, quand m\u00eame, personnellement, Ousmane Sonko doit faire un effort.\u00bb<\/em><\/p>\n<p>L\u2019autre point de rupture pour l'avenir, c'est l'ind\u00e9pendance de la justice, selon M. Sy. <em>\u00abC'est \u00e7a qui peut stabiliser ce gouvernement-l\u00e0. Et si la justice n'est pas ind\u00e9pendante, on va vers les m\u00eames situations, les m\u00eames conflits, les m\u00eames critiques. Je crois qu'il faut quand m\u00eame trouver une mesure pour qu'on soit pr\u00eat \u00e0 une justice ind\u00e9pendante.\u00bb<\/em><\/p>\n<p>&nbsp;<\/p>\n<div class='share-to-whatsapp-wrapper'><div class='share-on-whsp'>PARTAGER SUR : <\/div><a data-text='APRES SA D\u00c9CLARATION DE POLITIQUE G\u00c9N\u00c9RALE -\u00a0Sonko face aux attentes sociales, aux grandes r\u00e9formes et \u00e0 la promesse de rupture' data-link='https:\/\/www.nettali.com\/2024\/12\/28\/apres-sa-declaration-de-politique-generale-sonko-face-aux-attentes-sociales-aux-grandes-reformes-et-a-la-promesse-de-rupture\/' class='whatsapp-button whatsapp-share'>WhatsApp<\/a><div class='clear '><\/div><\/div>","protected":false},"excerpt":{"rendered":"<p>NETTALI.COM - Le Premier ministre, Ousmane Sonko, a prononc\u00e9 sa d\u00e9claration de politique g\u00e9n\u00e9rale (Dpg). Un face-\u00e0-face qui \u00e9tait tr\u00e8s attendu avec les d\u00e9put\u00e9s depuis sa nomination en avril dernier. Dans un contexte \u00e9conomique morose, marqu\u00e9 par des attentes sociales particuli\u00e8rement complexes, le Premier ministre a d\u00e9taill\u00e9 sa feuille de route et expliqu\u00e9 concr\u00e8tement aux [&hellip;]<\/p>\n","protected":false},"author":4,"featured_media":146157,"comment_status":"open","ping_status":"open","sticky":false,"template":"","format":"standard","meta":{"_et_pb_use_builder":"","_et_pb_old_content":""},"categories":[2],"tags":[],"yoast_head":"<!-- This site is optimized with the Yoast SEO Premium plugin v17.8 (Yoast SEO v17.8) - https:\/\/yoast.com\/wordpress\/plugins\/seo\/ -->\n<title>APRES SA D\u00c9CLARATION DE POLITIQUE G\u00c9N\u00c9RALE -\u00a0Sonko face aux attentes sociales, aux grandes r\u00e9formes et \u00e0 la promesse de rupture | Nettali.com<\/title>\n<meta name=\"robots\" content=\"index, follow, max-snippet:-1, max-image-preview:large, max-video-preview:-1\" \/>\n<link rel=\"canonical\" href=\"https:\/\/www.nettali.com\/2024\/12\/28\/apres-sa-declaration-de-politique-generale-sonko-face-aux-attentes-sociales-aux-grandes-reformes-et-a-la-promesse-de-rupture\/\" \/>\n<meta property=\"og:locale\" content=\"fr_FR\" \/>\n<meta property=\"og:type\" content=\"article\" \/>\n<meta property=\"og:title\" content=\"APRES SA D\u00c9CLARATION DE POLITIQUE G\u00c9N\u00c9RALE -\u00a0Sonko face aux attentes sociales, aux grandes r\u00e9formes et \u00e0 la promesse de rupture\" \/>\n<meta property=\"og:description\" content=\"NETTALI.COM - Le Premier ministre, Ousmane Sonko, a prononc\u00e9 sa d\u00e9claration de politique g\u00e9n\u00e9rale (Dpg). Un face-\u00e0-face qui \u00e9tait tr\u00e8s attendu avec les d\u00e9put\u00e9s depuis sa nomination en avril dernier. Dans un contexte \u00e9conomique morose, marqu\u00e9 par des attentes sociales particuli\u00e8rement complexes, le Premier ministre a d\u00e9taill\u00e9 sa feuille de route et expliqu\u00e9 concr\u00e8tement aux [&hellip;]\" \/>\n<meta property=\"og:url\" content=\"https:\/\/www.nettali.com\/2024\/12\/28\/apres-sa-declaration-de-politique-generale-sonko-face-aux-attentes-sociales-aux-grandes-reformes-et-a-la-promesse-de-rupture\/\" \/>\n<meta property=\"og:site_name\" content=\"Nettali.com\" \/>\n<meta property=\"article:publisher\" content=\"https:\/\/www.facebook.com\/nettalicom\" \/>\n<meta property=\"article:published_time\" content=\"2024-12-28T07:43:59+00:00\" \/>\n<meta property=\"article:modified_time\" content=\"2024-12-28T08:28:33+00:00\" \/>\n<meta property=\"og:image\" content=\"https:\/\/www.nettali.com\/wp-content\/uploads\/2024\/12\/Sonko.jpg\" \/>\n\t<meta property=\"og:image:width\" content=\"819\" \/>\n\t<meta property=\"og:image:height\" content=\"546\" \/>\n<meta name=\"twitter:card\" content=\"summary_large_image\" \/>\n<meta name=\"twitter:label1\" content=\"\u00c9crit par\" \/>\n\t<meta name=\"twitter:data1\" content=\"Daouda\" \/>\n\t<meta name=\"twitter:label2\" content=\"Dur\u00e9e de lecture estim\u00e9e\" \/>\n\t<meta name=\"twitter:data2\" content=\"7 minutes\" \/>\n<script type=\"application\/ld+json\" class=\"yoast-schema-graph\">{\"@context\":\"https:\/\/schema.org\",\"@graph\":[{\"@type\":\"WebSite\",\"@id\":\"https:\/\/www.nettali.com\/#website\",\"url\":\"https:\/\/www.nettali.com\/\",\"name\":\"Nettali.com\",\"description\":\"Le rendez-vous critique du Net\",\"potentialAction\":[{\"@type\":\"SearchAction\",\"target\":{\"@type\":\"EntryPoint\",\"urlTemplate\":\"https:\/\/www.nettali.com\/?s={search_term_string}\"},\"query-input\":\"required name=search_term_string\"}],\"inLanguage\":\"fr-FR\"},{\"@type\":\"ImageObject\",\"@id\":\"https:\/\/www.nettali.com\/2024\/12\/28\/apres-sa-declaration-de-politique-generale-sonko-face-aux-attentes-sociales-aux-grandes-reformes-et-a-la-promesse-de-rupture\/#primaryimage\",\"inLanguage\":\"fr-FR\",\"url\":\"https:\/\/www.nettali.com\/wp-content\/uploads\/2024\/12\/Sonko.jpg\",\"contentUrl\":\"https:\/\/www.nettali.com\/wp-content\/uploads\/2024\/12\/Sonko.jpg\",\"width\":819,\"height\":546},{\"@type\":\"WebPage\",\"@id\":\"https:\/\/www.nettali.com\/2024\/12\/28\/apres-sa-declaration-de-politique-generale-sonko-face-aux-attentes-sociales-aux-grandes-reformes-et-a-la-promesse-de-rupture\/#webpage\",\"url\":\"https:\/\/www.nettali.com\/2024\/12\/28\/apres-sa-declaration-de-politique-generale-sonko-face-aux-attentes-sociales-aux-grandes-reformes-et-a-la-promesse-de-rupture\/\",\"name\":\"APRES SA D\\u00c9CLARATION DE POLITIQUE G\\u00c9N\\u00c9RALE -\\u00a0Sonko face aux attentes sociales, aux grandes r\\u00e9formes et \\u00e0 la promesse de rupture | Nettali.com\",\"isPartOf\":{\"@id\":\"https:\/\/www.nettali.com\/#website\"},\"primaryImageOfPage\":{\"@id\":\"https:\/\/www.nettali.com\/2024\/12\/28\/apres-sa-declaration-de-politique-generale-sonko-face-aux-attentes-sociales-aux-grandes-reformes-et-a-la-promesse-de-rupture\/#primaryimage\"},\"datePublished\":\"2024-12-28T07:43:59+00:00\",\"dateModified\":\"2024-12-28T08:28:33+00:00\",\"author\":{\"@id\":\"https:\/\/www.nettali.com\/#\/schema\/person\/3317e0bb3aa1da309fbf7b2780901bf4\"},\"breadcrumb\":{\"@id\":\"https:\/\/www.nettali.com\/2024\/12\/28\/apres-sa-declaration-de-politique-generale-sonko-face-aux-attentes-sociales-aux-grandes-reformes-et-a-la-promesse-de-rupture\/#breadcrumb\"},\"inLanguage\":\"fr-FR\",\"potentialAction\":[{\"@type\":\"ReadAction\",\"target\":[\"https:\/\/www.nettali.com\/2024\/12\/28\/apres-sa-declaration-de-politique-generale-sonko-face-aux-attentes-sociales-aux-grandes-reformes-et-a-la-promesse-de-rupture\/\"]}]},{\"@type\":\"BreadcrumbList\",\"@id\":\"https:\/\/www.nettali.com\/2024\/12\/28\/apres-sa-declaration-de-politique-generale-sonko-face-aux-attentes-sociales-aux-grandes-reformes-et-a-la-promesse-de-rupture\/#breadcrumb\",\"itemListElement\":[{\"@type\":\"ListItem\",\"position\":1,\"name\":\"Accueil\",\"item\":\"https:\/\/www.nettali.com\/\"},{\"@type\":\"ListItem\",\"position\":2,\"name\":\"APRES SA D\\u00c9CLARATION DE POLITIQUE G\\u00c9N\\u00c9RALE -\\u00a0Sonko face aux attentes sociales, aux grandes r\\u00e9formes et \\u00e0 la promesse de rupture\"}]},{\"@type\":\"Person\",\"@id\":\"https:\/\/www.nettali.com\/#\/schema\/person\/3317e0bb3aa1da309fbf7b2780901bf4\",\"name\":\"Daouda\",\"image\":{\"@type\":\"ImageObject\",\"@id\":\"https:\/\/www.nettali.com\/#personlogo\",\"inLanguage\":\"fr-FR\",\"url\":\"https:\/\/secure.gravatar.com\/avatar\/8d143b5a49345098ddcfee1c49c2f47c?s=96&d=mm&r=g\",\"contentUrl\":\"https:\/\/secure.gravatar.com\/avatar\/8d143b5a49345098ddcfee1c49c2f47c?s=96&d=mm&r=g\",\"caption\":\"Daouda\"},\"sameAs\":[\"https:\/\/www.nettali.com\"]}]}<\/script>\n<!-- \/ Yoast SEO Premium plugin. -->","yoast_head_json":{"title":"APRES SA D\u00c9CLARATION DE POLITIQUE G\u00c9N\u00c9RALE -\u00a0Sonko face aux attentes sociales, aux grandes r\u00e9formes et \u00e0 la promesse de rupture | Nettali.com","robots":{"index":"index","follow":"follow","max-snippet":"max-snippet:-1","max-image-preview":"max-image-preview:large","max-video-preview":"max-video-preview:-1"},"canonical":"https:\/\/www.nettali.com\/2024\/12\/28\/apres-sa-declaration-de-politique-generale-sonko-face-aux-attentes-sociales-aux-grandes-reformes-et-a-la-promesse-de-rupture\/","og_locale":"fr_FR","og_type":"article","og_title":"APRES SA D\u00c9CLARATION DE POLITIQUE G\u00c9N\u00c9RALE -\u00a0Sonko face aux attentes sociales, aux grandes r\u00e9formes et \u00e0 la promesse de rupture","og_description":"NETTALI.COM - Le Premier ministre, Ousmane Sonko, a prononc\u00e9 sa d\u00e9claration de politique g\u00e9n\u00e9rale (Dpg). Un face-\u00e0-face qui \u00e9tait tr\u00e8s attendu avec les d\u00e9put\u00e9s depuis sa nomination en avril dernier. Dans un contexte \u00e9conomique morose, marqu\u00e9 par des attentes sociales particuli\u00e8rement complexes, le Premier ministre a d\u00e9taill\u00e9 sa feuille de route et expliqu\u00e9 concr\u00e8tement aux [&hellip;]","og_url":"https:\/\/www.nettali.com\/2024\/12\/28\/apres-sa-declaration-de-politique-generale-sonko-face-aux-attentes-sociales-aux-grandes-reformes-et-a-la-promesse-de-rupture\/","og_site_name":"Nettali.com","article_publisher":"https:\/\/www.facebook.com\/nettalicom","article_published_time":"2024-12-28T07:43:59+00:00","article_modified_time":"2024-12-28T08:28:33+00:00","og_image":[{"width":819,"height":546,"url":"https:\/\/www.nettali.com\/wp-content\/uploads\/2024\/12\/Sonko.jpg","type":"image\/jpeg"}],"twitter_card":"summary_large_image","twitter_misc":{"\u00c9crit par":"Daouda","Dur\u00e9e de lecture estim\u00e9e":"7 minutes"},"schema":{"@context":"https:\/\/schema.org","@graph":[{"@type":"WebSite","@id":"https:\/\/www.nettali.com\/#website","url":"https:\/\/www.nettali.com\/","name":"Nettali.com","description":"Le rendez-vous critique du Net","potentialAction":[{"@type":"SearchAction","target":{"@type":"EntryPoint","urlTemplate":"https:\/\/www.nettali.com\/?s={search_term_string}"},"query-input":"required name=search_term_string"}],"inLanguage":"fr-FR"},{"@type":"ImageObject","@id":"https:\/\/www.nettali.com\/2024\/12\/28\/apres-sa-declaration-de-politique-generale-sonko-face-aux-attentes-sociales-aux-grandes-reformes-et-a-la-promesse-de-rupture\/#primaryimage","inLanguage":"fr-FR","url":"https:\/\/www.nettali.com\/wp-content\/uploads\/2024\/12\/Sonko.jpg","contentUrl":"https:\/\/www.nettali.com\/wp-content\/uploads\/2024\/12\/Sonko.jpg","width":819,"height":546},{"@type":"WebPage","@id":"https:\/\/www.nettali.com\/2024\/12\/28\/apres-sa-declaration-de-politique-generale-sonko-face-aux-attentes-sociales-aux-grandes-reformes-et-a-la-promesse-de-rupture\/#webpage","url":"https:\/\/www.nettali.com\/2024\/12\/28\/apres-sa-declaration-de-politique-generale-sonko-face-aux-attentes-sociales-aux-grandes-reformes-et-a-la-promesse-de-rupture\/","name":"APRES SA D\u00c9CLARATION DE POLITIQUE G\u00c9N\u00c9RALE -\u00a0Sonko face aux attentes sociales, aux grandes r\u00e9formes et \u00e0 la promesse de rupture | Nettali.com","isPartOf":{"@id":"https:\/\/www.nettali.com\/#website"},"primaryImageOfPage":{"@id":"https:\/\/www.nettali.com\/2024\/12\/28\/apres-sa-declaration-de-politique-generale-sonko-face-aux-attentes-sociales-aux-grandes-reformes-et-a-la-promesse-de-rupture\/#primaryimage"},"datePublished":"2024-12-28T07:43:59+00:00","dateModified":"2024-12-28T08:28:33+00:00","author":{"@id":"https:\/\/www.nettali.com\/#\/schema\/person\/3317e0bb3aa1da309fbf7b2780901bf4"},"breadcrumb":{"@id":"https:\/\/www.nettali.com\/2024\/12\/28\/apres-sa-declaration-de-politique-generale-sonko-face-aux-attentes-sociales-aux-grandes-reformes-et-a-la-promesse-de-rupture\/#breadcrumb"},"inLanguage":"fr-FR","potentialAction":[{"@type":"ReadAction","target":["https:\/\/www.nettali.com\/2024\/12\/28\/apres-sa-declaration-de-politique-generale-sonko-face-aux-attentes-sociales-aux-grandes-reformes-et-a-la-promesse-de-rupture\/"]}]},{"@type":"BreadcrumbList","@id":"https:\/\/www.nettali.com\/2024\/12\/28\/apres-sa-declaration-de-politique-generale-sonko-face-aux-attentes-sociales-aux-grandes-reformes-et-a-la-promesse-de-rupture\/#breadcrumb","itemListElement":[{"@type":"ListItem","position":1,"name":"Accueil","item":"https:\/\/www.nettali.com\/"},{"@type":"ListItem","position":2,"name":"APRES SA D\u00c9CLARATION DE POLITIQUE G\u00c9N\u00c9RALE -\u00a0Sonko face aux attentes sociales, aux grandes r\u00e9formes et \u00e0 la promesse de rupture"}]},{"@type":"Person","@id":"https:\/\/www.nettali.com\/#\/schema\/person\/3317e0bb3aa1da309fbf7b2780901bf4","name":"Daouda","image":{"@type":"ImageObject","@id":"https:\/\/www.nettali.com\/#personlogo","inLanguage":"fr-FR","url":"https:\/\/secure.gravatar.com\/avatar\/8d143b5a49345098ddcfee1c49c2f47c?s=96&d=mm&r=g","contentUrl":"https:\/\/secure.gravatar.com\/avatar\/8d143b5a49345098ddcfee1c49c2f47c?s=96&d=mm&r=g","caption":"Daouda"},"sameAs":["https:\/\/www.nettali.com"]}]}},"_links":{"self":[{"href":"https:\/\/www.nettali.com\/rest\/wp\/v2\/posts\/146156"}],"collection":[{"href":"https:\/\/www.nettali.com\/rest\/wp\/v2\/posts"}],"about":[{"href":"https:\/\/www.nettali.com\/rest\/wp\/v2\/types\/post"}],"author":[{"embeddable":true,"href":"https:\/\/www.nettali.com\/rest\/wp\/v2\/users\/4"}],"replies":[{"embeddable":true,"href":"https:\/\/www.nettali.com\/rest\/wp\/v2\/comments?post=146156"}],"version-history":[{"count":3,"href":"https:\/\/www.nettali.com\/rest\/wp\/v2\/posts\/146156\/revisions"}],"predecessor-version":[{"id":146172,"href":"https:\/\/www.nettali.com\/rest\/wp\/v2\/posts\/146156\/revisions\/146172"}],"wp:featuredmedia":[{"embeddable":true,"href":"https:\/\/www.nettali.com\/rest\/wp\/v2\/media\/146157"}],"wp:attachment":[{"href":"https:\/\/www.nettali.com\/rest\/wp\/v2\/media?parent=146156"}],"wp:term":[{"taxonomy":"category","embeddable":true,"href":"https:\/\/www.nettali.com\/rest\/wp\/v2\/categories?post=146156"},{"taxonomy":"post_tag","embeddable":true,"href":"https:\/\/www.nettali.com\/rest\/wp\/v2\/tags?post=146156"}],"curies":[{"name":"wp","href":"https:\/\/api.w.org\/{rel}","templated":true}]}}