{"id":146143,"date":"2024-12-27T21:10:01","date_gmt":"2024-12-27T21:10:01","guid":{"rendered":"https:\/\/www.nettali.com\/?p=146143"},"modified":"2024-12-28T01:20:38","modified_gmt":"2024-12-28T01:20:38","slug":"en-coulisses-la-maison-du-president-de-lassemblee-vendue-a-300-millions-de-francs","status":"publish","type":"post","link":"https:\/\/www.nettali.com\/2024\/12\/27\/en-coulisses-la-maison-du-president-de-lassemblee-vendue-a-300-millions-de-francs\/","title":{"rendered":"REVELATIONS DE SONKO : \"La maison du pr\u00e9sident de l'Assembl\u00e9e vendue \u00e0... 300 millions de francs\""},"content":{"rendered":"<p><strong>NETTALI.COM - Grosse r\u00e9v\u00e9lation d'Ousmane Sonko ce vendredi devant les d\u00e9put\u00e9s. A l'en croire, le r\u00e9gime de Macky Sall a vendu la villa o\u00f9 doit loger le pr\u00e9sident de l'Assembl\u00e9e nationale.\u00a0<\/strong><\/p>\n<p>La deuxi\u00e8me prise de parole du Premier ministre a \u00e9t\u00e9 riche en r\u00e9v\u00e9lations ce vendredi o\u00f9 il tient sa D\u00e9claration de politique g\u00e9n\u00e9rale (DPG). Accul\u00e9 par des d\u00e9put\u00e9s de l'opposition notamment Abdou Mbow du groupe Takku Wallu S\u00e9n\u00e9gal, Ousmane Sonko a encore sorti les cafards de l'ancien r\u00e9gime, notamment en ce qui concerne le patrimoine b\u00e2ti de l'Etat.<\/p>\n<p>\"<em>Saviez-vous que la maison o\u00f9 doit loger votre pr\u00e9sent a \u00e9t\u00e9 vendue par le r\u00e9gime pr\u00e9c\u00e9dant?<\/em>\", a d'abord lanc\u00e9 Ousmane Sonko.<\/p>\n<p>Se voulant plus pr\u00e9cis, le chef du gouvernement r\u00e9v\u00e8le que la villa o\u00f9 doit loger le pr\u00e9sident de l'Assembl\u00e9e nationale a \u00e9t\u00e9 vendue \u00e0 300 millions de francs Cfa. D'ailleurs, \u00e0 l'en croire, la villa en question se trouve \u00e0 Fann r\u00e9sidence.<\/p>\n<p>Ousmane Sonko est \u00e9galement revenu sur le patrimoine foncier de l'Etat. D'apr\u00e8s lui, des responsables du d\u00e9funt r\u00e9gime se sont partag\u00e9s des centaines d'hectares notamment dans ma zone de l'a\u00e9roport de Dakar o\u00f9 un dignitaire de l'ancien d\u00e9tient,\u00a0 \u00e0 lui seul,\u00a0 une centaine de parcelles. \"<em>Nous avons tout arr\u00eat\u00e9 pour faire la lumi\u00e8re<\/em>\", a-t-il assur\u00e9.<\/p>\n<div class='share-to-whatsapp-wrapper'><div class='share-on-whsp'>PARTAGER SUR : <\/div><a data-text='REVELATIONS DE SONKO : \"La maison du pr\u00e9sident de l'Assembl\u00e9e vendue \u00e0... 300 millions de francs\"' data-link='https:\/\/www.nettali.com\/2024\/12\/27\/en-coulisses-la-maison-du-president-de-lassemblee-vendue-a-300-millions-de-francs\/' class='whatsapp-button whatsapp-share'>WhatsApp<\/a><div class='clear '><\/div><\/div>","protected":false},"excerpt":{"rendered":"<p>NETTALI.COM - Grosse r\u00e9v\u00e9lation d'Ousmane Sonko ce vendredi devant les d\u00e9put\u00e9s. A l'en croire, le r\u00e9gime de Macky Sall a vendu la villa o\u00f9 doit loger le pr\u00e9sident de l'Assembl\u00e9e nationale.\u00a0 La deuxi\u00e8me prise de parole du Premier ministre a \u00e9t\u00e9 riche en r\u00e9v\u00e9lations ce vendredi o\u00f9 il tient sa D\u00e9claration de politique g\u00e9n\u00e9rale (DPG). [&hellip;]<\/p>\n","protected":false},"author":3,"featured_media":146144,"comment_status":"open","ping_status":"open","sticky":false,"template":"","format":"standard","meta":{"_et_pb_use_builder":"","_et_pb_old_content":""},"categories":[2],"tags":[],"yoast_head":"<!-- This site is optimized with the Yoast SEO Premium plugin v17.8 (Yoast SEO v17.8) - https:\/\/yoast.com\/wordpress\/plugins\/seo\/ -->\n<title>REVELATIONS DE SONKO : &quot;La maison du pr\u00e9sident de l&#039;Assembl\u00e9e vendue \u00e0... 300 millions de francs&quot; | Nettali.com<\/title>\n<meta name=\"robots\" content=\"index, follow, max-snippet:-1, max-image-preview:large, max-video-preview:-1\" \/>\n<link rel=\"canonical\" href=\"https:\/\/www.nettali.com\/2024\/12\/27\/en-coulisses-la-maison-du-president-de-lassemblee-vendue-a-300-millions-de-francs\/\" \/>\n<meta property=\"og:locale\" content=\"fr_FR\" \/>\n<meta property=\"og:type\" content=\"article\" \/>\n<meta property=\"og:title\" content=\"REVELATIONS DE SONKO : &quot;La maison du pr\u00e9sident de l&#039;Assembl\u00e9e vendue \u00e0... 300 millions de francs&quot;\" \/>\n<meta property=\"og:description\" content=\"NETTALI.COM - Grosse r\u00e9v\u00e9lation d&#039;Ousmane Sonko ce vendredi devant les d\u00e9put\u00e9s. A l&#039;en croire, le r\u00e9gime de Macky Sall a vendu la villa o\u00f9 doit loger le pr\u00e9sident de l&#039;Assembl\u00e9e nationale.\u00a0 La deuxi\u00e8me prise de parole du Premier ministre a \u00e9t\u00e9 riche en r\u00e9v\u00e9lations ce vendredi o\u00f9 il tient sa D\u00e9claration de politique g\u00e9n\u00e9rale (DPG). [&hellip;]\" \/>\n<meta property=\"og:url\" content=\"https:\/\/www.nettali.com\/2024\/12\/27\/en-coulisses-la-maison-du-president-de-lassemblee-vendue-a-300-millions-de-francs\/\" \/>\n<meta property=\"og:site_name\" content=\"Nettali.com\" \/>\n<meta property=\"article:publisher\" content=\"https:\/\/www.facebook.com\/nettalicom\" \/>\n<meta property=\"article:published_time\" content=\"2024-12-27T21:10:01+00:00\" \/>\n<meta property=\"article:modified_time\" content=\"2024-12-28T01:20:38+00:00\" \/>\n<meta property=\"og:image\" content=\"https:\/\/www.nettali.com\/wp-content\/uploads\/2024\/12\/b055a31_1735318194980-000-36rm3bh.jpg\" \/>\n\t<meta property=\"og:image:width\" content=\"664\" \/>\n\t<meta property=\"og:image:height\" content=\"443\" \/>\n<meta name=\"twitter:card\" content=\"summary_large_image\" \/>\n<meta name=\"twitter:label1\" content=\"\u00c9crit par\" \/>\n\t<meta name=\"twitter:data1\" content=\"Moustapha\" \/>\n\t<meta name=\"twitter:label2\" content=\"Dur\u00e9e de lecture estim\u00e9e\" \/>\n\t<meta name=\"twitter:data2\" content=\"2 minutes\" \/>\n<script type=\"application\/ld+json\" class=\"yoast-schema-graph\">{\"@context\":\"https:\/\/schema.org\",\"@graph\":[{\"@type\":\"WebSite\",\"@id\":\"https:\/\/www.nettali.com\/#website\",\"url\":\"https:\/\/www.nettali.com\/\",\"name\":\"Nettali.com\",\"description\":\"Le rendez-vous critique du Net\",\"potentialAction\":[{\"@type\":\"SearchAction\",\"target\":{\"@type\":\"EntryPoint\",\"urlTemplate\":\"https:\/\/www.nettali.com\/?s={search_term_string}\"},\"query-input\":\"required name=search_term_string\"}],\"inLanguage\":\"fr-FR\"},{\"@type\":\"ImageObject\",\"@id\":\"https:\/\/www.nettali.com\/2024\/12\/27\/en-coulisses-la-maison-du-president-de-lassemblee-vendue-a-300-millions-de-francs\/#primaryimage\",\"inLanguage\":\"fr-FR\",\"url\":\"https:\/\/www.nettali.com\/wp-content\/uploads\/2024\/12\/b055a31_1735318194980-000-36rm3bh.jpg\",\"contentUrl\":\"https:\/\/www.nettali.com\/wp-content\/uploads\/2024\/12\/b055a31_1735318194980-000-36rm3bh.jpg\",\"width\":664,\"height\":443},{\"@type\":\"WebPage\",\"@id\":\"https:\/\/www.nettali.com\/2024\/12\/27\/en-coulisses-la-maison-du-president-de-lassemblee-vendue-a-300-millions-de-francs\/#webpage\",\"url\":\"https:\/\/www.nettali.com\/2024\/12\/27\/en-coulisses-la-maison-du-president-de-lassemblee-vendue-a-300-millions-de-francs\/\",\"name\":\"REVELATIONS DE SONKO : \\\"La maison du pr\\u00e9sident de l'Assembl\\u00e9e vendue \\u00e0... 300 millions de francs\\\" | Nettali.com\",\"isPartOf\":{\"@id\":\"https:\/\/www.nettali.com\/#website\"},\"primaryImageOfPage\":{\"@id\":\"https:\/\/www.nettali.com\/2024\/12\/27\/en-coulisses-la-maison-du-president-de-lassemblee-vendue-a-300-millions-de-francs\/#primaryimage\"},\"datePublished\":\"2024-12-27T21:10:01+00:00\",\"dateModified\":\"2024-12-28T01:20:38+00:00\",\"author\":{\"@id\":\"https:\/\/www.nettali.com\/#\/schema\/person\/7962a12a6e0267f88f0ffa544c36469a\"},\"breadcrumb\":{\"@id\":\"https:\/\/www.nettali.com\/2024\/12\/27\/en-coulisses-la-maison-du-president-de-lassemblee-vendue-a-300-millions-de-francs\/#breadcrumb\"},\"inLanguage\":\"fr-FR\",\"potentialAction\":[{\"@type\":\"ReadAction\",\"target\":[\"https:\/\/www.nettali.com\/2024\/12\/27\/en-coulisses-la-maison-du-president-de-lassemblee-vendue-a-300-millions-de-francs\/\"]}]},{\"@type\":\"BreadcrumbList\",\"@id\":\"https:\/\/www.nettali.com\/2024\/12\/27\/en-coulisses-la-maison-du-president-de-lassemblee-vendue-a-300-millions-de-francs\/#breadcrumb\",\"itemListElement\":[{\"@type\":\"ListItem\",\"position\":1,\"name\":\"Accueil\",\"item\":\"https:\/\/www.nettali.com\/\"},{\"@type\":\"ListItem\",\"position\":2,\"name\":\"REVELATIONS DE SONKO : \\\"La maison du pr\\u00e9sident de l'Assembl\\u00e9e vendue \\u00e0... 300 millions de francs\\\"\"}]},{\"@type\":\"Person\",\"@id\":\"https:\/\/www.nettali.com\/#\/schema\/person\/7962a12a6e0267f88f0ffa544c36469a\",\"name\":\"Moustapha\",\"image\":{\"@type\":\"ImageObject\",\"@id\":\"https:\/\/www.nettali.com\/#personlogo\",\"inLanguage\":\"fr-FR\",\"url\":\"https:\/\/secure.gravatar.com\/avatar\/10fdf6a071cccdcf374e3dbe45159590?s=96&d=mm&r=g\",\"contentUrl\":\"https:\/\/secure.gravatar.com\/avatar\/10fdf6a071cccdcf374e3dbe45159590?s=96&d=mm&r=g\",\"caption\":\"Moustapha\"},\"sameAs\":[\"https:\/\/www.nettali.com\"]}]}<\/script>\n<!-- \/ Yoast SEO Premium plugin. -->","yoast_head_json":{"title":"REVELATIONS DE SONKO : \"La maison du pr\u00e9sident de l'Assembl\u00e9e vendue \u00e0... 300 millions de francs\" | Nettali.com","robots":{"index":"index","follow":"follow","max-snippet":"max-snippet:-1","max-image-preview":"max-image-preview:large","max-video-preview":"max-video-preview:-1"},"canonical":"https:\/\/www.nettali.com\/2024\/12\/27\/en-coulisses-la-maison-du-president-de-lassemblee-vendue-a-300-millions-de-francs\/","og_locale":"fr_FR","og_type":"article","og_title":"REVELATIONS DE SONKO : \"La maison du pr\u00e9sident de l'Assembl\u00e9e vendue \u00e0... 300 millions de francs\"","og_description":"NETTALI.COM - Grosse r\u00e9v\u00e9lation d'Ousmane Sonko ce vendredi devant les d\u00e9put\u00e9s. A l'en croire, le r\u00e9gime de Macky Sall a vendu la villa o\u00f9 doit loger le pr\u00e9sident de l'Assembl\u00e9e nationale.\u00a0 La deuxi\u00e8me prise de parole du Premier ministre a \u00e9t\u00e9 riche en r\u00e9v\u00e9lations ce vendredi o\u00f9 il tient sa D\u00e9claration de politique g\u00e9n\u00e9rale (DPG). [&hellip;]","og_url":"https:\/\/www.nettali.com\/2024\/12\/27\/en-coulisses-la-maison-du-president-de-lassemblee-vendue-a-300-millions-de-francs\/","og_site_name":"Nettali.com","article_publisher":"https:\/\/www.facebook.com\/nettalicom","article_published_time":"2024-12-27T21:10:01+00:00","article_modified_time":"2024-12-28T01:20:38+00:00","og_image":[{"width":664,"height":443,"url":"https:\/\/www.nettali.com\/wp-content\/uploads\/2024\/12\/b055a31_1735318194980-000-36rm3bh.jpg","type":"image\/jpeg"}],"twitter_card":"summary_large_image","twitter_misc":{"\u00c9crit par":"Moustapha","Dur\u00e9e de lecture estim\u00e9e":"2 minutes"},"schema":{"@context":"https:\/\/schema.org","@graph":[{"@type":"WebSite","@id":"https:\/\/www.nettali.com\/#website","url":"https:\/\/www.nettali.com\/","name":"Nettali.com","description":"Le rendez-vous critique du Net","potentialAction":[{"@type":"SearchAction","target":{"@type":"EntryPoint","urlTemplate":"https:\/\/www.nettali.com\/?s={search_term_string}"},"query-input":"required name=search_term_string"}],"inLanguage":"fr-FR"},{"@type":"ImageObject","@id":"https:\/\/www.nettali.com\/2024\/12\/27\/en-coulisses-la-maison-du-president-de-lassemblee-vendue-a-300-millions-de-francs\/#primaryimage","inLanguage":"fr-FR","url":"https:\/\/www.nettali.com\/wp-content\/uploads\/2024\/12\/b055a31_1735318194980-000-36rm3bh.jpg","contentUrl":"https:\/\/www.nettali.com\/wp-content\/uploads\/2024\/12\/b055a31_1735318194980-000-36rm3bh.jpg","width":664,"height":443},{"@type":"WebPage","@id":"https:\/\/www.nettali.com\/2024\/12\/27\/en-coulisses-la-maison-du-president-de-lassemblee-vendue-a-300-millions-de-francs\/#webpage","url":"https:\/\/www.nettali.com\/2024\/12\/27\/en-coulisses-la-maison-du-president-de-lassemblee-vendue-a-300-millions-de-francs\/","name":"REVELATIONS DE SONKO : \"La maison du pr\u00e9sident de l'Assembl\u00e9e vendue \u00e0... 300 millions de francs\" | Nettali.com","isPartOf":{"@id":"https:\/\/www.nettali.com\/#website"},"primaryImageOfPage":{"@id":"https:\/\/www.nettali.com\/2024\/12\/27\/en-coulisses-la-maison-du-president-de-lassemblee-vendue-a-300-millions-de-francs\/#primaryimage"},"datePublished":"2024-12-27T21:10:01+00:00","dateModified":"2024-12-28T01:20:38+00:00","author":{"@id":"https:\/\/www.nettali.com\/#\/schema\/person\/7962a12a6e0267f88f0ffa544c36469a"},"breadcrumb":{"@id":"https:\/\/www.nettali.com\/2024\/12\/27\/en-coulisses-la-maison-du-president-de-lassemblee-vendue-a-300-millions-de-francs\/#breadcrumb"},"inLanguage":"fr-FR","potentialAction":[{"@type":"ReadAction","target":["https:\/\/www.nettali.com\/2024\/12\/27\/en-coulisses-la-maison-du-president-de-lassemblee-vendue-a-300-millions-de-francs\/"]}]},{"@type":"BreadcrumbList","@id":"https:\/\/www.nettali.com\/2024\/12\/27\/en-coulisses-la-maison-du-president-de-lassemblee-vendue-a-300-millions-de-francs\/#breadcrumb","itemListElement":[{"@type":"ListItem","position":1,"name":"Accueil","item":"https:\/\/www.nettali.com\/"},{"@type":"ListItem","position":2,"name":"REVELATIONS DE SONKO : \"La maison du pr\u00e9sident de l'Assembl\u00e9e vendue \u00e0... 300 millions de francs\""}]},{"@type":"Person","@id":"https:\/\/www.nettali.com\/#\/schema\/person\/7962a12a6e0267f88f0ffa544c36469a","name":"Moustapha","image":{"@type":"ImageObject","@id":"https:\/\/www.nettali.com\/#personlogo","inLanguage":"fr-FR","url":"https:\/\/secure.gravatar.com\/avatar\/10fdf6a071cccdcf374e3dbe45159590?s=96&d=mm&r=g","contentUrl":"https:\/\/secure.gravatar.com\/avatar\/10fdf6a071cccdcf374e3dbe45159590?s=96&d=mm&r=g","caption":"Moustapha"},"sameAs":["https:\/\/www.nettali.com"]}]}},"_links":{"self":[{"href":"https:\/\/www.nettali.com\/rest\/wp\/v2\/posts\/146143"}],"collection":[{"href":"https:\/\/www.nettali.com\/rest\/wp\/v2\/posts"}],"about":[{"href":"https:\/\/www.nettali.com\/rest\/wp\/v2\/types\/post"}],"author":[{"embeddable":true,"href":"https:\/\/www.nettali.com\/rest\/wp\/v2\/users\/3"}],"replies":[{"embeddable":true,"href":"https:\/\/www.nettali.com\/rest\/wp\/v2\/comments?post=146143"}],"version-history":[{"count":5,"href":"https:\/\/www.nettali.com\/rest\/wp\/v2\/posts\/146143\/revisions"}],"predecessor-version":[{"id":146155,"href":"https:\/\/www.nettali.com\/rest\/wp\/v2\/posts\/146143\/revisions\/146155"}],"wp:featuredmedia":[{"embeddable":true,"href":"https:\/\/www.nettali.com\/rest\/wp\/v2\/media\/146144"}],"wp:attachment":[{"href":"https:\/\/www.nettali.com\/rest\/wp\/v2\/media?parent=146143"}],"wp:term":[{"taxonomy":"category","embeddable":true,"href":"https:\/\/www.nettali.com\/rest\/wp\/v2\/categories?post=146143"},{"taxonomy":"post_tag","embeddable":true,"href":"https:\/\/www.nettali.com\/rest\/wp\/v2\/tags?post=146143"}],"curies":[{"name":"wp","href":"https:\/\/api.w.org\/{rel}","templated":true}]}}