{"id":146140,"date":"2024-12-27T22:54:50","date_gmt":"2024-12-27T22:54:50","guid":{"rendered":"https:\/\/www.nettali.com\/?p=146140"},"modified":"2024-12-27T22:54:50","modified_gmt":"2024-12-27T22:54:50","slug":"barca-linscription-de-dani-olmo-refusee-par-la-justice-espagnole","status":"publish","type":"post","link":"https:\/\/www.nettali.com\/2024\/12\/27\/barca-linscription-de-dani-olmo-refusee-par-la-justice-espagnole\/","title":{"rendered":"BAR\u00c7A - L'inscription de Dani Olmo refus\u00e9e par la justice espagnole"},"content":{"rendered":"<p><strong>NETTALI.COM - Les chances du Bar\u00e7a de conserver Dani Olmo s\u2019amenuisent davantage alors que la justice espagnole a rejet\u00e9 ce vendredi 27 d\u00e9cembre la demande des Blaugrana d\u2019accorder une mesure conservatoire pour l\u2019inscription du milieu offensif en Liga. Le club catalan va devoir trouver une solution avant le 31 d\u00e9cembre.<\/strong><\/p>\n<p>Les dirigeants du FC Barcelone esp\u00e9raient pouvoir r\u00e9inscrire Dani Olmo gr\u00e2ce \u00e0 une mesure conservatoire comme ils l'avaient d\u00e9j\u00e0 fait pour la premi\u00e8re partie de saison mais le tribunal de Commerce de Barcelone a refus\u00e9 de prolonger cette d\u00e9rogation dans une d\u00e9cision rendue publique vendredi. Le club a d\u00e9sormais jusqu'au 31 d\u00e9cembre pour pr\u00e9senter une nouvelle mesure pour que Dani Olmo fasse partie de l'effectif d'Hansi Flick pour la deuxi\u00e8me partie de l'exercice 2024-2025.<\/p>\n<p>L'inscription du meneur de jeu espagnol avait d\u00e9j\u00e0 \u00e9t\u00e9 compliqu\u00e9e pour la premi\u00e8re moiti\u00e9 de saison. En effet, la Liga avait rappel\u00e9 qu'il manquait 60 millions d'euros pour pouvoir inscrire le joueur. Joan Laporta, pr\u00e9sident du Barca, s'\u00e9tait d\u00e9fendu en mettant en avant le nouveau contrat \u00e9quipementier sign\u00e9 avec Nike. Olmo avait finalement \u00e9t\u00e9 enregistr\u00e9 en tant que joker m\u00e9dical apr\u00e8s la blessure du d\u00e9fenseur Andreas Christensen.<\/p>\n<p>Selon El Mundo Deportivo, le club pr\u00e9sentera une nouvelle mesure lundi 30 d\u00e9cembre afin de tenter d'inscrire le joueur de 26 ans pour la deuxi\u00e8me partie de la saison. Mais le temps est d\u00e9sormais compt\u00e9 car la date butoir pour inscrire Dani Olmo \u00e0 la comp\u00e9tition est fix\u00e9e au 31 d\u00e9cembre. Si aucune solution n'est trouv\u00e9e, le joueur pourra s'engager libre dans un autre club d\u00e8s le 1er janvier.<\/p>\n<div class='share-to-whatsapp-wrapper'><div class='share-on-whsp'>PARTAGER SUR : <\/div><a data-text='BAR\u00c7A - L'inscription de Dani Olmo refus\u00e9e par la justice espagnole' data-link='https:\/\/www.nettali.com\/2024\/12\/27\/barca-linscription-de-dani-olmo-refusee-par-la-justice-espagnole\/' class='whatsapp-button whatsapp-share'>WhatsApp<\/a><div class='clear '><\/div><\/div>","protected":false},"excerpt":{"rendered":"<p>NETTALI.COM - Les chances du Bar\u00e7a de conserver Dani Olmo s\u2019amenuisent davantage alors que la justice espagnole a rejet\u00e9 ce vendredi 27 d\u00e9cembre la demande des Blaugrana d\u2019accorder une mesure conservatoire pour l\u2019inscription du milieu offensif en Liga. Le club catalan va devoir trouver une solution avant le 31 d\u00e9cembre. Les dirigeants du FC Barcelone [&hellip;]<\/p>\n","protected":false},"author":5,"featured_media":146141,"comment_status":"open","ping_status":"open","sticky":false,"template":"","format":"standard","meta":{"_et_pb_use_builder":"","_et_pb_old_content":""},"categories":[6],"tags":[],"yoast_head":"<!-- This site is optimized with the Yoast SEO Premium plugin v17.8 (Yoast SEO v17.8) - https:\/\/yoast.com\/wordpress\/plugins\/seo\/ -->\n<title>BAR\u00c7A - L&#039;inscription de Dani Olmo refus\u00e9e par la justice espagnole | Nettali.com<\/title>\n<meta name=\"robots\" content=\"index, follow, max-snippet:-1, max-image-preview:large, max-video-preview:-1\" \/>\n<link rel=\"canonical\" href=\"https:\/\/www.nettali.com\/2024\/12\/27\/barca-linscription-de-dani-olmo-refusee-par-la-justice-espagnole\/\" \/>\n<meta property=\"og:locale\" content=\"fr_FR\" \/>\n<meta property=\"og:type\" content=\"article\" \/>\n<meta property=\"og:title\" content=\"BAR\u00c7A - L&#039;inscription de Dani Olmo refus\u00e9e par la justice espagnole\" \/>\n<meta property=\"og:description\" content=\"NETTALI.COM - Les chances du Bar\u00e7a de conserver Dani Olmo s\u2019amenuisent davantage alors que la justice espagnole a rejet\u00e9 ce vendredi 27 d\u00e9cembre la demande des Blaugrana d\u2019accorder une mesure conservatoire pour l\u2019inscription du milieu offensif en Liga. Le club catalan va devoir trouver une solution avant le 31 d\u00e9cembre. Les dirigeants du FC Barcelone [&hellip;]\" \/>\n<meta property=\"og:url\" content=\"https:\/\/www.nettali.com\/2024\/12\/27\/barca-linscription-de-dani-olmo-refusee-par-la-justice-espagnole\/\" \/>\n<meta property=\"og:site_name\" content=\"Nettali.com\" \/>\n<meta property=\"article:publisher\" content=\"https:\/\/www.facebook.com\/nettalicom\" \/>\n<meta property=\"article:published_time\" content=\"2024-12-27T22:54:50+00:00\" \/>\n<meta property=\"og:image\" content=\"https:\/\/www.nettali.com\/wp-content\/uploads\/2024\/12\/Dani-Olmo-2004113.jpg\" \/>\n\t<meta property=\"og:image:width\" content=\"2048\" \/>\n\t<meta property=\"og:image:height\" content=\"1152\" \/>\n<meta name=\"twitter:card\" content=\"summary_large_image\" \/>\n<meta name=\"twitter:label1\" content=\"\u00c9crit par\" \/>\n\t<meta name=\"twitter:data1\" content=\"Ibrahima\" \/>\n\t<meta name=\"twitter:label2\" content=\"Dur\u00e9e de lecture estim\u00e9e\" \/>\n\t<meta name=\"twitter:data2\" content=\"2 minutes\" \/>\n<script type=\"application\/ld+json\" class=\"yoast-schema-graph\">{\"@context\":\"https:\/\/schema.org\",\"@graph\":[{\"@type\":\"WebSite\",\"@id\":\"https:\/\/www.nettali.com\/#website\",\"url\":\"https:\/\/www.nettali.com\/\",\"name\":\"Nettali.com\",\"description\":\"Le rendez-vous critique du Net\",\"potentialAction\":[{\"@type\":\"SearchAction\",\"target\":{\"@type\":\"EntryPoint\",\"urlTemplate\":\"https:\/\/www.nettali.com\/?s={search_term_string}\"},\"query-input\":\"required name=search_term_string\"}],\"inLanguage\":\"fr-FR\"},{\"@type\":\"ImageObject\",\"@id\":\"https:\/\/www.nettali.com\/2024\/12\/27\/barca-linscription-de-dani-olmo-refusee-par-la-justice-espagnole\/#primaryimage\",\"inLanguage\":\"fr-FR\",\"url\":\"https:\/\/www.nettali.com\/wp-content\/uploads\/2024\/12\/Dani-Olmo-2004113.jpg\",\"contentUrl\":\"https:\/\/www.nettali.com\/wp-content\/uploads\/2024\/12\/Dani-Olmo-2004113.jpg\",\"width\":2048,\"height\":1152},{\"@type\":\"WebPage\",\"@id\":\"https:\/\/www.nettali.com\/2024\/12\/27\/barca-linscription-de-dani-olmo-refusee-par-la-justice-espagnole\/#webpage\",\"url\":\"https:\/\/www.nettali.com\/2024\/12\/27\/barca-linscription-de-dani-olmo-refusee-par-la-justice-espagnole\/\",\"name\":\"BAR\\u00c7A - L'inscription de Dani Olmo refus\\u00e9e par la justice espagnole | Nettali.com\",\"isPartOf\":{\"@id\":\"https:\/\/www.nettali.com\/#website\"},\"primaryImageOfPage\":{\"@id\":\"https:\/\/www.nettali.com\/2024\/12\/27\/barca-linscription-de-dani-olmo-refusee-par-la-justice-espagnole\/#primaryimage\"},\"datePublished\":\"2024-12-27T22:54:50+00:00\",\"dateModified\":\"2024-12-27T22:54:50+00:00\",\"author\":{\"@id\":\"https:\/\/www.nettali.com\/#\/schema\/person\/bb147657c2986240405a608162b9bb23\"},\"breadcrumb\":{\"@id\":\"https:\/\/www.nettali.com\/2024\/12\/27\/barca-linscription-de-dani-olmo-refusee-par-la-justice-espagnole\/#breadcrumb\"},\"inLanguage\":\"fr-FR\",\"potentialAction\":[{\"@type\":\"ReadAction\",\"target\":[\"https:\/\/www.nettali.com\/2024\/12\/27\/barca-linscription-de-dani-olmo-refusee-par-la-justice-espagnole\/\"]}]},{\"@type\":\"BreadcrumbList\",\"@id\":\"https:\/\/www.nettali.com\/2024\/12\/27\/barca-linscription-de-dani-olmo-refusee-par-la-justice-espagnole\/#breadcrumb\",\"itemListElement\":[{\"@type\":\"ListItem\",\"position\":1,\"name\":\"Accueil\",\"item\":\"https:\/\/www.nettali.com\/\"},{\"@type\":\"ListItem\",\"position\":2,\"name\":\"BAR\\u00c7A - L'inscription de Dani Olmo refus\\u00e9e par la justice espagnole\"}]},{\"@type\":\"Person\",\"@id\":\"https:\/\/www.nettali.com\/#\/schema\/person\/bb147657c2986240405a608162b9bb23\",\"name\":\"Ibrahima\",\"image\":{\"@type\":\"ImageObject\",\"@id\":\"https:\/\/www.nettali.com\/#personlogo\",\"inLanguage\":\"fr-FR\",\"url\":\"https:\/\/secure.gravatar.com\/avatar\/26a8a81f09f0dd7624c9d5c36c9ba3a2?s=96&d=mm&r=g\",\"contentUrl\":\"https:\/\/secure.gravatar.com\/avatar\/26a8a81f09f0dd7624c9d5c36c9ba3a2?s=96&d=mm&r=g\",\"caption\":\"Ibrahima\"},\"sameAs\":[\"https:\/\/www.nettali.com\"]}]}<\/script>\n<!-- \/ Yoast SEO Premium plugin. -->","yoast_head_json":{"title":"BAR\u00c7A - L'inscription de Dani Olmo refus\u00e9e par la justice espagnole | Nettali.com","robots":{"index":"index","follow":"follow","max-snippet":"max-snippet:-1","max-image-preview":"max-image-preview:large","max-video-preview":"max-video-preview:-1"},"canonical":"https:\/\/www.nettali.com\/2024\/12\/27\/barca-linscription-de-dani-olmo-refusee-par-la-justice-espagnole\/","og_locale":"fr_FR","og_type":"article","og_title":"BAR\u00c7A - L'inscription de Dani Olmo refus\u00e9e par la justice espagnole","og_description":"NETTALI.COM - Les chances du Bar\u00e7a de conserver Dani Olmo s\u2019amenuisent davantage alors que la justice espagnole a rejet\u00e9 ce vendredi 27 d\u00e9cembre la demande des Blaugrana d\u2019accorder une mesure conservatoire pour l\u2019inscription du milieu offensif en Liga. Le club catalan va devoir trouver une solution avant le 31 d\u00e9cembre. Les dirigeants du FC Barcelone [&hellip;]","og_url":"https:\/\/www.nettali.com\/2024\/12\/27\/barca-linscription-de-dani-olmo-refusee-par-la-justice-espagnole\/","og_site_name":"Nettali.com","article_publisher":"https:\/\/www.facebook.com\/nettalicom","article_published_time":"2024-12-27T22:54:50+00:00","og_image":[{"width":2048,"height":1152,"url":"https:\/\/www.nettali.com\/wp-content\/uploads\/2024\/12\/Dani-Olmo-2004113.jpg","type":"image\/jpeg"}],"twitter_card":"summary_large_image","twitter_misc":{"\u00c9crit par":"Ibrahima","Dur\u00e9e de lecture estim\u00e9e":"2 minutes"},"schema":{"@context":"https:\/\/schema.org","@graph":[{"@type":"WebSite","@id":"https:\/\/www.nettali.com\/#website","url":"https:\/\/www.nettali.com\/","name":"Nettali.com","description":"Le rendez-vous critique du Net","potentialAction":[{"@type":"SearchAction","target":{"@type":"EntryPoint","urlTemplate":"https:\/\/www.nettali.com\/?s={search_term_string}"},"query-input":"required name=search_term_string"}],"inLanguage":"fr-FR"},{"@type":"ImageObject","@id":"https:\/\/www.nettali.com\/2024\/12\/27\/barca-linscription-de-dani-olmo-refusee-par-la-justice-espagnole\/#primaryimage","inLanguage":"fr-FR","url":"https:\/\/www.nettali.com\/wp-content\/uploads\/2024\/12\/Dani-Olmo-2004113.jpg","contentUrl":"https:\/\/www.nettali.com\/wp-content\/uploads\/2024\/12\/Dani-Olmo-2004113.jpg","width":2048,"height":1152},{"@type":"WebPage","@id":"https:\/\/www.nettali.com\/2024\/12\/27\/barca-linscription-de-dani-olmo-refusee-par-la-justice-espagnole\/#webpage","url":"https:\/\/www.nettali.com\/2024\/12\/27\/barca-linscription-de-dani-olmo-refusee-par-la-justice-espagnole\/","name":"BAR\u00c7A - L'inscription de Dani Olmo refus\u00e9e par la justice espagnole | Nettali.com","isPartOf":{"@id":"https:\/\/www.nettali.com\/#website"},"primaryImageOfPage":{"@id":"https:\/\/www.nettali.com\/2024\/12\/27\/barca-linscription-de-dani-olmo-refusee-par-la-justice-espagnole\/#primaryimage"},"datePublished":"2024-12-27T22:54:50+00:00","dateModified":"2024-12-27T22:54:50+00:00","author":{"@id":"https:\/\/www.nettali.com\/#\/schema\/person\/bb147657c2986240405a608162b9bb23"},"breadcrumb":{"@id":"https:\/\/www.nettali.com\/2024\/12\/27\/barca-linscription-de-dani-olmo-refusee-par-la-justice-espagnole\/#breadcrumb"},"inLanguage":"fr-FR","potentialAction":[{"@type":"ReadAction","target":["https:\/\/www.nettali.com\/2024\/12\/27\/barca-linscription-de-dani-olmo-refusee-par-la-justice-espagnole\/"]}]},{"@type":"BreadcrumbList","@id":"https:\/\/www.nettali.com\/2024\/12\/27\/barca-linscription-de-dani-olmo-refusee-par-la-justice-espagnole\/#breadcrumb","itemListElement":[{"@type":"ListItem","position":1,"name":"Accueil","item":"https:\/\/www.nettali.com\/"},{"@type":"ListItem","position":2,"name":"BAR\u00c7A - L'inscription de Dani Olmo refus\u00e9e par la justice espagnole"}]},{"@type":"Person","@id":"https:\/\/www.nettali.com\/#\/schema\/person\/bb147657c2986240405a608162b9bb23","name":"Ibrahima","image":{"@type":"ImageObject","@id":"https:\/\/www.nettali.com\/#personlogo","inLanguage":"fr-FR","url":"https:\/\/secure.gravatar.com\/avatar\/26a8a81f09f0dd7624c9d5c36c9ba3a2?s=96&d=mm&r=g","contentUrl":"https:\/\/secure.gravatar.com\/avatar\/26a8a81f09f0dd7624c9d5c36c9ba3a2?s=96&d=mm&r=g","caption":"Ibrahima"},"sameAs":["https:\/\/www.nettali.com"]}]}},"_links":{"self":[{"href":"https:\/\/www.nettali.com\/rest\/wp\/v2\/posts\/146140"}],"collection":[{"href":"https:\/\/www.nettali.com\/rest\/wp\/v2\/posts"}],"about":[{"href":"https:\/\/www.nettali.com\/rest\/wp\/v2\/types\/post"}],"author":[{"embeddable":true,"href":"https:\/\/www.nettali.com\/rest\/wp\/v2\/users\/5"}],"replies":[{"embeddable":true,"href":"https:\/\/www.nettali.com\/rest\/wp\/v2\/comments?post=146140"}],"version-history":[{"count":2,"href":"https:\/\/www.nettali.com\/rest\/wp\/v2\/posts\/146140\/revisions"}],"predecessor-version":[{"id":146153,"href":"https:\/\/www.nettali.com\/rest\/wp\/v2\/posts\/146140\/revisions\/146153"}],"wp:featuredmedia":[{"embeddable":true,"href":"https:\/\/www.nettali.com\/rest\/wp\/v2\/media\/146141"}],"wp:attachment":[{"href":"https:\/\/www.nettali.com\/rest\/wp\/v2\/media?parent=146140"}],"wp:term":[{"taxonomy":"category","embeddable":true,"href":"https:\/\/www.nettali.com\/rest\/wp\/v2\/categories?post=146140"},{"taxonomy":"post_tag","embeddable":true,"href":"https:\/\/www.nettali.com\/rest\/wp\/v2\/tags?post=146140"}],"curies":[{"name":"wp","href":"https:\/\/api.w.org\/{rel}","templated":true}]}}