{"id":146123,"date":"2024-12-27T17:53:34","date_gmt":"2024-12-27T17:53:34","guid":{"rendered":"https:\/\/www.nettali.com\/?p=146123"},"modified":"2024-12-27T17:53:34","modified_gmt":"2024-12-27T17:53:34","slug":"sante-sonko-decline-les-grands-axes-pour-reformer-le-secteur","status":"publish","type":"post","link":"https:\/\/www.nettali.com\/2024\/12\/27\/sante-sonko-decline-les-grands-axes-pour-reformer-le-secteur\/","title":{"rendered":"SANTE - Sonko d\u00e9cline les grands axes pour r\u00e9former le secteur"},"content":{"rendered":"<p><strong>NETTALI.COM-\u00a0 Le Premier ministre a d\u00e9clin\u00e9 les mesures phares pour r\u00e9former le secteur sanitaire en mettant l\u2019accent sur le financement, l'organisation et la gestion \u00e0 travers une approche multisectorielle.<\/strong><\/p>\n<p>Pronon\u00e7ant ce vendredi son Discours de politique g\u00e9n\u00e9rale devant l'Assembl\u00e9e nationale, le chef du gouvernement a indiqu\u00e9 que L'\u00c9tat renforcera la mise en \u0153uvre de la strat\u00e9gie de la sant\u00e9 dans l'autonomie et va agir sur tous les d\u00e9tails n\u00e9cessaires. Dans toutes les r\u00e9gions, les unit\u00e9s de prise en charge pr\u00e9coces des maladies chroniques et des \u00e9pid\u00e9mies seront mises sur pied.<\/p>\n<p>Ousmane Sonko promet des \"<em>services d'accueil, l'information et l'orientation fonctionnelle, avec des personnels bien form\u00e9s et qualifi\u00e9s<\/em>\". \"<em>Les services d'accueil des r\u00e9gions seront \u00e9largis et modernis\u00e9s, avec des personnels \u00e9quip\u00e9s et les financements isol\u00e9s seront recherch\u00e9s, y compris par le biais de la promotion pratique de la banque pour la sant\u00e9 et la portabilit\u00e9 des patients malades. La digitalisation int\u00e9grale de la sant\u00e9 se fera \u00e0 travers le d\u00e9veloppement des plateformes num\u00e9riques et des syst\u00e8mes d'information digitalis\u00e9s<\/em>\", a laiss\u00e9 entendre Ousmane Sonko.<\/p>\n<p>De l'avis du Premier ministre, tout ceci sera possible \"<em>dans un cadre respectant les principes vis-\u00e0-vis de l'\u00c9tat et garantissant les droits des acteurs<\/em>\"<em>. \"Le dossier patient informatis\u00e9, d\u00e9j\u00e0 disponible, sera mis \u00e0 l'\u00e9chelle populaire de ce sujet avec des approches majeures. Le projet d'industrialisation pharmaceutique sera men\u00e9 \u00e0 l'existence aussi bien pour les m\u00e9dicaments que pour la production de vaccins, avec l'appui des partenaires au d\u00e9veloppement et \u00e0 la s\u00e9curit\u00e9 publique locaux<\/em>\", a-t-il poursuivi<em>.<\/em><\/p>\n<p>Aux d\u00e9fis dans le domaine de la sant\u00e9 s\u2019ajoutent la pharmacop\u00e9e et la m\u00e9decine traditionnelle \"<em>qui ne seront pas en reste<\/em>\". \"<em>Elles seront mises en carri\u00e8re par le cadre de la mise en fonctionnalit\u00e9 optimale de l'Agence s\u00e9n\u00e9galaise de l'alimentation pharmaceutique et de la Soci\u00e9t\u00e9 s\u00e9n\u00e9galaise de la pharmacie nationale de la production\",<\/em>\u00a0dit-il.<\/p>\n<p>&nbsp;<\/p>\n<div class='share-to-whatsapp-wrapper'><div class='share-on-whsp'>PARTAGER SUR : <\/div><a data-text='SANTE - Sonko d\u00e9cline les grands axes pour r\u00e9former le secteur' data-link='https:\/\/www.nettali.com\/2024\/12\/27\/sante-sonko-decline-les-grands-axes-pour-reformer-le-secteur\/' class='whatsapp-button whatsapp-share'>WhatsApp<\/a><div class='clear '><\/div><\/div>","protected":false},"excerpt":{"rendered":"<p>NETTALI.COM-\u00a0 Le Premier ministre a d\u00e9clin\u00e9 les mesures phares pour r\u00e9former le secteur sanitaire en mettant l\u2019accent sur le financement, l'organisation et la gestion \u00e0 travers une approche multisectorielle. Pronon\u00e7ant ce vendredi son Discours de politique g\u00e9n\u00e9rale devant l'Assembl\u00e9e nationale, le chef du gouvernement a indiqu\u00e9 que L'\u00c9tat renforcera la mise en \u0153uvre de la [&hellip;]<\/p>\n","protected":false},"author":6,"featured_media":146101,"comment_status":"open","ping_status":"open","sticky":false,"template":"","format":"standard","meta":{"_et_pb_use_builder":"","_et_pb_old_content":""},"categories":[22],"tags":[],"yoast_head":"<!-- This site is optimized with the Yoast SEO Premium plugin v17.8 (Yoast SEO v17.8) - https:\/\/yoast.com\/wordpress\/plugins\/seo\/ -->\n<title>SANTE - Sonko d\u00e9cline les grands axes pour r\u00e9former le secteur | Nettali.com<\/title>\n<meta name=\"robots\" content=\"index, follow, max-snippet:-1, max-image-preview:large, max-video-preview:-1\" \/>\n<link rel=\"canonical\" href=\"https:\/\/www.nettali.com\/2024\/12\/27\/sante-sonko-decline-les-grands-axes-pour-reformer-le-secteur\/\" \/>\n<meta property=\"og:locale\" content=\"fr_FR\" \/>\n<meta property=\"og:type\" content=\"article\" \/>\n<meta property=\"og:title\" content=\"SANTE - Sonko d\u00e9cline les grands axes pour r\u00e9former le secteur\" \/>\n<meta property=\"og:description\" content=\"NETTALI.COM-\u00a0 Le Premier ministre a d\u00e9clin\u00e9 les mesures phares pour r\u00e9former le secteur sanitaire en mettant l\u2019accent sur le financement, l&#039;organisation et la gestion \u00e0 travers une approche multisectorielle. Pronon\u00e7ant ce vendredi son Discours de politique g\u00e9n\u00e9rale devant l&#039;Assembl\u00e9e nationale, le chef du gouvernement a indiqu\u00e9 que L&#039;\u00c9tat renforcera la mise en \u0153uvre de la [&hellip;]\" \/>\n<meta property=\"og:url\" content=\"https:\/\/www.nettali.com\/2024\/12\/27\/sante-sonko-decline-les-grands-axes-pour-reformer-le-secteur\/\" \/>\n<meta property=\"og:site_name\" content=\"Nettali.com\" \/>\n<meta property=\"article:publisher\" content=\"https:\/\/www.facebook.com\/nettalicom\" \/>\n<meta property=\"article:published_time\" content=\"2024-12-27T17:53:34+00:00\" \/>\n<meta property=\"og:image\" content=\"https:\/\/www.nettali.com\/wp-content\/uploads\/2024\/12\/ousmane-sonko-4.jpg\" \/>\n\t<meta property=\"og:image:width\" content=\"972\" \/>\n\t<meta property=\"og:image:height\" content=\"644\" \/>\n<meta name=\"twitter:card\" content=\"summary_large_image\" \/>\n<meta name=\"twitter:label1\" content=\"\u00c9crit par\" \/>\n\t<meta name=\"twitter:data1\" content=\"Fatou\" \/>\n\t<meta name=\"twitter:label2\" content=\"Dur\u00e9e de lecture estim\u00e9e\" \/>\n\t<meta name=\"twitter:data2\" content=\"2 minutes\" \/>\n<script type=\"application\/ld+json\" class=\"yoast-schema-graph\">{\"@context\":\"https:\/\/schema.org\",\"@graph\":[{\"@type\":\"WebSite\",\"@id\":\"https:\/\/www.nettali.com\/#website\",\"url\":\"https:\/\/www.nettali.com\/\",\"name\":\"Nettali.com\",\"description\":\"Le rendez-vous critique du Net\",\"potentialAction\":[{\"@type\":\"SearchAction\",\"target\":{\"@type\":\"EntryPoint\",\"urlTemplate\":\"https:\/\/www.nettali.com\/?s={search_term_string}\"},\"query-input\":\"required name=search_term_string\"}],\"inLanguage\":\"fr-FR\"},{\"@type\":\"ImageObject\",\"@id\":\"https:\/\/www.nettali.com\/2024\/12\/27\/sante-sonko-decline-les-grands-axes-pour-reformer-le-secteur\/#primaryimage\",\"inLanguage\":\"fr-FR\",\"url\":\"https:\/\/www.nettali.com\/wp-content\/uploads\/2024\/12\/ousmane-sonko-4.jpg\",\"contentUrl\":\"https:\/\/www.nettali.com\/wp-content\/uploads\/2024\/12\/ousmane-sonko-4.jpg\",\"width\":972,\"height\":644},{\"@type\":\"WebPage\",\"@id\":\"https:\/\/www.nettali.com\/2024\/12\/27\/sante-sonko-decline-les-grands-axes-pour-reformer-le-secteur\/#webpage\",\"url\":\"https:\/\/www.nettali.com\/2024\/12\/27\/sante-sonko-decline-les-grands-axes-pour-reformer-le-secteur\/\",\"name\":\"SANTE - Sonko d\\u00e9cline les grands axes pour r\\u00e9former le secteur | Nettali.com\",\"isPartOf\":{\"@id\":\"https:\/\/www.nettali.com\/#website\"},\"primaryImageOfPage\":{\"@id\":\"https:\/\/www.nettali.com\/2024\/12\/27\/sante-sonko-decline-les-grands-axes-pour-reformer-le-secteur\/#primaryimage\"},\"datePublished\":\"2024-12-27T17:53:34+00:00\",\"dateModified\":\"2024-12-27T17:53:34+00:00\",\"author\":{\"@id\":\"https:\/\/www.nettali.com\/#\/schema\/person\/418274a86bdf87caff7a3ef476bd0bbf\"},\"breadcrumb\":{\"@id\":\"https:\/\/www.nettali.com\/2024\/12\/27\/sante-sonko-decline-les-grands-axes-pour-reformer-le-secteur\/#breadcrumb\"},\"inLanguage\":\"fr-FR\",\"potentialAction\":[{\"@type\":\"ReadAction\",\"target\":[\"https:\/\/www.nettali.com\/2024\/12\/27\/sante-sonko-decline-les-grands-axes-pour-reformer-le-secteur\/\"]}]},{\"@type\":\"BreadcrumbList\",\"@id\":\"https:\/\/www.nettali.com\/2024\/12\/27\/sante-sonko-decline-les-grands-axes-pour-reformer-le-secteur\/#breadcrumb\",\"itemListElement\":[{\"@type\":\"ListItem\",\"position\":1,\"name\":\"Accueil\",\"item\":\"https:\/\/www.nettali.com\/\"},{\"@type\":\"ListItem\",\"position\":2,\"name\":\"SANTE - Sonko d\\u00e9cline les grands axes pour r\\u00e9former le secteur\"}]},{\"@type\":\"Person\",\"@id\":\"https:\/\/www.nettali.com\/#\/schema\/person\/418274a86bdf87caff7a3ef476bd0bbf\",\"name\":\"Fatou\",\"image\":{\"@type\":\"ImageObject\",\"@id\":\"https:\/\/www.nettali.com\/#personlogo\",\"inLanguage\":\"fr-FR\",\"url\":\"https:\/\/secure.gravatar.com\/avatar\/5a9442a2bee7b4dcf167cab035858e9a?s=96&d=mm&r=g\",\"contentUrl\":\"https:\/\/secure.gravatar.com\/avatar\/5a9442a2bee7b4dcf167cab035858e9a?s=96&d=mm&r=g\",\"caption\":\"Fatou\"},\"sameAs\":[\"https:\/\/www.nettali.com\"]}]}<\/script>\n<!-- \/ Yoast SEO Premium plugin. -->","yoast_head_json":{"title":"SANTE - Sonko d\u00e9cline les grands axes pour r\u00e9former le secteur | Nettali.com","robots":{"index":"index","follow":"follow","max-snippet":"max-snippet:-1","max-image-preview":"max-image-preview:large","max-video-preview":"max-video-preview:-1"},"canonical":"https:\/\/www.nettali.com\/2024\/12\/27\/sante-sonko-decline-les-grands-axes-pour-reformer-le-secteur\/","og_locale":"fr_FR","og_type":"article","og_title":"SANTE - Sonko d\u00e9cline les grands axes pour r\u00e9former le secteur","og_description":"NETTALI.COM-\u00a0 Le Premier ministre a d\u00e9clin\u00e9 les mesures phares pour r\u00e9former le secteur sanitaire en mettant l\u2019accent sur le financement, l'organisation et la gestion \u00e0 travers une approche multisectorielle. Pronon\u00e7ant ce vendredi son Discours de politique g\u00e9n\u00e9rale devant l'Assembl\u00e9e nationale, le chef du gouvernement a indiqu\u00e9 que L'\u00c9tat renforcera la mise en \u0153uvre de la [&hellip;]","og_url":"https:\/\/www.nettali.com\/2024\/12\/27\/sante-sonko-decline-les-grands-axes-pour-reformer-le-secteur\/","og_site_name":"Nettali.com","article_publisher":"https:\/\/www.facebook.com\/nettalicom","article_published_time":"2024-12-27T17:53:34+00:00","og_image":[{"width":972,"height":644,"url":"https:\/\/www.nettali.com\/wp-content\/uploads\/2024\/12\/ousmane-sonko-4.jpg","type":"image\/jpeg"}],"twitter_card":"summary_large_image","twitter_misc":{"\u00c9crit par":"Fatou","Dur\u00e9e de lecture estim\u00e9e":"2 minutes"},"schema":{"@context":"https:\/\/schema.org","@graph":[{"@type":"WebSite","@id":"https:\/\/www.nettali.com\/#website","url":"https:\/\/www.nettali.com\/","name":"Nettali.com","description":"Le rendez-vous critique du Net","potentialAction":[{"@type":"SearchAction","target":{"@type":"EntryPoint","urlTemplate":"https:\/\/www.nettali.com\/?s={search_term_string}"},"query-input":"required name=search_term_string"}],"inLanguage":"fr-FR"},{"@type":"ImageObject","@id":"https:\/\/www.nettali.com\/2024\/12\/27\/sante-sonko-decline-les-grands-axes-pour-reformer-le-secteur\/#primaryimage","inLanguage":"fr-FR","url":"https:\/\/www.nettali.com\/wp-content\/uploads\/2024\/12\/ousmane-sonko-4.jpg","contentUrl":"https:\/\/www.nettali.com\/wp-content\/uploads\/2024\/12\/ousmane-sonko-4.jpg","width":972,"height":644},{"@type":"WebPage","@id":"https:\/\/www.nettali.com\/2024\/12\/27\/sante-sonko-decline-les-grands-axes-pour-reformer-le-secteur\/#webpage","url":"https:\/\/www.nettali.com\/2024\/12\/27\/sante-sonko-decline-les-grands-axes-pour-reformer-le-secteur\/","name":"SANTE - Sonko d\u00e9cline les grands axes pour r\u00e9former le secteur | Nettali.com","isPartOf":{"@id":"https:\/\/www.nettali.com\/#website"},"primaryImageOfPage":{"@id":"https:\/\/www.nettali.com\/2024\/12\/27\/sante-sonko-decline-les-grands-axes-pour-reformer-le-secteur\/#primaryimage"},"datePublished":"2024-12-27T17:53:34+00:00","dateModified":"2024-12-27T17:53:34+00:00","author":{"@id":"https:\/\/www.nettali.com\/#\/schema\/person\/418274a86bdf87caff7a3ef476bd0bbf"},"breadcrumb":{"@id":"https:\/\/www.nettali.com\/2024\/12\/27\/sante-sonko-decline-les-grands-axes-pour-reformer-le-secteur\/#breadcrumb"},"inLanguage":"fr-FR","potentialAction":[{"@type":"ReadAction","target":["https:\/\/www.nettali.com\/2024\/12\/27\/sante-sonko-decline-les-grands-axes-pour-reformer-le-secteur\/"]}]},{"@type":"BreadcrumbList","@id":"https:\/\/www.nettali.com\/2024\/12\/27\/sante-sonko-decline-les-grands-axes-pour-reformer-le-secteur\/#breadcrumb","itemListElement":[{"@type":"ListItem","position":1,"name":"Accueil","item":"https:\/\/www.nettali.com\/"},{"@type":"ListItem","position":2,"name":"SANTE - Sonko d\u00e9cline les grands axes pour r\u00e9former le secteur"}]},{"@type":"Person","@id":"https:\/\/www.nettali.com\/#\/schema\/person\/418274a86bdf87caff7a3ef476bd0bbf","name":"Fatou","image":{"@type":"ImageObject","@id":"https:\/\/www.nettali.com\/#personlogo","inLanguage":"fr-FR","url":"https:\/\/secure.gravatar.com\/avatar\/5a9442a2bee7b4dcf167cab035858e9a?s=96&d=mm&r=g","contentUrl":"https:\/\/secure.gravatar.com\/avatar\/5a9442a2bee7b4dcf167cab035858e9a?s=96&d=mm&r=g","caption":"Fatou"},"sameAs":["https:\/\/www.nettali.com"]}]}},"_links":{"self":[{"href":"https:\/\/www.nettali.com\/rest\/wp\/v2\/posts\/146123"}],"collection":[{"href":"https:\/\/www.nettali.com\/rest\/wp\/v2\/posts"}],"about":[{"href":"https:\/\/www.nettali.com\/rest\/wp\/v2\/types\/post"}],"author":[{"embeddable":true,"href":"https:\/\/www.nettali.com\/rest\/wp\/v2\/users\/6"}],"replies":[{"embeddable":true,"href":"https:\/\/www.nettali.com\/rest\/wp\/v2\/comments?post=146123"}],"version-history":[{"count":3,"href":"https:\/\/www.nettali.com\/rest\/wp\/v2\/posts\/146123\/revisions"}],"predecessor-version":[{"id":146133,"href":"https:\/\/www.nettali.com\/rest\/wp\/v2\/posts\/146123\/revisions\/146133"}],"wp:featuredmedia":[{"embeddable":true,"href":"https:\/\/www.nettali.com\/rest\/wp\/v2\/media\/146101"}],"wp:attachment":[{"href":"https:\/\/www.nettali.com\/rest\/wp\/v2\/media?parent=146123"}],"wp:term":[{"taxonomy":"category","embeddable":true,"href":"https:\/\/www.nettali.com\/rest\/wp\/v2\/categories?post=146123"},{"taxonomy":"post_tag","embeddable":true,"href":"https:\/\/www.nettali.com\/rest\/wp\/v2\/tags?post=146123"}],"curies":[{"name":"wp","href":"https:\/\/api.w.org\/{rel}","templated":true}]}}