{"id":146091,"date":"2024-12-27T11:05:21","date_gmt":"2024-12-27T11:05:21","guid":{"rendered":"https:\/\/www.nettali.com\/?p=146091"},"modified":"2024-12-31T11:07:02","modified_gmt":"2024-12-31T11:07:02","slug":"idiovisuel-delire-dun-recidiviste","status":"publish","type":"post","link":"https:\/\/www.nettali.com\/2024\/12\/27\/idiovisuel-delire-dun-recidiviste\/","title":{"rendered":"IDIOVISUEL - D\u00e9lire d\u2019un r\u00e9cidiviste !"},"content":{"rendered":"<p><strong>NETTALI.COM - Des \u00ab tra\u00eetres \u00bb, nos chers tirailleurs ! Une d\u00e9claration sign\u00e9e Cheikh Oumar Diagne, le directeur des moyens g\u00e9n\u00e9raux de la pr\u00e9sidence de la r\u00e9publique. Un type de d\u00e9clarations fracassantes et pol\u00e9miques auxquelles, on commence \u00e0 s\u2019habituer chez lui. Une d\u00e9claration qui a fait sortir de leurs gonds, beaucoup d\u2019Africains et de s\u00e9n\u00e9galais \u00e0 travers les r\u00e9seaux sociaux et les m\u00e9dias.<\/strong><\/p>\n<p>\u00ab <em>Tra\u00eetres<\/em> \u00bb, un mot bien affligeant, une insulte m\u00eame, bien trop lourde \u00e0 encaisser pour les familles des tirailleurs et pour bon nombre d\u2019Africains, au regard du concert d\u2019indignations que cette sortie a suscit\u00e9.<\/p>\n<p>Tel un \u00e9lectron libre au c\u0153ur de la r\u00e9publique, il n\u2019en fait qu\u2019\u00e0 sa t\u00eate, heurtant en toute impunit\u00e9 les croyances et convictions. Beaucoup en sont d\u2019ailleurs \u00e0 se demander pourquoi l\u2019on continue \u00e0 tol\u00e9rer les d\u00e9rapages et provocations de ce monsieur.<\/p>\n<p>La posture de COD est en effet vue dans certains milieux intellectuels comme une sorte de r\u00e9visionnisme ou disons le \u00e9galement de n\u00e9gationnisme. La v\u00e9rit\u00e9 est que Cheikh Oumar Diagne n\u2019est pas \u00e0 son premier coup d\u2019essai. Il s\u2019\u00e9tait, rappelons-le attaqu\u00e9, il n\u2019 y a gu\u00e8re longtemps, aux confr\u00e9ries religieuses, arguant que les grands \u00e9v\u00e8nements religieux, sont des occasions de blanchir de l\u2019argent. Une sortie qui avait suscit\u00e9 une lev\u00e9e de boucliers avec des disciples et talib\u00e9s mourides qui \u00e9taient mont\u00e9s au cr\u00e9neau, le mena\u00e7ant de publiquement.<\/p>\n<p>Mais ce qui a sans doute d\u00fb davantage ulc\u00e9rer une bonne partie de l\u2019opinion, c\u2019est que l\u2019histoire r\u00e9cente des tirailleurs qui s\u2019\u00e9tait r\u00e9cemment invit\u00e9e dans l\u2019actualit\u00e9, avec la comm\u00e9moration du 80\u00e8me anniversaire du massacre de Thiaroye 44, au cours duquel, les tirailleurs ont \u00e9t\u00e9 honor\u00e9s, dit autre chose sur leur histoire. D\u2019ailleurs pour peu qu\u2019on analyse ce qui avait \u00e9t\u00e9 \u00e0 l\u2019origine de cette r\u00e9volte et de ce massacre de Thiaroye en 1944, que le gouvernement fran\u00e7ais a d\u2019ailleurs reconnu, est une affaire de r\u00e9clamation de droits et de reconnaissance de leurs sacrifices. Rien que cet argument aurait pu suffire pour que COD se rende \u00e0 l\u2019\u00e9vidence que les tirailleurs n\u2019acceptaient pas tout ; \u00e0 l\u2019\u00e9poque d\u2019ailleurs, ils n\u2019\u00e9taient pas citoyens s\u00e9n\u00e9galais et se battaient pour la France, le S\u00e9n\u00e9gal n\u2019existant pas encore.<\/p>\n<p><strong>Des tribunes d\u00e9truisent son argumentaire, COD campe sur sa position<\/strong><\/p>\n<p>Une sortie qui a choqu\u00e9 plus d\u2019un, \u00e0 tel point que c\u2019est un tsunami de tribunes de journalistes, d\u2019hommes politiques, de citoyens, etc qui ont afflu\u00e9 dans les colonnes des journaux et partag\u00e9es sur les r\u00e9seaux sociaux, dans le but \u00e9videmment de d\u00e9construire l\u2019argumentaire tr\u00e8s d\u00e9sinvolte de COD.<\/p>\n<p>Dans une tribune intitul\u00e9e \u00ab <em>Attention \u00e0 ne pas d\u00e9former l\u2019histoire<\/em> \u00bb, le colonel de Gendarmerie \u00e0 la retraite, Abdoulaye Aziz Ndao, au fait de ces questions d\u2019histoires, demande de faire la diff\u00e9rence entre les Tirailleurs et les Spahis, faisant valoir que \u00ab <em>leurs histoires sont tr\u00e8s diff\u00e9rentes et nullement li\u00e9es <\/em>\u00bb.<\/p>\n<p>De l\u2019avis du colonel, \u00ab <em>les spahis r\u00e9pondent \u00e0 certaines traditions de l\u2019Arm\u00e9e fran\u00e7aise dont l\u2019origine se trouve d\u2019une part \u00e0 la conqu\u00eate de l\u2019\u00c9gypte pendant la r\u00e9volution o\u00f9 Napol\u00e9on entame la conqu\u00eate de l\u2019Alg\u00e9rie d\u2019autre part \u00bb. \u00ab Les tirailleurs, poursuit-il, sont un autre corps de l\u2019arm\u00e9e fran\u00e7aise (\u2026) C\u2019est le g\u00e9n\u00e9ral Faidherbe qui a deux types de troupe pour conqu\u00e9rir le S\u00e9n\u00e9gal (infanterie coloniale dont il est membre avec Pinet Laprade et Canard Val\u00e8re) et spahis qui viennent d\u2019Alg\u00e9rie qui cr\u00e9e le corps des tirailleurs s\u00e9n\u00e9galais.<\/em> \u00bb<\/p>\n<p>\u00ab Ce corps, a-t-il inform\u00e9, \u00ab <em>est cr\u00e9\u00e9 et recrut\u00e9 \u00e0 partir de 1857 parmi des volontaires, des esclaves, des prisonniers et autres pour constituer une force suppl\u00e9tive \u00e0 la disposition des autorit\u00e9s coloniales et permettre ainsi \u00e0 la France de mener ses ambitions et conqu\u00e9rir des territoires. Cette force encadr\u00e9e par des officiers fran\u00e7ais et des spahis va conqu\u00e9rir le S\u00e9n\u00e9gal en domptant la plupart des rebellions et en consolidant les conqu\u00eates territoriales. Telle est sa premi\u00e8re vocation<\/em> \u00bb<\/p>\n<p>\u00ab E<em>nsuite vient une deuxi\u00e8me phase de l\u2019\u00e9volution des tirailleurs durant laquelle, cette force noire est impliqu\u00e9e dans les deux guerres mondiales. Avec l\u2019aide de Blaise Diagne, la France recrute plus de 300.000 hommes dans les colonies pour les faire participer \u00e0 la guerre. Autant il y a des tirailleurs s\u00e9n\u00e9galais (nom g\u00e9n\u00e9rique) pour tous les Noirs autant il y a des tirailleurs alg\u00e9riens, marocains tunisiens et autres. C\u2019est une arm\u00e9e indig\u00e8ne qui sous forme de volontariat et parfois de force participe \u00e0 la guerre. Les tirailleurs vont s\u2019illustrer aussi bien sur le front qu\u2019en Gr\u00e8ce et en Lybie lors des deux guerres. La France libre de Brazzaville s\u2019appuiera sur cette force<\/em> \u00bb, nous apprend le Colonel Ndao.<\/p>\n<p>Cette force noire principale composante de la premi\u00e8re arm\u00e9e fran\u00e7aise de De Lattre de Tassigny d\u00e9barquera \u00e0 Provence et lib\u00e9ra le Sud et le centre de la France.<\/p>\n<p>Convaincue de la victoire et du succ\u00e8s des d\u00e9barquements, De Gaulle \u2018\u2019reblanchira\u2019\u2019 l\u2019arm\u00e9e fran\u00e7aise et va rapatrier la force suppl\u00e9tive avec un calcul froid et m\u00e9chant qui aboutira \u00e0 Thiaroye 44. \u00bb, ajoute Abdoulaye Aziz Ndao.<\/p>\n<p>\u00ab <em>La troisi\u00e8me phase, rel\u00e8ve toujours le colonel, est la p\u00e9riode apr\u00e8s la guerre o\u00f9 la France reprendra ses m\u00e9thodes coloniales avec l\u2019emploi des tirailleurs \u00e0 Madagascar par une r\u00e9pression sanglante contre toute contestation des populations, puis en Indochine et en Alg\u00e9rie. Il reste \u00e0 signaler que la deuxi\u00e8me phase donc l\u2019emploi du R\u00e9giment des Tirailleurs S\u00e9n\u00e9galais (RTS) en Europe a beaucoup contribu\u00e9 dans l\u2019\u00e9mancipation des peuples colonis\u00e9s. Les tirailleurs qui se sont illustr\u00e9s sur les champs de bataille ont d\u00e9mythifi\u00e9 les Blancs et vont r\u00e9clamer des droits \u00e0 la dimension de leur courage, de leur engagement et de leur sacrifice <\/em>\u00bb, conclut le colonel.<\/p>\n<p>Une autre contribution, celle d\u2019un professeur d\u2019Histoire et de G\u00e9ographie M. Coulibaly est venue pr\u00e9ciser certains faits historiques. Elle fait en effet valoir que les tirailleurs s\u00e9n\u00e9galais ont vers\u00e9 leur sang sur des champs de bataille qui ne leur appartenaient pas, souvent pour des causes europ\u00e9ennes. Beaucoup sont morts, et leur contribution a largement \u00e9t\u00e9 reconnue, m\u00eame si ce fut tardivement. De m\u00eame, a-t-il rappel\u00e9, apr\u00e8s leur service, nombre d\u2019entre eux ont particip\u00e9 aux luttes pour l\u2019ind\u00e9pendance de leurs pays, d\u00e9non\u00e7ant l\u2019oppression coloniale. Ils ne se sont donc pas limit\u00e9s \u00e0 servir les int\u00e9r\u00eats fran\u00e7ais, mais ont aussi contribu\u00e9 \u00e0 l\u2019\u00e9mancipation de leurs propres peuples. Il serait donc injuste, selon lui, de les condamner sans tenir compte de ce contexte post-colonial.<\/p>\n<p>De plus en plus, a-t-il conclu, leur m\u00e9moire est r\u00e9habilit\u00e9e et c\u00e9l\u00e9br\u00e9e, en particulier au S\u00e9n\u00e9gal et en Afrique, o\u00f9 ils sont per\u00e7us comme des h\u00e9ros ayant sacrifi\u00e9 leur vie pour leur patrie, bien que cette patrie ait \u00e9t\u00e9 alors sous domination coloniale. Donc, selon lui, traiter les tirailleurs s\u00e9n\u00e9galais de tra\u00eetres, est une interpr\u00e9tation qui ignore le contexte historique complexe dans lequel ces hommes ont \u00e9volu\u00e9.<\/p>\n<p>Des contributions et r\u00e9ponses, il y en a eues \u00e0 la pelle qui sont all\u00e9es dans le m\u00eame sens de d\u00e9construire l\u2019affirmation de COD.<br \/>\nMais face \u00e0 la controverse, Cheikh Oumar Diagne a camp\u00e9 sur sa position en r\u00e9affirmant ses d\u00e9clarations. \u00ab <em>Aux amis, je conseille d\u2019aller suivre l\u2019int\u00e9gralit\u00e9 de l\u2019interview sur Fafa TV avant de se faire une religion car dans ce pays, il y a des individus qui travaillent dans la fabrique de pol\u00e9miques<\/em> \u00bb, peut-on lire sur sa page facebook. Il est en tout cas bien gonfl\u00e9 celui-l\u00e0 pour oser qualifier certains individus de fabrique de pol\u00e9miques.<\/p>\n<p>Poursuivant son propos, il encha\u00eene : \u00ab <em>Quand on se bat contre ceux qui r\u00e9sistent, quand l\u2019on se bat dans les fronts de d\u00e9colonisation (Alg\u00e9rie, Indochine, etc) pour maintenir la domination, quand l\u2019on se bat pour l\u2019oppresseur (la France), dites-moi comment devrais-je les appeler ??? Comment pouvons-nous d\u00e9tester Faidherbe pour ce qu\u2019il a fait et aimer son bras arm\u00e9 (les tirailleurs) ? Comment on peut clasher Blaise Diagne (le grand recruteur) et aimer les recrut\u00e9s ? Durant la colonisation, il y avait les r\u00e9sistants \u00e0 l\u2019ordre colonial (les h\u00e9ros), ceux qui participaient \u00e0 la domination coloniale (les tra\u00eetres) et les neutres. Dites-nous dans quel groupe \u00e9taient les tirailleurs ?<\/em> \u00bb, lit \u2013 on dans un post sur sa page Facebook.<\/p>\n<p>A lire son argumentaire au demeurant bien simpliste dans sa mani\u00e8re de l\u2019asseoir, l\u2019on est aussit\u00f4t frapp\u00e9 par la d\u00e9sinvolture et la l\u00e9g\u00e8ret\u00e9 avec lesquelles, il l\u2019a men\u00e9. De petites interrogations suivies de d\u00e9ductions simples comme si l\u2019histoire des tirailleurs ne s\u2019est d\u00e9roul\u00e9e qu\u2019en une seule phase ; qu\u2019elle n\u2019a pas \u00e9volu\u00e9 dans le temps ; qu\u2019elle n\u2019est pas le fruit d\u2019un contexte et qu\u2019elle n\u2019est pas influenc\u00e9e par la mentalit\u00e9 de l\u2019\u00e9poque, etc<\/p>\n<p>Il a d\u00fb sans doute oublier qu\u2019on \u00e9tait au 19\u00e8me si\u00e8cle et que la grande majorit\u00e9 de ces tirailleurs \u00e9taient enr\u00f4l\u00e9s de force, dans des conditions souvent brutales. Un autre \u00e9l\u00e9ment qu\u2019il semble volontairement occulter, c\u2019est que le S\u00e9n\u00e9gal n\u2019existait pas \u00e0 l\u2019\u00e9poque, ce qui veut dire que ces tirailleurs servaient plut\u00f4t la France. Tout cela pour dire que son argumentaire s\u2019effondre comme un ch\u00e2teau de cartes en r\u00e9alisant qu\u2019il est men\u00e9 sans recul, sans pr\u00e9caution et sans la moindre volont\u00e9 de s\u2019appliquer une certaine rigueur dans l\u2019analyse. Pour l\u2019intellectuel dont il se pr\u00e9vaut, COD est tout simplement \u00e0 c\u00f4t\u00e9 de la plaque et a rat\u00e9 l\u2019occasion de se taire encore une fois.<\/p>\n<p>Un travail sur un tel sujet est assur\u00e9ment celui d\u2019un historien. En effet dans son travail, l\u2019homme de l\u2019art produit des recherches originales en rapportant des faits pass\u00e9s, en les cat\u00e9gorisant, puis en en proposant une interpr\u00e9tation \u00e9quilibr\u00e9e et justifi\u00e9e par des sources.<\/p>\n<p><strong>Une pr\u00e9sence de plus en plus encombrante au palais<\/strong><\/p>\n<p>L\u2019autre question que l\u2019on peut raisonnablement se poser, est de savoir comment Cheikh Oumar Diagne, en tant que collaborateur du pr\u00e9sident de la r\u00e9publique, a-t-il pu ramer \u00e0 contre-courant de l\u2019action de son patron ? Il l\u2019a non seulement contredit mais a aussi d\u00e9savou\u00e9 son action au passage, alors que lui s\u2019est depuis quelques temps r\u00e9solument inscrit dans une logique de r\u00e9appropriation positive de notre m\u00e9moire collective et de nos symboles ? C\u2019est un vrai coup de poignard qu\u2019il a plant\u00e9 dans le dos de Diomaye Faye qui lui a fait confiance en le nommant et doit sans doute \u00eatre bien d\u00e9pit\u00e9 face \u00e0 tout son travail m\u00e9moriel qui est en train d\u2019\u00eatre ruin\u00e9. Pour un collaborateur, COD est devenu bien encombrant, tant il semble avoir un permis de tout dire et de tout faire, tel un \u00e9l\u00e9phant dans un magasin de porcelaine.<\/p>\n<p>M\u00eame le Premier ministre Ousmane Sonko, lors de sa d\u00e9claration de politique g\u00e9n\u00e9rale de ce vendredi 27 d\u00e9cembre, a d\u00e9fendu la m\u00e9moire de ces soldats, saluant leur courage face \u00e0 l'injustice, tout en d\u00e9clarant avec fermet\u00e9 que \"l<em>e 1er d\u00e9cembre 1944, \u00e0 Thiaroye, des hommes s\u00e9n\u00e9galais, aux c\u00f4t\u00e9s de leurs fr\u00e8res africains, ont pr\u00e9f\u00e9r\u00e9 mourir par dizaines plut\u00f4t que de subir l'injustice et le d\u00e9shonneur<\/em>\".<\/p>\n<p>Mais auparavant, la veille de la DPG, la sortie du porte-parole du gouvernement Moustapha Ndiek Sarr\u00e9 en total d\u00e9saccord avec les propos de COD, a laiss\u00e9 poindre un sentiment de d\u00e9solation, mais en m\u00eame temps que de la prudence, demandant \u00e0 demi-mot, le limogeage de celui-ci. \u00ab <em>Rien n\u2019emp\u00eache le pr\u00e9sident de la R\u00e9publique de prendre des mesures pour sanctionner Cheikh Oumar Diagne. Le pr\u00e9sident est quelqu\u2019un de tr\u00e8s mesur\u00e9 et de tr\u00e8s pos\u00e9. Quand il prend une d\u00e9cision, c\u2019est une d\u00e9cision tr\u00e8s r\u00e9fl\u00e9chie. Pour le moment, laissons-le<\/em> \u00bb, a-t-il soutenu, soulignant que la \u00ab <em>d\u00e9cision de limoger le directeur des moyens g\u00e9n\u00e9raux de la pr\u00e9sidence d\u00e9pendra du chef de l\u2019Etat . Je ne saurais prendre une d\u00e9cision \u00e0 sa place. Ce qui est s\u00fbr, c\u2019est que je vous ai donn\u00e9 ma position \u00e0 moi. Je suis en total d\u00e9phasage avec ce que monsieur Cheikh Oumar Diagne a dit. Je consid\u00e8re que ces tirailleurs sont des h\u00e9ros de la Nation<\/em> \u00bb rel\u00e8ve-t-il.<\/p>\n<p>Une sortie pour le moins incongrue qui laisse penser que les violons ne sont pas bien accord\u00e9s au sommet de l\u2019Etat. Il y a quelque part o\u00f9 la machine grince et qu\u2019on ne nous dit pas. Ce n\u2019est pas en effet la premi\u00e8re fois que le pr\u00e9sident Diomaye Faye est victime de contestation voire de d\u00e9saccord dans le cas de COD. La sortie du directeur g\u00e9n\u00e9ral du Port autonome de Dakar, Waly Diouf Bodiang, celui de l\u2019ARTP Dahirou Thiam, du d\u00e9put\u00e9 Guy Marius Sagna ainsi que la section Pastef de Grand Dakar sont l\u00e0 pour nous rappeler que ceux-l\u00e0 s\u2019\u00e9taient offusqu\u00e9s de la nomination de Samba Ndiaye au poste de Pr\u00e9sident de conseil d\u2019administration avec un Ousmane Sonko qui avait saut\u00e9 sur la fronde et pour annoncer que des \u00ab <em>mesures correctives seraient sans doute envisag\u00e9es par le pr\u00e9sident de la R\u00e9publique<\/em> \u00bb. Une situation tellement embarrassante que ce dernier s\u2019\u00e9tait senti oblig\u00e9 de se prononcer dans un discours \u00e0 la nation, exhortant les militants \u00e0 tourner la page. Le PR avait ainsi estim\u00e9 que les erreurs du pass\u00e9 doivent \u00eatre pardonn\u00e9es et surpass\u00e9es dans un esprit de r\u00e9conciliation nationale.<\/p>\n<p>COD a encore une fois de plus cr\u00e9\u00e9 une pol\u00e9mique, apr\u00e8s celle n\u00e9e de la prise en charge des h\u00f4tes de Touba et des secousses provoqu\u00e9es dans les foyers religieux.<\/p>\n<p>Des propos sur les tirailleurs, en somme bien dangereux qui portent sans aucun doute, atteinte \u00e0 la m\u00e9moire de tout le peuple africain et de ses croyances. Ils viennent davantage embrouiller certains esprits peu pr\u00e9par\u00e9s \u00e0 d\u00e9crypter et \u00e0 comprendre des affirmations aussi l\u00e9g\u00e8res qui ne reposent sur aucun fait historique indiscutable, mais plut\u00f4t sur de la d\u00e9sinvolture, de la gratuit\u00e9 dans les arguments, sans oublier ce besoin de provocation, finalement tous bas\u00e9s au fond que sur les \u00e9tats d\u2019\u00e2me de COD. Le besoin de buzz et d\u2019exister ne serait certainement pas \u00e0 exclure pour le chef de parti dont on oublie parfois qu\u2019il en est, son existence n\u2019\u00e9tant que m\u00e9diatique et son parti inconnu au bataillon.<\/p>\n<p>L\u2019on ne peut de toute fa\u00e7on ne pas attribuer au Pr\u00e9sident Diomaye Faye, tout le m\u00e9rite d\u2019avoir encourag\u00e9 cette dynamique pour restaurer la m\u00e9moire et la dignit\u00e9 des tirailleurs s\u00e9n\u00e9galais, une \"<em>histoire commune avec 16 pays africains fr\u00e8res<\/em>\", sans oublier l\u2019enseignement de l\u2019histoire de Thiaroye dans les curricula \u00e0 venir. Celui-ci avait par ailleurs indiqu\u00e9 qu\u2019un M\u00e9morial \u00e0 l\u2019honneur des tirailleurs sera \u00e9rig\u00e9 \u00e0 Thiaroye ; de m\u00eame qu\u2019 un centre de documentation et de recherche d\u00e9di\u00e9 \"pour conserver la m\u00e9moire\" de ces soldats africains ayant particip\u00e9 \u00e0 la lib\u00e9ration de la France du joug nazi.<\/p>\n<p>Sur un autre plan, nous devons davantage veiller \u00e0 ce que le traitement de questions aussi pointues et complexes soit laiss\u00e9 \u00e0 la discr\u00e9tion de sp\u00e9cialistes, en l\u2019occurrence dans ce cas-ci, aux historiens. Cheikh Oumar Diagne a occup\u00e9 les m\u00e9dias pendant un certain temps au point de susciter la sortie du porte-parole du gouvernement. Qu'est-ce qu'il nous a apport\u00e9 ? Sinon des doutes et de la mauvaise conscience aupr\u00e8s de certaines personnes en ce qui concerne la question des tirailleurs. Ce qui veut dire que parfois, un individu sans autorit\u00e9 sur un sujet donn\u00e9, peut l\u2019installer dans le d\u00e9bat public, arriver \u00e0 nous distraire et nous \u00e9carter des question essentielles, alors qu\u2019il y a tant de chantiers \u00e0 entreprendre et de combats \u00e0 mener dans ce pays. Dans un pays organis\u00e9, tout individu ne devrait pas prendre la parole sur tout sujet. Mais avec les r\u00e9seaux sociaux o\u00f9 chaque voix compte d\u00e9sormais autant que l\u2019autre et un d\u00e9bat public est de plus en plus pollu\u00e9, envahi qu\u2019il est par les r\u00e9seaux sociaux, il est question de r\u00e9fl\u00e9chir aux voies et moyens de r\u00e9organiser l\u2019espace public.<\/p>\n<div class='share-to-whatsapp-wrapper'><div class='share-on-whsp'>PARTAGER SUR : <\/div><a data-text='IDIOVISUEL - D\u00e9lire d\u2019un r\u00e9cidiviste !' data-link='https:\/\/www.nettali.com\/2024\/12\/27\/idiovisuel-delire-dun-recidiviste\/' class='whatsapp-button whatsapp-share'>WhatsApp<\/a><div class='clear '><\/div><\/div>","protected":false},"excerpt":{"rendered":"<p>NETTALI.COM - Des \u00ab tra\u00eetres \u00bb, nos chers tirailleurs ! Une d\u00e9claration sign\u00e9e Cheikh Oumar Diagne, le directeur des moyens g\u00e9n\u00e9raux de la pr\u00e9sidence de la r\u00e9publique. Un type de d\u00e9clarations fracassantes et pol\u00e9miques auxquelles, on commence \u00e0 s\u2019habituer chez lui. Une d\u00e9claration qui a fait sortir de leurs gonds, beaucoup d\u2019Africains et de s\u00e9n\u00e9galais [&hellip;]<\/p>\n","protected":false},"author":2,"featured_media":146071,"comment_status":"open","ping_status":"open","sticky":false,"template":"","format":"standard","meta":{"_et_pb_use_builder":"","_et_pb_old_content":""},"categories":[9],"tags":[],"yoast_head":"<!-- This site is optimized with the Yoast SEO Premium plugin v17.8 (Yoast SEO v17.8) - https:\/\/yoast.com\/wordpress\/plugins\/seo\/ -->\n<title>IDIOVISUEL - D\u00e9lire d\u2019un r\u00e9cidiviste ! | Nettali.com<\/title>\n<meta name=\"robots\" content=\"index, follow, max-snippet:-1, max-image-preview:large, max-video-preview:-1\" \/>\n<link rel=\"canonical\" href=\"https:\/\/www.nettali.com\/2024\/12\/27\/idiovisuel-delire-dun-recidiviste\/\" \/>\n<meta property=\"og:locale\" content=\"fr_FR\" \/>\n<meta property=\"og:type\" content=\"article\" \/>\n<meta property=\"og:title\" content=\"IDIOVISUEL - D\u00e9lire d\u2019un r\u00e9cidiviste !\" \/>\n<meta property=\"og:description\" content=\"NETTALI.COM - Des \u00ab tra\u00eetres \u00bb, nos chers tirailleurs ! Une d\u00e9claration sign\u00e9e Cheikh Oumar Diagne, le directeur des moyens g\u00e9n\u00e9raux de la pr\u00e9sidence de la r\u00e9publique. Un type de d\u00e9clarations fracassantes et pol\u00e9miques auxquelles, on commence \u00e0 s\u2019habituer chez lui. Une d\u00e9claration qui a fait sortir de leurs gonds, beaucoup d\u2019Africains et de s\u00e9n\u00e9galais [&hellip;]\" \/>\n<meta property=\"og:url\" content=\"https:\/\/www.nettali.com\/2024\/12\/27\/idiovisuel-delire-dun-recidiviste\/\" \/>\n<meta property=\"og:site_name\" content=\"Nettali.com\" \/>\n<meta property=\"article:publisher\" content=\"https:\/\/www.facebook.com\/nettalicom\" \/>\n<meta property=\"article:published_time\" content=\"2024-12-27T11:05:21+00:00\" \/>\n<meta property=\"article:modified_time\" content=\"2024-12-31T11:07:02+00:00\" \/>\n<meta property=\"og:image\" content=\"https:\/\/www.nettali.com\/wp-content\/uploads\/2024\/12\/diagne-tirailleurs-senegalais.jpg\" \/>\n\t<meta property=\"og:image:width\" content=\"1280\" \/>\n\t<meta property=\"og:image:height\" content=\"600\" \/>\n<meta name=\"twitter:card\" content=\"summary_large_image\" \/>\n<meta name=\"twitter:label1\" content=\"\u00c9crit par\" \/>\n\t<meta name=\"twitter:data1\" content=\"CK\" \/>\n\t<meta name=\"twitter:label2\" content=\"Dur\u00e9e de lecture estim\u00e9e\" \/>\n\t<meta name=\"twitter:data2\" content=\"13 minutes\" \/>\n<script type=\"application\/ld+json\" class=\"yoast-schema-graph\">{\"@context\":\"https:\/\/schema.org\",\"@graph\":[{\"@type\":\"WebSite\",\"@id\":\"https:\/\/www.nettali.com\/#website\",\"url\":\"https:\/\/www.nettali.com\/\",\"name\":\"Nettali.com\",\"description\":\"Le rendez-vous critique du Net\",\"potentialAction\":[{\"@type\":\"SearchAction\",\"target\":{\"@type\":\"EntryPoint\",\"urlTemplate\":\"https:\/\/www.nettali.com\/?s={search_term_string}\"},\"query-input\":\"required name=search_term_string\"}],\"inLanguage\":\"fr-FR\"},{\"@type\":\"ImageObject\",\"@id\":\"https:\/\/www.nettali.com\/2024\/12\/27\/idiovisuel-delire-dun-recidiviste\/#primaryimage\",\"inLanguage\":\"fr-FR\",\"url\":\"https:\/\/www.nettali.com\/wp-content\/uploads\/2024\/12\/diagne-tirailleurs-senegalais.jpg\",\"contentUrl\":\"https:\/\/www.nettali.com\/wp-content\/uploads\/2024\/12\/diagne-tirailleurs-senegalais.jpg\",\"width\":1280,\"height\":600},{\"@type\":\"WebPage\",\"@id\":\"https:\/\/www.nettali.com\/2024\/12\/27\/idiovisuel-delire-dun-recidiviste\/#webpage\",\"url\":\"https:\/\/www.nettali.com\/2024\/12\/27\/idiovisuel-delire-dun-recidiviste\/\",\"name\":\"IDIOVISUEL - D\\u00e9lire d\\u2019un r\\u00e9cidiviste ! | Nettali.com\",\"isPartOf\":{\"@id\":\"https:\/\/www.nettali.com\/#website\"},\"primaryImageOfPage\":{\"@id\":\"https:\/\/www.nettali.com\/2024\/12\/27\/idiovisuel-delire-dun-recidiviste\/#primaryimage\"},\"datePublished\":\"2024-12-27T11:05:21+00:00\",\"dateModified\":\"2024-12-31T11:07:02+00:00\",\"author\":{\"@id\":\"https:\/\/www.nettali.com\/#\/schema\/person\/d8ac7b7e27ddad43f1c0d2ef090d7f71\"},\"breadcrumb\":{\"@id\":\"https:\/\/www.nettali.com\/2024\/12\/27\/idiovisuel-delire-dun-recidiviste\/#breadcrumb\"},\"inLanguage\":\"fr-FR\",\"potentialAction\":[{\"@type\":\"ReadAction\",\"target\":[\"https:\/\/www.nettali.com\/2024\/12\/27\/idiovisuel-delire-dun-recidiviste\/\"]}]},{\"@type\":\"BreadcrumbList\",\"@id\":\"https:\/\/www.nettali.com\/2024\/12\/27\/idiovisuel-delire-dun-recidiviste\/#breadcrumb\",\"itemListElement\":[{\"@type\":\"ListItem\",\"position\":1,\"name\":\"Accueil\",\"item\":\"https:\/\/www.nettali.com\/\"},{\"@type\":\"ListItem\",\"position\":2,\"name\":\"IDIOVISUEL - D\\u00e9lire d\\u2019un r\\u00e9cidiviste !\"}]},{\"@type\":\"Person\",\"@id\":\"https:\/\/www.nettali.com\/#\/schema\/person\/d8ac7b7e27ddad43f1c0d2ef090d7f71\",\"name\":\"CK\",\"image\":{\"@type\":\"ImageObject\",\"@id\":\"https:\/\/www.nettali.com\/#personlogo\",\"inLanguage\":\"fr-FR\",\"url\":\"https:\/\/secure.gravatar.com\/avatar\/1d8d5118b9327d94da7cd4ce7f17fec2?s=96&d=mm&r=g\",\"contentUrl\":\"https:\/\/secure.gravatar.com\/avatar\/1d8d5118b9327d94da7cd4ce7f17fec2?s=96&d=mm&r=g\",\"caption\":\"CK\"},\"sameAs\":[\"https:\/\/www.nettali.com\"]}]}<\/script>\n<!-- \/ Yoast SEO Premium plugin. -->","yoast_head_json":{"title":"IDIOVISUEL - D\u00e9lire d\u2019un r\u00e9cidiviste ! | Nettali.com","robots":{"index":"index","follow":"follow","max-snippet":"max-snippet:-1","max-image-preview":"max-image-preview:large","max-video-preview":"max-video-preview:-1"},"canonical":"https:\/\/www.nettali.com\/2024\/12\/27\/idiovisuel-delire-dun-recidiviste\/","og_locale":"fr_FR","og_type":"article","og_title":"IDIOVISUEL - D\u00e9lire d\u2019un r\u00e9cidiviste !","og_description":"NETTALI.COM - Des \u00ab tra\u00eetres \u00bb, nos chers tirailleurs ! Une d\u00e9claration sign\u00e9e Cheikh Oumar Diagne, le directeur des moyens g\u00e9n\u00e9raux de la pr\u00e9sidence de la r\u00e9publique. Un type de d\u00e9clarations fracassantes et pol\u00e9miques auxquelles, on commence \u00e0 s\u2019habituer chez lui. Une d\u00e9claration qui a fait sortir de leurs gonds, beaucoup d\u2019Africains et de s\u00e9n\u00e9galais [&hellip;]","og_url":"https:\/\/www.nettali.com\/2024\/12\/27\/idiovisuel-delire-dun-recidiviste\/","og_site_name":"Nettali.com","article_publisher":"https:\/\/www.facebook.com\/nettalicom","article_published_time":"2024-12-27T11:05:21+00:00","article_modified_time":"2024-12-31T11:07:02+00:00","og_image":[{"width":1280,"height":600,"url":"https:\/\/www.nettali.com\/wp-content\/uploads\/2024\/12\/diagne-tirailleurs-senegalais.jpg","type":"image\/jpeg"}],"twitter_card":"summary_large_image","twitter_misc":{"\u00c9crit par":"CK","Dur\u00e9e de lecture estim\u00e9e":"13 minutes"},"schema":{"@context":"https:\/\/schema.org","@graph":[{"@type":"WebSite","@id":"https:\/\/www.nettali.com\/#website","url":"https:\/\/www.nettali.com\/","name":"Nettali.com","description":"Le rendez-vous critique du Net","potentialAction":[{"@type":"SearchAction","target":{"@type":"EntryPoint","urlTemplate":"https:\/\/www.nettali.com\/?s={search_term_string}"},"query-input":"required name=search_term_string"}],"inLanguage":"fr-FR"},{"@type":"ImageObject","@id":"https:\/\/www.nettali.com\/2024\/12\/27\/idiovisuel-delire-dun-recidiviste\/#primaryimage","inLanguage":"fr-FR","url":"https:\/\/www.nettali.com\/wp-content\/uploads\/2024\/12\/diagne-tirailleurs-senegalais.jpg","contentUrl":"https:\/\/www.nettali.com\/wp-content\/uploads\/2024\/12\/diagne-tirailleurs-senegalais.jpg","width":1280,"height":600},{"@type":"WebPage","@id":"https:\/\/www.nettali.com\/2024\/12\/27\/idiovisuel-delire-dun-recidiviste\/#webpage","url":"https:\/\/www.nettali.com\/2024\/12\/27\/idiovisuel-delire-dun-recidiviste\/","name":"IDIOVISUEL - D\u00e9lire d\u2019un r\u00e9cidiviste ! | Nettali.com","isPartOf":{"@id":"https:\/\/www.nettali.com\/#website"},"primaryImageOfPage":{"@id":"https:\/\/www.nettali.com\/2024\/12\/27\/idiovisuel-delire-dun-recidiviste\/#primaryimage"},"datePublished":"2024-12-27T11:05:21+00:00","dateModified":"2024-12-31T11:07:02+00:00","author":{"@id":"https:\/\/www.nettali.com\/#\/schema\/person\/d8ac7b7e27ddad43f1c0d2ef090d7f71"},"breadcrumb":{"@id":"https:\/\/www.nettali.com\/2024\/12\/27\/idiovisuel-delire-dun-recidiviste\/#breadcrumb"},"inLanguage":"fr-FR","potentialAction":[{"@type":"ReadAction","target":["https:\/\/www.nettali.com\/2024\/12\/27\/idiovisuel-delire-dun-recidiviste\/"]}]},{"@type":"BreadcrumbList","@id":"https:\/\/www.nettali.com\/2024\/12\/27\/idiovisuel-delire-dun-recidiviste\/#breadcrumb","itemListElement":[{"@type":"ListItem","position":1,"name":"Accueil","item":"https:\/\/www.nettali.com\/"},{"@type":"ListItem","position":2,"name":"IDIOVISUEL - D\u00e9lire d\u2019un r\u00e9cidiviste !"}]},{"@type":"Person","@id":"https:\/\/www.nettali.com\/#\/schema\/person\/d8ac7b7e27ddad43f1c0d2ef090d7f71","name":"CK","image":{"@type":"ImageObject","@id":"https:\/\/www.nettali.com\/#personlogo","inLanguage":"fr-FR","url":"https:\/\/secure.gravatar.com\/avatar\/1d8d5118b9327d94da7cd4ce7f17fec2?s=96&d=mm&r=g","contentUrl":"https:\/\/secure.gravatar.com\/avatar\/1d8d5118b9327d94da7cd4ce7f17fec2?s=96&d=mm&r=g","caption":"CK"},"sameAs":["https:\/\/www.nettali.com"]}]}},"_links":{"self":[{"href":"https:\/\/www.nettali.com\/rest\/wp\/v2\/posts\/146091"}],"collection":[{"href":"https:\/\/www.nettali.com\/rest\/wp\/v2\/posts"}],"about":[{"href":"https:\/\/www.nettali.com\/rest\/wp\/v2\/types\/post"}],"author":[{"embeddable":true,"href":"https:\/\/www.nettali.com\/rest\/wp\/v2\/users\/2"}],"replies":[{"embeddable":true,"href":"https:\/\/www.nettali.com\/rest\/wp\/v2\/comments?post=146091"}],"version-history":[{"count":6,"href":"https:\/\/www.nettali.com\/rest\/wp\/v2\/posts\/146091\/revisions"}],"predecessor-version":[{"id":146110,"href":"https:\/\/www.nettali.com\/rest\/wp\/v2\/posts\/146091\/revisions\/146110"}],"wp:featuredmedia":[{"embeddable":true,"href":"https:\/\/www.nettali.com\/rest\/wp\/v2\/media\/146071"}],"wp:attachment":[{"href":"https:\/\/www.nettali.com\/rest\/wp\/v2\/media?parent=146091"}],"wp:term":[{"taxonomy":"category","embeddable":true,"href":"https:\/\/www.nettali.com\/rest\/wp\/v2\/categories?post=146091"},{"taxonomy":"post_tag","embeddable":true,"href":"https:\/\/www.nettali.com\/rest\/wp\/v2\/tags?post=146091"}],"curies":[{"name":"wp","href":"https:\/\/api.w.org\/{rel}","templated":true}]}}