{"id":146048,"date":"2024-12-26T17:43:50","date_gmt":"2024-12-26T17:43:50","guid":{"rendered":"https:\/\/www.nettali.com\/?p=146048"},"modified":"2024-12-26T17:43:50","modified_gmt":"2024-12-26T17:43:50","slug":"propos-insultants-sur-les-tirailleurs-le-ministre-porte-parole-du-gouvernement-recadre-cheikh-oumar-diagne","status":"publish","type":"post","link":"https:\/\/www.nettali.com\/2024\/12\/26\/propos-insultants-sur-les-tirailleurs-le-ministre-porte-parole-du-gouvernement-recadre-cheikh-oumar-diagne\/","title":{"rendered":"PROPOS \"INSULTANTS \" SUR LES TIRAILLEURS- Le ministre porte-parole du gouvernement recadre Cheikh Oumar Diagne"},"content":{"rendered":"<p><strong>NETTALI.COM - Le ministre porte-parole du gouvernement d\u00e9sapprouve la sortie de Cheikh Oumar Diagne qui a trait\u00e9 les tirailleurs de tra\u00eetres. Moustapha Ndieck Sarr\u00e9 estime que le directeur des moyens g\u00e9n\u00e9raux de la pr\u00e9sidence de la R\u00e9publique \"s'est lourdement tromp\u00e9\"<\/strong><\/p>\n<p>Le directeur des moyens g\u00e9n\u00e9raux de la pr\u00e9sidence de la R\u00e9publique ravive encore la pol\u00e9mique. Cheikh Oumar Diagne a qualifi\u00e9 les tirailleurs de tra\u00eetres. Selon le ministre porte-parole du Gouvernement, Moustapha Sarr\u00e9 , M. Diagne a faut\u00e9. \u00ab<em> Je consid\u00e8re que monsieur Diagne s\u2019est lourdement tromp\u00e9. Ces tirailleurs ne sauraient \u00eatre consid\u00e9r\u00e9s comme des tra\u00eetres parce qu\u2019il faut bien les juger dans le contexte dans lequel ils vivaient. C\u2019\u00e9taient des Fran\u00e7ais comme nous l\u2019\u00e9tions tous en ce moment-l\u00e0 et ils sont all\u00e9s d\u00e9fendre le pays auquel ils appartenaient<\/em> \u00bb, a-t-il d\u00e9clar\u00e9 :<\/p>\n<p>Il ajoute : \u00ab <em>Je crois que M. Diagne s\u2019est lourdement tromp\u00e9 et cette sortie \u00e9galement est tr\u00e8s malheureuse d\u2019autant plus qu\u2019il n\u2019y a pas plus d\u2019un mois, le pr\u00e9sident de la R\u00e9publique avait organis\u00e9 une grande c\u00e9r\u00e9monie en leur honneur en invitant m\u00eame des chefs d\u2019Etat \u00e9trangers. Je ne vois pas pourquoi il a ram\u00e9 \u00e0 contre-courant. C\u2019est tout \u00e0 fait malheureux \u00e0 mon avis<\/em> \u00bb.<\/p>\n<p>Selon Moustapha Sarr\u00e9, le dernier mot revient au Pr\u00e9sident de la R\u00e9publique . \u00ab <em>Rien n\u2019emp\u00eache le pr\u00e9sident de la R\u00e9publique de prendre des mesures pour sanctionner Cheikh Oumar Diagne. Le pr\u00e9sident est quelqu\u2019un de tr\u00e8s mesur\u00e9 et de tr\u00e8s pos\u00e9. Quand il prend une d\u00e9cision, c\u2019est une d\u00e9cision tr\u00e8s r\u00e9fl\u00e9chie. Pour le moment, laissons-le<\/em> \u00bb, a-t-il soutenu, soulignant que la \u00ab <em>d\u00e9cision de limoger le directeur des moyens g\u00e9n\u00e9raux de la pr\u00e9sidence d\u00e9pendra du chef de l\u2019Etat . Je ne saurais prendre une d\u00e9cision \u00e0 sa place. Ce qui est s\u00fbr, c\u2019est que je vous ai donn\u00e9 ma position \u00e0 moi. Je suis en total d\u00e9phasage avec ce que monsieur Cheikh Oumar Diagne a dit. Je consid\u00e8re que ces tirailleurs sont des h\u00e9ros de la Nation<\/em> \u00bb dit-il .<\/p>\n<div class='share-to-whatsapp-wrapper'><div class='share-on-whsp'>PARTAGER SUR : <\/div><a data-text='PROPOS \"INSULTANTS \" SUR LES TIRAILLEURS- Le ministre porte-parole du gouvernement recadre Cheikh Oumar Diagne' data-link='https:\/\/www.nettali.com\/2024\/12\/26\/propos-insultants-sur-les-tirailleurs-le-ministre-porte-parole-du-gouvernement-recadre-cheikh-oumar-diagne\/' class='whatsapp-button whatsapp-share'>WhatsApp<\/a><div class='clear '><\/div><\/div>","protected":false},"excerpt":{"rendered":"<p>NETTALI.COM - Le ministre porte-parole du gouvernement d\u00e9sapprouve la sortie de Cheikh Oumar Diagne qui a trait\u00e9 les tirailleurs de tra\u00eetres. Moustapha Ndieck Sarr\u00e9 estime que le directeur des moyens g\u00e9n\u00e9raux de la pr\u00e9sidence de la R\u00e9publique \"s'est lourdement tromp\u00e9\" Le directeur des moyens g\u00e9n\u00e9raux de la pr\u00e9sidence de la R\u00e9publique ravive encore la pol\u00e9mique. [&hellip;]<\/p>\n","protected":false},"author":6,"featured_media":146057,"comment_status":"open","ping_status":"open","sticky":false,"template":"","format":"standard","meta":{"_et_pb_use_builder":"","_et_pb_old_content":""},"categories":[2],"tags":[],"yoast_head":"<!-- This site is optimized with the Yoast SEO Premium plugin v17.8 (Yoast SEO v17.8) - https:\/\/yoast.com\/wordpress\/plugins\/seo\/ -->\n<title>PROPOS &quot;INSULTANTS &quot; SUR LES TIRAILLEURS- Le ministre porte-parole du gouvernement recadre Cheikh Oumar Diagne | Nettali.com<\/title>\n<meta name=\"robots\" content=\"index, follow, max-snippet:-1, max-image-preview:large, max-video-preview:-1\" \/>\n<link rel=\"canonical\" href=\"https:\/\/www.nettali.com\/2024\/12\/26\/propos-insultants-sur-les-tirailleurs-le-ministre-porte-parole-du-gouvernement-recadre-cheikh-oumar-diagne\/\" \/>\n<meta property=\"og:locale\" content=\"fr_FR\" \/>\n<meta property=\"og:type\" content=\"article\" \/>\n<meta property=\"og:title\" content=\"PROPOS &quot;INSULTANTS &quot; SUR LES TIRAILLEURS- Le ministre porte-parole du gouvernement recadre Cheikh Oumar Diagne\" \/>\n<meta property=\"og:description\" content=\"NETTALI.COM - Le ministre porte-parole du gouvernement d\u00e9sapprouve la sortie de Cheikh Oumar Diagne qui a trait\u00e9 les tirailleurs de tra\u00eetres. Moustapha Ndieck Sarr\u00e9 estime que le directeur des moyens g\u00e9n\u00e9raux de la pr\u00e9sidence de la R\u00e9publique &quot;s&#039;est lourdement tromp\u00e9&quot; Le directeur des moyens g\u00e9n\u00e9raux de la pr\u00e9sidence de la R\u00e9publique ravive encore la pol\u00e9mique. [&hellip;]\" \/>\n<meta property=\"og:url\" content=\"https:\/\/www.nettali.com\/2024\/12\/26\/propos-insultants-sur-les-tirailleurs-le-ministre-porte-parole-du-gouvernement-recadre-cheikh-oumar-diagne\/\" \/>\n<meta property=\"og:site_name\" content=\"Nettali.com\" \/>\n<meta property=\"article:publisher\" content=\"https:\/\/www.facebook.com\/nettalicom\" \/>\n<meta property=\"article:published_time\" content=\"2024-12-26T17:43:50+00:00\" \/>\n<meta property=\"og:image\" content=\"https:\/\/www.nettali.com\/wp-content\/uploads\/2024\/12\/amadou-moustapha-ndieck-sarre.jpg\" \/>\n\t<meta property=\"og:image:width\" content=\"1039\" \/>\n\t<meta property=\"og:image:height\" content=\"582\" \/>\n<meta name=\"twitter:card\" content=\"summary_large_image\" \/>\n<meta name=\"twitter:label1\" content=\"\u00c9crit par\" \/>\n\t<meta name=\"twitter:data1\" content=\"Fatou\" \/>\n\t<meta name=\"twitter:label2\" content=\"Dur\u00e9e de lecture estim\u00e9e\" \/>\n\t<meta name=\"twitter:data2\" content=\"2 minutes\" \/>\n<script type=\"application\/ld+json\" class=\"yoast-schema-graph\">{\"@context\":\"https:\/\/schema.org\",\"@graph\":[{\"@type\":\"WebSite\",\"@id\":\"https:\/\/www.nettali.com\/#website\",\"url\":\"https:\/\/www.nettali.com\/\",\"name\":\"Nettali.com\",\"description\":\"Le rendez-vous critique du Net\",\"potentialAction\":[{\"@type\":\"SearchAction\",\"target\":{\"@type\":\"EntryPoint\",\"urlTemplate\":\"https:\/\/www.nettali.com\/?s={search_term_string}\"},\"query-input\":\"required name=search_term_string\"}],\"inLanguage\":\"fr-FR\"},{\"@type\":\"ImageObject\",\"@id\":\"https:\/\/www.nettali.com\/2024\/12\/26\/propos-insultants-sur-les-tirailleurs-le-ministre-porte-parole-du-gouvernement-recadre-cheikh-oumar-diagne\/#primaryimage\",\"inLanguage\":\"fr-FR\",\"url\":\"https:\/\/www.nettali.com\/wp-content\/uploads\/2024\/12\/amadou-moustapha-ndieck-sarre.jpg\",\"contentUrl\":\"https:\/\/www.nettali.com\/wp-content\/uploads\/2024\/12\/amadou-moustapha-ndieck-sarre.jpg\",\"width\":1039,\"height\":582},{\"@type\":\"WebPage\",\"@id\":\"https:\/\/www.nettali.com\/2024\/12\/26\/propos-insultants-sur-les-tirailleurs-le-ministre-porte-parole-du-gouvernement-recadre-cheikh-oumar-diagne\/#webpage\",\"url\":\"https:\/\/www.nettali.com\/2024\/12\/26\/propos-insultants-sur-les-tirailleurs-le-ministre-porte-parole-du-gouvernement-recadre-cheikh-oumar-diagne\/\",\"name\":\"PROPOS \\\"INSULTANTS \\\" SUR LES TIRAILLEURS- Le ministre porte-parole du gouvernement recadre Cheikh Oumar Diagne | Nettali.com\",\"isPartOf\":{\"@id\":\"https:\/\/www.nettali.com\/#website\"},\"primaryImageOfPage\":{\"@id\":\"https:\/\/www.nettali.com\/2024\/12\/26\/propos-insultants-sur-les-tirailleurs-le-ministre-porte-parole-du-gouvernement-recadre-cheikh-oumar-diagne\/#primaryimage\"},\"datePublished\":\"2024-12-26T17:43:50+00:00\",\"dateModified\":\"2024-12-26T17:43:50+00:00\",\"author\":{\"@id\":\"https:\/\/www.nettali.com\/#\/schema\/person\/418274a86bdf87caff7a3ef476bd0bbf\"},\"breadcrumb\":{\"@id\":\"https:\/\/www.nettali.com\/2024\/12\/26\/propos-insultants-sur-les-tirailleurs-le-ministre-porte-parole-du-gouvernement-recadre-cheikh-oumar-diagne\/#breadcrumb\"},\"inLanguage\":\"fr-FR\",\"potentialAction\":[{\"@type\":\"ReadAction\",\"target\":[\"https:\/\/www.nettali.com\/2024\/12\/26\/propos-insultants-sur-les-tirailleurs-le-ministre-porte-parole-du-gouvernement-recadre-cheikh-oumar-diagne\/\"]}]},{\"@type\":\"BreadcrumbList\",\"@id\":\"https:\/\/www.nettali.com\/2024\/12\/26\/propos-insultants-sur-les-tirailleurs-le-ministre-porte-parole-du-gouvernement-recadre-cheikh-oumar-diagne\/#breadcrumb\",\"itemListElement\":[{\"@type\":\"ListItem\",\"position\":1,\"name\":\"Accueil\",\"item\":\"https:\/\/www.nettali.com\/\"},{\"@type\":\"ListItem\",\"position\":2,\"name\":\"PROPOS \\\"INSULTANTS \\\" SUR LES TIRAILLEURS- Le ministre porte-parole du gouvernement recadre Cheikh Oumar Diagne\"}]},{\"@type\":\"Person\",\"@id\":\"https:\/\/www.nettali.com\/#\/schema\/person\/418274a86bdf87caff7a3ef476bd0bbf\",\"name\":\"Fatou\",\"image\":{\"@type\":\"ImageObject\",\"@id\":\"https:\/\/www.nettali.com\/#personlogo\",\"inLanguage\":\"fr-FR\",\"url\":\"https:\/\/secure.gravatar.com\/avatar\/5a9442a2bee7b4dcf167cab035858e9a?s=96&d=mm&r=g\",\"contentUrl\":\"https:\/\/secure.gravatar.com\/avatar\/5a9442a2bee7b4dcf167cab035858e9a?s=96&d=mm&r=g\",\"caption\":\"Fatou\"},\"sameAs\":[\"https:\/\/www.nettali.com\"]}]}<\/script>\n<!-- \/ Yoast SEO Premium plugin. -->","yoast_head_json":{"title":"PROPOS \"INSULTANTS \" SUR LES TIRAILLEURS- Le ministre porte-parole du gouvernement recadre Cheikh Oumar Diagne | Nettali.com","robots":{"index":"index","follow":"follow","max-snippet":"max-snippet:-1","max-image-preview":"max-image-preview:large","max-video-preview":"max-video-preview:-1"},"canonical":"https:\/\/www.nettali.com\/2024\/12\/26\/propos-insultants-sur-les-tirailleurs-le-ministre-porte-parole-du-gouvernement-recadre-cheikh-oumar-diagne\/","og_locale":"fr_FR","og_type":"article","og_title":"PROPOS \"INSULTANTS \" SUR LES TIRAILLEURS- Le ministre porte-parole du gouvernement recadre Cheikh Oumar Diagne","og_description":"NETTALI.COM - Le ministre porte-parole du gouvernement d\u00e9sapprouve la sortie de Cheikh Oumar Diagne qui a trait\u00e9 les tirailleurs de tra\u00eetres. Moustapha Ndieck Sarr\u00e9 estime que le directeur des moyens g\u00e9n\u00e9raux de la pr\u00e9sidence de la R\u00e9publique \"s'est lourdement tromp\u00e9\" Le directeur des moyens g\u00e9n\u00e9raux de la pr\u00e9sidence de la R\u00e9publique ravive encore la pol\u00e9mique. [&hellip;]","og_url":"https:\/\/www.nettali.com\/2024\/12\/26\/propos-insultants-sur-les-tirailleurs-le-ministre-porte-parole-du-gouvernement-recadre-cheikh-oumar-diagne\/","og_site_name":"Nettali.com","article_publisher":"https:\/\/www.facebook.com\/nettalicom","article_published_time":"2024-12-26T17:43:50+00:00","og_image":[{"width":1039,"height":582,"url":"https:\/\/www.nettali.com\/wp-content\/uploads\/2024\/12\/amadou-moustapha-ndieck-sarre.jpg","type":"image\/jpeg"}],"twitter_card":"summary_large_image","twitter_misc":{"\u00c9crit par":"Fatou","Dur\u00e9e de lecture estim\u00e9e":"2 minutes"},"schema":{"@context":"https:\/\/schema.org","@graph":[{"@type":"WebSite","@id":"https:\/\/www.nettali.com\/#website","url":"https:\/\/www.nettali.com\/","name":"Nettali.com","description":"Le rendez-vous critique du Net","potentialAction":[{"@type":"SearchAction","target":{"@type":"EntryPoint","urlTemplate":"https:\/\/www.nettali.com\/?s={search_term_string}"},"query-input":"required name=search_term_string"}],"inLanguage":"fr-FR"},{"@type":"ImageObject","@id":"https:\/\/www.nettali.com\/2024\/12\/26\/propos-insultants-sur-les-tirailleurs-le-ministre-porte-parole-du-gouvernement-recadre-cheikh-oumar-diagne\/#primaryimage","inLanguage":"fr-FR","url":"https:\/\/www.nettali.com\/wp-content\/uploads\/2024\/12\/amadou-moustapha-ndieck-sarre.jpg","contentUrl":"https:\/\/www.nettali.com\/wp-content\/uploads\/2024\/12\/amadou-moustapha-ndieck-sarre.jpg","width":1039,"height":582},{"@type":"WebPage","@id":"https:\/\/www.nettali.com\/2024\/12\/26\/propos-insultants-sur-les-tirailleurs-le-ministre-porte-parole-du-gouvernement-recadre-cheikh-oumar-diagne\/#webpage","url":"https:\/\/www.nettali.com\/2024\/12\/26\/propos-insultants-sur-les-tirailleurs-le-ministre-porte-parole-du-gouvernement-recadre-cheikh-oumar-diagne\/","name":"PROPOS \"INSULTANTS \" SUR LES TIRAILLEURS- Le ministre porte-parole du gouvernement recadre Cheikh Oumar Diagne | Nettali.com","isPartOf":{"@id":"https:\/\/www.nettali.com\/#website"},"primaryImageOfPage":{"@id":"https:\/\/www.nettali.com\/2024\/12\/26\/propos-insultants-sur-les-tirailleurs-le-ministre-porte-parole-du-gouvernement-recadre-cheikh-oumar-diagne\/#primaryimage"},"datePublished":"2024-12-26T17:43:50+00:00","dateModified":"2024-12-26T17:43:50+00:00","author":{"@id":"https:\/\/www.nettali.com\/#\/schema\/person\/418274a86bdf87caff7a3ef476bd0bbf"},"breadcrumb":{"@id":"https:\/\/www.nettali.com\/2024\/12\/26\/propos-insultants-sur-les-tirailleurs-le-ministre-porte-parole-du-gouvernement-recadre-cheikh-oumar-diagne\/#breadcrumb"},"inLanguage":"fr-FR","potentialAction":[{"@type":"ReadAction","target":["https:\/\/www.nettali.com\/2024\/12\/26\/propos-insultants-sur-les-tirailleurs-le-ministre-porte-parole-du-gouvernement-recadre-cheikh-oumar-diagne\/"]}]},{"@type":"BreadcrumbList","@id":"https:\/\/www.nettali.com\/2024\/12\/26\/propos-insultants-sur-les-tirailleurs-le-ministre-porte-parole-du-gouvernement-recadre-cheikh-oumar-diagne\/#breadcrumb","itemListElement":[{"@type":"ListItem","position":1,"name":"Accueil","item":"https:\/\/www.nettali.com\/"},{"@type":"ListItem","position":2,"name":"PROPOS \"INSULTANTS \" SUR LES TIRAILLEURS- Le ministre porte-parole du gouvernement recadre Cheikh Oumar Diagne"}]},{"@type":"Person","@id":"https:\/\/www.nettali.com\/#\/schema\/person\/418274a86bdf87caff7a3ef476bd0bbf","name":"Fatou","image":{"@type":"ImageObject","@id":"https:\/\/www.nettali.com\/#personlogo","inLanguage":"fr-FR","url":"https:\/\/secure.gravatar.com\/avatar\/5a9442a2bee7b4dcf167cab035858e9a?s=96&d=mm&r=g","contentUrl":"https:\/\/secure.gravatar.com\/avatar\/5a9442a2bee7b4dcf167cab035858e9a?s=96&d=mm&r=g","caption":"Fatou"},"sameAs":["https:\/\/www.nettali.com"]}]}},"_links":{"self":[{"href":"https:\/\/www.nettali.com\/rest\/wp\/v2\/posts\/146048"}],"collection":[{"href":"https:\/\/www.nettali.com\/rest\/wp\/v2\/posts"}],"about":[{"href":"https:\/\/www.nettali.com\/rest\/wp\/v2\/types\/post"}],"author":[{"embeddable":true,"href":"https:\/\/www.nettali.com\/rest\/wp\/v2\/users\/6"}],"replies":[{"embeddable":true,"href":"https:\/\/www.nettali.com\/rest\/wp\/v2\/comments?post=146048"}],"version-history":[{"count":5,"href":"https:\/\/www.nettali.com\/rest\/wp\/v2\/posts\/146048\/revisions"}],"predecessor-version":[{"id":146058,"href":"https:\/\/www.nettali.com\/rest\/wp\/v2\/posts\/146048\/revisions\/146058"}],"wp:featuredmedia":[{"embeddable":true,"href":"https:\/\/www.nettali.com\/rest\/wp\/v2\/media\/146057"}],"wp:attachment":[{"href":"https:\/\/www.nettali.com\/rest\/wp\/v2\/media?parent=146048"}],"wp:term":[{"taxonomy":"category","embeddable":true,"href":"https:\/\/www.nettali.com\/rest\/wp\/v2\/categories?post=146048"},{"taxonomy":"post_tag","embeddable":true,"href":"https:\/\/www.nettali.com\/rest\/wp\/v2\/tags?post=146048"}],"curies":[{"name":"wp","href":"https:\/\/api.w.org\/{rel}","templated":true}]}}