{"id":146039,"date":"2024-12-26T17:44:39","date_gmt":"2024-12-26T17:44:39","guid":{"rendered":"https:\/\/www.nettali.com\/?p=146039"},"modified":"2024-12-26T17:44:39","modified_gmt":"2024-12-26T17:44:39","slug":"liberte-dexpression-les-defenseurs-des-droits-humains-plaident-pour-une-loi-de-protection","status":"publish","type":"post","link":"https:\/\/www.nettali.com\/2024\/12\/26\/liberte-dexpression-les-defenseurs-des-droits-humains-plaident-pour-une-loi-de-protection\/","title":{"rendered":"LIBERT\u00c9 D\u2019EXPRESSION \u2013 Les d\u00e9fenseurs des droits humains plaident pour une loi de protection"},"content":{"rendered":"<p><strong>NETTALI.COM- La Coalition s\u00e9n\u00e9galaise des d\u00e9fenseurs des droits humains ne veut plus que ses membres soient pers\u00e9cut\u00e9s. Face \u00e0 la presse ce jeudi 26 d\u00e9cembre 2024, elle a plaid\u00e9 pour l\u2019adoption d\u2019une loi de protection.<\/strong><\/p>\n<p>Les d\u00e9fenseurs des droits humains sont pr\u00e9occup\u00e9s par leur environnement de travail. Face \u00e0 la presse ce jeudi 26 d\u00e9cembre 2024, la Coalition s\u00e9n\u00e9galaise qui les regroupe fait remarquer que \u201c<em> l\u2019examen de l\u2019environnement de travail des d\u00e9fenseurs des droits humains au S\u00e9n\u00e9gal met en exergue une pr\u00e9carit\u00e9 de leur situation<\/em>\u201d. \u201c <em>Assimil\u00e9s en r\u00e8gle g\u00e9n\u00e9rale \u00e0 des vecteurs de contestation du pouvoir \u00e9tabli, les d\u00e9fenseurs des droits humains subissent des contraintes aussi bien en tant que citoyens ordinaires qu\u2019en tant que militants d\u2019une cause sp\u00e9cifique. Il s\u2019y ajoute qu\u2019au nom d\u2019imp\u00e9ratifs s\u00e9curitaires, des l\u00e9gislations et pratiques liberticides sont promues<\/em>\u201d, fustige l\u2019organisation fa\u00eeti\u00e8re.<\/p>\n<p>En effet, selon le professeur Sylla Sow, certaines lois li\u00e9es \u00e0 la libert\u00e9 d\u2019expression sont instrumentalis\u00e9es \u00e0 des fins politiques. Ce qui les emp\u00eache de faire leur travail en toute libert\u00e9.<\/p>\n<p>Au-del\u00e0 de la soci\u00e9t\u00e9 civile, Directeur ex\u00e9cutif de Amnimesty international S\u00e9n\u00e9gal Seydi Gassama a relev\u00e9 que les infractions li\u00e9es \u00e0 la libert\u00e9 d\u2019expression sont pr\u00e9judiciables aux politiques et journalistes. A ce effet, il a rappel\u00e9 que les actuels gouvernants ont fait la prison \u00e0 cause de la libert\u00e9 d'expression.<\/p>\n<p>C\u2019est pourquoi la Coseddh juge \u201c <em>qu\u2019il est urgent et imp\u00e9ratif d\u2019adopter une loi de protection des d\u00e9fenseurs des droits humains afin de <\/em><em>prot\u00e9ger leur environnement et outils de travail<\/em>\u201d. \u201c <em>L\u2019int\u00e9r\u00eat d\u2019une telle loi r\u00e9side, entre autres, dans la d\u00e9finition de la notion et l\u2019identification claire des acteurs qui b\u00e9n\u00e9ficient de cet protection<\/em>\u201d renseigne le document de presse.<\/p>\n<p>Toutefois, les d\u00e9fenseurs des droits humains alertent sur un \u00e9ventuel chevauchement entre la future loi sur les lanceurs d\u2019alerte. \u201c <em>Dans la mesure o\u00f9 il est question d\u2019adopter une loi de protection des \u00ab lanceurs d\u2019alerte <\/em>\u00bb, <em>il importe de veiller au risque de chevauchements indus entre une telle loi et le dispositif de protection des d\u00e9fenseurs des droits humains. Dans cette perspective, il est i<\/em><em>mp\u00e9ratif de ne pas reproduire certaines limitations excessives de l\u2019espace civique<\/em>\u201d, souligne la Coseddh.<\/p>\n<p>Seydi Gassama a fait savoir que l\u2019avant-projet de loi a \u00e9t\u00e9 remis au Garde des Sceaux, Ministre de la Justice, au mois de mai 2024. Il annonce qu\u2019un plaidoyer sera men\u00e9 aupr\u00e8s des d\u00e9put\u00e9s de la nouvelle l\u00e9gislature afin que la loi soit vot\u00e9e en 2025.<\/p>\n<div class='share-to-whatsapp-wrapper'><div class='share-on-whsp'>PARTAGER SUR : <\/div><a data-text='LIBERT\u00c9 D\u2019EXPRESSION \u2013 Les d\u00e9fenseurs des droits humains plaident pour une loi de protection' data-link='https:\/\/www.nettali.com\/2024\/12\/26\/liberte-dexpression-les-defenseurs-des-droits-humains-plaident-pour-une-loi-de-protection\/' class='whatsapp-button whatsapp-share'>WhatsApp<\/a><div class='clear '><\/div><\/div>","protected":false},"excerpt":{"rendered":"<p>NETTALI.COM- La Coalition s\u00e9n\u00e9galaise des d\u00e9fenseurs des droits humains ne veut plus que ses membres soient pers\u00e9cut\u00e9s. Face \u00e0 la presse ce jeudi 26 d\u00e9cembre 2024, elle a plaid\u00e9 pour l\u2019adoption d\u2019une loi de protection. Les d\u00e9fenseurs des droits humains sont pr\u00e9occup\u00e9s par leur environnement de travail. Face \u00e0 la presse ce jeudi 26 d\u00e9cembre [&hellip;]<\/p>\n","protected":false},"author":6,"featured_media":146040,"comment_status":"open","ping_status":"open","sticky":false,"template":"","format":"standard","meta":{"_et_pb_use_builder":"","_et_pb_old_content":""},"categories":[2],"tags":[],"yoast_head":"<!-- This site is optimized with the Yoast SEO Premium plugin v17.8 (Yoast SEO v17.8) - https:\/\/yoast.com\/wordpress\/plugins\/seo\/ -->\n<title>LIBERT\u00c9 D\u2019EXPRESSION \u2013 Les d\u00e9fenseurs des droits humains plaident pour une loi de protection | Nettali.com<\/title>\n<meta name=\"robots\" content=\"index, follow, max-snippet:-1, max-image-preview:large, max-video-preview:-1\" \/>\n<link rel=\"canonical\" href=\"https:\/\/www.nettali.com\/2024\/12\/26\/liberte-dexpression-les-defenseurs-des-droits-humains-plaident-pour-une-loi-de-protection\/\" \/>\n<meta property=\"og:locale\" content=\"fr_FR\" \/>\n<meta property=\"og:type\" content=\"article\" \/>\n<meta property=\"og:title\" content=\"LIBERT\u00c9 D\u2019EXPRESSION \u2013 Les d\u00e9fenseurs des droits humains plaident pour une loi de protection\" \/>\n<meta property=\"og:description\" content=\"NETTALI.COM- La Coalition s\u00e9n\u00e9galaise des d\u00e9fenseurs des droits humains ne veut plus que ses membres soient pers\u00e9cut\u00e9s. Face \u00e0 la presse ce jeudi 26 d\u00e9cembre 2024, elle a plaid\u00e9 pour l\u2019adoption d\u2019une loi de protection. Les d\u00e9fenseurs des droits humains sont pr\u00e9occup\u00e9s par leur environnement de travail. Face \u00e0 la presse ce jeudi 26 d\u00e9cembre [&hellip;]\" \/>\n<meta property=\"og:url\" content=\"https:\/\/www.nettali.com\/2024\/12\/26\/liberte-dexpression-les-defenseurs-des-droits-humains-plaident-pour-une-loi-de-protection\/\" \/>\n<meta property=\"og:site_name\" content=\"Nettali.com\" \/>\n<meta property=\"article:publisher\" content=\"https:\/\/www.facebook.com\/nettalicom\" \/>\n<meta property=\"article:published_time\" content=\"2024-12-26T17:44:39+00:00\" \/>\n<meta property=\"og:image\" content=\"https:\/\/www.nettali.com\/wp-content\/uploads\/2024\/12\/IMG_20241226_104551_796-scaled.jpg\" \/>\n\t<meta property=\"og:image:width\" content=\"2560\" \/>\n\t<meta property=\"og:image:height\" content=\"1920\" \/>\n<meta name=\"twitter:card\" content=\"summary_large_image\" \/>\n<meta name=\"twitter:label1\" content=\"\u00c9crit par\" \/>\n\t<meta name=\"twitter:data1\" content=\"Fatou\" \/>\n\t<meta name=\"twitter:label2\" content=\"Dur\u00e9e de lecture estim\u00e9e\" \/>\n\t<meta name=\"twitter:data2\" content=\"3 minutes\" \/>\n<script type=\"application\/ld+json\" class=\"yoast-schema-graph\">{\"@context\":\"https:\/\/schema.org\",\"@graph\":[{\"@type\":\"WebSite\",\"@id\":\"https:\/\/www.nettali.com\/#website\",\"url\":\"https:\/\/www.nettali.com\/\",\"name\":\"Nettali.com\",\"description\":\"Le rendez-vous critique du Net\",\"potentialAction\":[{\"@type\":\"SearchAction\",\"target\":{\"@type\":\"EntryPoint\",\"urlTemplate\":\"https:\/\/www.nettali.com\/?s={search_term_string}\"},\"query-input\":\"required name=search_term_string\"}],\"inLanguage\":\"fr-FR\"},{\"@type\":\"ImageObject\",\"@id\":\"https:\/\/www.nettali.com\/2024\/12\/26\/liberte-dexpression-les-defenseurs-des-droits-humains-plaident-pour-une-loi-de-protection\/#primaryimage\",\"inLanguage\":\"fr-FR\",\"url\":\"https:\/\/www.nettali.com\/wp-content\/uploads\/2024\/12\/IMG_20241226_104551_796-scaled.jpg\",\"contentUrl\":\"https:\/\/www.nettali.com\/wp-content\/uploads\/2024\/12\/IMG_20241226_104551_796-scaled.jpg\",\"width\":2560,\"height\":1920},{\"@type\":\"WebPage\",\"@id\":\"https:\/\/www.nettali.com\/2024\/12\/26\/liberte-dexpression-les-defenseurs-des-droits-humains-plaident-pour-une-loi-de-protection\/#webpage\",\"url\":\"https:\/\/www.nettali.com\/2024\/12\/26\/liberte-dexpression-les-defenseurs-des-droits-humains-plaident-pour-une-loi-de-protection\/\",\"name\":\"LIBERT\\u00c9 D\\u2019EXPRESSION \\u2013 Les d\\u00e9fenseurs des droits humains plaident pour une loi de protection | Nettali.com\",\"isPartOf\":{\"@id\":\"https:\/\/www.nettali.com\/#website\"},\"primaryImageOfPage\":{\"@id\":\"https:\/\/www.nettali.com\/2024\/12\/26\/liberte-dexpression-les-defenseurs-des-droits-humains-plaident-pour-une-loi-de-protection\/#primaryimage\"},\"datePublished\":\"2024-12-26T17:44:39+00:00\",\"dateModified\":\"2024-12-26T17:44:39+00:00\",\"author\":{\"@id\":\"https:\/\/www.nettali.com\/#\/schema\/person\/418274a86bdf87caff7a3ef476bd0bbf\"},\"breadcrumb\":{\"@id\":\"https:\/\/www.nettali.com\/2024\/12\/26\/liberte-dexpression-les-defenseurs-des-droits-humains-plaident-pour-une-loi-de-protection\/#breadcrumb\"},\"inLanguage\":\"fr-FR\",\"potentialAction\":[{\"@type\":\"ReadAction\",\"target\":[\"https:\/\/www.nettali.com\/2024\/12\/26\/liberte-dexpression-les-defenseurs-des-droits-humains-plaident-pour-une-loi-de-protection\/\"]}]},{\"@type\":\"BreadcrumbList\",\"@id\":\"https:\/\/www.nettali.com\/2024\/12\/26\/liberte-dexpression-les-defenseurs-des-droits-humains-plaident-pour-une-loi-de-protection\/#breadcrumb\",\"itemListElement\":[{\"@type\":\"ListItem\",\"position\":1,\"name\":\"Accueil\",\"item\":\"https:\/\/www.nettali.com\/\"},{\"@type\":\"ListItem\",\"position\":2,\"name\":\"LIBERT\\u00c9 D\\u2019EXPRESSION \\u2013 Les d\\u00e9fenseurs des droits humains plaident pour une loi de protection\"}]},{\"@type\":\"Person\",\"@id\":\"https:\/\/www.nettali.com\/#\/schema\/person\/418274a86bdf87caff7a3ef476bd0bbf\",\"name\":\"Fatou\",\"image\":{\"@type\":\"ImageObject\",\"@id\":\"https:\/\/www.nettali.com\/#personlogo\",\"inLanguage\":\"fr-FR\",\"url\":\"https:\/\/secure.gravatar.com\/avatar\/5a9442a2bee7b4dcf167cab035858e9a?s=96&d=mm&r=g\",\"contentUrl\":\"https:\/\/secure.gravatar.com\/avatar\/5a9442a2bee7b4dcf167cab035858e9a?s=96&d=mm&r=g\",\"caption\":\"Fatou\"},\"sameAs\":[\"https:\/\/www.nettali.com\"]}]}<\/script>\n<!-- \/ Yoast SEO Premium plugin. -->","yoast_head_json":{"title":"LIBERT\u00c9 D\u2019EXPRESSION \u2013 Les d\u00e9fenseurs des droits humains plaident pour une loi de protection | Nettali.com","robots":{"index":"index","follow":"follow","max-snippet":"max-snippet:-1","max-image-preview":"max-image-preview:large","max-video-preview":"max-video-preview:-1"},"canonical":"https:\/\/www.nettali.com\/2024\/12\/26\/liberte-dexpression-les-defenseurs-des-droits-humains-plaident-pour-une-loi-de-protection\/","og_locale":"fr_FR","og_type":"article","og_title":"LIBERT\u00c9 D\u2019EXPRESSION \u2013 Les d\u00e9fenseurs des droits humains plaident pour une loi de protection","og_description":"NETTALI.COM- La Coalition s\u00e9n\u00e9galaise des d\u00e9fenseurs des droits humains ne veut plus que ses membres soient pers\u00e9cut\u00e9s. Face \u00e0 la presse ce jeudi 26 d\u00e9cembre 2024, elle a plaid\u00e9 pour l\u2019adoption d\u2019une loi de protection. Les d\u00e9fenseurs des droits humains sont pr\u00e9occup\u00e9s par leur environnement de travail. Face \u00e0 la presse ce jeudi 26 d\u00e9cembre [&hellip;]","og_url":"https:\/\/www.nettali.com\/2024\/12\/26\/liberte-dexpression-les-defenseurs-des-droits-humains-plaident-pour-une-loi-de-protection\/","og_site_name":"Nettali.com","article_publisher":"https:\/\/www.facebook.com\/nettalicom","article_published_time":"2024-12-26T17:44:39+00:00","og_image":[{"width":2560,"height":1920,"url":"https:\/\/www.nettali.com\/wp-content\/uploads\/2024\/12\/IMG_20241226_104551_796-scaled.jpg","type":"image\/jpeg"}],"twitter_card":"summary_large_image","twitter_misc":{"\u00c9crit par":"Fatou","Dur\u00e9e de lecture estim\u00e9e":"3 minutes"},"schema":{"@context":"https:\/\/schema.org","@graph":[{"@type":"WebSite","@id":"https:\/\/www.nettali.com\/#website","url":"https:\/\/www.nettali.com\/","name":"Nettali.com","description":"Le rendez-vous critique du Net","potentialAction":[{"@type":"SearchAction","target":{"@type":"EntryPoint","urlTemplate":"https:\/\/www.nettali.com\/?s={search_term_string}"},"query-input":"required name=search_term_string"}],"inLanguage":"fr-FR"},{"@type":"ImageObject","@id":"https:\/\/www.nettali.com\/2024\/12\/26\/liberte-dexpression-les-defenseurs-des-droits-humains-plaident-pour-une-loi-de-protection\/#primaryimage","inLanguage":"fr-FR","url":"https:\/\/www.nettali.com\/wp-content\/uploads\/2024\/12\/IMG_20241226_104551_796-scaled.jpg","contentUrl":"https:\/\/www.nettali.com\/wp-content\/uploads\/2024\/12\/IMG_20241226_104551_796-scaled.jpg","width":2560,"height":1920},{"@type":"WebPage","@id":"https:\/\/www.nettali.com\/2024\/12\/26\/liberte-dexpression-les-defenseurs-des-droits-humains-plaident-pour-une-loi-de-protection\/#webpage","url":"https:\/\/www.nettali.com\/2024\/12\/26\/liberte-dexpression-les-defenseurs-des-droits-humains-plaident-pour-une-loi-de-protection\/","name":"LIBERT\u00c9 D\u2019EXPRESSION \u2013 Les d\u00e9fenseurs des droits humains plaident pour une loi de protection | Nettali.com","isPartOf":{"@id":"https:\/\/www.nettali.com\/#website"},"primaryImageOfPage":{"@id":"https:\/\/www.nettali.com\/2024\/12\/26\/liberte-dexpression-les-defenseurs-des-droits-humains-plaident-pour-une-loi-de-protection\/#primaryimage"},"datePublished":"2024-12-26T17:44:39+00:00","dateModified":"2024-12-26T17:44:39+00:00","author":{"@id":"https:\/\/www.nettali.com\/#\/schema\/person\/418274a86bdf87caff7a3ef476bd0bbf"},"breadcrumb":{"@id":"https:\/\/www.nettali.com\/2024\/12\/26\/liberte-dexpression-les-defenseurs-des-droits-humains-plaident-pour-une-loi-de-protection\/#breadcrumb"},"inLanguage":"fr-FR","potentialAction":[{"@type":"ReadAction","target":["https:\/\/www.nettali.com\/2024\/12\/26\/liberte-dexpression-les-defenseurs-des-droits-humains-plaident-pour-une-loi-de-protection\/"]}]},{"@type":"BreadcrumbList","@id":"https:\/\/www.nettali.com\/2024\/12\/26\/liberte-dexpression-les-defenseurs-des-droits-humains-plaident-pour-une-loi-de-protection\/#breadcrumb","itemListElement":[{"@type":"ListItem","position":1,"name":"Accueil","item":"https:\/\/www.nettali.com\/"},{"@type":"ListItem","position":2,"name":"LIBERT\u00c9 D\u2019EXPRESSION \u2013 Les d\u00e9fenseurs des droits humains plaident pour une loi de protection"}]},{"@type":"Person","@id":"https:\/\/www.nettali.com\/#\/schema\/person\/418274a86bdf87caff7a3ef476bd0bbf","name":"Fatou","image":{"@type":"ImageObject","@id":"https:\/\/www.nettali.com\/#personlogo","inLanguage":"fr-FR","url":"https:\/\/secure.gravatar.com\/avatar\/5a9442a2bee7b4dcf167cab035858e9a?s=96&d=mm&r=g","contentUrl":"https:\/\/secure.gravatar.com\/avatar\/5a9442a2bee7b4dcf167cab035858e9a?s=96&d=mm&r=g","caption":"Fatou"},"sameAs":["https:\/\/www.nettali.com"]}]}},"_links":{"self":[{"href":"https:\/\/www.nettali.com\/rest\/wp\/v2\/posts\/146039"}],"collection":[{"href":"https:\/\/www.nettali.com\/rest\/wp\/v2\/posts"}],"about":[{"href":"https:\/\/www.nettali.com\/rest\/wp\/v2\/types\/post"}],"author":[{"embeddable":true,"href":"https:\/\/www.nettali.com\/rest\/wp\/v2\/users\/6"}],"replies":[{"embeddable":true,"href":"https:\/\/www.nettali.com\/rest\/wp\/v2\/comments?post=146039"}],"version-history":[{"count":2,"href":"https:\/\/www.nettali.com\/rest\/wp\/v2\/posts\/146039\/revisions"}],"predecessor-version":[{"id":146047,"href":"https:\/\/www.nettali.com\/rest\/wp\/v2\/posts\/146039\/revisions\/146047"}],"wp:featuredmedia":[{"embeddable":true,"href":"https:\/\/www.nettali.com\/rest\/wp\/v2\/media\/146040"}],"wp:attachment":[{"href":"https:\/\/www.nettali.com\/rest\/wp\/v2\/media?parent=146039"}],"wp:term":[{"taxonomy":"category","embeddable":true,"href":"https:\/\/www.nettali.com\/rest\/wp\/v2\/categories?post=146039"},{"taxonomy":"post_tag","embeddable":true,"href":"https:\/\/www.nettali.com\/rest\/wp\/v2\/tags?post=146039"}],"curies":[{"name":"wp","href":"https:\/\/api.w.org\/{rel}","templated":true}]}}