{"id":145911,"date":"2024-12-24T07:49:20","date_gmt":"2024-12-24T07:49:20","guid":{"rendered":"https:\/\/www.nettali.com\/?p=145911"},"modified":"2024-12-24T07:49:20","modified_gmt":"2024-12-24T07:49:20","slug":"cedeao-le-mali-le-niger-et-le-burkina-rejettent-rejettent-le-delai-de-retractation-de-six-mois","status":"publish","type":"post","link":"https:\/\/www.nettali.com\/2024\/12\/24\/cedeao-le-mali-le-niger-et-le-burkina-rejettent-rejettent-le-delai-de-retractation-de-six-mois\/","title":{"rendered":"CEDEAO - Le Mali, le Niger et le Burkina rejettent rejettent le d\u00e9lai de r\u00e9tractation de six mois"},"content":{"rendered":"<p><strong>NETTALI.COM -<\/strong> Les r\u00e9gimes militaires du Mali, Niger et Burkina Faso ont rejet\u00e9 dimanche 22 d\u00e9cembre, le d\u00e9lai de r\u00e9traction de six mois accord\u00e9 par la Communaut\u00e9 \u00e9conomique des Etats d\u2019Afrique de l\u2019Ouest (Cedeao) avant leur retrait d\u00e9finitif, y voyant une \u00ab<em>tentative de d\u00e9stabilisation<\/em> \u00bb ext\u00e9rieure, dans un communiqu\u00e9.<\/p>\n<p>Les trois pays qui forment l\u2019Alliance des Etats du Sahel (AES), tous gouvern\u00e9s par des juntes hostiles \u00e0 la France, ont annonc\u00e9 en janvier leur volont\u00e9 de quitter la Cedeao, une organisation rassemblant aujourd\u2019hui 15 pays et qu\u2019ils jugent instrumentalis\u00e9e par l\u2019ancienne puissance coloniale.<\/p>\n<p>Lors d\u2019un sommet, il y a une semaine \u00e0 Abuja, l\u2019organisation r\u00e9gionale a annonc\u00e9 un d\u00e9lai de r\u00e9tractation de six mois pour que les trois pays puissent revenir sur leur d\u00e9cision apr\u00e8s la date de leur d\u00e9part officiel, fin janvier 2025. Il s\u2019agira d\u2019une \"<em>p\u00e9riode de transition<\/em>\" qui durera jusqu\u2019au \"<em>29 juillet 2025<\/em>\", afin de \"<em>maintenir les portes de la Cedeao ouvertes<\/em>\" aux trois pays, selon le pr\u00e9sident de la Commission de la Cedeao.<\/p>\n<p>Mais selon le coll\u00e8ge des chefs d\u2019Etat de la conf\u00e9d\u00e9ration des Etats du Sahel, cette d\u00e9cision n\u2019est \"<em>qu\u2019une \u00e9ni\u00e8me tentative qui permettrait \u00e0 la junte fran\u00e7aise et \u00e0 ses suppl\u00e9tifs de poursuivre la planification et la conduite des actions de d\u00e9stabilisation contre l\u2019AES<\/em>\". Il a dit que \"<em>cette d\u00e9cision unilat\u00e9rale ne saurait lier les pays de l\u2019AES\"<\/em><\/p>\n<div class='share-to-whatsapp-wrapper'><div class='share-on-whsp'>PARTAGER SUR : <\/div><a data-text='CEDEAO - Le Mali, le Niger et le Burkina rejettent rejettent le d\u00e9lai de r\u00e9tractation de six mois' data-link='https:\/\/www.nettali.com\/2024\/12\/24\/cedeao-le-mali-le-niger-et-le-burkina-rejettent-rejettent-le-delai-de-retractation-de-six-mois\/' class='whatsapp-button whatsapp-share'>WhatsApp<\/a><div class='clear '><\/div><\/div>","protected":false},"excerpt":{"rendered":"<p>NETTALI.COM - Les r\u00e9gimes militaires du Mali, Niger et Burkina Faso ont rejet\u00e9 dimanche 22 d\u00e9cembre, le d\u00e9lai de r\u00e9traction de six mois accord\u00e9 par la Communaut\u00e9 \u00e9conomique des Etats d\u2019Afrique de l\u2019Ouest (Cedeao) avant leur retrait d\u00e9finitif, y voyant une \u00abtentative de d\u00e9stabilisation \u00bb ext\u00e9rieure, dans un communiqu\u00e9. Les trois pays qui forment l\u2019Alliance [&hellip;]<\/p>\n","protected":false},"author":2,"featured_media":145912,"comment_status":"open","ping_status":"open","sticky":false,"template":"","format":"standard","meta":{"_et_pb_use_builder":"","_et_pb_old_content":""},"categories":[8],"tags":[],"yoast_head":"<!-- This site is optimized with the Yoast SEO Premium plugin v17.8 (Yoast SEO v17.8) - https:\/\/yoast.com\/wordpress\/plugins\/seo\/ -->\n<title>CEDEAO - Le Mali, le Niger et le Burkina rejettent rejettent le d\u00e9lai de r\u00e9tractation de six mois | Nettali.com<\/title>\n<meta name=\"robots\" content=\"index, follow, max-snippet:-1, max-image-preview:large, max-video-preview:-1\" \/>\n<link rel=\"canonical\" href=\"https:\/\/www.nettali.com\/2024\/12\/24\/cedeao-le-mali-le-niger-et-le-burkina-rejettent-rejettent-le-delai-de-retractation-de-six-mois\/\" \/>\n<meta property=\"og:locale\" content=\"fr_FR\" \/>\n<meta property=\"og:type\" content=\"article\" \/>\n<meta property=\"og:title\" content=\"CEDEAO - Le Mali, le Niger et le Burkina rejettent rejettent le d\u00e9lai de r\u00e9tractation de six mois\" \/>\n<meta property=\"og:description\" content=\"NETTALI.COM - Les r\u00e9gimes militaires du Mali, Niger et Burkina Faso ont rejet\u00e9 dimanche 22 d\u00e9cembre, le d\u00e9lai de r\u00e9traction de six mois accord\u00e9 par la Communaut\u00e9 \u00e9conomique des Etats d\u2019Afrique de l\u2019Ouest (Cedeao) avant leur retrait d\u00e9finitif, y voyant une \u00abtentative de d\u00e9stabilisation \u00bb ext\u00e9rieure, dans un communiqu\u00e9. Les trois pays qui forment l\u2019Alliance [&hellip;]\" \/>\n<meta property=\"og:url\" content=\"https:\/\/www.nettali.com\/2024\/12\/24\/cedeao-le-mali-le-niger-et-le-burkina-rejettent-rejettent-le-delai-de-retractation-de-six-mois\/\" \/>\n<meta property=\"og:site_name\" content=\"Nettali.com\" \/>\n<meta property=\"article:publisher\" content=\"https:\/\/www.facebook.com\/nettalicom\" \/>\n<meta property=\"article:published_time\" content=\"2024-12-24T07:49:20+00:00\" \/>\n<meta property=\"og:image\" content=\"https:\/\/www.nettali.com\/wp-content\/uploads\/2024\/12\/Niger-Mali-Burkina-Faso-nouvelle-distinction-exceptionnelle-pour-Ibrahim-Traore-et-Assimi-Goita-Tiani-pose-un-acte-historique-1024x683-1.jpg\" \/>\n\t<meta property=\"og:image:width\" content=\"1024\" \/>\n\t<meta property=\"og:image:height\" content=\"683\" \/>\n<meta name=\"twitter:card\" content=\"summary_large_image\" \/>\n<meta name=\"twitter:label1\" content=\"\u00c9crit par\" \/>\n\t<meta name=\"twitter:data1\" content=\"CK\" \/>\n\t<meta name=\"twitter:label2\" content=\"Dur\u00e9e de lecture estim\u00e9e\" \/>\n\t<meta name=\"twitter:data2\" content=\"1 minute\" \/>\n<script type=\"application\/ld+json\" class=\"yoast-schema-graph\">{\"@context\":\"https:\/\/schema.org\",\"@graph\":[{\"@type\":\"WebSite\",\"@id\":\"https:\/\/www.nettali.com\/#website\",\"url\":\"https:\/\/www.nettali.com\/\",\"name\":\"Nettali.com\",\"description\":\"Le rendez-vous critique du Net\",\"potentialAction\":[{\"@type\":\"SearchAction\",\"target\":{\"@type\":\"EntryPoint\",\"urlTemplate\":\"https:\/\/www.nettali.com\/?s={search_term_string}\"},\"query-input\":\"required name=search_term_string\"}],\"inLanguage\":\"fr-FR\"},{\"@type\":\"ImageObject\",\"@id\":\"https:\/\/www.nettali.com\/2024\/12\/24\/cedeao-le-mali-le-niger-et-le-burkina-rejettent-rejettent-le-delai-de-retractation-de-six-mois\/#primaryimage\",\"inLanguage\":\"fr-FR\",\"url\":\"https:\/\/www.nettali.com\/wp-content\/uploads\/2024\/12\/Niger-Mali-Burkina-Faso-nouvelle-distinction-exceptionnelle-pour-Ibrahim-Traore-et-Assimi-Goita-Tiani-pose-un-acte-historique-1024x683-1.jpg\",\"contentUrl\":\"https:\/\/www.nettali.com\/wp-content\/uploads\/2024\/12\/Niger-Mali-Burkina-Faso-nouvelle-distinction-exceptionnelle-pour-Ibrahim-Traore-et-Assimi-Goita-Tiani-pose-un-acte-historique-1024x683-1.jpg\",\"width\":1024,\"height\":683},{\"@type\":\"WebPage\",\"@id\":\"https:\/\/www.nettali.com\/2024\/12\/24\/cedeao-le-mali-le-niger-et-le-burkina-rejettent-rejettent-le-delai-de-retractation-de-six-mois\/#webpage\",\"url\":\"https:\/\/www.nettali.com\/2024\/12\/24\/cedeao-le-mali-le-niger-et-le-burkina-rejettent-rejettent-le-delai-de-retractation-de-six-mois\/\",\"name\":\"CEDEAO - Le Mali, le Niger et le Burkina rejettent rejettent le d\\u00e9lai de r\\u00e9tractation de six mois | Nettali.com\",\"isPartOf\":{\"@id\":\"https:\/\/www.nettali.com\/#website\"},\"primaryImageOfPage\":{\"@id\":\"https:\/\/www.nettali.com\/2024\/12\/24\/cedeao-le-mali-le-niger-et-le-burkina-rejettent-rejettent-le-delai-de-retractation-de-six-mois\/#primaryimage\"},\"datePublished\":\"2024-12-24T07:49:20+00:00\",\"dateModified\":\"2024-12-24T07:49:20+00:00\",\"author\":{\"@id\":\"https:\/\/www.nettali.com\/#\/schema\/person\/d8ac7b7e27ddad43f1c0d2ef090d7f71\"},\"breadcrumb\":{\"@id\":\"https:\/\/www.nettali.com\/2024\/12\/24\/cedeao-le-mali-le-niger-et-le-burkina-rejettent-rejettent-le-delai-de-retractation-de-six-mois\/#breadcrumb\"},\"inLanguage\":\"fr-FR\",\"potentialAction\":[{\"@type\":\"ReadAction\",\"target\":[\"https:\/\/www.nettali.com\/2024\/12\/24\/cedeao-le-mali-le-niger-et-le-burkina-rejettent-rejettent-le-delai-de-retractation-de-six-mois\/\"]}]},{\"@type\":\"BreadcrumbList\",\"@id\":\"https:\/\/www.nettali.com\/2024\/12\/24\/cedeao-le-mali-le-niger-et-le-burkina-rejettent-rejettent-le-delai-de-retractation-de-six-mois\/#breadcrumb\",\"itemListElement\":[{\"@type\":\"ListItem\",\"position\":1,\"name\":\"Accueil\",\"item\":\"https:\/\/www.nettali.com\/\"},{\"@type\":\"ListItem\",\"position\":2,\"name\":\"CEDEAO - Le Mali, le Niger et le Burkina rejettent rejettent le d\\u00e9lai de r\\u00e9tractation de six mois\"}]},{\"@type\":\"Person\",\"@id\":\"https:\/\/www.nettali.com\/#\/schema\/person\/d8ac7b7e27ddad43f1c0d2ef090d7f71\",\"name\":\"CK\",\"image\":{\"@type\":\"ImageObject\",\"@id\":\"https:\/\/www.nettali.com\/#personlogo\",\"inLanguage\":\"fr-FR\",\"url\":\"https:\/\/secure.gravatar.com\/avatar\/1d8d5118b9327d94da7cd4ce7f17fec2?s=96&d=mm&r=g\",\"contentUrl\":\"https:\/\/secure.gravatar.com\/avatar\/1d8d5118b9327d94da7cd4ce7f17fec2?s=96&d=mm&r=g\",\"caption\":\"CK\"},\"sameAs\":[\"https:\/\/www.nettali.com\"]}]}<\/script>\n<!-- \/ Yoast SEO Premium plugin. -->","yoast_head_json":{"title":"CEDEAO - Le Mali, le Niger et le Burkina rejettent rejettent le d\u00e9lai de r\u00e9tractation de six mois | Nettali.com","robots":{"index":"index","follow":"follow","max-snippet":"max-snippet:-1","max-image-preview":"max-image-preview:large","max-video-preview":"max-video-preview:-1"},"canonical":"https:\/\/www.nettali.com\/2024\/12\/24\/cedeao-le-mali-le-niger-et-le-burkina-rejettent-rejettent-le-delai-de-retractation-de-six-mois\/","og_locale":"fr_FR","og_type":"article","og_title":"CEDEAO - Le Mali, le Niger et le Burkina rejettent rejettent le d\u00e9lai de r\u00e9tractation de six mois","og_description":"NETTALI.COM - Les r\u00e9gimes militaires du Mali, Niger et Burkina Faso ont rejet\u00e9 dimanche 22 d\u00e9cembre, le d\u00e9lai de r\u00e9traction de six mois accord\u00e9 par la Communaut\u00e9 \u00e9conomique des Etats d\u2019Afrique de l\u2019Ouest (Cedeao) avant leur retrait d\u00e9finitif, y voyant une \u00abtentative de d\u00e9stabilisation \u00bb ext\u00e9rieure, dans un communiqu\u00e9. Les trois pays qui forment l\u2019Alliance [&hellip;]","og_url":"https:\/\/www.nettali.com\/2024\/12\/24\/cedeao-le-mali-le-niger-et-le-burkina-rejettent-rejettent-le-delai-de-retractation-de-six-mois\/","og_site_name":"Nettali.com","article_publisher":"https:\/\/www.facebook.com\/nettalicom","article_published_time":"2024-12-24T07:49:20+00:00","og_image":[{"width":1024,"height":683,"url":"https:\/\/www.nettali.com\/wp-content\/uploads\/2024\/12\/Niger-Mali-Burkina-Faso-nouvelle-distinction-exceptionnelle-pour-Ibrahim-Traore-et-Assimi-Goita-Tiani-pose-un-acte-historique-1024x683-1.jpg","type":"image\/jpeg"}],"twitter_card":"summary_large_image","twitter_misc":{"\u00c9crit par":"CK","Dur\u00e9e de lecture estim\u00e9e":"1 minute"},"schema":{"@context":"https:\/\/schema.org","@graph":[{"@type":"WebSite","@id":"https:\/\/www.nettali.com\/#website","url":"https:\/\/www.nettali.com\/","name":"Nettali.com","description":"Le rendez-vous critique du Net","potentialAction":[{"@type":"SearchAction","target":{"@type":"EntryPoint","urlTemplate":"https:\/\/www.nettali.com\/?s={search_term_string}"},"query-input":"required name=search_term_string"}],"inLanguage":"fr-FR"},{"@type":"ImageObject","@id":"https:\/\/www.nettali.com\/2024\/12\/24\/cedeao-le-mali-le-niger-et-le-burkina-rejettent-rejettent-le-delai-de-retractation-de-six-mois\/#primaryimage","inLanguage":"fr-FR","url":"https:\/\/www.nettali.com\/wp-content\/uploads\/2024\/12\/Niger-Mali-Burkina-Faso-nouvelle-distinction-exceptionnelle-pour-Ibrahim-Traore-et-Assimi-Goita-Tiani-pose-un-acte-historique-1024x683-1.jpg","contentUrl":"https:\/\/www.nettali.com\/wp-content\/uploads\/2024\/12\/Niger-Mali-Burkina-Faso-nouvelle-distinction-exceptionnelle-pour-Ibrahim-Traore-et-Assimi-Goita-Tiani-pose-un-acte-historique-1024x683-1.jpg","width":1024,"height":683},{"@type":"WebPage","@id":"https:\/\/www.nettali.com\/2024\/12\/24\/cedeao-le-mali-le-niger-et-le-burkina-rejettent-rejettent-le-delai-de-retractation-de-six-mois\/#webpage","url":"https:\/\/www.nettali.com\/2024\/12\/24\/cedeao-le-mali-le-niger-et-le-burkina-rejettent-rejettent-le-delai-de-retractation-de-six-mois\/","name":"CEDEAO - Le Mali, le Niger et le Burkina rejettent rejettent le d\u00e9lai de r\u00e9tractation de six mois | Nettali.com","isPartOf":{"@id":"https:\/\/www.nettali.com\/#website"},"primaryImageOfPage":{"@id":"https:\/\/www.nettali.com\/2024\/12\/24\/cedeao-le-mali-le-niger-et-le-burkina-rejettent-rejettent-le-delai-de-retractation-de-six-mois\/#primaryimage"},"datePublished":"2024-12-24T07:49:20+00:00","dateModified":"2024-12-24T07:49:20+00:00","author":{"@id":"https:\/\/www.nettali.com\/#\/schema\/person\/d8ac7b7e27ddad43f1c0d2ef090d7f71"},"breadcrumb":{"@id":"https:\/\/www.nettali.com\/2024\/12\/24\/cedeao-le-mali-le-niger-et-le-burkina-rejettent-rejettent-le-delai-de-retractation-de-six-mois\/#breadcrumb"},"inLanguage":"fr-FR","potentialAction":[{"@type":"ReadAction","target":["https:\/\/www.nettali.com\/2024\/12\/24\/cedeao-le-mali-le-niger-et-le-burkina-rejettent-rejettent-le-delai-de-retractation-de-six-mois\/"]}]},{"@type":"BreadcrumbList","@id":"https:\/\/www.nettali.com\/2024\/12\/24\/cedeao-le-mali-le-niger-et-le-burkina-rejettent-rejettent-le-delai-de-retractation-de-six-mois\/#breadcrumb","itemListElement":[{"@type":"ListItem","position":1,"name":"Accueil","item":"https:\/\/www.nettali.com\/"},{"@type":"ListItem","position":2,"name":"CEDEAO - Le Mali, le Niger et le Burkina rejettent rejettent le d\u00e9lai de r\u00e9tractation de six mois"}]},{"@type":"Person","@id":"https:\/\/www.nettali.com\/#\/schema\/person\/d8ac7b7e27ddad43f1c0d2ef090d7f71","name":"CK","image":{"@type":"ImageObject","@id":"https:\/\/www.nettali.com\/#personlogo","inLanguage":"fr-FR","url":"https:\/\/secure.gravatar.com\/avatar\/1d8d5118b9327d94da7cd4ce7f17fec2?s=96&d=mm&r=g","contentUrl":"https:\/\/secure.gravatar.com\/avatar\/1d8d5118b9327d94da7cd4ce7f17fec2?s=96&d=mm&r=g","caption":"CK"},"sameAs":["https:\/\/www.nettali.com"]}]}},"_links":{"self":[{"href":"https:\/\/www.nettali.com\/rest\/wp\/v2\/posts\/145911"}],"collection":[{"href":"https:\/\/www.nettali.com\/rest\/wp\/v2\/posts"}],"about":[{"href":"https:\/\/www.nettali.com\/rest\/wp\/v2\/types\/post"}],"author":[{"embeddable":true,"href":"https:\/\/www.nettali.com\/rest\/wp\/v2\/users\/2"}],"replies":[{"embeddable":true,"href":"https:\/\/www.nettali.com\/rest\/wp\/v2\/comments?post=145911"}],"version-history":[{"count":1,"href":"https:\/\/www.nettali.com\/rest\/wp\/v2\/posts\/145911\/revisions"}],"predecessor-version":[{"id":145913,"href":"https:\/\/www.nettali.com\/rest\/wp\/v2\/posts\/145911\/revisions\/145913"}],"wp:featuredmedia":[{"embeddable":true,"href":"https:\/\/www.nettali.com\/rest\/wp\/v2\/media\/145912"}],"wp:attachment":[{"href":"https:\/\/www.nettali.com\/rest\/wp\/v2\/media?parent=145911"}],"wp:term":[{"taxonomy":"category","embeddable":true,"href":"https:\/\/www.nettali.com\/rest\/wp\/v2\/categories?post=145911"},{"taxonomy":"post_tag","embeddable":true,"href":"https:\/\/www.nettali.com\/rest\/wp\/v2\/tags?post=145911"}],"curies":[{"name":"wp","href":"https:\/\/api.w.org\/{rel}","templated":true}]}}