{"id":145822,"date":"2024-12-22T14:20:37","date_gmt":"2024-12-22T14:20:37","guid":{"rendered":"https:\/\/www.nettali.com\/?p=145822"},"modified":"2024-12-24T08:39:41","modified_gmt":"2024-12-24T08:39:41","slug":"me-moussa-diop-le-ministre-de-la-justice-ne-peut-pas-radier-barthelemy-dias-de-lassemblee-nationale","status":"publish","type":"post","link":"https:\/\/www.nettali.com\/2024\/12\/22\/me-moussa-diop-le-ministre-de-la-justice-ne-peut-pas-radier-barthelemy-dias-de-lassemblee-nationale\/","title":{"rendered":"Me MOUSSA DIOP \u2013 \u00ab\u00a0Le ministre de la Justice ne peut pas radier Barth\u00e9l\u00e9my Dias de l\u2019Assembl\u00e9e nationale\u00a0\u00bb"},"content":{"rendered":"<p><strong>NETTALI.COM - L\u2019avocat, Me Moussa Diop, membre de la mouvance pr\u00e9sidentielle, estime que la proc\u00e9dure n\u2019a pas \u00e9t\u00e9 respect\u00e9e pour arriver \u00e0 la radiation du d\u00e9put\u00e9 Barth\u00e9l\u00e9my Dias. \u00a0Il \u00e9tait l\u2019invit\u00e9 de l\u2019\u00e9mission \u00ab Grand Jury \u00bb de la Rfm.<\/strong><\/p>\n<p>Invit\u00e9 de l\u2019\u00e9mission ''Grand Jury'' de ce dimanche 22 d\u00e9cembre sur les ondes de la Radio Futurs m\u00e9dias (Rfm), l\u2019ancien directeur g\u00e9n\u00e9ral de Dakar Dem Dikk sous le r\u00e9gime de Macky Sall, s'appuie sur l\u2019article 198 du code \u00e9lectoral pour dire que la proc\u00e9dure pour arriver \u00e0 la radiation du d\u00e9put\u00e9 Barth\u00e9l\u00e9my Dias n\u2019a pas \u00e9t\u00e9 respect\u00e9e. \u00a0<em>\u00ab Quand la v\u00e9rit\u00e9 est l\u00e0, il faut la dire ou la laisser se dire toute seule. C'est \u00e7a, la politique et la rupture. Maintenant, utiliser l'administration qui vient prendre certaines d\u00e9cisions pour d\u00e9choir un maire alors que, sur la forme, quand on doit d\u00e9choir un maire surtout d\u00e9put\u00e9, l'article 198 du Code \u00e9lectoral pr\u00e9voit qu'il faut saisir imp\u00e9rativement le conseil constitutionnel. Dans cette affaire de Dias, le conseil constitutionnel, je p\u00e8se mes mots, ne me semble pas avoir \u00e9t\u00e9 saisi parce que je n'en ai pas la preuve. Et le conseil constitutionnel devrait \u00eatre saisi par le bureau de l'Assembl\u00e9e nationale, le pr\u00e9sident de la R\u00e9publique ou un groupe de d\u00e9put\u00e9s \u00bb<\/em>, affirme-t-il devant le journaliste Babacar Fall.<\/p>\n<p>Concernant la requ\u00eate du ministre de la Justice, Me Moussa Diop d\u00e9clare que cette lettre n\u2019a pas \u00ab valeur juridique pour radier Barth\u00e9l\u00e9my Dias de l\u2019Assembl\u00e9e nationale \u00bb et affirme que le pr\u00e9sident de l\u2019Assembl\u00e9e nationale, El Malick Ndiaye \u00ab n\u2019aurait pas d\u00fb ex\u00e9cuter \u00bb cette demande. <em>\u00ab C'est ce que pr\u00e9voit, je dis bien par interpr\u00e9tation, mais textuellement, l'article 198. Le pr\u00e9sident du Parlement n'aurait pas d\u00fb et n'a m\u00eame pas qualit\u00e9 pour saisir le conseil constitutionnel. Seul peuvent saisir le conseil constitutionnel, le bureau de l'Assembl\u00e9e nationale, un groupe de d\u00e9put\u00e9s conform\u00e9ment au r\u00e8glement int\u00e9rieur de l'Assembl\u00e9e nationale ou le pr\u00e9sident de la R\u00e9publique. Point Final. Le nom du pr\u00e9sident de l'Assembl\u00e9e nationale n\u2019y figure pas. Je pense que sur ce point-l\u00e0, le conseil constitutionnel va trancher \u00bb,<\/em> a argument\u00e9 Me Diop.<\/p>\n<p>Il est \u00e0 noter que l\u2019article 198 du Code \u00e9lectoral dit : <em>\u00ab La d\u00e9ch\u00e9ance pr\u00e9vue par l\u2019article LO.162 du pr\u00e9sent Code est constat\u00e9e par le Conseil constitutionnel \u00e0 la requ\u00eate du bureau de l\u2019Assembl\u00e9e nationale, d\u2019un groupe de d\u00e9put\u00e9s, conform\u00e9ment au r\u00e8glement int\u00e9rieur de l\u2019Assembl\u00e9e nationale ou du Pr\u00e9sident de la R\u00e9publique.\u00a0 En outre, en cas de condamnation d\u00e9finitive post\u00e9rieure \u00e0 l\u2019\u00e9lection, la d\u00e9ch\u00e9ance est constat\u00e9e, dans les m\u00eames formes, \u00e0 la requ\u00eate du Minist\u00e8re public \u00bb.<\/em><\/p>\n<p>&nbsp;<\/p>\n<div class='share-to-whatsapp-wrapper'><div class='share-on-whsp'>PARTAGER SUR : <\/div><a data-text='Me MOUSSA DIOP \u2013 \u00ab\u00a0Le ministre de la Justice ne peut pas radier Barth\u00e9l\u00e9my Dias de l\u2019Assembl\u00e9e nationale\u00a0\u00bb' data-link='https:\/\/www.nettali.com\/2024\/12\/22\/me-moussa-diop-le-ministre-de-la-justice-ne-peut-pas-radier-barthelemy-dias-de-lassemblee-nationale\/' class='whatsapp-button whatsapp-share'>WhatsApp<\/a><div class='clear '><\/div><\/div>","protected":false},"excerpt":{"rendered":"<p>NETTALI.COM - L\u2019avocat, Me Moussa Diop, membre de la mouvance pr\u00e9sidentielle, estime que la proc\u00e9dure n\u2019a pas \u00e9t\u00e9 respect\u00e9e pour arriver \u00e0 la radiation du d\u00e9put\u00e9 Barth\u00e9l\u00e9my Dias. \u00a0Il \u00e9tait l\u2019invit\u00e9 de l\u2019\u00e9mission \u00ab Grand Jury \u00bb de la Rfm. Invit\u00e9 de l\u2019\u00e9mission ''Grand Jury'' de ce dimanche 22 d\u00e9cembre sur les ondes de la [&hellip;]<\/p>\n","protected":false},"author":4,"featured_media":123469,"comment_status":"open","ping_status":"open","sticky":false,"template":"","format":"standard","meta":{"_et_pb_use_builder":"","_et_pb_old_content":""},"categories":[2],"tags":[],"yoast_head":"<!-- This site is optimized with the Yoast SEO Premium plugin v17.8 (Yoast SEO v17.8) - https:\/\/yoast.com\/wordpress\/plugins\/seo\/ -->\n<title>Me MOUSSA DIOP \u2013 \u00ab\u00a0Le ministre de la Justice ne peut pas radier Barth\u00e9l\u00e9my Dias de l\u2019Assembl\u00e9e nationale\u00a0\u00bb | Nettali.com<\/title>\n<meta name=\"robots\" content=\"index, follow, max-snippet:-1, max-image-preview:large, max-video-preview:-1\" \/>\n<link rel=\"canonical\" href=\"https:\/\/www.nettali.com\/2024\/12\/22\/me-moussa-diop-le-ministre-de-la-justice-ne-peut-pas-radier-barthelemy-dias-de-lassemblee-nationale\/\" \/>\n<meta property=\"og:locale\" content=\"fr_FR\" \/>\n<meta property=\"og:type\" content=\"article\" \/>\n<meta property=\"og:title\" content=\"Me MOUSSA DIOP \u2013 \u00ab\u00a0Le ministre de la Justice ne peut pas radier Barth\u00e9l\u00e9my Dias de l\u2019Assembl\u00e9e nationale\u00a0\u00bb\" \/>\n<meta property=\"og:description\" content=\"NETTALI.COM - L\u2019avocat, Me Moussa Diop, membre de la mouvance pr\u00e9sidentielle, estime que la proc\u00e9dure n\u2019a pas \u00e9t\u00e9 respect\u00e9e pour arriver \u00e0 la radiation du d\u00e9put\u00e9 Barth\u00e9l\u00e9my Dias. \u00a0Il \u00e9tait l\u2019invit\u00e9 de l\u2019\u00e9mission \u00ab Grand Jury \u00bb de la Rfm. Invit\u00e9 de l\u2019\u00e9mission &#039;&#039;Grand Jury&#039;&#039; de ce dimanche 22 d\u00e9cembre sur les ondes de la [&hellip;]\" \/>\n<meta property=\"og:url\" content=\"https:\/\/www.nettali.com\/2024\/12\/22\/me-moussa-diop-le-ministre-de-la-justice-ne-peut-pas-radier-barthelemy-dias-de-lassemblee-nationale\/\" \/>\n<meta property=\"og:site_name\" content=\"Nettali.com\" \/>\n<meta property=\"article:publisher\" content=\"https:\/\/www.facebook.com\/nettalicom\" \/>\n<meta property=\"article:published_time\" content=\"2024-12-22T14:20:37+00:00\" \/>\n<meta property=\"article:modified_time\" content=\"2024-12-24T08:39:41+00:00\" \/>\n<meta property=\"og:image\" content=\"https:\/\/www.nettali.com\/wp-content\/uploads\/2023\/12\/Me-Moussa-Diop.jpeg\" \/>\n\t<meta property=\"og:image:width\" content=\"600\" \/>\n\t<meta property=\"og:image:height\" content=\"400\" \/>\n<meta name=\"twitter:card\" content=\"summary_large_image\" \/>\n<meta name=\"twitter:label1\" content=\"\u00c9crit par\" \/>\n\t<meta name=\"twitter:data1\" content=\"Daouda\" \/>\n\t<meta name=\"twitter:label2\" content=\"Dur\u00e9e de lecture estim\u00e9e\" \/>\n\t<meta name=\"twitter:data2\" content=\"3 minutes\" \/>\n<script type=\"application\/ld+json\" class=\"yoast-schema-graph\">{\"@context\":\"https:\/\/schema.org\",\"@graph\":[{\"@type\":\"WebSite\",\"@id\":\"https:\/\/www.nettali.com\/#website\",\"url\":\"https:\/\/www.nettali.com\/\",\"name\":\"Nettali.com\",\"description\":\"Le rendez-vous critique du Net\",\"potentialAction\":[{\"@type\":\"SearchAction\",\"target\":{\"@type\":\"EntryPoint\",\"urlTemplate\":\"https:\/\/www.nettali.com\/?s={search_term_string}\"},\"query-input\":\"required name=search_term_string\"}],\"inLanguage\":\"fr-FR\"},{\"@type\":\"ImageObject\",\"@id\":\"https:\/\/www.nettali.com\/2024\/12\/22\/me-moussa-diop-le-ministre-de-la-justice-ne-peut-pas-radier-barthelemy-dias-de-lassemblee-nationale\/#primaryimage\",\"inLanguage\":\"fr-FR\",\"url\":\"https:\/\/www.nettali.com\/wp-content\/uploads\/2023\/12\/Me-Moussa-Diop.jpeg\",\"contentUrl\":\"https:\/\/www.nettali.com\/wp-content\/uploads\/2023\/12\/Me-Moussa-Diop.jpeg\",\"width\":600,\"height\":400},{\"@type\":\"WebPage\",\"@id\":\"https:\/\/www.nettali.com\/2024\/12\/22\/me-moussa-diop-le-ministre-de-la-justice-ne-peut-pas-radier-barthelemy-dias-de-lassemblee-nationale\/#webpage\",\"url\":\"https:\/\/www.nettali.com\/2024\/12\/22\/me-moussa-diop-le-ministre-de-la-justice-ne-peut-pas-radier-barthelemy-dias-de-lassemblee-nationale\/\",\"name\":\"Me MOUSSA DIOP \\u2013 \\u00ab\\u00a0Le ministre de la Justice ne peut pas radier Barth\\u00e9l\\u00e9my Dias de l\\u2019Assembl\\u00e9e nationale\\u00a0\\u00bb | Nettali.com\",\"isPartOf\":{\"@id\":\"https:\/\/www.nettali.com\/#website\"},\"primaryImageOfPage\":{\"@id\":\"https:\/\/www.nettali.com\/2024\/12\/22\/me-moussa-diop-le-ministre-de-la-justice-ne-peut-pas-radier-barthelemy-dias-de-lassemblee-nationale\/#primaryimage\"},\"datePublished\":\"2024-12-22T14:20:37+00:00\",\"dateModified\":\"2024-12-24T08:39:41+00:00\",\"author\":{\"@id\":\"https:\/\/www.nettali.com\/#\/schema\/person\/3317e0bb3aa1da309fbf7b2780901bf4\"},\"breadcrumb\":{\"@id\":\"https:\/\/www.nettali.com\/2024\/12\/22\/me-moussa-diop-le-ministre-de-la-justice-ne-peut-pas-radier-barthelemy-dias-de-lassemblee-nationale\/#breadcrumb\"},\"inLanguage\":\"fr-FR\",\"potentialAction\":[{\"@type\":\"ReadAction\",\"target\":[\"https:\/\/www.nettali.com\/2024\/12\/22\/me-moussa-diop-le-ministre-de-la-justice-ne-peut-pas-radier-barthelemy-dias-de-lassemblee-nationale\/\"]}]},{\"@type\":\"BreadcrumbList\",\"@id\":\"https:\/\/www.nettali.com\/2024\/12\/22\/me-moussa-diop-le-ministre-de-la-justice-ne-peut-pas-radier-barthelemy-dias-de-lassemblee-nationale\/#breadcrumb\",\"itemListElement\":[{\"@type\":\"ListItem\",\"position\":1,\"name\":\"Accueil\",\"item\":\"https:\/\/www.nettali.com\/\"},{\"@type\":\"ListItem\",\"position\":2,\"name\":\"Me MOUSSA DIOP \\u2013 \\u00ab\\u00a0Le ministre de la Justice ne peut pas radier Barth\\u00e9l\\u00e9my Dias de l\\u2019Assembl\\u00e9e nationale\\u00a0\\u00bb\"}]},{\"@type\":\"Person\",\"@id\":\"https:\/\/www.nettali.com\/#\/schema\/person\/3317e0bb3aa1da309fbf7b2780901bf4\",\"name\":\"Daouda\",\"image\":{\"@type\":\"ImageObject\",\"@id\":\"https:\/\/www.nettali.com\/#personlogo\",\"inLanguage\":\"fr-FR\",\"url\":\"https:\/\/secure.gravatar.com\/avatar\/8d143b5a49345098ddcfee1c49c2f47c?s=96&d=mm&r=g\",\"contentUrl\":\"https:\/\/secure.gravatar.com\/avatar\/8d143b5a49345098ddcfee1c49c2f47c?s=96&d=mm&r=g\",\"caption\":\"Daouda\"},\"sameAs\":[\"https:\/\/www.nettali.com\"]}]}<\/script>\n<!-- \/ Yoast SEO Premium plugin. -->","yoast_head_json":{"title":"Me MOUSSA DIOP \u2013 \u00ab\u00a0Le ministre de la Justice ne peut pas radier Barth\u00e9l\u00e9my Dias de l\u2019Assembl\u00e9e nationale\u00a0\u00bb | Nettali.com","robots":{"index":"index","follow":"follow","max-snippet":"max-snippet:-1","max-image-preview":"max-image-preview:large","max-video-preview":"max-video-preview:-1"},"canonical":"https:\/\/www.nettali.com\/2024\/12\/22\/me-moussa-diop-le-ministre-de-la-justice-ne-peut-pas-radier-barthelemy-dias-de-lassemblee-nationale\/","og_locale":"fr_FR","og_type":"article","og_title":"Me MOUSSA DIOP \u2013 \u00ab\u00a0Le ministre de la Justice ne peut pas radier Barth\u00e9l\u00e9my Dias de l\u2019Assembl\u00e9e nationale\u00a0\u00bb","og_description":"NETTALI.COM - L\u2019avocat, Me Moussa Diop, membre de la mouvance pr\u00e9sidentielle, estime que la proc\u00e9dure n\u2019a pas \u00e9t\u00e9 respect\u00e9e pour arriver \u00e0 la radiation du d\u00e9put\u00e9 Barth\u00e9l\u00e9my Dias. \u00a0Il \u00e9tait l\u2019invit\u00e9 de l\u2019\u00e9mission \u00ab Grand Jury \u00bb de la Rfm. Invit\u00e9 de l\u2019\u00e9mission ''Grand Jury'' de ce dimanche 22 d\u00e9cembre sur les ondes de la [&hellip;]","og_url":"https:\/\/www.nettali.com\/2024\/12\/22\/me-moussa-diop-le-ministre-de-la-justice-ne-peut-pas-radier-barthelemy-dias-de-lassemblee-nationale\/","og_site_name":"Nettali.com","article_publisher":"https:\/\/www.facebook.com\/nettalicom","article_published_time":"2024-12-22T14:20:37+00:00","article_modified_time":"2024-12-24T08:39:41+00:00","og_image":[{"width":600,"height":400,"url":"https:\/\/www.nettali.com\/wp-content\/uploads\/2023\/12\/Me-Moussa-Diop.jpeg","type":"image\/jpeg"}],"twitter_card":"summary_large_image","twitter_misc":{"\u00c9crit par":"Daouda","Dur\u00e9e de lecture estim\u00e9e":"3 minutes"},"schema":{"@context":"https:\/\/schema.org","@graph":[{"@type":"WebSite","@id":"https:\/\/www.nettali.com\/#website","url":"https:\/\/www.nettali.com\/","name":"Nettali.com","description":"Le rendez-vous critique du Net","potentialAction":[{"@type":"SearchAction","target":{"@type":"EntryPoint","urlTemplate":"https:\/\/www.nettali.com\/?s={search_term_string}"},"query-input":"required name=search_term_string"}],"inLanguage":"fr-FR"},{"@type":"ImageObject","@id":"https:\/\/www.nettali.com\/2024\/12\/22\/me-moussa-diop-le-ministre-de-la-justice-ne-peut-pas-radier-barthelemy-dias-de-lassemblee-nationale\/#primaryimage","inLanguage":"fr-FR","url":"https:\/\/www.nettali.com\/wp-content\/uploads\/2023\/12\/Me-Moussa-Diop.jpeg","contentUrl":"https:\/\/www.nettali.com\/wp-content\/uploads\/2023\/12\/Me-Moussa-Diop.jpeg","width":600,"height":400},{"@type":"WebPage","@id":"https:\/\/www.nettali.com\/2024\/12\/22\/me-moussa-diop-le-ministre-de-la-justice-ne-peut-pas-radier-barthelemy-dias-de-lassemblee-nationale\/#webpage","url":"https:\/\/www.nettali.com\/2024\/12\/22\/me-moussa-diop-le-ministre-de-la-justice-ne-peut-pas-radier-barthelemy-dias-de-lassemblee-nationale\/","name":"Me MOUSSA DIOP \u2013 \u00ab\u00a0Le ministre de la Justice ne peut pas radier Barth\u00e9l\u00e9my Dias de l\u2019Assembl\u00e9e nationale\u00a0\u00bb | Nettali.com","isPartOf":{"@id":"https:\/\/www.nettali.com\/#website"},"primaryImageOfPage":{"@id":"https:\/\/www.nettali.com\/2024\/12\/22\/me-moussa-diop-le-ministre-de-la-justice-ne-peut-pas-radier-barthelemy-dias-de-lassemblee-nationale\/#primaryimage"},"datePublished":"2024-12-22T14:20:37+00:00","dateModified":"2024-12-24T08:39:41+00:00","author":{"@id":"https:\/\/www.nettali.com\/#\/schema\/person\/3317e0bb3aa1da309fbf7b2780901bf4"},"breadcrumb":{"@id":"https:\/\/www.nettali.com\/2024\/12\/22\/me-moussa-diop-le-ministre-de-la-justice-ne-peut-pas-radier-barthelemy-dias-de-lassemblee-nationale\/#breadcrumb"},"inLanguage":"fr-FR","potentialAction":[{"@type":"ReadAction","target":["https:\/\/www.nettali.com\/2024\/12\/22\/me-moussa-diop-le-ministre-de-la-justice-ne-peut-pas-radier-barthelemy-dias-de-lassemblee-nationale\/"]}]},{"@type":"BreadcrumbList","@id":"https:\/\/www.nettali.com\/2024\/12\/22\/me-moussa-diop-le-ministre-de-la-justice-ne-peut-pas-radier-barthelemy-dias-de-lassemblee-nationale\/#breadcrumb","itemListElement":[{"@type":"ListItem","position":1,"name":"Accueil","item":"https:\/\/www.nettali.com\/"},{"@type":"ListItem","position":2,"name":"Me MOUSSA DIOP \u2013 \u00ab\u00a0Le ministre de la Justice ne peut pas radier Barth\u00e9l\u00e9my Dias de l\u2019Assembl\u00e9e nationale\u00a0\u00bb"}]},{"@type":"Person","@id":"https:\/\/www.nettali.com\/#\/schema\/person\/3317e0bb3aa1da309fbf7b2780901bf4","name":"Daouda","image":{"@type":"ImageObject","@id":"https:\/\/www.nettali.com\/#personlogo","inLanguage":"fr-FR","url":"https:\/\/secure.gravatar.com\/avatar\/8d143b5a49345098ddcfee1c49c2f47c?s=96&d=mm&r=g","contentUrl":"https:\/\/secure.gravatar.com\/avatar\/8d143b5a49345098ddcfee1c49c2f47c?s=96&d=mm&r=g","caption":"Daouda"},"sameAs":["https:\/\/www.nettali.com"]}]}},"_links":{"self":[{"href":"https:\/\/www.nettali.com\/rest\/wp\/v2\/posts\/145822"}],"collection":[{"href":"https:\/\/www.nettali.com\/rest\/wp\/v2\/posts"}],"about":[{"href":"https:\/\/www.nettali.com\/rest\/wp\/v2\/types\/post"}],"author":[{"embeddable":true,"href":"https:\/\/www.nettali.com\/rest\/wp\/v2\/users\/4"}],"replies":[{"embeddable":true,"href":"https:\/\/www.nettali.com\/rest\/wp\/v2\/comments?post=145822"}],"version-history":[{"count":1,"href":"https:\/\/www.nettali.com\/rest\/wp\/v2\/posts\/145822\/revisions"}],"predecessor-version":[{"id":145823,"href":"https:\/\/www.nettali.com\/rest\/wp\/v2\/posts\/145822\/revisions\/145823"}],"wp:featuredmedia":[{"embeddable":true,"href":"https:\/\/www.nettali.com\/rest\/wp\/v2\/media\/123469"}],"wp:attachment":[{"href":"https:\/\/www.nettali.com\/rest\/wp\/v2\/media?parent=145822"}],"wp:term":[{"taxonomy":"category","embeddable":true,"href":"https:\/\/www.nettali.com\/rest\/wp\/v2\/categories?post=145822"},{"taxonomy":"post_tag","embeddable":true,"href":"https:\/\/www.nettali.com\/rest\/wp\/v2\/tags?post=145822"}],"curies":[{"name":"wp","href":"https:\/\/api.w.org\/{rel}","templated":true}]}}