{"id":145812,"date":"2024-12-21T20:43:52","date_gmt":"2024-12-21T20:43:52","guid":{"rendered":"https:\/\/www.nettali.com\/?p=145812"},"modified":"2024-12-21T20:43:52","modified_gmt":"2024-12-21T20:43:52","slug":"can-2025-le-coup-denvoi-dans-1-an","status":"publish","type":"post","link":"https:\/\/www.nettali.com\/2024\/12\/21\/can-2025-le-coup-denvoi-dans-1-an\/","title":{"rendered":"CAN 2025 - Le coup d'envoi dans 1 an!"},"content":{"rendered":"<p><strong>NETTALI.COM - Dans exactement 12 mois, l'\u00e9v\u00e9nement le plus important d'Afrique : la Coupe d'Afrique des Nations (CAN) d\u00e9butera au Maroc. La 35\u00e8me \u00e9dition de la grand-messe du football africain se d\u00e9roulera du 21 d\u00e9cembre 2025 au 18 janvier 2026. La comp\u00e9tition se rapproche !<\/strong><\/p>\n<p>La prochaine \u00e9dition de la Coupe d\u2019Afrique des Nations, initialement programm\u00e9e pour l\u2019\u00e9t\u00e9 2025, a \u00e9t\u00e9 report\u00e9e \u00e0 l\u2019hiver de la m\u00eame ann\u00e9e. Ce changement de calendrier r\u00e9pond \u00e0 la n\u00e9cessit\u00e9 d\u2019\u00e9viter une collision avec la Coupe du monde des clubs, qui devait se tenir au m\u00eame moment. Bien que repouss\u00e9e, la comp\u00e9tition offrira une occasion exaltante pour les \u00c9l\u00e9phants de C\u00f4te d\u2019Ivoire de d\u00e9fendre leur titre au Maroc, qui sera le pays h\u00f4te. Les Lions de l\u2019Atlas, qui avaient triomph\u00e9 lors de la CAN 1976, accueilleront la phase finale de cette comp\u00e9tition pour la seconde fois, apr\u00e8s l\u2019avoir d\u00e9j\u00e0 fait en 1988. Cet \u00e9v\u00e9nement s\u2019annonce comme une grande c\u00e9l\u00e9bration du football.<\/p>\n<div class='share-to-whatsapp-wrapper'><div class='share-on-whsp'>PARTAGER SUR : <\/div><a data-text='CAN 2025 - Le coup d'envoi dans 1 an!' data-link='https:\/\/www.nettali.com\/2024\/12\/21\/can-2025-le-coup-denvoi-dans-1-an\/' class='whatsapp-button whatsapp-share'>WhatsApp<\/a><div class='clear '><\/div><\/div>","protected":false},"excerpt":{"rendered":"<p>NETTALI.COM - Dans exactement 12 mois, l'\u00e9v\u00e9nement le plus important d'Afrique : la Coupe d'Afrique des Nations (CAN) d\u00e9butera au Maroc. La 35\u00e8me \u00e9dition de la grand-messe du football africain se d\u00e9roulera du 21 d\u00e9cembre 2025 au 18 janvier 2026. La comp\u00e9tition se rapproche ! La prochaine \u00e9dition de la Coupe d\u2019Afrique des Nations, initialement [&hellip;]<\/p>\n","protected":false},"author":5,"featured_media":126687,"comment_status":"open","ping_status":"open","sticky":false,"template":"","format":"standard","meta":{"_et_pb_use_builder":"","_et_pb_old_content":""},"categories":[6],"tags":[],"yoast_head":"<!-- This site is optimized with the Yoast SEO Premium plugin v17.8 (Yoast SEO v17.8) - https:\/\/yoast.com\/wordpress\/plugins\/seo\/ -->\n<title>CAN 2025 - Le coup d&#039;envoi dans 1 an! | Nettali.com<\/title>\n<meta name=\"robots\" content=\"index, follow, max-snippet:-1, max-image-preview:large, max-video-preview:-1\" \/>\n<link rel=\"canonical\" href=\"https:\/\/www.nettali.com\/2024\/12\/21\/can-2025-le-coup-denvoi-dans-1-an\/\" \/>\n<meta property=\"og:locale\" content=\"fr_FR\" \/>\n<meta property=\"og:type\" content=\"article\" \/>\n<meta property=\"og:title\" content=\"CAN 2025 - Le coup d&#039;envoi dans 1 an!\" \/>\n<meta property=\"og:description\" content=\"NETTALI.COM - Dans exactement 12 mois, l&#039;\u00e9v\u00e9nement le plus important d&#039;Afrique : la Coupe d&#039;Afrique des Nations (CAN) d\u00e9butera au Maroc. La 35\u00e8me \u00e9dition de la grand-messe du football africain se d\u00e9roulera du 21 d\u00e9cembre 2025 au 18 janvier 2026. La comp\u00e9tition se rapproche ! La prochaine \u00e9dition de la Coupe d\u2019Afrique des Nations, initialement [&hellip;]\" \/>\n<meta property=\"og:url\" content=\"https:\/\/www.nettali.com\/2024\/12\/21\/can-2025-le-coup-denvoi-dans-1-an\/\" \/>\n<meta property=\"og:site_name\" content=\"Nettali.com\" \/>\n<meta property=\"article:publisher\" content=\"https:\/\/www.facebook.com\/nettalicom\" \/>\n<meta property=\"article:published_time\" content=\"2024-12-21T20:43:52+00:00\" \/>\n<meta property=\"og:image\" content=\"https:\/\/www.nettali.com\/wp-content\/uploads\/2024\/02\/Trophe\u0301e-CAN-600x354-1.jpg\" \/>\n\t<meta property=\"og:image:width\" content=\"600\" \/>\n\t<meta property=\"og:image:height\" content=\"354\" \/>\n<meta name=\"twitter:card\" content=\"summary_large_image\" \/>\n<meta name=\"twitter:label1\" content=\"\u00c9crit par\" \/>\n\t<meta name=\"twitter:data1\" content=\"Ibrahima\" \/>\n\t<meta name=\"twitter:label2\" content=\"Dur\u00e9e de lecture estim\u00e9e\" \/>\n\t<meta name=\"twitter:data2\" content=\"1 minute\" \/>\n<script type=\"application\/ld+json\" class=\"yoast-schema-graph\">{\"@context\":\"https:\/\/schema.org\",\"@graph\":[{\"@type\":\"WebSite\",\"@id\":\"https:\/\/www.nettali.com\/#website\",\"url\":\"https:\/\/www.nettali.com\/\",\"name\":\"Nettali.com\",\"description\":\"Le rendez-vous critique du Net\",\"potentialAction\":[{\"@type\":\"SearchAction\",\"target\":{\"@type\":\"EntryPoint\",\"urlTemplate\":\"https:\/\/www.nettali.com\/?s={search_term_string}\"},\"query-input\":\"required name=search_term_string\"}],\"inLanguage\":\"fr-FR\"},{\"@type\":\"ImageObject\",\"@id\":\"https:\/\/www.nettali.com\/2024\/12\/21\/can-2025-le-coup-denvoi-dans-1-an\/#primaryimage\",\"inLanguage\":\"fr-FR\",\"url\":\"https:\/\/www.nettali.com\/wp-content\/uploads\/2024\/02\/Trophe\\u0301e-CAN-600x354-1.jpg\",\"contentUrl\":\"https:\/\/www.nettali.com\/wp-content\/uploads\/2024\/02\/Trophe\\u0301e-CAN-600x354-1.jpg\",\"width\":600,\"height\":354},{\"@type\":\"WebPage\",\"@id\":\"https:\/\/www.nettali.com\/2024\/12\/21\/can-2025-le-coup-denvoi-dans-1-an\/#webpage\",\"url\":\"https:\/\/www.nettali.com\/2024\/12\/21\/can-2025-le-coup-denvoi-dans-1-an\/\",\"name\":\"CAN 2025 - Le coup d'envoi dans 1 an! | Nettali.com\",\"isPartOf\":{\"@id\":\"https:\/\/www.nettali.com\/#website\"},\"primaryImageOfPage\":{\"@id\":\"https:\/\/www.nettali.com\/2024\/12\/21\/can-2025-le-coup-denvoi-dans-1-an\/#primaryimage\"},\"datePublished\":\"2024-12-21T20:43:52+00:00\",\"dateModified\":\"2024-12-21T20:43:52+00:00\",\"author\":{\"@id\":\"https:\/\/www.nettali.com\/#\/schema\/person\/bb147657c2986240405a608162b9bb23\"},\"breadcrumb\":{\"@id\":\"https:\/\/www.nettali.com\/2024\/12\/21\/can-2025-le-coup-denvoi-dans-1-an\/#breadcrumb\"},\"inLanguage\":\"fr-FR\",\"potentialAction\":[{\"@type\":\"ReadAction\",\"target\":[\"https:\/\/www.nettali.com\/2024\/12\/21\/can-2025-le-coup-denvoi-dans-1-an\/\"]}]},{\"@type\":\"BreadcrumbList\",\"@id\":\"https:\/\/www.nettali.com\/2024\/12\/21\/can-2025-le-coup-denvoi-dans-1-an\/#breadcrumb\",\"itemListElement\":[{\"@type\":\"ListItem\",\"position\":1,\"name\":\"Accueil\",\"item\":\"https:\/\/www.nettali.com\/\"},{\"@type\":\"ListItem\",\"position\":2,\"name\":\"CAN 2025 - Le coup d'envoi dans 1 an!\"}]},{\"@type\":\"Person\",\"@id\":\"https:\/\/www.nettali.com\/#\/schema\/person\/bb147657c2986240405a608162b9bb23\",\"name\":\"Ibrahima\",\"image\":{\"@type\":\"ImageObject\",\"@id\":\"https:\/\/www.nettali.com\/#personlogo\",\"inLanguage\":\"fr-FR\",\"url\":\"https:\/\/secure.gravatar.com\/avatar\/26a8a81f09f0dd7624c9d5c36c9ba3a2?s=96&d=mm&r=g\",\"contentUrl\":\"https:\/\/secure.gravatar.com\/avatar\/26a8a81f09f0dd7624c9d5c36c9ba3a2?s=96&d=mm&r=g\",\"caption\":\"Ibrahima\"},\"sameAs\":[\"https:\/\/www.nettali.com\"]}]}<\/script>\n<!-- \/ Yoast SEO Premium plugin. -->","yoast_head_json":{"title":"CAN 2025 - Le coup d'envoi dans 1 an! | Nettali.com","robots":{"index":"index","follow":"follow","max-snippet":"max-snippet:-1","max-image-preview":"max-image-preview:large","max-video-preview":"max-video-preview:-1"},"canonical":"https:\/\/www.nettali.com\/2024\/12\/21\/can-2025-le-coup-denvoi-dans-1-an\/","og_locale":"fr_FR","og_type":"article","og_title":"CAN 2025 - Le coup d'envoi dans 1 an!","og_description":"NETTALI.COM - Dans exactement 12 mois, l'\u00e9v\u00e9nement le plus important d'Afrique : la Coupe d'Afrique des Nations (CAN) d\u00e9butera au Maroc. La 35\u00e8me \u00e9dition de la grand-messe du football africain se d\u00e9roulera du 21 d\u00e9cembre 2025 au 18 janvier 2026. La comp\u00e9tition se rapproche ! La prochaine \u00e9dition de la Coupe d\u2019Afrique des Nations, initialement [&hellip;]","og_url":"https:\/\/www.nettali.com\/2024\/12\/21\/can-2025-le-coup-denvoi-dans-1-an\/","og_site_name":"Nettali.com","article_publisher":"https:\/\/www.facebook.com\/nettalicom","article_published_time":"2024-12-21T20:43:52+00:00","og_image":[{"width":600,"height":354,"url":"https:\/\/www.nettali.com\/wp-content\/uploads\/2024\/02\/Trophe\u0301e-CAN-600x354-1.jpg","type":"image\/jpeg"}],"twitter_card":"summary_large_image","twitter_misc":{"\u00c9crit par":"Ibrahima","Dur\u00e9e de lecture estim\u00e9e":"1 minute"},"schema":{"@context":"https:\/\/schema.org","@graph":[{"@type":"WebSite","@id":"https:\/\/www.nettali.com\/#website","url":"https:\/\/www.nettali.com\/","name":"Nettali.com","description":"Le rendez-vous critique du Net","potentialAction":[{"@type":"SearchAction","target":{"@type":"EntryPoint","urlTemplate":"https:\/\/www.nettali.com\/?s={search_term_string}"},"query-input":"required name=search_term_string"}],"inLanguage":"fr-FR"},{"@type":"ImageObject","@id":"https:\/\/www.nettali.com\/2024\/12\/21\/can-2025-le-coup-denvoi-dans-1-an\/#primaryimage","inLanguage":"fr-FR","url":"https:\/\/www.nettali.com\/wp-content\/uploads\/2024\/02\/Trophe\u0301e-CAN-600x354-1.jpg","contentUrl":"https:\/\/www.nettali.com\/wp-content\/uploads\/2024\/02\/Trophe\u0301e-CAN-600x354-1.jpg","width":600,"height":354},{"@type":"WebPage","@id":"https:\/\/www.nettali.com\/2024\/12\/21\/can-2025-le-coup-denvoi-dans-1-an\/#webpage","url":"https:\/\/www.nettali.com\/2024\/12\/21\/can-2025-le-coup-denvoi-dans-1-an\/","name":"CAN 2025 - Le coup d'envoi dans 1 an! | Nettali.com","isPartOf":{"@id":"https:\/\/www.nettali.com\/#website"},"primaryImageOfPage":{"@id":"https:\/\/www.nettali.com\/2024\/12\/21\/can-2025-le-coup-denvoi-dans-1-an\/#primaryimage"},"datePublished":"2024-12-21T20:43:52+00:00","dateModified":"2024-12-21T20:43:52+00:00","author":{"@id":"https:\/\/www.nettali.com\/#\/schema\/person\/bb147657c2986240405a608162b9bb23"},"breadcrumb":{"@id":"https:\/\/www.nettali.com\/2024\/12\/21\/can-2025-le-coup-denvoi-dans-1-an\/#breadcrumb"},"inLanguage":"fr-FR","potentialAction":[{"@type":"ReadAction","target":["https:\/\/www.nettali.com\/2024\/12\/21\/can-2025-le-coup-denvoi-dans-1-an\/"]}]},{"@type":"BreadcrumbList","@id":"https:\/\/www.nettali.com\/2024\/12\/21\/can-2025-le-coup-denvoi-dans-1-an\/#breadcrumb","itemListElement":[{"@type":"ListItem","position":1,"name":"Accueil","item":"https:\/\/www.nettali.com\/"},{"@type":"ListItem","position":2,"name":"CAN 2025 - Le coup d'envoi dans 1 an!"}]},{"@type":"Person","@id":"https:\/\/www.nettali.com\/#\/schema\/person\/bb147657c2986240405a608162b9bb23","name":"Ibrahima","image":{"@type":"ImageObject","@id":"https:\/\/www.nettali.com\/#personlogo","inLanguage":"fr-FR","url":"https:\/\/secure.gravatar.com\/avatar\/26a8a81f09f0dd7624c9d5c36c9ba3a2?s=96&d=mm&r=g","contentUrl":"https:\/\/secure.gravatar.com\/avatar\/26a8a81f09f0dd7624c9d5c36c9ba3a2?s=96&d=mm&r=g","caption":"Ibrahima"},"sameAs":["https:\/\/www.nettali.com"]}]}},"_links":{"self":[{"href":"https:\/\/www.nettali.com\/rest\/wp\/v2\/posts\/145812"}],"collection":[{"href":"https:\/\/www.nettali.com\/rest\/wp\/v2\/posts"}],"about":[{"href":"https:\/\/www.nettali.com\/rest\/wp\/v2\/types\/post"}],"author":[{"embeddable":true,"href":"https:\/\/www.nettali.com\/rest\/wp\/v2\/users\/5"}],"replies":[{"embeddable":true,"href":"https:\/\/www.nettali.com\/rest\/wp\/v2\/comments?post=145812"}],"version-history":[{"count":1,"href":"https:\/\/www.nettali.com\/rest\/wp\/v2\/posts\/145812\/revisions"}],"predecessor-version":[{"id":145813,"href":"https:\/\/www.nettali.com\/rest\/wp\/v2\/posts\/145812\/revisions\/145813"}],"wp:featuredmedia":[{"embeddable":true,"href":"https:\/\/www.nettali.com\/rest\/wp\/v2\/media\/126687"}],"wp:attachment":[{"href":"https:\/\/www.nettali.com\/rest\/wp\/v2\/media?parent=145812"}],"wp:term":[{"taxonomy":"category","embeddable":true,"href":"https:\/\/www.nettali.com\/rest\/wp\/v2\/categories?post=145812"},{"taxonomy":"post_tag","embeddable":true,"href":"https:\/\/www.nettali.com\/rest\/wp\/v2\/tags?post=145812"}],"curies":[{"name":"wp","href":"https:\/\/api.w.org\/{rel}","templated":true}]}}