{"id":145799,"date":"2024-12-21T14:04:12","date_gmt":"2024-12-21T14:04:12","guid":{"rendered":"https:\/\/www.nettali.com\/?p=145799"},"modified":"2024-12-21T14:04:12","modified_gmt":"2024-12-21T14:04:12","slug":"bouna-sarr-mon-objectif-est-de-retrouver-la-selection","status":"publish","type":"post","link":"https:\/\/www.nettali.com\/2024\/12\/21\/bouna-sarr-mon-objectif-est-de-retrouver-la-selection\/","title":{"rendered":"BOUNA SARR - \"Mon objectif est de retrouver la s\u00e9lection\""},"content":{"rendered":"<p dir=\"ltr\"><strong>NETTALI.COM - Absent de l\u2019\u00e9quipe nationale depuis un certain temps et sans club depuis qu\u2019il a quitt\u00e9 le Bayern Munich, Bouna Sarr est revenu sur son avenir. Le d\u00e9fenseur s\u00e9n\u00e9galais de 32 ans s'est dit pr\u00eat \u00e0 retrouver la comp\u00e9tition et ne ferme pas la porte \u00e0 un retour en \u00e9quipe nationale et \u00e0 l'Olympique de Marseille.<\/strong><\/p>\n<p dir=\"ltr\">Dans une interview accord\u00e9e \u00e0 Foot Mercato, le champion d\u2019Afrique 2021 a affich\u00e9 sa volont\u00e9 de redorer de nouveau le maillot de l\u2019\u00e9quipe nationale du S\u00e9n\u00e9gal. \"<em>Bien s\u00fbr, l'objectif est de retrouver la s\u00e9lection, parce que je n\u2019ai fait une croix sur la s\u00e9lection. J\u2019ai toujours voulu y revenir. Malheureusement, cette blessure a fait que je n\u2019ai pas pu\"<\/em>, a-t-il fait savoir.<\/p>\n<p dir=\"ltr\">\"<em>J\u2019ai toujours ressenti cet amour des supporters s\u00e9n\u00e9galais qui m\u2019\u00e9crivent \u00e9norm\u00e9ment \u00e0 travers les r\u00e9seaux sociaux. C\u2019est aussi quelque chose qui montre aujourd\u2019hui qu\u2019il y a certaines personnes qui ont h\u00e2te de te revoir sur le terrain, h\u00e2te de te revoir en s\u00e9lection<\/em>\", a ajout\u00e9 l'homme\u00a0 aux 13 s\u00e9lections.<\/p>\n<p dir=\"ltr\"><strong>Un retour \u00e0 l'OM<\/strong><\/p>\n<p dir=\"ltr\">Libre comme l'air depuis sa fin de contrat au Bayern Munich l'\u00e9t\u00e9 dernier, Bouna Sarr veut retrouver un club cet hiver. Le polyvalent lat\u00e9ral droit, qui s'est entretenu physiquement pendant sa p\u00e9riode ch\u00f4mage, ne ferme \"<em>aucune porte<\/em>\". Surtout pas celle de l'Olympique de Marseille, o\u00f9 il aimerait visiblement revenir.<\/p>\n<p dir=\"ltr\">\"<em>Depuis cet \u00e9t\u00e9, m\u00eame si je n'ai pas jou\u00e9 en comp\u00e9tition, je me suis maintenu au mieux. Je suis \u00e0 100% de mes capacit\u00e9s et je n'aurai aucun souci \u00e0 m'ins\u00e9rer dans un groupe et \u00e0 apporter ma pierre \u00e0 l'\u00e9difice pour cette seconde partie de saison. Peu importe le niveau, le challenge, la comp\u00e9tition, je suis pr\u00eat. Je n'ai pas vraiment de priorit\u00e9, que ce soit la France ou l'\u00e9tranger. Je ne ferme aucune porte<\/em>\", a confi\u00e9 l'ancien Messin.<br \/>\n\"<em>Entre vous et moi, je re\u00e7ois aussi \u00e9norm\u00e9ment de messages de supporters de Marseille. D'ailleurs, il y a beaucoup de gens qui ne seraient pas contre un coup de main de Bouna Sarr aujourd'hui \u00e0 l'OM. Maintenant, je ne suis pas le seul d\u00e9cideur. Ce sont les clubs, ce sont les directeurs sportifs, ce sont les coachs qui d\u00e9cident<\/em>\", a-t-il conclu.<\/p>\n<div class='share-to-whatsapp-wrapper'><div class='share-on-whsp'>PARTAGER SUR : <\/div><a data-text='BOUNA SARR - \"Mon objectif est de retrouver la s\u00e9lection\"' data-link='https:\/\/www.nettali.com\/2024\/12\/21\/bouna-sarr-mon-objectif-est-de-retrouver-la-selection\/' class='whatsapp-button whatsapp-share'>WhatsApp<\/a><div class='clear '><\/div><\/div>","protected":false},"excerpt":{"rendered":"<p>NETTALI.COM - Absent de l\u2019\u00e9quipe nationale depuis un certain temps et sans club depuis qu\u2019il a quitt\u00e9 le Bayern Munich, Bouna Sarr est revenu sur son avenir. Le d\u00e9fenseur s\u00e9n\u00e9galais de 32 ans s'est dit pr\u00eat \u00e0 retrouver la comp\u00e9tition et ne ferme pas la porte \u00e0 un retour en \u00e9quipe nationale et \u00e0 l'Olympique [&hellip;]<\/p>\n","protected":false},"author":5,"featured_media":145800,"comment_status":"open","ping_status":"open","sticky":false,"template":"","format":"standard","meta":{"_et_pb_use_builder":"","_et_pb_old_content":""},"categories":[6],"tags":[],"yoast_head":"<!-- This site is optimized with the Yoast SEO Premium plugin v17.8 (Yoast SEO v17.8) - https:\/\/yoast.com\/wordpress\/plugins\/seo\/ -->\n<title>BOUNA SARR - &quot;Mon objectif est de retrouver la s\u00e9lection&quot; | Nettali.com<\/title>\n<meta name=\"robots\" content=\"index, follow, max-snippet:-1, max-image-preview:large, max-video-preview:-1\" \/>\n<link rel=\"canonical\" href=\"https:\/\/www.nettali.com\/2024\/12\/21\/bouna-sarr-mon-objectif-est-de-retrouver-la-selection\/\" \/>\n<meta property=\"og:locale\" content=\"fr_FR\" \/>\n<meta property=\"og:type\" content=\"article\" \/>\n<meta property=\"og:title\" content=\"BOUNA SARR - &quot;Mon objectif est de retrouver la s\u00e9lection&quot;\" \/>\n<meta property=\"og:description\" content=\"NETTALI.COM - Absent de l\u2019\u00e9quipe nationale depuis un certain temps et sans club depuis qu\u2019il a quitt\u00e9 le Bayern Munich, Bouna Sarr est revenu sur son avenir. Le d\u00e9fenseur s\u00e9n\u00e9galais de 32 ans s&#039;est dit pr\u00eat \u00e0 retrouver la comp\u00e9tition et ne ferme pas la porte \u00e0 un retour en \u00e9quipe nationale et \u00e0 l&#039;Olympique [&hellip;]\" \/>\n<meta property=\"og:url\" content=\"https:\/\/www.nettali.com\/2024\/12\/21\/bouna-sarr-mon-objectif-est-de-retrouver-la-selection\/\" \/>\n<meta property=\"og:site_name\" content=\"Nettali.com\" \/>\n<meta property=\"article:publisher\" content=\"https:\/\/www.facebook.com\/nettalicom\" \/>\n<meta property=\"article:published_time\" content=\"2024-12-21T14:04:12+00:00\" \/>\n<meta property=\"og:image\" content=\"https:\/\/www.nettali.com\/wp-content\/uploads\/2024\/12\/bouna-sarr.jpg\" \/>\n\t<meta property=\"og:image:width\" content=\"800\" \/>\n\t<meta property=\"og:image:height\" content=\"450\" \/>\n<meta name=\"twitter:card\" content=\"summary_large_image\" \/>\n<meta name=\"twitter:label1\" content=\"\u00c9crit par\" \/>\n\t<meta name=\"twitter:data1\" content=\"Ibrahima\" \/>\n\t<meta name=\"twitter:label2\" content=\"Dur\u00e9e de lecture estim\u00e9e\" \/>\n\t<meta name=\"twitter:data2\" content=\"2 minutes\" \/>\n<script type=\"application\/ld+json\" class=\"yoast-schema-graph\">{\"@context\":\"https:\/\/schema.org\",\"@graph\":[{\"@type\":\"WebSite\",\"@id\":\"https:\/\/www.nettali.com\/#website\",\"url\":\"https:\/\/www.nettali.com\/\",\"name\":\"Nettali.com\",\"description\":\"Le rendez-vous critique du Net\",\"potentialAction\":[{\"@type\":\"SearchAction\",\"target\":{\"@type\":\"EntryPoint\",\"urlTemplate\":\"https:\/\/www.nettali.com\/?s={search_term_string}\"},\"query-input\":\"required name=search_term_string\"}],\"inLanguage\":\"fr-FR\"},{\"@type\":\"ImageObject\",\"@id\":\"https:\/\/www.nettali.com\/2024\/12\/21\/bouna-sarr-mon-objectif-est-de-retrouver-la-selection\/#primaryimage\",\"inLanguage\":\"fr-FR\",\"url\":\"https:\/\/www.nettali.com\/wp-content\/uploads\/2024\/12\/bouna-sarr.jpg\",\"contentUrl\":\"https:\/\/www.nettali.com\/wp-content\/uploads\/2024\/12\/bouna-sarr.jpg\",\"width\":800,\"height\":450},{\"@type\":\"WebPage\",\"@id\":\"https:\/\/www.nettali.com\/2024\/12\/21\/bouna-sarr-mon-objectif-est-de-retrouver-la-selection\/#webpage\",\"url\":\"https:\/\/www.nettali.com\/2024\/12\/21\/bouna-sarr-mon-objectif-est-de-retrouver-la-selection\/\",\"name\":\"BOUNA SARR - \\\"Mon objectif est de retrouver la s\\u00e9lection\\\" | Nettali.com\",\"isPartOf\":{\"@id\":\"https:\/\/www.nettali.com\/#website\"},\"primaryImageOfPage\":{\"@id\":\"https:\/\/www.nettali.com\/2024\/12\/21\/bouna-sarr-mon-objectif-est-de-retrouver-la-selection\/#primaryimage\"},\"datePublished\":\"2024-12-21T14:04:12+00:00\",\"dateModified\":\"2024-12-21T14:04:12+00:00\",\"author\":{\"@id\":\"https:\/\/www.nettali.com\/#\/schema\/person\/bb147657c2986240405a608162b9bb23\"},\"breadcrumb\":{\"@id\":\"https:\/\/www.nettali.com\/2024\/12\/21\/bouna-sarr-mon-objectif-est-de-retrouver-la-selection\/#breadcrumb\"},\"inLanguage\":\"fr-FR\",\"potentialAction\":[{\"@type\":\"ReadAction\",\"target\":[\"https:\/\/www.nettali.com\/2024\/12\/21\/bouna-sarr-mon-objectif-est-de-retrouver-la-selection\/\"]}]},{\"@type\":\"BreadcrumbList\",\"@id\":\"https:\/\/www.nettali.com\/2024\/12\/21\/bouna-sarr-mon-objectif-est-de-retrouver-la-selection\/#breadcrumb\",\"itemListElement\":[{\"@type\":\"ListItem\",\"position\":1,\"name\":\"Accueil\",\"item\":\"https:\/\/www.nettali.com\/\"},{\"@type\":\"ListItem\",\"position\":2,\"name\":\"BOUNA SARR - \\\"Mon objectif est de retrouver la s\\u00e9lection\\\"\"}]},{\"@type\":\"Person\",\"@id\":\"https:\/\/www.nettali.com\/#\/schema\/person\/bb147657c2986240405a608162b9bb23\",\"name\":\"Ibrahima\",\"image\":{\"@type\":\"ImageObject\",\"@id\":\"https:\/\/www.nettali.com\/#personlogo\",\"inLanguage\":\"fr-FR\",\"url\":\"https:\/\/secure.gravatar.com\/avatar\/26a8a81f09f0dd7624c9d5c36c9ba3a2?s=96&d=mm&r=g\",\"contentUrl\":\"https:\/\/secure.gravatar.com\/avatar\/26a8a81f09f0dd7624c9d5c36c9ba3a2?s=96&d=mm&r=g\",\"caption\":\"Ibrahima\"},\"sameAs\":[\"https:\/\/www.nettali.com\"]}]}<\/script>\n<!-- \/ Yoast SEO Premium plugin. -->","yoast_head_json":{"title":"BOUNA SARR - \"Mon objectif est de retrouver la s\u00e9lection\" | Nettali.com","robots":{"index":"index","follow":"follow","max-snippet":"max-snippet:-1","max-image-preview":"max-image-preview:large","max-video-preview":"max-video-preview:-1"},"canonical":"https:\/\/www.nettali.com\/2024\/12\/21\/bouna-sarr-mon-objectif-est-de-retrouver-la-selection\/","og_locale":"fr_FR","og_type":"article","og_title":"BOUNA SARR - \"Mon objectif est de retrouver la s\u00e9lection\"","og_description":"NETTALI.COM - Absent de l\u2019\u00e9quipe nationale depuis un certain temps et sans club depuis qu\u2019il a quitt\u00e9 le Bayern Munich, Bouna Sarr est revenu sur son avenir. Le d\u00e9fenseur s\u00e9n\u00e9galais de 32 ans s'est dit pr\u00eat \u00e0 retrouver la comp\u00e9tition et ne ferme pas la porte \u00e0 un retour en \u00e9quipe nationale et \u00e0 l'Olympique [&hellip;]","og_url":"https:\/\/www.nettali.com\/2024\/12\/21\/bouna-sarr-mon-objectif-est-de-retrouver-la-selection\/","og_site_name":"Nettali.com","article_publisher":"https:\/\/www.facebook.com\/nettalicom","article_published_time":"2024-12-21T14:04:12+00:00","og_image":[{"width":800,"height":450,"url":"https:\/\/www.nettali.com\/wp-content\/uploads\/2024\/12\/bouna-sarr.jpg","type":"image\/jpeg"}],"twitter_card":"summary_large_image","twitter_misc":{"\u00c9crit par":"Ibrahima","Dur\u00e9e de lecture estim\u00e9e":"2 minutes"},"schema":{"@context":"https:\/\/schema.org","@graph":[{"@type":"WebSite","@id":"https:\/\/www.nettali.com\/#website","url":"https:\/\/www.nettali.com\/","name":"Nettali.com","description":"Le rendez-vous critique du Net","potentialAction":[{"@type":"SearchAction","target":{"@type":"EntryPoint","urlTemplate":"https:\/\/www.nettali.com\/?s={search_term_string}"},"query-input":"required name=search_term_string"}],"inLanguage":"fr-FR"},{"@type":"ImageObject","@id":"https:\/\/www.nettali.com\/2024\/12\/21\/bouna-sarr-mon-objectif-est-de-retrouver-la-selection\/#primaryimage","inLanguage":"fr-FR","url":"https:\/\/www.nettali.com\/wp-content\/uploads\/2024\/12\/bouna-sarr.jpg","contentUrl":"https:\/\/www.nettali.com\/wp-content\/uploads\/2024\/12\/bouna-sarr.jpg","width":800,"height":450},{"@type":"WebPage","@id":"https:\/\/www.nettali.com\/2024\/12\/21\/bouna-sarr-mon-objectif-est-de-retrouver-la-selection\/#webpage","url":"https:\/\/www.nettali.com\/2024\/12\/21\/bouna-sarr-mon-objectif-est-de-retrouver-la-selection\/","name":"BOUNA SARR - \"Mon objectif est de retrouver la s\u00e9lection\" | Nettali.com","isPartOf":{"@id":"https:\/\/www.nettali.com\/#website"},"primaryImageOfPage":{"@id":"https:\/\/www.nettali.com\/2024\/12\/21\/bouna-sarr-mon-objectif-est-de-retrouver-la-selection\/#primaryimage"},"datePublished":"2024-12-21T14:04:12+00:00","dateModified":"2024-12-21T14:04:12+00:00","author":{"@id":"https:\/\/www.nettali.com\/#\/schema\/person\/bb147657c2986240405a608162b9bb23"},"breadcrumb":{"@id":"https:\/\/www.nettali.com\/2024\/12\/21\/bouna-sarr-mon-objectif-est-de-retrouver-la-selection\/#breadcrumb"},"inLanguage":"fr-FR","potentialAction":[{"@type":"ReadAction","target":["https:\/\/www.nettali.com\/2024\/12\/21\/bouna-sarr-mon-objectif-est-de-retrouver-la-selection\/"]}]},{"@type":"BreadcrumbList","@id":"https:\/\/www.nettali.com\/2024\/12\/21\/bouna-sarr-mon-objectif-est-de-retrouver-la-selection\/#breadcrumb","itemListElement":[{"@type":"ListItem","position":1,"name":"Accueil","item":"https:\/\/www.nettali.com\/"},{"@type":"ListItem","position":2,"name":"BOUNA SARR - \"Mon objectif est de retrouver la s\u00e9lection\""}]},{"@type":"Person","@id":"https:\/\/www.nettali.com\/#\/schema\/person\/bb147657c2986240405a608162b9bb23","name":"Ibrahima","image":{"@type":"ImageObject","@id":"https:\/\/www.nettali.com\/#personlogo","inLanguage":"fr-FR","url":"https:\/\/secure.gravatar.com\/avatar\/26a8a81f09f0dd7624c9d5c36c9ba3a2?s=96&d=mm&r=g","contentUrl":"https:\/\/secure.gravatar.com\/avatar\/26a8a81f09f0dd7624c9d5c36c9ba3a2?s=96&d=mm&r=g","caption":"Ibrahima"},"sameAs":["https:\/\/www.nettali.com"]}]}},"_links":{"self":[{"href":"https:\/\/www.nettali.com\/rest\/wp\/v2\/posts\/145799"}],"collection":[{"href":"https:\/\/www.nettali.com\/rest\/wp\/v2\/posts"}],"about":[{"href":"https:\/\/www.nettali.com\/rest\/wp\/v2\/types\/post"}],"author":[{"embeddable":true,"href":"https:\/\/www.nettali.com\/rest\/wp\/v2\/users\/5"}],"replies":[{"embeddable":true,"href":"https:\/\/www.nettali.com\/rest\/wp\/v2\/comments?post=145799"}],"version-history":[{"count":1,"href":"https:\/\/www.nettali.com\/rest\/wp\/v2\/posts\/145799\/revisions"}],"predecessor-version":[{"id":145801,"href":"https:\/\/www.nettali.com\/rest\/wp\/v2\/posts\/145799\/revisions\/145801"}],"wp:featuredmedia":[{"embeddable":true,"href":"https:\/\/www.nettali.com\/rest\/wp\/v2\/media\/145800"}],"wp:attachment":[{"href":"https:\/\/www.nettali.com\/rest\/wp\/v2\/media?parent=145799"}],"wp:term":[{"taxonomy":"category","embeddable":true,"href":"https:\/\/www.nettali.com\/rest\/wp\/v2\/categories?post=145799"},{"taxonomy":"post_tag","embeddable":true,"href":"https:\/\/www.nettali.com\/rest\/wp\/v2\/tags?post=145799"}],"curies":[{"name":"wp","href":"https:\/\/api.w.org\/{rel}","templated":true}]}}