{"id":145786,"date":"2024-12-21T07:44:55","date_gmt":"2024-12-21T07:44:55","guid":{"rendered":"https:\/\/www.nettali.com\/?p=145786"},"modified":"2024-12-21T07:44:55","modified_gmt":"2024-12-21T07:44:55","slug":"gestion-de-lipres-deficit-de-management","status":"publish","type":"post","link":"https:\/\/www.nettali.com\/2024\/12\/21\/gestion-de-lipres-deficit-de-management\/","title":{"rendered":"Gestion de l\u2019IPRES, d\u00e9ficit de management"},"content":{"rendered":"<p><strong>CONTRIBUTION -<\/strong> Lors de la mise en place des nouvelles modalit\u00e9s de paiement au niveau de l\u2019IPRES il avait \u00e9t\u00e9 d\u00e9clar\u00e9 ceci : \u201c<em>Il s\u2019agit pour les retrait\u00e9s de percevoir en un mois ce qu\u2019ils percevaient en deux mois<\/em>\u201d. Cependant au de-l\u00e0 de ce discours la gestion de l\u2019IPRES r\u00e9v\u00e8le \u00e0 la fois des constats amers et d\u00e9solants pour les 140 000 retrait\u00e9s.<\/p>\n<p>D\u2019abord l\u2019IPRES a avant tout une mission de service public c'est-\u00e0-dire prendre en compte les besoins et pr\u00e9occupations des retrait\u00e9s dans une optique d\u2019am\u00e9lioration d\u00e9cente de leurs conditions de vie. Or \u00e0 ce niveau, il y a un paradoxe patent et manifeste. En effet, non seulement les pensions de l\u2019IPRES sont les plus faibles du continent africain, mais elles ont \u00e9t\u00e9 divis\u00e9es en deux dans le cadre du paiement mensuel.<\/p>\n<p>A ce niveau la question fondamentale qui se pose est celle de savoir pourquoi l\u2019IPRES n\u2019arrive pas \u00e0 s\u2019adapter \u00e0 l\u2019\u00e9volution juridique et institutionnelle en vigueur dans l\u2019espace CDEAO en mati\u00e8re de retraite ? Pourtant ce ne sont pas les ressources qui manquent \u00e0 cette institution. En effet, l\u2019IPRES dispose de milliers d\u2019actions et d\u2019obligations dont on ne connait m\u00eame pas le poids en mati\u00e8re de dividendes ou d'int\u00e9r\u00eats.<\/p>\n<p>Ensuite l\u2019IPRES est propri\u00e9taire de nombreux immeubles dont on ignore aussi leur valeur v\u00e9nale et les montants des revenus locatifs. Mieux, l\u2019IPRES a fini de construire une tour de 16 \u00e9tages contigu\u0308e \u00e0 l\u2019h\u00f4tel ind\u00e9pendance dont elle est aussi propri\u00e9taire. Au regard de tous ces \u00e9l\u00e9ments financiers, immobiliers, mobiliers, bancaires pourquoi l\u2019IPRES ne rel\u00e8verait\u2013t-elle pas les pensions \u00e0 un niveau substantiel et viable.<\/p>\n<p>A notre avis, au vu de tous ces \u00e9l\u00e9ments l\u2019IPRES devrait am\u00e9liorer les conditions de vie des retrait\u00e9s. En effet, la nature strat\u00e9gique et sensible de l\u2019IPRES indique qu\u2019elle doit \u00eatre g\u00e9r\u00e9e par des hommes et des femmes \u00e0 haut potentiel, c'est-\u00e0-dire qui s\u2019adaptent \u00e0 toute situation, mais qui ont surtout une approche multidimensionnelle du management. C\u2019est sur cet aspect que l\u2019Etat en rapport avec les organisations professionnelles doit faire valoir la pl\u00e9nitude de son autorit\u00e9 par rapport \u00e0 des crit\u00e8res contraignants et rigoureux qui pr\u00e9sident la nomination \u00e0 la t\u00eate de cette institution.<\/p>\n<p>KOSSORO CISSOKHO Docteur en Droit Expert Juriste Consultant<\/p>\n<div class='share-to-whatsapp-wrapper'><div class='share-on-whsp'>PARTAGER SUR : <\/div><a data-text='Gestion de l\u2019IPRES, d\u00e9ficit de management' data-link='https:\/\/www.nettali.com\/2024\/12\/21\/gestion-de-lipres-deficit-de-management\/' class='whatsapp-button whatsapp-share'>WhatsApp<\/a><div class='clear '><\/div><\/div>","protected":false},"excerpt":{"rendered":"<p>CONTRIBUTION - Lors de la mise en place des nouvelles modalit\u00e9s de paiement au niveau de l\u2019IPRES il avait \u00e9t\u00e9 d\u00e9clar\u00e9 ceci : \u201cIl s\u2019agit pour les retrait\u00e9s de percevoir en un mois ce qu\u2019ils percevaient en deux mois\u201d. Cependant au de-l\u00e0 de ce discours la gestion de l\u2019IPRES r\u00e9v\u00e8le \u00e0 la fois des constats [&hellip;]<\/p>\n","protected":false},"author":2,"featured_media":145787,"comment_status":"open","ping_status":"open","sticky":false,"template":"","format":"standard","meta":{"_et_pb_use_builder":"","_et_pb_old_content":""},"categories":[3],"tags":[],"yoast_head":"<!-- This site is optimized with the Yoast SEO Premium plugin v17.8 (Yoast SEO v17.8) - https:\/\/yoast.com\/wordpress\/plugins\/seo\/ -->\n<title>Gestion de l\u2019IPRES, d\u00e9ficit de management | Nettali.com<\/title>\n<meta name=\"robots\" content=\"index, follow, max-snippet:-1, max-image-preview:large, max-video-preview:-1\" \/>\n<link rel=\"canonical\" href=\"https:\/\/www.nettali.com\/2024\/12\/21\/gestion-de-lipres-deficit-de-management\/\" \/>\n<meta property=\"og:locale\" content=\"fr_FR\" \/>\n<meta property=\"og:type\" content=\"article\" \/>\n<meta property=\"og:title\" content=\"Gestion de l\u2019IPRES, d\u00e9ficit de management\" \/>\n<meta property=\"og:description\" content=\"CONTRIBUTION - Lors de la mise en place des nouvelles modalit\u00e9s de paiement au niveau de l\u2019IPRES il avait \u00e9t\u00e9 d\u00e9clar\u00e9 ceci : \u201cIl s\u2019agit pour les retrait\u00e9s de percevoir en un mois ce qu\u2019ils percevaient en deux mois\u201d. Cependant au de-l\u00e0 de ce discours la gestion de l\u2019IPRES r\u00e9v\u00e8le \u00e0 la fois des constats [&hellip;]\" \/>\n<meta property=\"og:url\" content=\"https:\/\/www.nettali.com\/2024\/12\/21\/gestion-de-lipres-deficit-de-management\/\" \/>\n<meta property=\"og:site_name\" content=\"Nettali.com\" \/>\n<meta property=\"article:publisher\" content=\"https:\/\/www.facebook.com\/nettalicom\" \/>\n<meta property=\"article:published_time\" content=\"2024-12-21T07:44:55+00:00\" \/>\n<meta property=\"og:image\" content=\"https:\/\/www.nettali.com\/wp-content\/uploads\/2024\/12\/ipres_7.png\" \/>\n\t<meta property=\"og:image:width\" content=\"800\" \/>\n\t<meta property=\"og:image:height\" content=\"600\" \/>\n<meta name=\"twitter:card\" content=\"summary_large_image\" \/>\n<meta name=\"twitter:label1\" content=\"\u00c9crit par\" \/>\n\t<meta name=\"twitter:data1\" content=\"CK\" \/>\n\t<meta name=\"twitter:label2\" content=\"Dur\u00e9e de lecture estim\u00e9e\" \/>\n\t<meta name=\"twitter:data2\" content=\"2 minutes\" \/>\n<script type=\"application\/ld+json\" class=\"yoast-schema-graph\">{\"@context\":\"https:\/\/schema.org\",\"@graph\":[{\"@type\":\"WebSite\",\"@id\":\"https:\/\/www.nettali.com\/#website\",\"url\":\"https:\/\/www.nettali.com\/\",\"name\":\"Nettali.com\",\"description\":\"Le rendez-vous critique du Net\",\"potentialAction\":[{\"@type\":\"SearchAction\",\"target\":{\"@type\":\"EntryPoint\",\"urlTemplate\":\"https:\/\/www.nettali.com\/?s={search_term_string}\"},\"query-input\":\"required name=search_term_string\"}],\"inLanguage\":\"fr-FR\"},{\"@type\":\"ImageObject\",\"@id\":\"https:\/\/www.nettali.com\/2024\/12\/21\/gestion-de-lipres-deficit-de-management\/#primaryimage\",\"inLanguage\":\"fr-FR\",\"url\":\"https:\/\/www.nettali.com\/wp-content\/uploads\/2024\/12\/ipres_7.png\",\"contentUrl\":\"https:\/\/www.nettali.com\/wp-content\/uploads\/2024\/12\/ipres_7.png\",\"width\":800,\"height\":600},{\"@type\":\"WebPage\",\"@id\":\"https:\/\/www.nettali.com\/2024\/12\/21\/gestion-de-lipres-deficit-de-management\/#webpage\",\"url\":\"https:\/\/www.nettali.com\/2024\/12\/21\/gestion-de-lipres-deficit-de-management\/\",\"name\":\"Gestion de l\\u2019IPRES, d\\u00e9ficit de management | Nettali.com\",\"isPartOf\":{\"@id\":\"https:\/\/www.nettali.com\/#website\"},\"primaryImageOfPage\":{\"@id\":\"https:\/\/www.nettali.com\/2024\/12\/21\/gestion-de-lipres-deficit-de-management\/#primaryimage\"},\"datePublished\":\"2024-12-21T07:44:55+00:00\",\"dateModified\":\"2024-12-21T07:44:55+00:00\",\"author\":{\"@id\":\"https:\/\/www.nettali.com\/#\/schema\/person\/d8ac7b7e27ddad43f1c0d2ef090d7f71\"},\"breadcrumb\":{\"@id\":\"https:\/\/www.nettali.com\/2024\/12\/21\/gestion-de-lipres-deficit-de-management\/#breadcrumb\"},\"inLanguage\":\"fr-FR\",\"potentialAction\":[{\"@type\":\"ReadAction\",\"target\":[\"https:\/\/www.nettali.com\/2024\/12\/21\/gestion-de-lipres-deficit-de-management\/\"]}]},{\"@type\":\"BreadcrumbList\",\"@id\":\"https:\/\/www.nettali.com\/2024\/12\/21\/gestion-de-lipres-deficit-de-management\/#breadcrumb\",\"itemListElement\":[{\"@type\":\"ListItem\",\"position\":1,\"name\":\"Accueil\",\"item\":\"https:\/\/www.nettali.com\/\"},{\"@type\":\"ListItem\",\"position\":2,\"name\":\"Gestion de l\\u2019IPRES, d\\u00e9ficit de management\"}]},{\"@type\":\"Person\",\"@id\":\"https:\/\/www.nettali.com\/#\/schema\/person\/d8ac7b7e27ddad43f1c0d2ef090d7f71\",\"name\":\"CK\",\"image\":{\"@type\":\"ImageObject\",\"@id\":\"https:\/\/www.nettali.com\/#personlogo\",\"inLanguage\":\"fr-FR\",\"url\":\"https:\/\/secure.gravatar.com\/avatar\/1d8d5118b9327d94da7cd4ce7f17fec2?s=96&d=mm&r=g\",\"contentUrl\":\"https:\/\/secure.gravatar.com\/avatar\/1d8d5118b9327d94da7cd4ce7f17fec2?s=96&d=mm&r=g\",\"caption\":\"CK\"},\"sameAs\":[\"https:\/\/www.nettali.com\"]}]}<\/script>\n<!-- \/ Yoast SEO Premium plugin. -->","yoast_head_json":{"title":"Gestion de l\u2019IPRES, d\u00e9ficit de management | Nettali.com","robots":{"index":"index","follow":"follow","max-snippet":"max-snippet:-1","max-image-preview":"max-image-preview:large","max-video-preview":"max-video-preview:-1"},"canonical":"https:\/\/www.nettali.com\/2024\/12\/21\/gestion-de-lipres-deficit-de-management\/","og_locale":"fr_FR","og_type":"article","og_title":"Gestion de l\u2019IPRES, d\u00e9ficit de management","og_description":"CONTRIBUTION - Lors de la mise en place des nouvelles modalit\u00e9s de paiement au niveau de l\u2019IPRES il avait \u00e9t\u00e9 d\u00e9clar\u00e9 ceci : \u201cIl s\u2019agit pour les retrait\u00e9s de percevoir en un mois ce qu\u2019ils percevaient en deux mois\u201d. Cependant au de-l\u00e0 de ce discours la gestion de l\u2019IPRES r\u00e9v\u00e8le \u00e0 la fois des constats [&hellip;]","og_url":"https:\/\/www.nettali.com\/2024\/12\/21\/gestion-de-lipres-deficit-de-management\/","og_site_name":"Nettali.com","article_publisher":"https:\/\/www.facebook.com\/nettalicom","article_published_time":"2024-12-21T07:44:55+00:00","og_image":[{"width":800,"height":600,"url":"https:\/\/www.nettali.com\/wp-content\/uploads\/2024\/12\/ipres_7.png","type":"image\/png"}],"twitter_card":"summary_large_image","twitter_misc":{"\u00c9crit par":"CK","Dur\u00e9e de lecture estim\u00e9e":"2 minutes"},"schema":{"@context":"https:\/\/schema.org","@graph":[{"@type":"WebSite","@id":"https:\/\/www.nettali.com\/#website","url":"https:\/\/www.nettali.com\/","name":"Nettali.com","description":"Le rendez-vous critique du Net","potentialAction":[{"@type":"SearchAction","target":{"@type":"EntryPoint","urlTemplate":"https:\/\/www.nettali.com\/?s={search_term_string}"},"query-input":"required name=search_term_string"}],"inLanguage":"fr-FR"},{"@type":"ImageObject","@id":"https:\/\/www.nettali.com\/2024\/12\/21\/gestion-de-lipres-deficit-de-management\/#primaryimage","inLanguage":"fr-FR","url":"https:\/\/www.nettali.com\/wp-content\/uploads\/2024\/12\/ipres_7.png","contentUrl":"https:\/\/www.nettali.com\/wp-content\/uploads\/2024\/12\/ipres_7.png","width":800,"height":600},{"@type":"WebPage","@id":"https:\/\/www.nettali.com\/2024\/12\/21\/gestion-de-lipres-deficit-de-management\/#webpage","url":"https:\/\/www.nettali.com\/2024\/12\/21\/gestion-de-lipres-deficit-de-management\/","name":"Gestion de l\u2019IPRES, d\u00e9ficit de management | Nettali.com","isPartOf":{"@id":"https:\/\/www.nettali.com\/#website"},"primaryImageOfPage":{"@id":"https:\/\/www.nettali.com\/2024\/12\/21\/gestion-de-lipres-deficit-de-management\/#primaryimage"},"datePublished":"2024-12-21T07:44:55+00:00","dateModified":"2024-12-21T07:44:55+00:00","author":{"@id":"https:\/\/www.nettali.com\/#\/schema\/person\/d8ac7b7e27ddad43f1c0d2ef090d7f71"},"breadcrumb":{"@id":"https:\/\/www.nettali.com\/2024\/12\/21\/gestion-de-lipres-deficit-de-management\/#breadcrumb"},"inLanguage":"fr-FR","potentialAction":[{"@type":"ReadAction","target":["https:\/\/www.nettali.com\/2024\/12\/21\/gestion-de-lipres-deficit-de-management\/"]}]},{"@type":"BreadcrumbList","@id":"https:\/\/www.nettali.com\/2024\/12\/21\/gestion-de-lipres-deficit-de-management\/#breadcrumb","itemListElement":[{"@type":"ListItem","position":1,"name":"Accueil","item":"https:\/\/www.nettali.com\/"},{"@type":"ListItem","position":2,"name":"Gestion de l\u2019IPRES, d\u00e9ficit de management"}]},{"@type":"Person","@id":"https:\/\/www.nettali.com\/#\/schema\/person\/d8ac7b7e27ddad43f1c0d2ef090d7f71","name":"CK","image":{"@type":"ImageObject","@id":"https:\/\/www.nettali.com\/#personlogo","inLanguage":"fr-FR","url":"https:\/\/secure.gravatar.com\/avatar\/1d8d5118b9327d94da7cd4ce7f17fec2?s=96&d=mm&r=g","contentUrl":"https:\/\/secure.gravatar.com\/avatar\/1d8d5118b9327d94da7cd4ce7f17fec2?s=96&d=mm&r=g","caption":"CK"},"sameAs":["https:\/\/www.nettali.com"]}]}},"_links":{"self":[{"href":"https:\/\/www.nettali.com\/rest\/wp\/v2\/posts\/145786"}],"collection":[{"href":"https:\/\/www.nettali.com\/rest\/wp\/v2\/posts"}],"about":[{"href":"https:\/\/www.nettali.com\/rest\/wp\/v2\/types\/post"}],"author":[{"embeddable":true,"href":"https:\/\/www.nettali.com\/rest\/wp\/v2\/users\/2"}],"replies":[{"embeddable":true,"href":"https:\/\/www.nettali.com\/rest\/wp\/v2\/comments?post=145786"}],"version-history":[{"count":1,"href":"https:\/\/www.nettali.com\/rest\/wp\/v2\/posts\/145786\/revisions"}],"predecessor-version":[{"id":145788,"href":"https:\/\/www.nettali.com\/rest\/wp\/v2\/posts\/145786\/revisions\/145788"}],"wp:featuredmedia":[{"embeddable":true,"href":"https:\/\/www.nettali.com\/rest\/wp\/v2\/media\/145787"}],"wp:attachment":[{"href":"https:\/\/www.nettali.com\/rest\/wp\/v2\/media?parent=145786"}],"wp:term":[{"taxonomy":"category","embeddable":true,"href":"https:\/\/www.nettali.com\/rest\/wp\/v2\/categories?post=145786"},{"taxonomy":"post_tag","embeddable":true,"href":"https:\/\/www.nettali.com\/rest\/wp\/v2\/tags?post=145786"}],"curies":[{"name":"wp","href":"https:\/\/api.w.org\/{rel}","templated":true}]}}