{"id":145770,"date":"2024-12-20T12:47:16","date_gmt":"2024-12-20T12:47:16","guid":{"rendered":"https:\/\/www.nettali.com\/?p=145770"},"modified":"2024-12-21T07:36:53","modified_gmt":"2024-12-21T07:36:53","slug":"barthelemy-dias-sur-sa-revocation-il-faudra-me-mettre-en-prison-pour-menlever-de-la-mairie-de-dakar","status":"publish","type":"post","link":"https:\/\/www.nettali.com\/2024\/12\/20\/barthelemy-dias-sur-sa-revocation-il-faudra-me-mettre-en-prison-pour-menlever-de-la-mairie-de-dakar\/","title":{"rendered":"BARTH\u00c9L\u00c9MY DIAS SUR SA R\u00c9VOCATION -\u00a0\u00abIl faudra me mettre en prison pour m\u2019enlever de la mairie de Dakar\u00bb"},"content":{"rendered":"<p><strong>NETTALI.COM - Apr\u00e8s deux conf\u00e9rences de presse avort\u00e9es, Barth\u00e9l\u00e9my Dias a finalement fait une sortie hier, au building communal, dans son bureau. R\u00e9voqu\u00e9 de la mairie de Dakar, radi\u00e9 de l\u2019Assembl\u00e9e nationale, il compte se d\u00e9fendre au prix de sa libert\u00e9.\u00a0<\/strong><\/p>\n<p>On n\u2019en a pas encore fini avec les coups d\u2019\u00e9clat de Barth\u00e9l\u00e9my Dias. Interdit d\u2019acc\u00e8s \u00e0 la mairie de Dakar depuis vendredi dernier, le maire, r\u00e9voqu\u00e9 sur initiative d\u2019un conseiller municipal, Beyla Gu\u00e8ye, semble se plaire au jeu du chat et de la souris avec le r\u00e9gime en place. En d\u00e9but de soir\u00e9e d\u2019hier, Barth\u00e9l\u00e9my Dias \u00e9tait l\u2019h\u00f4te de la SenTv et de la 7Tv dans un face \u00e0 face intitul\u00e9 \"l\u2019heure de v\u00e9rit\u00e9\". Surprise ! Barth\u00e9l\u00e9my Dias \u00e9tait confortablement assis dans un bureau, son bureau de maire. Sourire malicieux, il s\u2019en r\u00e9jouit, comme d\u2019un exploit : <em>\u00abJe suis maire de Dakar, j\u2019ai 5 bureaux. J\u2019ai m\u00eame un bureau \u00e0 Barcelone. On m\u2019interdit d\u2019entrer dans mon bureau, mais l\u00e0, je suis dans mon bureau en tant que maire de Dakar au building communal.\u00bb<\/em><\/p>\n<p>Un doigt d\u2019honneur \u00e0 la Police ? Une \u00e9ni\u00e8me provocation aux nouvelles autorit\u00e9s. Barth\u00e9l\u00e9my Dias est on ne peut plus clair. Lui prendre la mairie de Dakar ne sera pas une mince affaire. Il mart\u00e8le : <em>\u00abLe probl\u00e8me c\u2019est qu\u2019ils veulent me d\u00e9mettre sans se salir les mains. Il faudra me mettre en prison pour m\u2019enlever de la mairie de Dakar. Je vais r\u00e9sister de jour en jour avec les S\u00e9n\u00e9galais. Vous ne pouvez pas remporter cette bataille. Seul le pr\u00e9sident de la R\u00e9publique peut me r\u00e9voquer de la mairie par d\u00e9cret.\u00bb<\/em><\/p>\n<p><strong>\u00abJe ne comptais pas si\u00e9ger, le 02 d\u00e9cembre, lors de l\u2019installation de l\u2019Assembl\u00e9e nationale, j\u2019avais ma lettre de d\u00e9mission dans ma poche\u00bb<\/strong><\/p>\n<p>Sa r\u00e9vocation de la mairie de Dakar est intervenue quelques jours apr\u00e8s sa radiation \u00e0 l\u2019Assembl\u00e9e nationale, Barth\u00e9l\u00e9my estime que l\u2019objectif \u00e9tait de le mettre en prison bien avant les \u00e9lections. <em>\u00abIl fallait arr\u00eater Barth\u00e9l\u00e9my Dias et c\u2019est ce qui a justifi\u00e9 ce qui s\u2019est pass\u00e9 \u00e0 Thi\u00e8s avec mes gardes du corps. Il ne s\u2019agit pas d\u2019une question de droit ou de politique, mais de bon sens. Si je n\u2019avais pas particip\u00e9 aux L\u00e9gislatives, rien de tout cela ne serait arriv\u00e9.\u00bb<\/em> Selon lui, les autorit\u00e9s sont juste all\u00e9es trop vite en besogne; parce qu\u2019il n\u2019avait nullement l\u2019intention de rester \u00e0 l\u2019Assembl\u00e9e nationale. <em>\u00abLe 02 d\u00e9cembre, lors de l\u2019installation de l\u2019Assembl\u00e9e nationale, j\u2019avais ma lettre de d\u00e9mission dans ma poche, mais j\u2019\u00e9tais \u00e0 Saint-Louis. Je ne comptais pas si\u00e9ger. M\u00eame si le recours que j\u2019ai d\u00e9pos\u00e9 aboutit, je ne si\u00e9gerais pas \u00e0 l\u2019Assembl\u00e9e nationale. Le sens de ces recours, c\u2019est juste de savoir si le S\u00e9n\u00e9gal a toujours une justice ou non.\u00a0 Tout le monde a vu la d\u00e9cision qui a \u00e9t\u00e9 rendue par le Conseil constitutionnel sur la requ\u00eate de A\u00efssata Tall Sall. Ils sont toujours incomp\u00e9tents ou dans le cas contraire, ils ne sont pas concern\u00e9s. C\u2019est ce qui a conduit le S\u00e9n\u00e9gal l\u00e0 o\u00f9 il se trouve actuellement. Apr\u00e8s tous les sacrifices, on revoit les m\u00eames pratiques et je ne pense pas qu\u2019ils puissent avoir le bilan de Macky Sall ou de Abdoulaye Wade. Cette radiation ne repose sur aucune r\u00e8gle de droit. Il y a une justice des vainqueurs.\u00bb\u00a0<\/em><\/p>\n<p><strong>\u00abJe peux perdre des batailles, mais je gagnerai la guerre\u00bb<\/strong><\/p>\n<p>Une justice des vainqueurs qui ne lui fait pas peur. Barth\u00e9l\u00e9my Dias\u00a0au r\u00e9gime du Pr\u00e9sident Bassirou Diomaye Faye\u00a0: <em>\u00abJe peux perdre des batailles, mais je gagnerai la guerre parce que c\u2019est une guerre de la v\u00e9rit\u00e9 sur le mensonge. Je suis plus fort que vous en politique. Je vous aurai \u00e0 l\u2019usure et sur le temps. Je continuerai \u00e0 visiter les chantiers entam\u00e9s par la mairie de Dakar. J\u2019irai devant chez Ousmane Sonko \u00e0 la Cit\u00e9 Keur Gorgui pour lui montrer mes r\u00e9alisations. Qu\u2019on soit avec moi, qu\u2019on soit contre moi, personne n\u2019ose dire que je ne suis pas un bon maire. Personne ne peut dire que je n\u2019ai pas de bilan.\u00bb<\/em> Sans citer Ousmane Sonko, Barth promet toutefois de lui faire face.<\/p>\n<p><em>\u00abTon objectif, c\u2019est de me mettre en prison parce que tu penses que le plus important dans ta vie, c\u2019est d\u2019humilier les gens. Mais moi, je ne te calcule pas. Tu es trop petit. A chaque fois que je te mets en col\u00e8re, je suis content. Un dirigeant ne doit pas s\u2019\u00e9nerver pour un rien. Mais comme toi \u00e0 chaque fois qu\u2019on te provoque, tu t\u2019\u00e9nerves, je vais continuer \u00e0 te provoquer jusqu\u2019au bout, parce que tu es un petit mec, mais pas un Premier ministre, parce qu\u2019un Premier ministre ne se rend pas chez les gens pour les menacer. Son probl\u00e8me, c\u2019est qu\u2019il a un budget de 11 milliards FCfa et moi, j\u2019en ai un de 50 milliards FCfa et \u00e7a le d\u00e9mange.\u00bb<\/em> Sur la possibilit\u00e9 d\u2019une fouille de sa gestion \u00e0 la mairie de Dakar, Barth est cat\u00e9gorique\u00a0: <em>\u00abIls ne trouveront rien.\u00bb<\/em><\/p>\n<div class='share-to-whatsapp-wrapper'><div class='share-on-whsp'>PARTAGER SUR : <\/div><a data-text='BARTH\u00c9L\u00c9MY DIAS SUR SA R\u00c9VOCATION -\u00a0\u00abIl faudra me mettre en prison pour m\u2019enlever de la mairie de Dakar\u00bb' data-link='https:\/\/www.nettali.com\/2024\/12\/20\/barthelemy-dias-sur-sa-revocation-il-faudra-me-mettre-en-prison-pour-menlever-de-la-mairie-de-dakar\/' class='whatsapp-button whatsapp-share'>WhatsApp<\/a><div class='clear '><\/div><\/div>","protected":false},"excerpt":{"rendered":"<p>NETTALI.COM - Apr\u00e8s deux conf\u00e9rences de presse avort\u00e9es, Barth\u00e9l\u00e9my Dias a finalement fait une sortie hier, au building communal, dans son bureau. R\u00e9voqu\u00e9 de la mairie de Dakar, radi\u00e9 de l\u2019Assembl\u00e9e nationale, il compte se d\u00e9fendre au prix de sa libert\u00e9.\u00a0 On n\u2019en a pas encore fini avec les coups d\u2019\u00e9clat de Barth\u00e9l\u00e9my Dias. Interdit [&hellip;]<\/p>\n","protected":false},"author":4,"featured_media":115944,"comment_status":"open","ping_status":"open","sticky":false,"template":"","format":"standard","meta":{"_et_pb_use_builder":"","_et_pb_old_content":""},"categories":[2],"tags":[],"yoast_head":"<!-- This site is optimized with the Yoast SEO Premium plugin v17.8 (Yoast SEO v17.8) - https:\/\/yoast.com\/wordpress\/plugins\/seo\/ -->\n<title>BARTH\u00c9L\u00c9MY DIAS SUR SA R\u00c9VOCATION -\u00a0\u00abIl faudra me mettre en prison pour m\u2019enlever de la mairie de Dakar\u00bb | Nettali.com<\/title>\n<meta name=\"robots\" content=\"index, follow, max-snippet:-1, max-image-preview:large, max-video-preview:-1\" \/>\n<link rel=\"canonical\" href=\"https:\/\/www.nettali.com\/2024\/12\/20\/barthelemy-dias-sur-sa-revocation-il-faudra-me-mettre-en-prison-pour-menlever-de-la-mairie-de-dakar\/\" \/>\n<meta property=\"og:locale\" content=\"fr_FR\" \/>\n<meta property=\"og:type\" content=\"article\" \/>\n<meta property=\"og:title\" content=\"BARTH\u00c9L\u00c9MY DIAS SUR SA R\u00c9VOCATION -\u00a0\u00abIl faudra me mettre en prison pour m\u2019enlever de la mairie de Dakar\u00bb\" \/>\n<meta property=\"og:description\" content=\"NETTALI.COM - Apr\u00e8s deux conf\u00e9rences de presse avort\u00e9es, Barth\u00e9l\u00e9my Dias a finalement fait une sortie hier, au building communal, dans son bureau. R\u00e9voqu\u00e9 de la mairie de Dakar, radi\u00e9 de l\u2019Assembl\u00e9e nationale, il compte se d\u00e9fendre au prix de sa libert\u00e9.\u00a0 On n\u2019en a pas encore fini avec les coups d\u2019\u00e9clat de Barth\u00e9l\u00e9my Dias. Interdit [&hellip;]\" \/>\n<meta property=\"og:url\" content=\"https:\/\/www.nettali.com\/2024\/12\/20\/barthelemy-dias-sur-sa-revocation-il-faudra-me-mettre-en-prison-pour-menlever-de-la-mairie-de-dakar\/\" \/>\n<meta property=\"og:site_name\" content=\"Nettali.com\" \/>\n<meta property=\"article:publisher\" content=\"https:\/\/www.facebook.com\/nettalicom\" \/>\n<meta property=\"article:published_time\" content=\"2024-12-20T12:47:16+00:00\" \/>\n<meta property=\"article:modified_time\" content=\"2024-12-21T07:36:53+00:00\" \/>\n<meta property=\"og:image\" content=\"https:\/\/www.nettali.com\/wp-content\/uploads\/2023\/08\/barth_diaz_4.jpg\" \/>\n\t<meta property=\"og:image:width\" content=\"800\" \/>\n\t<meta property=\"og:image:height\" content=\"550\" \/>\n<meta name=\"twitter:card\" content=\"summary_large_image\" \/>\n<meta name=\"twitter:label1\" content=\"\u00c9crit par\" \/>\n\t<meta name=\"twitter:data1\" content=\"Daouda\" \/>\n\t<meta name=\"twitter:label2\" content=\"Dur\u00e9e de lecture estim\u00e9e\" \/>\n\t<meta name=\"twitter:data2\" content=\"5 minutes\" \/>\n<script type=\"application\/ld+json\" class=\"yoast-schema-graph\">{\"@context\":\"https:\/\/schema.org\",\"@graph\":[{\"@type\":\"WebSite\",\"@id\":\"https:\/\/www.nettali.com\/#website\",\"url\":\"https:\/\/www.nettali.com\/\",\"name\":\"Nettali.com\",\"description\":\"Le rendez-vous critique du Net\",\"potentialAction\":[{\"@type\":\"SearchAction\",\"target\":{\"@type\":\"EntryPoint\",\"urlTemplate\":\"https:\/\/www.nettali.com\/?s={search_term_string}\"},\"query-input\":\"required name=search_term_string\"}],\"inLanguage\":\"fr-FR\"},{\"@type\":\"ImageObject\",\"@id\":\"https:\/\/www.nettali.com\/2024\/12\/20\/barthelemy-dias-sur-sa-revocation-il-faudra-me-mettre-en-prison-pour-menlever-de-la-mairie-de-dakar\/#primaryimage\",\"inLanguage\":\"fr-FR\",\"url\":\"https:\/\/www.nettali.com\/wp-content\/uploads\/2023\/08\/barth_diaz_4.jpg\",\"contentUrl\":\"https:\/\/www.nettali.com\/wp-content\/uploads\/2023\/08\/barth_diaz_4.jpg\",\"width\":800,\"height\":550},{\"@type\":\"WebPage\",\"@id\":\"https:\/\/www.nettali.com\/2024\/12\/20\/barthelemy-dias-sur-sa-revocation-il-faudra-me-mettre-en-prison-pour-menlever-de-la-mairie-de-dakar\/#webpage\",\"url\":\"https:\/\/www.nettali.com\/2024\/12\/20\/barthelemy-dias-sur-sa-revocation-il-faudra-me-mettre-en-prison-pour-menlever-de-la-mairie-de-dakar\/\",\"name\":\"BARTH\\u00c9L\\u00c9MY DIAS SUR SA R\\u00c9VOCATION -\\u00a0\\u00abIl faudra me mettre en prison pour m\\u2019enlever de la mairie de Dakar\\u00bb | Nettali.com\",\"isPartOf\":{\"@id\":\"https:\/\/www.nettali.com\/#website\"},\"primaryImageOfPage\":{\"@id\":\"https:\/\/www.nettali.com\/2024\/12\/20\/barthelemy-dias-sur-sa-revocation-il-faudra-me-mettre-en-prison-pour-menlever-de-la-mairie-de-dakar\/#primaryimage\"},\"datePublished\":\"2024-12-20T12:47:16+00:00\",\"dateModified\":\"2024-12-21T07:36:53+00:00\",\"author\":{\"@id\":\"https:\/\/www.nettali.com\/#\/schema\/person\/3317e0bb3aa1da309fbf7b2780901bf4\"},\"breadcrumb\":{\"@id\":\"https:\/\/www.nettali.com\/2024\/12\/20\/barthelemy-dias-sur-sa-revocation-il-faudra-me-mettre-en-prison-pour-menlever-de-la-mairie-de-dakar\/#breadcrumb\"},\"inLanguage\":\"fr-FR\",\"potentialAction\":[{\"@type\":\"ReadAction\",\"target\":[\"https:\/\/www.nettali.com\/2024\/12\/20\/barthelemy-dias-sur-sa-revocation-il-faudra-me-mettre-en-prison-pour-menlever-de-la-mairie-de-dakar\/\"]}]},{\"@type\":\"BreadcrumbList\",\"@id\":\"https:\/\/www.nettali.com\/2024\/12\/20\/barthelemy-dias-sur-sa-revocation-il-faudra-me-mettre-en-prison-pour-menlever-de-la-mairie-de-dakar\/#breadcrumb\",\"itemListElement\":[{\"@type\":\"ListItem\",\"position\":1,\"name\":\"Accueil\",\"item\":\"https:\/\/www.nettali.com\/\"},{\"@type\":\"ListItem\",\"position\":2,\"name\":\"BARTH\\u00c9L\\u00c9MY DIAS SUR SA R\\u00c9VOCATION -\\u00a0\\u00abIl faudra me mettre en prison pour m\\u2019enlever de la mairie de Dakar\\u00bb\"}]},{\"@type\":\"Person\",\"@id\":\"https:\/\/www.nettali.com\/#\/schema\/person\/3317e0bb3aa1da309fbf7b2780901bf4\",\"name\":\"Daouda\",\"image\":{\"@type\":\"ImageObject\",\"@id\":\"https:\/\/www.nettali.com\/#personlogo\",\"inLanguage\":\"fr-FR\",\"url\":\"https:\/\/secure.gravatar.com\/avatar\/8d143b5a49345098ddcfee1c49c2f47c?s=96&d=mm&r=g\",\"contentUrl\":\"https:\/\/secure.gravatar.com\/avatar\/8d143b5a49345098ddcfee1c49c2f47c?s=96&d=mm&r=g\",\"caption\":\"Daouda\"},\"sameAs\":[\"https:\/\/www.nettali.com\"]}]}<\/script>\n<!-- \/ Yoast SEO Premium plugin. -->","yoast_head_json":{"title":"BARTH\u00c9L\u00c9MY DIAS SUR SA R\u00c9VOCATION -\u00a0\u00abIl faudra me mettre en prison pour m\u2019enlever de la mairie de Dakar\u00bb | Nettali.com","robots":{"index":"index","follow":"follow","max-snippet":"max-snippet:-1","max-image-preview":"max-image-preview:large","max-video-preview":"max-video-preview:-1"},"canonical":"https:\/\/www.nettali.com\/2024\/12\/20\/barthelemy-dias-sur-sa-revocation-il-faudra-me-mettre-en-prison-pour-menlever-de-la-mairie-de-dakar\/","og_locale":"fr_FR","og_type":"article","og_title":"BARTH\u00c9L\u00c9MY DIAS SUR SA R\u00c9VOCATION -\u00a0\u00abIl faudra me mettre en prison pour m\u2019enlever de la mairie de Dakar\u00bb","og_description":"NETTALI.COM - Apr\u00e8s deux conf\u00e9rences de presse avort\u00e9es, Barth\u00e9l\u00e9my Dias a finalement fait une sortie hier, au building communal, dans son bureau. R\u00e9voqu\u00e9 de la mairie de Dakar, radi\u00e9 de l\u2019Assembl\u00e9e nationale, il compte se d\u00e9fendre au prix de sa libert\u00e9.\u00a0 On n\u2019en a pas encore fini avec les coups d\u2019\u00e9clat de Barth\u00e9l\u00e9my Dias. Interdit [&hellip;]","og_url":"https:\/\/www.nettali.com\/2024\/12\/20\/barthelemy-dias-sur-sa-revocation-il-faudra-me-mettre-en-prison-pour-menlever-de-la-mairie-de-dakar\/","og_site_name":"Nettali.com","article_publisher":"https:\/\/www.facebook.com\/nettalicom","article_published_time":"2024-12-20T12:47:16+00:00","article_modified_time":"2024-12-21T07:36:53+00:00","og_image":[{"width":800,"height":550,"url":"https:\/\/www.nettali.com\/wp-content\/uploads\/2023\/08\/barth_diaz_4.jpg","type":"image\/jpeg"}],"twitter_card":"summary_large_image","twitter_misc":{"\u00c9crit par":"Daouda","Dur\u00e9e de lecture estim\u00e9e":"5 minutes"},"schema":{"@context":"https:\/\/schema.org","@graph":[{"@type":"WebSite","@id":"https:\/\/www.nettali.com\/#website","url":"https:\/\/www.nettali.com\/","name":"Nettali.com","description":"Le rendez-vous critique du Net","potentialAction":[{"@type":"SearchAction","target":{"@type":"EntryPoint","urlTemplate":"https:\/\/www.nettali.com\/?s={search_term_string}"},"query-input":"required name=search_term_string"}],"inLanguage":"fr-FR"},{"@type":"ImageObject","@id":"https:\/\/www.nettali.com\/2024\/12\/20\/barthelemy-dias-sur-sa-revocation-il-faudra-me-mettre-en-prison-pour-menlever-de-la-mairie-de-dakar\/#primaryimage","inLanguage":"fr-FR","url":"https:\/\/www.nettali.com\/wp-content\/uploads\/2023\/08\/barth_diaz_4.jpg","contentUrl":"https:\/\/www.nettali.com\/wp-content\/uploads\/2023\/08\/barth_diaz_4.jpg","width":800,"height":550},{"@type":"WebPage","@id":"https:\/\/www.nettali.com\/2024\/12\/20\/barthelemy-dias-sur-sa-revocation-il-faudra-me-mettre-en-prison-pour-menlever-de-la-mairie-de-dakar\/#webpage","url":"https:\/\/www.nettali.com\/2024\/12\/20\/barthelemy-dias-sur-sa-revocation-il-faudra-me-mettre-en-prison-pour-menlever-de-la-mairie-de-dakar\/","name":"BARTH\u00c9L\u00c9MY DIAS SUR SA R\u00c9VOCATION -\u00a0\u00abIl faudra me mettre en prison pour m\u2019enlever de la mairie de Dakar\u00bb | Nettali.com","isPartOf":{"@id":"https:\/\/www.nettali.com\/#website"},"primaryImageOfPage":{"@id":"https:\/\/www.nettali.com\/2024\/12\/20\/barthelemy-dias-sur-sa-revocation-il-faudra-me-mettre-en-prison-pour-menlever-de-la-mairie-de-dakar\/#primaryimage"},"datePublished":"2024-12-20T12:47:16+00:00","dateModified":"2024-12-21T07:36:53+00:00","author":{"@id":"https:\/\/www.nettali.com\/#\/schema\/person\/3317e0bb3aa1da309fbf7b2780901bf4"},"breadcrumb":{"@id":"https:\/\/www.nettali.com\/2024\/12\/20\/barthelemy-dias-sur-sa-revocation-il-faudra-me-mettre-en-prison-pour-menlever-de-la-mairie-de-dakar\/#breadcrumb"},"inLanguage":"fr-FR","potentialAction":[{"@type":"ReadAction","target":["https:\/\/www.nettali.com\/2024\/12\/20\/barthelemy-dias-sur-sa-revocation-il-faudra-me-mettre-en-prison-pour-menlever-de-la-mairie-de-dakar\/"]}]},{"@type":"BreadcrumbList","@id":"https:\/\/www.nettali.com\/2024\/12\/20\/barthelemy-dias-sur-sa-revocation-il-faudra-me-mettre-en-prison-pour-menlever-de-la-mairie-de-dakar\/#breadcrumb","itemListElement":[{"@type":"ListItem","position":1,"name":"Accueil","item":"https:\/\/www.nettali.com\/"},{"@type":"ListItem","position":2,"name":"BARTH\u00c9L\u00c9MY DIAS SUR SA R\u00c9VOCATION -\u00a0\u00abIl faudra me mettre en prison pour m\u2019enlever de la mairie de Dakar\u00bb"}]},{"@type":"Person","@id":"https:\/\/www.nettali.com\/#\/schema\/person\/3317e0bb3aa1da309fbf7b2780901bf4","name":"Daouda","image":{"@type":"ImageObject","@id":"https:\/\/www.nettali.com\/#personlogo","inLanguage":"fr-FR","url":"https:\/\/secure.gravatar.com\/avatar\/8d143b5a49345098ddcfee1c49c2f47c?s=96&d=mm&r=g","contentUrl":"https:\/\/secure.gravatar.com\/avatar\/8d143b5a49345098ddcfee1c49c2f47c?s=96&d=mm&r=g","caption":"Daouda"},"sameAs":["https:\/\/www.nettali.com"]}]}},"_links":{"self":[{"href":"https:\/\/www.nettali.com\/rest\/wp\/v2\/posts\/145770"}],"collection":[{"href":"https:\/\/www.nettali.com\/rest\/wp\/v2\/posts"}],"about":[{"href":"https:\/\/www.nettali.com\/rest\/wp\/v2\/types\/post"}],"author":[{"embeddable":true,"href":"https:\/\/www.nettali.com\/rest\/wp\/v2\/users\/4"}],"replies":[{"embeddable":true,"href":"https:\/\/www.nettali.com\/rest\/wp\/v2\/comments?post=145770"}],"version-history":[{"count":1,"href":"https:\/\/www.nettali.com\/rest\/wp\/v2\/posts\/145770\/revisions"}],"predecessor-version":[{"id":145771,"href":"https:\/\/www.nettali.com\/rest\/wp\/v2\/posts\/145770\/revisions\/145771"}],"wp:featuredmedia":[{"embeddable":true,"href":"https:\/\/www.nettali.com\/rest\/wp\/v2\/media\/115944"}],"wp:attachment":[{"href":"https:\/\/www.nettali.com\/rest\/wp\/v2\/media?parent=145770"}],"wp:term":[{"taxonomy":"category","embeddable":true,"href":"https:\/\/www.nettali.com\/rest\/wp\/v2\/categories?post=145770"},{"taxonomy":"post_tag","embeddable":true,"href":"https:\/\/www.nettali.com\/rest\/wp\/v2\/tags?post=145770"}],"curies":[{"name":"wp","href":"https:\/\/api.w.org\/{rel}","templated":true}]}}