{"id":145757,"date":"2024-12-20T08:16:53","date_gmt":"2024-12-20T08:16:53","guid":{"rendered":"https:\/\/www.nettali.com\/?p=145757"},"modified":"2024-12-20T08:17:17","modified_gmt":"2024-12-20T08:17:17","slug":"lancien-candidat-a-la-presidentielle-aliou-mamadou-dia-nomme-representant-resident-du-pnud-au-liberia","status":"publish","type":"post","link":"https:\/\/www.nettali.com\/2024\/12\/20\/lancien-candidat-a-la-presidentielle-aliou-mamadou-dia-nomme-representant-resident-du-pnud-au-liberia\/","title":{"rendered":"LIB\u00c9RIA - L'ancien candidat \u00e0 la pr\u00e9sidentielle, Aliou Mamadou Dia, nomm\u00e9 repr\u00e9sentant r\u00e9sident du PNUD"},"content":{"rendered":"<p><strong>NETTALI.COM - Aliou Mamadou Dia, ancien candidat pr\u00e9sidentiel du Parti de l'Unit\u00e9 et du Rassemblement (PUR), a \u00e9t\u00e9 nomm\u00e9 repr\u00e9sentant r\u00e9sident du Programme des Nations Unies pour le d\u00e9veloppement (PNUD) au Liberia. Avec une riche exp\u00e9rience au service du d\u00e9veloppement international, il occupe ce poste apr\u00e8s avoir marqu\u00e9 son passage au Togo par des projets d'impact.<\/strong><\/p>\n<p>Aliou Mamadou Dia, ancien candidat du Parti de l'Unit\u00e9 et du Rassemblement (PUR) arriv\u00e9 troisi\u00e8me \u00e0 la presidentielle de 2024 au senegal, a \u00e9t\u00e9 d\u00e9sign\u00e9 comme nouveau repr\u00e9sentant r\u00e9sident du Programme des Nations Unies pour le d\u00e9veloppement (PNUD) au Lib\u00e9ria. Sa nomination vient couronner un parcours riche en r\u00e9alisations dans le domaine du d\u00e9veloppement international.<\/p>\n<p>Avant ce nouveau d\u00e9fi, M. Dia a exerc\u00e9 la m\u00eame fonction au Togo entre 2019 et 2023. \u00c0 ce poste, il a pilot\u00e9 plusieurs initiatives visant \u00e0 am\u00e9liorer les conditions de vie des populations togolaises, notamment \u00e0 travers des projets ax\u00e9s sur le d\u00e9veloppement durable, la gouvernance, et la r\u00e9silience \u00e9conomique.<\/p>\n<p>Sa nomination pourrait susciter beaucoup d'espoir pour le Lib\u00e9ria. Aliou Mamadou Dia pourrait jouer un r\u00f4le crucial dans la mise en \u0153uvre des programmes du PNUD\u00a0dans ce pays engag\u00e9 dans des r\u00e9formes de d\u00e9veloppement pour consolider la paix et renforcer la prosp\u00e9rit\u00e9 de ses citoyens.<\/p>\n<p>Certains observateurs pensent que \"cette nomination illustre une fois de plus l\u2019importance des leaders africains dans la conduite des agendas globaux de d\u00e9veloppement\".<\/p>\n<div class='share-to-whatsapp-wrapper'><div class='share-on-whsp'>PARTAGER SUR : <\/div><a data-text='LIB\u00c9RIA - L'ancien candidat \u00e0 la pr\u00e9sidentielle, Aliou Mamadou Dia, nomm\u00e9 repr\u00e9sentant r\u00e9sident du PNUD' data-link='https:\/\/www.nettali.com\/2024\/12\/20\/lancien-candidat-a-la-presidentielle-aliou-mamadou-dia-nomme-representant-resident-du-pnud-au-liberia\/' class='whatsapp-button whatsapp-share'>WhatsApp<\/a><div class='clear '><\/div><\/div>","protected":false},"excerpt":{"rendered":"<p>NETTALI.COM - Aliou Mamadou Dia, ancien candidat pr\u00e9sidentiel du Parti de l'Unit\u00e9 et du Rassemblement (PUR), a \u00e9t\u00e9 nomm\u00e9 repr\u00e9sentant r\u00e9sident du Programme des Nations Unies pour le d\u00e9veloppement (PNUD) au Liberia. Avec une riche exp\u00e9rience au service du d\u00e9veloppement international, il occupe ce poste apr\u00e8s avoir marqu\u00e9 son passage au Togo par des projets [&hellip;]<\/p>\n","protected":false},"author":4,"featured_media":119393,"comment_status":"open","ping_status":"open","sticky":false,"template":"","format":"standard","meta":{"_et_pb_use_builder":"","_et_pb_old_content":""},"categories":[2],"tags":[],"yoast_head":"<!-- This site is optimized with the Yoast SEO Premium plugin v17.8 (Yoast SEO v17.8) - https:\/\/yoast.com\/wordpress\/plugins\/seo\/ -->\n<title>LIB\u00c9RIA - L&#039;ancien candidat \u00e0 la pr\u00e9sidentielle, Aliou Mamadou Dia, nomm\u00e9 repr\u00e9sentant r\u00e9sident du PNUD | Nettali.com<\/title>\n<meta name=\"robots\" content=\"index, follow, max-snippet:-1, max-image-preview:large, max-video-preview:-1\" \/>\n<link rel=\"canonical\" href=\"https:\/\/www.nettali.com\/2024\/12\/20\/lancien-candidat-a-la-presidentielle-aliou-mamadou-dia-nomme-representant-resident-du-pnud-au-liberia\/\" \/>\n<meta property=\"og:locale\" content=\"fr_FR\" \/>\n<meta property=\"og:type\" content=\"article\" \/>\n<meta property=\"og:title\" content=\"LIB\u00c9RIA - L&#039;ancien candidat \u00e0 la pr\u00e9sidentielle, Aliou Mamadou Dia, nomm\u00e9 repr\u00e9sentant r\u00e9sident du PNUD\" \/>\n<meta property=\"og:description\" content=\"NETTALI.COM - Aliou Mamadou Dia, ancien candidat pr\u00e9sidentiel du Parti de l&#039;Unit\u00e9 et du Rassemblement (PUR), a \u00e9t\u00e9 nomm\u00e9 repr\u00e9sentant r\u00e9sident du Programme des Nations Unies pour le d\u00e9veloppement (PNUD) au Liberia. Avec une riche exp\u00e9rience au service du d\u00e9veloppement international, il occupe ce poste apr\u00e8s avoir marqu\u00e9 son passage au Togo par des projets [&hellip;]\" \/>\n<meta property=\"og:url\" content=\"https:\/\/www.nettali.com\/2024\/12\/20\/lancien-candidat-a-la-presidentielle-aliou-mamadou-dia-nomme-representant-resident-du-pnud-au-liberia\/\" \/>\n<meta property=\"og:site_name\" content=\"Nettali.com\" \/>\n<meta property=\"article:publisher\" content=\"https:\/\/www.facebook.com\/nettalicom\" \/>\n<meta property=\"article:published_time\" content=\"2024-12-20T08:16:53+00:00\" \/>\n<meta property=\"article:modified_time\" content=\"2024-12-20T08:17:17+00:00\" \/>\n<meta property=\"og:image\" content=\"https:\/\/www.nettali.com\/wp-content\/uploads\/2023\/10\/Aliou-Mamadou-Dia.jpeg\" \/>\n\t<meta property=\"og:image:width\" content=\"1169\" \/>\n\t<meta property=\"og:image:height\" content=\"811\" \/>\n<meta name=\"twitter:card\" content=\"summary_large_image\" \/>\n<meta name=\"twitter:label1\" content=\"\u00c9crit par\" \/>\n\t<meta name=\"twitter:data1\" content=\"Daouda\" \/>\n\t<meta name=\"twitter:label2\" content=\"Dur\u00e9e de lecture estim\u00e9e\" \/>\n\t<meta name=\"twitter:data2\" content=\"2 minutes\" \/>\n<script type=\"application\/ld+json\" class=\"yoast-schema-graph\">{\"@context\":\"https:\/\/schema.org\",\"@graph\":[{\"@type\":\"WebSite\",\"@id\":\"https:\/\/www.nettali.com\/#website\",\"url\":\"https:\/\/www.nettali.com\/\",\"name\":\"Nettali.com\",\"description\":\"Le rendez-vous critique du Net\",\"potentialAction\":[{\"@type\":\"SearchAction\",\"target\":{\"@type\":\"EntryPoint\",\"urlTemplate\":\"https:\/\/www.nettali.com\/?s={search_term_string}\"},\"query-input\":\"required name=search_term_string\"}],\"inLanguage\":\"fr-FR\"},{\"@type\":\"ImageObject\",\"@id\":\"https:\/\/www.nettali.com\/2024\/12\/20\/lancien-candidat-a-la-presidentielle-aliou-mamadou-dia-nomme-representant-resident-du-pnud-au-liberia\/#primaryimage\",\"inLanguage\":\"fr-FR\",\"url\":\"https:\/\/www.nettali.com\/wp-content\/uploads\/2023\/10\/Aliou-Mamadou-Dia.jpeg\",\"contentUrl\":\"https:\/\/www.nettali.com\/wp-content\/uploads\/2023\/10\/Aliou-Mamadou-Dia.jpeg\",\"width\":1169,\"height\":811},{\"@type\":\"WebPage\",\"@id\":\"https:\/\/www.nettali.com\/2024\/12\/20\/lancien-candidat-a-la-presidentielle-aliou-mamadou-dia-nomme-representant-resident-du-pnud-au-liberia\/#webpage\",\"url\":\"https:\/\/www.nettali.com\/2024\/12\/20\/lancien-candidat-a-la-presidentielle-aliou-mamadou-dia-nomme-representant-resident-du-pnud-au-liberia\/\",\"name\":\"LIB\\u00c9RIA - L'ancien candidat \\u00e0 la pr\\u00e9sidentielle, Aliou Mamadou Dia, nomm\\u00e9 repr\\u00e9sentant r\\u00e9sident du PNUD | Nettali.com\",\"isPartOf\":{\"@id\":\"https:\/\/www.nettali.com\/#website\"},\"primaryImageOfPage\":{\"@id\":\"https:\/\/www.nettali.com\/2024\/12\/20\/lancien-candidat-a-la-presidentielle-aliou-mamadou-dia-nomme-representant-resident-du-pnud-au-liberia\/#primaryimage\"},\"datePublished\":\"2024-12-20T08:16:53+00:00\",\"dateModified\":\"2024-12-20T08:17:17+00:00\",\"author\":{\"@id\":\"https:\/\/www.nettali.com\/#\/schema\/person\/3317e0bb3aa1da309fbf7b2780901bf4\"},\"breadcrumb\":{\"@id\":\"https:\/\/www.nettali.com\/2024\/12\/20\/lancien-candidat-a-la-presidentielle-aliou-mamadou-dia-nomme-representant-resident-du-pnud-au-liberia\/#breadcrumb\"},\"inLanguage\":\"fr-FR\",\"potentialAction\":[{\"@type\":\"ReadAction\",\"target\":[\"https:\/\/www.nettali.com\/2024\/12\/20\/lancien-candidat-a-la-presidentielle-aliou-mamadou-dia-nomme-representant-resident-du-pnud-au-liberia\/\"]}]},{\"@type\":\"BreadcrumbList\",\"@id\":\"https:\/\/www.nettali.com\/2024\/12\/20\/lancien-candidat-a-la-presidentielle-aliou-mamadou-dia-nomme-representant-resident-du-pnud-au-liberia\/#breadcrumb\",\"itemListElement\":[{\"@type\":\"ListItem\",\"position\":1,\"name\":\"Accueil\",\"item\":\"https:\/\/www.nettali.com\/\"},{\"@type\":\"ListItem\",\"position\":2,\"name\":\"LIB\\u00c9RIA - L'ancien candidat \\u00e0 la pr\\u00e9sidentielle, Aliou Mamadou Dia, nomm\\u00e9 repr\\u00e9sentant r\\u00e9sident du PNUD\"}]},{\"@type\":\"Person\",\"@id\":\"https:\/\/www.nettali.com\/#\/schema\/person\/3317e0bb3aa1da309fbf7b2780901bf4\",\"name\":\"Daouda\",\"image\":{\"@type\":\"ImageObject\",\"@id\":\"https:\/\/www.nettali.com\/#personlogo\",\"inLanguage\":\"fr-FR\",\"url\":\"https:\/\/secure.gravatar.com\/avatar\/8d143b5a49345098ddcfee1c49c2f47c?s=96&d=mm&r=g\",\"contentUrl\":\"https:\/\/secure.gravatar.com\/avatar\/8d143b5a49345098ddcfee1c49c2f47c?s=96&d=mm&r=g\",\"caption\":\"Daouda\"},\"sameAs\":[\"https:\/\/www.nettali.com\"]}]}<\/script>\n<!-- \/ Yoast SEO Premium plugin. -->","yoast_head_json":{"title":"LIB\u00c9RIA - L'ancien candidat \u00e0 la pr\u00e9sidentielle, Aliou Mamadou Dia, nomm\u00e9 repr\u00e9sentant r\u00e9sident du PNUD | Nettali.com","robots":{"index":"index","follow":"follow","max-snippet":"max-snippet:-1","max-image-preview":"max-image-preview:large","max-video-preview":"max-video-preview:-1"},"canonical":"https:\/\/www.nettali.com\/2024\/12\/20\/lancien-candidat-a-la-presidentielle-aliou-mamadou-dia-nomme-representant-resident-du-pnud-au-liberia\/","og_locale":"fr_FR","og_type":"article","og_title":"LIB\u00c9RIA - L'ancien candidat \u00e0 la pr\u00e9sidentielle, Aliou Mamadou Dia, nomm\u00e9 repr\u00e9sentant r\u00e9sident du PNUD","og_description":"NETTALI.COM - Aliou Mamadou Dia, ancien candidat pr\u00e9sidentiel du Parti de l'Unit\u00e9 et du Rassemblement (PUR), a \u00e9t\u00e9 nomm\u00e9 repr\u00e9sentant r\u00e9sident du Programme des Nations Unies pour le d\u00e9veloppement (PNUD) au Liberia. Avec une riche exp\u00e9rience au service du d\u00e9veloppement international, il occupe ce poste apr\u00e8s avoir marqu\u00e9 son passage au Togo par des projets [&hellip;]","og_url":"https:\/\/www.nettali.com\/2024\/12\/20\/lancien-candidat-a-la-presidentielle-aliou-mamadou-dia-nomme-representant-resident-du-pnud-au-liberia\/","og_site_name":"Nettali.com","article_publisher":"https:\/\/www.facebook.com\/nettalicom","article_published_time":"2024-12-20T08:16:53+00:00","article_modified_time":"2024-12-20T08:17:17+00:00","og_image":[{"width":1169,"height":811,"url":"https:\/\/www.nettali.com\/wp-content\/uploads\/2023\/10\/Aliou-Mamadou-Dia.jpeg","type":"image\/jpeg"}],"twitter_card":"summary_large_image","twitter_misc":{"\u00c9crit par":"Daouda","Dur\u00e9e de lecture estim\u00e9e":"2 minutes"},"schema":{"@context":"https:\/\/schema.org","@graph":[{"@type":"WebSite","@id":"https:\/\/www.nettali.com\/#website","url":"https:\/\/www.nettali.com\/","name":"Nettali.com","description":"Le rendez-vous critique du Net","potentialAction":[{"@type":"SearchAction","target":{"@type":"EntryPoint","urlTemplate":"https:\/\/www.nettali.com\/?s={search_term_string}"},"query-input":"required name=search_term_string"}],"inLanguage":"fr-FR"},{"@type":"ImageObject","@id":"https:\/\/www.nettali.com\/2024\/12\/20\/lancien-candidat-a-la-presidentielle-aliou-mamadou-dia-nomme-representant-resident-du-pnud-au-liberia\/#primaryimage","inLanguage":"fr-FR","url":"https:\/\/www.nettali.com\/wp-content\/uploads\/2023\/10\/Aliou-Mamadou-Dia.jpeg","contentUrl":"https:\/\/www.nettali.com\/wp-content\/uploads\/2023\/10\/Aliou-Mamadou-Dia.jpeg","width":1169,"height":811},{"@type":"WebPage","@id":"https:\/\/www.nettali.com\/2024\/12\/20\/lancien-candidat-a-la-presidentielle-aliou-mamadou-dia-nomme-representant-resident-du-pnud-au-liberia\/#webpage","url":"https:\/\/www.nettali.com\/2024\/12\/20\/lancien-candidat-a-la-presidentielle-aliou-mamadou-dia-nomme-representant-resident-du-pnud-au-liberia\/","name":"LIB\u00c9RIA - L'ancien candidat \u00e0 la pr\u00e9sidentielle, Aliou Mamadou Dia, nomm\u00e9 repr\u00e9sentant r\u00e9sident du PNUD | Nettali.com","isPartOf":{"@id":"https:\/\/www.nettali.com\/#website"},"primaryImageOfPage":{"@id":"https:\/\/www.nettali.com\/2024\/12\/20\/lancien-candidat-a-la-presidentielle-aliou-mamadou-dia-nomme-representant-resident-du-pnud-au-liberia\/#primaryimage"},"datePublished":"2024-12-20T08:16:53+00:00","dateModified":"2024-12-20T08:17:17+00:00","author":{"@id":"https:\/\/www.nettali.com\/#\/schema\/person\/3317e0bb3aa1da309fbf7b2780901bf4"},"breadcrumb":{"@id":"https:\/\/www.nettali.com\/2024\/12\/20\/lancien-candidat-a-la-presidentielle-aliou-mamadou-dia-nomme-representant-resident-du-pnud-au-liberia\/#breadcrumb"},"inLanguage":"fr-FR","potentialAction":[{"@type":"ReadAction","target":["https:\/\/www.nettali.com\/2024\/12\/20\/lancien-candidat-a-la-presidentielle-aliou-mamadou-dia-nomme-representant-resident-du-pnud-au-liberia\/"]}]},{"@type":"BreadcrumbList","@id":"https:\/\/www.nettali.com\/2024\/12\/20\/lancien-candidat-a-la-presidentielle-aliou-mamadou-dia-nomme-representant-resident-du-pnud-au-liberia\/#breadcrumb","itemListElement":[{"@type":"ListItem","position":1,"name":"Accueil","item":"https:\/\/www.nettali.com\/"},{"@type":"ListItem","position":2,"name":"LIB\u00c9RIA - L'ancien candidat \u00e0 la pr\u00e9sidentielle, Aliou Mamadou Dia, nomm\u00e9 repr\u00e9sentant r\u00e9sident du PNUD"}]},{"@type":"Person","@id":"https:\/\/www.nettali.com\/#\/schema\/person\/3317e0bb3aa1da309fbf7b2780901bf4","name":"Daouda","image":{"@type":"ImageObject","@id":"https:\/\/www.nettali.com\/#personlogo","inLanguage":"fr-FR","url":"https:\/\/secure.gravatar.com\/avatar\/8d143b5a49345098ddcfee1c49c2f47c?s=96&d=mm&r=g","contentUrl":"https:\/\/secure.gravatar.com\/avatar\/8d143b5a49345098ddcfee1c49c2f47c?s=96&d=mm&r=g","caption":"Daouda"},"sameAs":["https:\/\/www.nettali.com"]}]}},"_links":{"self":[{"href":"https:\/\/www.nettali.com\/rest\/wp\/v2\/posts\/145757"}],"collection":[{"href":"https:\/\/www.nettali.com\/rest\/wp\/v2\/posts"}],"about":[{"href":"https:\/\/www.nettali.com\/rest\/wp\/v2\/types\/post"}],"author":[{"embeddable":true,"href":"https:\/\/www.nettali.com\/rest\/wp\/v2\/users\/4"}],"replies":[{"embeddable":true,"href":"https:\/\/www.nettali.com\/rest\/wp\/v2\/comments?post=145757"}],"version-history":[{"count":2,"href":"https:\/\/www.nettali.com\/rest\/wp\/v2\/posts\/145757\/revisions"}],"predecessor-version":[{"id":145759,"href":"https:\/\/www.nettali.com\/rest\/wp\/v2\/posts\/145757\/revisions\/145759"}],"wp:featuredmedia":[{"embeddable":true,"href":"https:\/\/www.nettali.com\/rest\/wp\/v2\/media\/119393"}],"wp:attachment":[{"href":"https:\/\/www.nettali.com\/rest\/wp\/v2\/media?parent=145757"}],"wp:term":[{"taxonomy":"category","embeddable":true,"href":"https:\/\/www.nettali.com\/rest\/wp\/v2\/categories?post=145757"},{"taxonomy":"post_tag","embeddable":true,"href":"https:\/\/www.nettali.com\/rest\/wp\/v2\/tags?post=145757"}],"curies":[{"name":"wp","href":"https:\/\/api.w.org\/{rel}","templated":true}]}}