{"id":145750,"date":"2024-12-20T07:56:47","date_gmt":"2024-12-20T07:56:47","guid":{"rendered":"https:\/\/www.nettali.com\/?p=145750"},"modified":"2024-12-20T07:56:47","modified_gmt":"2024-12-20T07:56:47","slug":"dr-cheikh-tidiane-gadio-sur-la-crise-a-la-cedeao-il-faut-organiser-des-assises-historiques","status":"publish","type":"post","link":"https:\/\/www.nettali.com\/2024\/12\/20\/dr-cheikh-tidiane-gadio-sur-la-crise-a-la-cedeao-il-faut-organiser-des-assises-historiques\/","title":{"rendered":"DR CHEIKH TIDIANE GADIO SUR LA CRISE \u00c0 LA CEDEAO \u2013\u00ab Il faut organiser des assises historiques...\u00bb"},"content":{"rendered":"<p><strong>NETTALI.COM- Lors d\u2019un forum panafricain sur l\u2019\u00e9migration, organis\u00e9 par le Mouvement panafricain des leaders, Dr Cheikh Tidiane Gadio, ancien ministre des affaires \u00e9trang\u00e8res, consid\u00e8re que la CEDEAO a atteint ses limites. Il propose l'organisation des assises historiques \u00e0 la place d'un sommet de la CEDEAO.<\/strong><\/p>\n<p>Le pr\u00e9sident de l'Institut panafricain de strat\u00e9gie, paix, s\u00e9curit\u00e9 et gouvernance, s\u2019est exprim\u00e9 sur la crise qui s\u00e9vit \u00e0 la CEDEAO . En effet Dr Cheikh Tidiane Gadio consid\u00e8re que la d\u00e9cision du Mali, du Burkina Faso et du Niger de sortir de la Cedeao pour rejoindre l'Alliance des \u00c9tats du Sahel (AES) n\u2019est pas la meilleure solution . \u00ab <em>La CEDEAO, comme l'avait pr\u00e9dit Cheikh Anta Diop en 1975, \u00e0 sa naissance, a atteint ses limites historiques. Maintenant, elle devait faire un pas gigantesque vers l'\u00e9tat f\u00e9d\u00e9ral ouest africain. C'est \u00e7a qu'il fallait. \u00c7a prendra le temps qu'il faut pour panser les blessures, r\u00e9gler les probl\u00e8mes, mais nous allons rester ensemble. Nous avons acquis ces 15 pays d'Afrique qui ont construit ensemble la CEDEAO<\/em> \u00bb, soutient l\u2019ancien ministre des Affaires \u00e9trang\u00e8res.<\/p>\n<p>Il souligne que \u00ab <em>les contradictions et les probl\u00e8mes de gouvernance se sont accumul\u00e9s et les autres \u00e9tats ont attaqu\u00e9 les \u00e9tats putschistes<\/em> \u00bb. A l\u2019en croire, les probl\u00e8mes de la gouvernance en Afrique ne se limitent pas \u00e0 la question des coups d'\u00e9tat militaires. C'est pourquoi, il propose \u00e0 la place d\u2019un sommet sommet de la CEDEAO, un sommet ou des assises historiques de la gouvernance en Afrique. \u00ab<em> Si on ne peut pas le faire au plan continental, au moins au plan r\u00e9gional, au lieu de convoquer un sommet de la CEDEAO, pour constater qu'il y a trois pays qui veulent partir, il faut appeler un sommet ou des assises historiques de la gouvernance en Afrique. Et qu'en Afrique de l'Ouest, on se parle, que les militaires entrent dans la salle, qu'ils viennent parler, que les civils viennent parler, qu'on se r\u00e9concilie d'abord<\/em> \u00bb, soutient-il.<\/p>\n<p>Avant d\u2019ajouter : \u00ab<em> On r\u00e9concilie les c\u0153urs et les esprits et on va rester ensemble. Pour moi, il est hors de question d'accepter que deux pays africains, trois pays sortent de l'ensemble. C'est une d\u00e9faite pour nous<\/em> \u00bb.<\/p>\n<p>Son souhait , c\u2019est d\u2019avoir les \u00c9tats-Unis d'Afrique de l'Ouest, et non d'avoir les \u00c9tats divis\u00e9s de l'Afrique de l'Ouest, balkanis\u00e9s en plusieurs morceaux, et ensuite divis\u00e9s en associations des \u00c9tats du Sahel, et ensuite en associations des autres.<br \/>\n\u00ab<em> Il est urgent de comprendre que l'Afrique n'a plus le choix ni le temps puisque tout le monde s'organise<\/em>\u00bb, dit-il.<\/p>\n<p>&nbsp;<\/p>\n<div class='share-to-whatsapp-wrapper'><div class='share-on-whsp'>PARTAGER SUR : <\/div><a data-text='DR CHEIKH TIDIANE GADIO SUR LA CRISE \u00c0 LA CEDEAO \u2013\u00ab Il faut organiser des assises historiques...\u00bb' data-link='https:\/\/www.nettali.com\/2024\/12\/20\/dr-cheikh-tidiane-gadio-sur-la-crise-a-la-cedeao-il-faut-organiser-des-assises-historiques\/' class='whatsapp-button whatsapp-share'>WhatsApp<\/a><div class='clear '><\/div><\/div>","protected":false},"excerpt":{"rendered":"<p>NETTALI.COM- Lors d\u2019un forum panafricain sur l\u2019\u00e9migration, organis\u00e9 par le Mouvement panafricain des leaders, Dr Cheikh Tidiane Gadio, ancien ministre des affaires \u00e9trang\u00e8res, consid\u00e8re que la CEDEAO a atteint ses limites. Il propose l'organisation des assises historiques \u00e0 la place d'un sommet de la CEDEAO. Le pr\u00e9sident de l'Institut panafricain de strat\u00e9gie, paix, s\u00e9curit\u00e9 et [&hellip;]<\/p>\n","protected":false},"author":6,"featured_media":122785,"comment_status":"open","ping_status":"open","sticky":false,"template":"","format":"standard","meta":{"_et_pb_use_builder":"","_et_pb_old_content":""},"categories":[8],"tags":[],"yoast_head":"<!-- This site is optimized with the Yoast SEO Premium plugin v17.8 (Yoast SEO v17.8) - https:\/\/yoast.com\/wordpress\/plugins\/seo\/ -->\n<title>DR CHEIKH TIDIANE GADIO SUR LA CRISE \u00c0 LA CEDEAO \u2013\u00ab Il faut organiser des assises historiques...\u00bb | Nettali.com<\/title>\n<meta name=\"robots\" content=\"index, follow, max-snippet:-1, max-image-preview:large, max-video-preview:-1\" \/>\n<link rel=\"canonical\" href=\"https:\/\/www.nettali.com\/2024\/12\/20\/dr-cheikh-tidiane-gadio-sur-la-crise-a-la-cedeao-il-faut-organiser-des-assises-historiques\/\" \/>\n<meta property=\"og:locale\" content=\"fr_FR\" \/>\n<meta property=\"og:type\" content=\"article\" \/>\n<meta property=\"og:title\" content=\"DR CHEIKH TIDIANE GADIO SUR LA CRISE \u00c0 LA CEDEAO \u2013\u00ab Il faut organiser des assises historiques...\u00bb\" \/>\n<meta property=\"og:description\" content=\"NETTALI.COM- Lors d\u2019un forum panafricain sur l\u2019\u00e9migration, organis\u00e9 par le Mouvement panafricain des leaders, Dr Cheikh Tidiane Gadio, ancien ministre des affaires \u00e9trang\u00e8res, consid\u00e8re que la CEDEAO a atteint ses limites. Il propose l&#039;organisation des assises historiques \u00e0 la place d&#039;un sommet de la CEDEAO. Le pr\u00e9sident de l&#039;Institut panafricain de strat\u00e9gie, paix, s\u00e9curit\u00e9 et [&hellip;]\" \/>\n<meta property=\"og:url\" content=\"https:\/\/www.nettali.com\/2024\/12\/20\/dr-cheikh-tidiane-gadio-sur-la-crise-a-la-cedeao-il-faut-organiser-des-assises-historiques\/\" \/>\n<meta property=\"og:site_name\" content=\"Nettali.com\" \/>\n<meta property=\"article:publisher\" content=\"https:\/\/www.facebook.com\/nettalicom\" \/>\n<meta property=\"article:published_time\" content=\"2024-12-20T07:56:47+00:00\" \/>\n<meta property=\"og:image\" content=\"https:\/\/www.nettali.com\/wp-content\/uploads\/2023\/11\/cheikh-tidiane-gadio1.jpg\" \/>\n\t<meta property=\"og:image:width\" content=\"1278\" \/>\n\t<meta property=\"og:image:height\" content=\"708\" \/>\n<meta name=\"twitter:card\" content=\"summary_large_image\" \/>\n<meta name=\"twitter:label1\" content=\"\u00c9crit par\" \/>\n\t<meta name=\"twitter:data1\" content=\"Fatou\" \/>\n\t<meta name=\"twitter:label2\" content=\"Dur\u00e9e de lecture estim\u00e9e\" \/>\n\t<meta name=\"twitter:data2\" content=\"3 minutes\" \/>\n<script type=\"application\/ld+json\" class=\"yoast-schema-graph\">{\"@context\":\"https:\/\/schema.org\",\"@graph\":[{\"@type\":\"WebSite\",\"@id\":\"https:\/\/www.nettali.com\/#website\",\"url\":\"https:\/\/www.nettali.com\/\",\"name\":\"Nettali.com\",\"description\":\"Le rendez-vous critique du Net\",\"potentialAction\":[{\"@type\":\"SearchAction\",\"target\":{\"@type\":\"EntryPoint\",\"urlTemplate\":\"https:\/\/www.nettali.com\/?s={search_term_string}\"},\"query-input\":\"required name=search_term_string\"}],\"inLanguage\":\"fr-FR\"},{\"@type\":\"ImageObject\",\"@id\":\"https:\/\/www.nettali.com\/2024\/12\/20\/dr-cheikh-tidiane-gadio-sur-la-crise-a-la-cedeao-il-faut-organiser-des-assises-historiques\/#primaryimage\",\"inLanguage\":\"fr-FR\",\"url\":\"https:\/\/www.nettali.com\/wp-content\/uploads\/2023\/11\/cheikh-tidiane-gadio1.jpg\",\"contentUrl\":\"https:\/\/www.nettali.com\/wp-content\/uploads\/2023\/11\/cheikh-tidiane-gadio1.jpg\",\"width\":1278,\"height\":708},{\"@type\":\"WebPage\",\"@id\":\"https:\/\/www.nettali.com\/2024\/12\/20\/dr-cheikh-tidiane-gadio-sur-la-crise-a-la-cedeao-il-faut-organiser-des-assises-historiques\/#webpage\",\"url\":\"https:\/\/www.nettali.com\/2024\/12\/20\/dr-cheikh-tidiane-gadio-sur-la-crise-a-la-cedeao-il-faut-organiser-des-assises-historiques\/\",\"name\":\"DR CHEIKH TIDIANE GADIO SUR LA CRISE \\u00c0 LA CEDEAO \\u2013\\u00ab Il faut organiser des assises historiques...\\u00bb | Nettali.com\",\"isPartOf\":{\"@id\":\"https:\/\/www.nettali.com\/#website\"},\"primaryImageOfPage\":{\"@id\":\"https:\/\/www.nettali.com\/2024\/12\/20\/dr-cheikh-tidiane-gadio-sur-la-crise-a-la-cedeao-il-faut-organiser-des-assises-historiques\/#primaryimage\"},\"datePublished\":\"2024-12-20T07:56:47+00:00\",\"dateModified\":\"2024-12-20T07:56:47+00:00\",\"author\":{\"@id\":\"https:\/\/www.nettali.com\/#\/schema\/person\/418274a86bdf87caff7a3ef476bd0bbf\"},\"breadcrumb\":{\"@id\":\"https:\/\/www.nettali.com\/2024\/12\/20\/dr-cheikh-tidiane-gadio-sur-la-crise-a-la-cedeao-il-faut-organiser-des-assises-historiques\/#breadcrumb\"},\"inLanguage\":\"fr-FR\",\"potentialAction\":[{\"@type\":\"ReadAction\",\"target\":[\"https:\/\/www.nettali.com\/2024\/12\/20\/dr-cheikh-tidiane-gadio-sur-la-crise-a-la-cedeao-il-faut-organiser-des-assises-historiques\/\"]}]},{\"@type\":\"BreadcrumbList\",\"@id\":\"https:\/\/www.nettali.com\/2024\/12\/20\/dr-cheikh-tidiane-gadio-sur-la-crise-a-la-cedeao-il-faut-organiser-des-assises-historiques\/#breadcrumb\",\"itemListElement\":[{\"@type\":\"ListItem\",\"position\":1,\"name\":\"Accueil\",\"item\":\"https:\/\/www.nettali.com\/\"},{\"@type\":\"ListItem\",\"position\":2,\"name\":\"DR CHEIKH TIDIANE GADIO SUR LA CRISE \\u00c0 LA CEDEAO \\u2013\\u00ab Il faut organiser des assises historiques...\\u00bb\"}]},{\"@type\":\"Person\",\"@id\":\"https:\/\/www.nettali.com\/#\/schema\/person\/418274a86bdf87caff7a3ef476bd0bbf\",\"name\":\"Fatou\",\"image\":{\"@type\":\"ImageObject\",\"@id\":\"https:\/\/www.nettali.com\/#personlogo\",\"inLanguage\":\"fr-FR\",\"url\":\"https:\/\/secure.gravatar.com\/avatar\/5a9442a2bee7b4dcf167cab035858e9a?s=96&d=mm&r=g\",\"contentUrl\":\"https:\/\/secure.gravatar.com\/avatar\/5a9442a2bee7b4dcf167cab035858e9a?s=96&d=mm&r=g\",\"caption\":\"Fatou\"},\"sameAs\":[\"https:\/\/www.nettali.com\"]}]}<\/script>\n<!-- \/ Yoast SEO Premium plugin. -->","yoast_head_json":{"title":"DR CHEIKH TIDIANE GADIO SUR LA CRISE \u00c0 LA CEDEAO \u2013\u00ab Il faut organiser des assises historiques...\u00bb | Nettali.com","robots":{"index":"index","follow":"follow","max-snippet":"max-snippet:-1","max-image-preview":"max-image-preview:large","max-video-preview":"max-video-preview:-1"},"canonical":"https:\/\/www.nettali.com\/2024\/12\/20\/dr-cheikh-tidiane-gadio-sur-la-crise-a-la-cedeao-il-faut-organiser-des-assises-historiques\/","og_locale":"fr_FR","og_type":"article","og_title":"DR CHEIKH TIDIANE GADIO SUR LA CRISE \u00c0 LA CEDEAO \u2013\u00ab Il faut organiser des assises historiques...\u00bb","og_description":"NETTALI.COM- Lors d\u2019un forum panafricain sur l\u2019\u00e9migration, organis\u00e9 par le Mouvement panafricain des leaders, Dr Cheikh Tidiane Gadio, ancien ministre des affaires \u00e9trang\u00e8res, consid\u00e8re que la CEDEAO a atteint ses limites. Il propose l'organisation des assises historiques \u00e0 la place d'un sommet de la CEDEAO. Le pr\u00e9sident de l'Institut panafricain de strat\u00e9gie, paix, s\u00e9curit\u00e9 et [&hellip;]","og_url":"https:\/\/www.nettali.com\/2024\/12\/20\/dr-cheikh-tidiane-gadio-sur-la-crise-a-la-cedeao-il-faut-organiser-des-assises-historiques\/","og_site_name":"Nettali.com","article_publisher":"https:\/\/www.facebook.com\/nettalicom","article_published_time":"2024-12-20T07:56:47+00:00","og_image":[{"width":1278,"height":708,"url":"https:\/\/www.nettali.com\/wp-content\/uploads\/2023\/11\/cheikh-tidiane-gadio1.jpg","type":"image\/jpeg"}],"twitter_card":"summary_large_image","twitter_misc":{"\u00c9crit par":"Fatou","Dur\u00e9e de lecture estim\u00e9e":"3 minutes"},"schema":{"@context":"https:\/\/schema.org","@graph":[{"@type":"WebSite","@id":"https:\/\/www.nettali.com\/#website","url":"https:\/\/www.nettali.com\/","name":"Nettali.com","description":"Le rendez-vous critique du Net","potentialAction":[{"@type":"SearchAction","target":{"@type":"EntryPoint","urlTemplate":"https:\/\/www.nettali.com\/?s={search_term_string}"},"query-input":"required name=search_term_string"}],"inLanguage":"fr-FR"},{"@type":"ImageObject","@id":"https:\/\/www.nettali.com\/2024\/12\/20\/dr-cheikh-tidiane-gadio-sur-la-crise-a-la-cedeao-il-faut-organiser-des-assises-historiques\/#primaryimage","inLanguage":"fr-FR","url":"https:\/\/www.nettali.com\/wp-content\/uploads\/2023\/11\/cheikh-tidiane-gadio1.jpg","contentUrl":"https:\/\/www.nettali.com\/wp-content\/uploads\/2023\/11\/cheikh-tidiane-gadio1.jpg","width":1278,"height":708},{"@type":"WebPage","@id":"https:\/\/www.nettali.com\/2024\/12\/20\/dr-cheikh-tidiane-gadio-sur-la-crise-a-la-cedeao-il-faut-organiser-des-assises-historiques\/#webpage","url":"https:\/\/www.nettali.com\/2024\/12\/20\/dr-cheikh-tidiane-gadio-sur-la-crise-a-la-cedeao-il-faut-organiser-des-assises-historiques\/","name":"DR CHEIKH TIDIANE GADIO SUR LA CRISE \u00c0 LA CEDEAO \u2013\u00ab Il faut organiser des assises historiques...\u00bb | Nettali.com","isPartOf":{"@id":"https:\/\/www.nettali.com\/#website"},"primaryImageOfPage":{"@id":"https:\/\/www.nettali.com\/2024\/12\/20\/dr-cheikh-tidiane-gadio-sur-la-crise-a-la-cedeao-il-faut-organiser-des-assises-historiques\/#primaryimage"},"datePublished":"2024-12-20T07:56:47+00:00","dateModified":"2024-12-20T07:56:47+00:00","author":{"@id":"https:\/\/www.nettali.com\/#\/schema\/person\/418274a86bdf87caff7a3ef476bd0bbf"},"breadcrumb":{"@id":"https:\/\/www.nettali.com\/2024\/12\/20\/dr-cheikh-tidiane-gadio-sur-la-crise-a-la-cedeao-il-faut-organiser-des-assises-historiques\/#breadcrumb"},"inLanguage":"fr-FR","potentialAction":[{"@type":"ReadAction","target":["https:\/\/www.nettali.com\/2024\/12\/20\/dr-cheikh-tidiane-gadio-sur-la-crise-a-la-cedeao-il-faut-organiser-des-assises-historiques\/"]}]},{"@type":"BreadcrumbList","@id":"https:\/\/www.nettali.com\/2024\/12\/20\/dr-cheikh-tidiane-gadio-sur-la-crise-a-la-cedeao-il-faut-organiser-des-assises-historiques\/#breadcrumb","itemListElement":[{"@type":"ListItem","position":1,"name":"Accueil","item":"https:\/\/www.nettali.com\/"},{"@type":"ListItem","position":2,"name":"DR CHEIKH TIDIANE GADIO SUR LA CRISE \u00c0 LA CEDEAO \u2013\u00ab Il faut organiser des assises historiques...\u00bb"}]},{"@type":"Person","@id":"https:\/\/www.nettali.com\/#\/schema\/person\/418274a86bdf87caff7a3ef476bd0bbf","name":"Fatou","image":{"@type":"ImageObject","@id":"https:\/\/www.nettali.com\/#personlogo","inLanguage":"fr-FR","url":"https:\/\/secure.gravatar.com\/avatar\/5a9442a2bee7b4dcf167cab035858e9a?s=96&d=mm&r=g","contentUrl":"https:\/\/secure.gravatar.com\/avatar\/5a9442a2bee7b4dcf167cab035858e9a?s=96&d=mm&r=g","caption":"Fatou"},"sameAs":["https:\/\/www.nettali.com"]}]}},"_links":{"self":[{"href":"https:\/\/www.nettali.com\/rest\/wp\/v2\/posts\/145750"}],"collection":[{"href":"https:\/\/www.nettali.com\/rest\/wp\/v2\/posts"}],"about":[{"href":"https:\/\/www.nettali.com\/rest\/wp\/v2\/types\/post"}],"author":[{"embeddable":true,"href":"https:\/\/www.nettali.com\/rest\/wp\/v2\/users\/6"}],"replies":[{"embeddable":true,"href":"https:\/\/www.nettali.com\/rest\/wp\/v2\/comments?post=145750"}],"version-history":[{"count":3,"href":"https:\/\/www.nettali.com\/rest\/wp\/v2\/posts\/145750\/revisions"}],"predecessor-version":[{"id":145753,"href":"https:\/\/www.nettali.com\/rest\/wp\/v2\/posts\/145750\/revisions\/145753"}],"wp:featuredmedia":[{"embeddable":true,"href":"https:\/\/www.nettali.com\/rest\/wp\/v2\/media\/122785"}],"wp:attachment":[{"href":"https:\/\/www.nettali.com\/rest\/wp\/v2\/media?parent=145750"}],"wp:term":[{"taxonomy":"category","embeddable":true,"href":"https:\/\/www.nettali.com\/rest\/wp\/v2\/categories?post=145750"},{"taxonomy":"post_tag","embeddable":true,"href":"https:\/\/www.nettali.com\/rest\/wp\/v2\/tags?post=145750"}],"curies":[{"name":"wp","href":"https:\/\/api.w.org\/{rel}","templated":true}]}}