{"id":145746,"date":"2024-12-20T07:08:35","date_gmt":"2024-12-20T07:08:35","guid":{"rendered":"https:\/\/www.nettali.com\/?p=145746"},"modified":"2024-12-20T07:08:35","modified_gmt":"2024-12-20T07:08:35","slug":"affaire-mairie-de-dakar-la-societe-civile-exprime-son-inquietude","status":"publish","type":"post","link":"https:\/\/www.nettali.com\/2024\/12\/20\/affaire-mairie-de-dakar-la-societe-civile-exprime-son-inquietude\/","title":{"rendered":"AFFAIRE MAIRIE DE DAKAR - La soci\u00e9t\u00e9 civile exprime son inqui\u00e9tude"},"content":{"rendered":"<p><strong>NETTALI.COM -<\/strong> Le Collectif des Organisations de la Soci\u00e9t\u00e9 Civile pour les \u00c9lections (COSCE) \u00e9largi \u00e0 d\u2019autres organisations, a exprim\u00e9, le jeudi 19 d\u00e9cembre, son inqui\u00e9tude face \u00e0 la situation de la mairie de la ville de Dakar. C\u2019est dans ce cadre que le COSCE a re\u00e7u une d\u00e9l\u00e9gation de conseillers municipaux de la ville de Dakar qui ont d\u00e9nonc\u00e9 leur interdiction d\u2019acc\u00e8s aux locaux de la mairie par les forces de d\u00e9fense et de s\u00e9curit\u00e9, suite \u00e0 la r\u00e9vocation de Monsieur Barth\u00e9l\u00e9my Dias, maire de la ville de Dakar.<\/p>\n<p>De par son attachement aux valeurs fondamentales de justice, d\u2019\u00e9quit\u00e9 et de respect des droits des citoyens, le COSCE rappelle qu\u2019une telle mesure, si elle est av\u00e9r\u00e9e, doit \u00eatre fond\u00e9e sur des dispositions juridiques respectant les droits constitutionnels des citoyens. En effet, la d\u00e9cision du pr\u00e9fet de Dakar portant d\u00e9mission de Monsieur Barth\u00e9l\u00e9my Dias de son mandat de conseiller municipal de la ville de Dakar, n\u2019est assortie d\u2019aucune mesure visant \u00e0 interdire aux conseillers municipaux l\u2019acc\u00e8s \u00e0 la mairie.<\/p>\n<p>Le COSCE appelle les autorit\u00e9s comp\u00e9tentes \u00e0 veiller \u00e0 la protection de l\u2019int\u00e9r\u00eat public et au respect des droits fondamentaux. Dans ce contexte sensible, il encourage l\u2019\u00c9tat \u00e0 adopter une d\u00e9marche prudente et respectueuse de l\u2019\u00c9tat de droit afin d\u2019\u00e9viter tout climat de m\u00e9fiance ou de suspicion qui pourrait fragiliser la coh\u00e9sion sociale.<\/p>\n<p>Le COSCE sollicite des autorit\u00e9s, la prise de mesures visant \u00e0 renforcer la d\u00e9mocratie, en privil\u00e9giant la l\u00e9galit\u00e9 et l\u2019\u00e9quit\u00e9, valeurs qu il d\u00e9fend depuis sa cr\u00e9ation. Il exhorte l\u2019ensemble des acteurs \u00e0 adopter un comportement responsable, n\u00e9cessaire au maintien de la paix sociale et de la stabilit\u00e9 politique.<\/p>\n<div class='share-to-whatsapp-wrapper'><div class='share-on-whsp'>PARTAGER SUR : <\/div><a data-text='AFFAIRE MAIRIE DE DAKAR - La soci\u00e9t\u00e9 civile exprime son inqui\u00e9tude' data-link='https:\/\/www.nettali.com\/2024\/12\/20\/affaire-mairie-de-dakar-la-societe-civile-exprime-son-inquietude\/' class='whatsapp-button whatsapp-share'>WhatsApp<\/a><div class='clear '><\/div><\/div>","protected":false},"excerpt":{"rendered":"<p>NETTALI.COM - Le Collectif des Organisations de la Soci\u00e9t\u00e9 Civile pour les \u00c9lections (COSCE) \u00e9largi \u00e0 d\u2019autres organisations, a exprim\u00e9, le jeudi 19 d\u00e9cembre, son inqui\u00e9tude face \u00e0 la situation de la mairie de la ville de Dakar. C\u2019est dans ce cadre que le COSCE a re\u00e7u une d\u00e9l\u00e9gation de conseillers municipaux de la ville [&hellip;]<\/p>\n","protected":false},"author":2,"featured_media":145599,"comment_status":"open","ping_status":"open","sticky":false,"template":"","format":"standard","meta":{"_et_pb_use_builder":"","_et_pb_old_content":""},"categories":[34945],"tags":[],"yoast_head":"<!-- This site is optimized with the Yoast SEO Premium plugin v17.8 (Yoast SEO v17.8) - https:\/\/yoast.com\/wordpress\/plugins\/seo\/ -->\n<title>AFFAIRE MAIRIE DE DAKAR - La soci\u00e9t\u00e9 civile exprime son inqui\u00e9tude | Nettali.com<\/title>\n<meta name=\"robots\" content=\"index, follow, max-snippet:-1, max-image-preview:large, max-video-preview:-1\" \/>\n<link rel=\"canonical\" href=\"https:\/\/www.nettali.com\/2024\/12\/20\/affaire-mairie-de-dakar-la-societe-civile-exprime-son-inquietude\/\" \/>\n<meta property=\"og:locale\" content=\"fr_FR\" \/>\n<meta property=\"og:type\" content=\"article\" \/>\n<meta property=\"og:title\" content=\"AFFAIRE MAIRIE DE DAKAR - La soci\u00e9t\u00e9 civile exprime son inqui\u00e9tude\" \/>\n<meta property=\"og:description\" content=\"NETTALI.COM - Le Collectif des Organisations de la Soci\u00e9t\u00e9 Civile pour les \u00c9lections (COSCE) \u00e9largi \u00e0 d\u2019autres organisations, a exprim\u00e9, le jeudi 19 d\u00e9cembre, son inqui\u00e9tude face \u00e0 la situation de la mairie de la ville de Dakar. C\u2019est dans ce cadre que le COSCE a re\u00e7u une d\u00e9l\u00e9gation de conseillers municipaux de la ville [&hellip;]\" \/>\n<meta property=\"og:url\" content=\"https:\/\/www.nettali.com\/2024\/12\/20\/affaire-mairie-de-dakar-la-societe-civile-exprime-son-inquietude\/\" \/>\n<meta property=\"og:site_name\" content=\"Nettali.com\" \/>\n<meta property=\"article:publisher\" content=\"https:\/\/www.facebook.com\/nettalicom\" \/>\n<meta property=\"article:published_time\" content=\"2024-12-20T07:08:35+00:00\" \/>\n<meta property=\"og:image\" content=\"https:\/\/www.nettali.com\/wp-content\/uploads\/2024\/12\/1734421497589.jpg\" \/>\n\t<meta property=\"og:image:width\" content=\"1280\" \/>\n\t<meta property=\"og:image:height\" content=\"960\" \/>\n<meta name=\"twitter:card\" content=\"summary_large_image\" \/>\n<meta name=\"twitter:label1\" content=\"\u00c9crit par\" \/>\n\t<meta name=\"twitter:data1\" content=\"CK\" \/>\n\t<meta name=\"twitter:label2\" content=\"Dur\u00e9e de lecture estim\u00e9e\" \/>\n\t<meta name=\"twitter:data2\" content=\"2 minutes\" \/>\n<script type=\"application\/ld+json\" class=\"yoast-schema-graph\">{\"@context\":\"https:\/\/schema.org\",\"@graph\":[{\"@type\":\"WebSite\",\"@id\":\"https:\/\/www.nettali.com\/#website\",\"url\":\"https:\/\/www.nettali.com\/\",\"name\":\"Nettali.com\",\"description\":\"Le rendez-vous critique du Net\",\"potentialAction\":[{\"@type\":\"SearchAction\",\"target\":{\"@type\":\"EntryPoint\",\"urlTemplate\":\"https:\/\/www.nettali.com\/?s={search_term_string}\"},\"query-input\":\"required name=search_term_string\"}],\"inLanguage\":\"fr-FR\"},{\"@type\":\"ImageObject\",\"@id\":\"https:\/\/www.nettali.com\/2024\/12\/20\/affaire-mairie-de-dakar-la-societe-civile-exprime-son-inquietude\/#primaryimage\",\"inLanguage\":\"fr-FR\",\"url\":\"https:\/\/www.nettali.com\/wp-content\/uploads\/2024\/12\/1734421497589.jpg\",\"contentUrl\":\"https:\/\/www.nettali.com\/wp-content\/uploads\/2024\/12\/1734421497589.jpg\",\"width\":1280,\"height\":960},{\"@type\":\"WebPage\",\"@id\":\"https:\/\/www.nettali.com\/2024\/12\/20\/affaire-mairie-de-dakar-la-societe-civile-exprime-son-inquietude\/#webpage\",\"url\":\"https:\/\/www.nettali.com\/2024\/12\/20\/affaire-mairie-de-dakar-la-societe-civile-exprime-son-inquietude\/\",\"name\":\"AFFAIRE MAIRIE DE DAKAR - La soci\\u00e9t\\u00e9 civile exprime son inqui\\u00e9tude | Nettali.com\",\"isPartOf\":{\"@id\":\"https:\/\/www.nettali.com\/#website\"},\"primaryImageOfPage\":{\"@id\":\"https:\/\/www.nettali.com\/2024\/12\/20\/affaire-mairie-de-dakar-la-societe-civile-exprime-son-inquietude\/#primaryimage\"},\"datePublished\":\"2024-12-20T07:08:35+00:00\",\"dateModified\":\"2024-12-20T07:08:35+00:00\",\"author\":{\"@id\":\"https:\/\/www.nettali.com\/#\/schema\/person\/d8ac7b7e27ddad43f1c0d2ef090d7f71\"},\"breadcrumb\":{\"@id\":\"https:\/\/www.nettali.com\/2024\/12\/20\/affaire-mairie-de-dakar-la-societe-civile-exprime-son-inquietude\/#breadcrumb\"},\"inLanguage\":\"fr-FR\",\"potentialAction\":[{\"@type\":\"ReadAction\",\"target\":[\"https:\/\/www.nettali.com\/2024\/12\/20\/affaire-mairie-de-dakar-la-societe-civile-exprime-son-inquietude\/\"]}]},{\"@type\":\"BreadcrumbList\",\"@id\":\"https:\/\/www.nettali.com\/2024\/12\/20\/affaire-mairie-de-dakar-la-societe-civile-exprime-son-inquietude\/#breadcrumb\",\"itemListElement\":[{\"@type\":\"ListItem\",\"position\":1,\"name\":\"Accueil\",\"item\":\"https:\/\/www.nettali.com\/\"},{\"@type\":\"ListItem\",\"position\":2,\"name\":\"AFFAIRE MAIRIE DE DAKAR - La soci\\u00e9t\\u00e9 civile exprime son inqui\\u00e9tude\"}]},{\"@type\":\"Person\",\"@id\":\"https:\/\/www.nettali.com\/#\/schema\/person\/d8ac7b7e27ddad43f1c0d2ef090d7f71\",\"name\":\"CK\",\"image\":{\"@type\":\"ImageObject\",\"@id\":\"https:\/\/www.nettali.com\/#personlogo\",\"inLanguage\":\"fr-FR\",\"url\":\"https:\/\/secure.gravatar.com\/avatar\/1d8d5118b9327d94da7cd4ce7f17fec2?s=96&d=mm&r=g\",\"contentUrl\":\"https:\/\/secure.gravatar.com\/avatar\/1d8d5118b9327d94da7cd4ce7f17fec2?s=96&d=mm&r=g\",\"caption\":\"CK\"},\"sameAs\":[\"https:\/\/www.nettali.com\"]}]}<\/script>\n<!-- \/ Yoast SEO Premium plugin. -->","yoast_head_json":{"title":"AFFAIRE MAIRIE DE DAKAR - La soci\u00e9t\u00e9 civile exprime son inqui\u00e9tude | Nettali.com","robots":{"index":"index","follow":"follow","max-snippet":"max-snippet:-1","max-image-preview":"max-image-preview:large","max-video-preview":"max-video-preview:-1"},"canonical":"https:\/\/www.nettali.com\/2024\/12\/20\/affaire-mairie-de-dakar-la-societe-civile-exprime-son-inquietude\/","og_locale":"fr_FR","og_type":"article","og_title":"AFFAIRE MAIRIE DE DAKAR - La soci\u00e9t\u00e9 civile exprime son inqui\u00e9tude","og_description":"NETTALI.COM - Le Collectif des Organisations de la Soci\u00e9t\u00e9 Civile pour les \u00c9lections (COSCE) \u00e9largi \u00e0 d\u2019autres organisations, a exprim\u00e9, le jeudi 19 d\u00e9cembre, son inqui\u00e9tude face \u00e0 la situation de la mairie de la ville de Dakar. C\u2019est dans ce cadre que le COSCE a re\u00e7u une d\u00e9l\u00e9gation de conseillers municipaux de la ville [&hellip;]","og_url":"https:\/\/www.nettali.com\/2024\/12\/20\/affaire-mairie-de-dakar-la-societe-civile-exprime-son-inquietude\/","og_site_name":"Nettali.com","article_publisher":"https:\/\/www.facebook.com\/nettalicom","article_published_time":"2024-12-20T07:08:35+00:00","og_image":[{"width":1280,"height":960,"url":"https:\/\/www.nettali.com\/wp-content\/uploads\/2024\/12\/1734421497589.jpg","type":"image\/jpeg"}],"twitter_card":"summary_large_image","twitter_misc":{"\u00c9crit par":"CK","Dur\u00e9e de lecture estim\u00e9e":"2 minutes"},"schema":{"@context":"https:\/\/schema.org","@graph":[{"@type":"WebSite","@id":"https:\/\/www.nettali.com\/#website","url":"https:\/\/www.nettali.com\/","name":"Nettali.com","description":"Le rendez-vous critique du Net","potentialAction":[{"@type":"SearchAction","target":{"@type":"EntryPoint","urlTemplate":"https:\/\/www.nettali.com\/?s={search_term_string}"},"query-input":"required name=search_term_string"}],"inLanguage":"fr-FR"},{"@type":"ImageObject","@id":"https:\/\/www.nettali.com\/2024\/12\/20\/affaire-mairie-de-dakar-la-societe-civile-exprime-son-inquietude\/#primaryimage","inLanguage":"fr-FR","url":"https:\/\/www.nettali.com\/wp-content\/uploads\/2024\/12\/1734421497589.jpg","contentUrl":"https:\/\/www.nettali.com\/wp-content\/uploads\/2024\/12\/1734421497589.jpg","width":1280,"height":960},{"@type":"WebPage","@id":"https:\/\/www.nettali.com\/2024\/12\/20\/affaire-mairie-de-dakar-la-societe-civile-exprime-son-inquietude\/#webpage","url":"https:\/\/www.nettali.com\/2024\/12\/20\/affaire-mairie-de-dakar-la-societe-civile-exprime-son-inquietude\/","name":"AFFAIRE MAIRIE DE DAKAR - La soci\u00e9t\u00e9 civile exprime son inqui\u00e9tude | Nettali.com","isPartOf":{"@id":"https:\/\/www.nettali.com\/#website"},"primaryImageOfPage":{"@id":"https:\/\/www.nettali.com\/2024\/12\/20\/affaire-mairie-de-dakar-la-societe-civile-exprime-son-inquietude\/#primaryimage"},"datePublished":"2024-12-20T07:08:35+00:00","dateModified":"2024-12-20T07:08:35+00:00","author":{"@id":"https:\/\/www.nettali.com\/#\/schema\/person\/d8ac7b7e27ddad43f1c0d2ef090d7f71"},"breadcrumb":{"@id":"https:\/\/www.nettali.com\/2024\/12\/20\/affaire-mairie-de-dakar-la-societe-civile-exprime-son-inquietude\/#breadcrumb"},"inLanguage":"fr-FR","potentialAction":[{"@type":"ReadAction","target":["https:\/\/www.nettali.com\/2024\/12\/20\/affaire-mairie-de-dakar-la-societe-civile-exprime-son-inquietude\/"]}]},{"@type":"BreadcrumbList","@id":"https:\/\/www.nettali.com\/2024\/12\/20\/affaire-mairie-de-dakar-la-societe-civile-exprime-son-inquietude\/#breadcrumb","itemListElement":[{"@type":"ListItem","position":1,"name":"Accueil","item":"https:\/\/www.nettali.com\/"},{"@type":"ListItem","position":2,"name":"AFFAIRE MAIRIE DE DAKAR - La soci\u00e9t\u00e9 civile exprime son inqui\u00e9tude"}]},{"@type":"Person","@id":"https:\/\/www.nettali.com\/#\/schema\/person\/d8ac7b7e27ddad43f1c0d2ef090d7f71","name":"CK","image":{"@type":"ImageObject","@id":"https:\/\/www.nettali.com\/#personlogo","inLanguage":"fr-FR","url":"https:\/\/secure.gravatar.com\/avatar\/1d8d5118b9327d94da7cd4ce7f17fec2?s=96&d=mm&r=g","contentUrl":"https:\/\/secure.gravatar.com\/avatar\/1d8d5118b9327d94da7cd4ce7f17fec2?s=96&d=mm&r=g","caption":"CK"},"sameAs":["https:\/\/www.nettali.com"]}]}},"_links":{"self":[{"href":"https:\/\/www.nettali.com\/rest\/wp\/v2\/posts\/145746"}],"collection":[{"href":"https:\/\/www.nettali.com\/rest\/wp\/v2\/posts"}],"about":[{"href":"https:\/\/www.nettali.com\/rest\/wp\/v2\/types\/post"}],"author":[{"embeddable":true,"href":"https:\/\/www.nettali.com\/rest\/wp\/v2\/users\/2"}],"replies":[{"embeddable":true,"href":"https:\/\/www.nettali.com\/rest\/wp\/v2\/comments?post=145746"}],"version-history":[{"count":1,"href":"https:\/\/www.nettali.com\/rest\/wp\/v2\/posts\/145746\/revisions"}],"predecessor-version":[{"id":145747,"href":"https:\/\/www.nettali.com\/rest\/wp\/v2\/posts\/145746\/revisions\/145747"}],"wp:featuredmedia":[{"embeddable":true,"href":"https:\/\/www.nettali.com\/rest\/wp\/v2\/media\/145599"}],"wp:attachment":[{"href":"https:\/\/www.nettali.com\/rest\/wp\/v2\/media?parent=145746"}],"wp:term":[{"taxonomy":"category","embeddable":true,"href":"https:\/\/www.nettali.com\/rest\/wp\/v2\/categories?post=145746"},{"taxonomy":"post_tag","embeddable":true,"href":"https:\/\/www.nettali.com\/rest\/wp\/v2\/tags?post=145746"}],"curies":[{"name":"wp","href":"https:\/\/api.w.org\/{rel}","templated":true}]}}