{"id":145633,"date":"2024-12-18T20:57:30","date_gmt":"2024-12-18T20:57:30","guid":{"rendered":"https:\/\/www.nettali.com\/?p=145633"},"modified":"2024-12-20T06:31:52","modified_gmt":"2024-12-20T06:31:52","slug":"recours-contre-le-bureau-de-lassemblee-le-conseil-constitutionnel-se-declare-incompetent","status":"publish","type":"post","link":"https:\/\/www.nettali.com\/2024\/12\/18\/recours-contre-le-bureau-de-lassemblee-le-conseil-constitutionnel-se-declare-incompetent\/","title":{"rendered":"(DOCUMENT) - RECOURS CONTRE LE BUREAU DE L'ASSEMBLEE - Le Conseil constitutionnel se d\u00e9clare incomp\u00e9tent"},"content":{"rendered":"<p><strong>NETTALI.COM - A\u00efssata Tall Sall et le groupe Takku Wallu n'ont pas eu gain de cause. Le Conseil constitutionnel s'est d\u00e9clar\u00e9 incomp\u00e9tent pour trancher leur recours portant annulation du bureau de l'Assembl\u00e9e nationale.<\/strong><\/p>\n<p>Lors de l'installation du bureau de l'Assembl\u00e9e nationale, le groupe parlementaire Takku Wallu a vu le poste de huiti\u00e8me vice-pr\u00e9sident lui filer entre les doigts. Pourtant, ce poste lui revenait de droit. Seulement, le groupe dirig\u00e9 par A\u00efssata Tall Sall avait refus\u00e9 de c\u00e9der face \u00e0 la fermet\u00e9 du pr\u00e9sident de l'Assembl\u00e9e nationale. El Malick Ndiaye avait demand\u00e9 au groupe Takku Wallu de proposer une femme alors que A\u00efssata Tall Sall et compagnie avaient d\u00e9j\u00e0 port\u00e9 leur choix sur Farba Ngom. Un choix qui ne respecte pas la parit\u00e9. Apr\u00e8s des heures de n\u00e9gociations et de d\u00e9bats, le pr\u00e9sident de l'Assembl\u00e9e nationale avait fini par demander \u00e0 la majorit\u00e9 de proposer une femme pour occuper le poste de huiti\u00e8me vice-pr\u00e9sident.<\/p>\n<p>C'est donc pour cette raison que Me A\u00efssata Tall Sall et 13 autres d\u00e9put\u00e9s avaient saisi le Conseil constitutionnel contre ce qu'ils ont qualifi\u00e9 de violation de leurs droits par le pr\u00e9sident de l'Assembl\u00e9e nationale. Un recours donc \"<em>aux fins d'annulation d'une d\u00e9lib\u00e9ration sur l'\u00e9lection des membres du bureau de l'Assembl\u00e9e nationale constat\u00e9e du 2 d\u00e9cembre 2024<\/em>\". Et ce mercredi, les 7 Sages ont donn\u00e9 leur verdict. Le Conseil constitutionnel a d\u00e9cid\u00e9 de se d\u00e9clarer incomp\u00e9tent. Autrement dit, El Malick Ndiaye obtient gain de cause et le bureau de l\u2019Assembl\u00e9e va pouvoir poursuivre ses travaux conform\u00e9ment au r\u00e8glement int\u00e9rieur de l'institution.<\/p>\n\n\t\t<style type=\"text\/css\">\n\t\t\t#gallery-1 {\n\t\t\t\tmargin: auto;\n\t\t\t}\n\t\t\t#gallery-1 .gallery-item {\n\t\t\t\tfloat: left;\n\t\t\t\tmargin-top: 10px;\n\t\t\t\ttext-align: center;\n\t\t\t\twidth: 100%;\n\t\t\t}\n\t\t\t#gallery-1 img {\n\t\t\t\tborder: 2px solid #cfcfcf;\n\t\t\t}\n\t\t\t#gallery-1 .gallery-caption {\n\t\t\t\tmargin-left: 0;\n\t\t\t}\n\t\t\t\/* see gallery_shortcode() in wp-includes\/media.php *\/\n\t\t<\/style>\n\t\t<div id='gallery-1' class='gallery galleryid-145633 gallery-columns-1 gallery-size-full'><dl class='gallery-item'>\n\t\t\t<dt class='gallery-icon portrait'>\n\t\t\t\t<a href='https:\/\/www.nettali.com\/2024\/12\/18\/recours-contre-le-bureau-de-lassemblee-le-conseil-constitutionnel-se-declare-incompetent\/1-36\/'><img width=\"766\" height=\"1080\" src=\"https:\/\/www.nettali.com\/wp-content\/uploads\/2024\/12\/1.jpg\" class=\"attachment-full size-full\" alt=\"\" loading=\"lazy\" srcset=\"https:\/\/www.nettali.com\/wp-content\/uploads\/2024\/12\/1.jpg 766w, https:\/\/www.nettali.com\/wp-content\/uploads\/2024\/12\/1-213x300.jpg 213w, https:\/\/www.nettali.com\/wp-content\/uploads\/2024\/12\/1-726x1024.jpg 726w\" sizes=\"(max-width: 766px) 100vw, 766px\" \/><\/a>\n\t\t\t<\/dt><\/dl><br style=\"clear: both\" \/><dl class='gallery-item'>\n\t\t\t<dt class='gallery-icon portrait'>\n\t\t\t\t<a href='https:\/\/www.nettali.com\/2024\/12\/18\/recours-contre-le-bureau-de-lassemblee-le-conseil-constitutionnel-se-declare-incompetent\/2-38\/'><img width=\"710\" height=\"1080\" src=\"https:\/\/www.nettali.com\/wp-content\/uploads\/2024\/12\/2.jpg\" class=\"attachment-full size-full\" alt=\"\" loading=\"lazy\" srcset=\"https:\/\/www.nettali.com\/wp-content\/uploads\/2024\/12\/2.jpg 710w, https:\/\/www.nettali.com\/wp-content\/uploads\/2024\/12\/2-197x300.jpg 197w, https:\/\/www.nettali.com\/wp-content\/uploads\/2024\/12\/2-673x1024.jpg 673w\" sizes=\"(max-width: 710px) 100vw, 710px\" \/><\/a>\n\t\t\t<\/dt><\/dl><br style=\"clear: both\" \/>\n\t\t<\/div>\n\n<div class='share-to-whatsapp-wrapper'><div class='share-on-whsp'>PARTAGER SUR : <\/div><a data-text='(DOCUMENT) - RECOURS CONTRE LE BUREAU DE L'ASSEMBLEE - Le Conseil constitutionnel se d\u00e9clare incomp\u00e9tent' data-link='https:\/\/www.nettali.com\/2024\/12\/18\/recours-contre-le-bureau-de-lassemblee-le-conseil-constitutionnel-se-declare-incompetent\/' class='whatsapp-button whatsapp-share'>WhatsApp<\/a><div class='clear '><\/div><\/div>","protected":false},"excerpt":{"rendered":"<p>NETTALI.COM - A\u00efssata Tall Sall et le groupe Takku Wallu n'ont pas eu gain de cause. Le Conseil constitutionnel s'est d\u00e9clar\u00e9 incomp\u00e9tent pour trancher leur recours portant annulation du bureau de l'Assembl\u00e9e nationale. Lors de l'installation du bureau de l'Assembl\u00e9e nationale, le groupe parlementaire Takku Wallu a vu le poste de huiti\u00e8me vice-pr\u00e9sident lui filer [&hellip;]<\/p>\n","protected":false},"author":3,"featured_media":145636,"comment_status":"open","ping_status":"open","sticky":false,"template":"","format":"standard","meta":{"_et_pb_use_builder":"","_et_pb_old_content":""},"categories":[2],"tags":[],"yoast_head":"<!-- This site is optimized with the Yoast SEO Premium plugin v17.8 (Yoast SEO v17.8) - https:\/\/yoast.com\/wordpress\/plugins\/seo\/ -->\n<title>(DOCUMENT) - RECOURS CONTRE LE BUREAU DE L&#039;ASSEMBLEE - Le Conseil constitutionnel se d\u00e9clare incomp\u00e9tent | Nettali.com<\/title>\n<meta name=\"robots\" content=\"index, follow, max-snippet:-1, max-image-preview:large, max-video-preview:-1\" \/>\n<link rel=\"canonical\" href=\"https:\/\/www.nettali.com\/2024\/12\/18\/recours-contre-le-bureau-de-lassemblee-le-conseil-constitutionnel-se-declare-incompetent\/\" \/>\n<meta property=\"og:locale\" content=\"fr_FR\" \/>\n<meta property=\"og:type\" content=\"article\" \/>\n<meta property=\"og:title\" content=\"(DOCUMENT) - RECOURS CONTRE LE BUREAU DE L&#039;ASSEMBLEE - Le Conseil constitutionnel se d\u00e9clare incomp\u00e9tent\" \/>\n<meta property=\"og:description\" content=\"NETTALI.COM - A\u00efssata Tall Sall et le groupe Takku Wallu n&#039;ont pas eu gain de cause. Le Conseil constitutionnel s&#039;est d\u00e9clar\u00e9 incomp\u00e9tent pour trancher leur recours portant annulation du bureau de l&#039;Assembl\u00e9e nationale. Lors de l&#039;installation du bureau de l&#039;Assembl\u00e9e nationale, le groupe parlementaire Takku Wallu a vu le poste de huiti\u00e8me vice-pr\u00e9sident lui filer [&hellip;]\" \/>\n<meta property=\"og:url\" content=\"https:\/\/www.nettali.com\/2024\/12\/18\/recours-contre-le-bureau-de-lassemblee-le-conseil-constitutionnel-se-declare-incompetent\/\" \/>\n<meta property=\"og:site_name\" content=\"Nettali.com\" \/>\n<meta property=\"article:publisher\" content=\"https:\/\/www.facebook.com\/nettalicom\" \/>\n<meta property=\"article:published_time\" content=\"2024-12-18T20:57:30+00:00\" \/>\n<meta property=\"article:modified_time\" content=\"2024-12-20T06:31:52+00:00\" \/>\n<meta property=\"og:image\" content=\"https:\/\/www.nettali.com\/wp-content\/uploads\/2024\/12\/84952080-60622182-scaled.jpg\" \/>\n\t<meta property=\"og:image:width\" content=\"1920\" \/>\n\t<meta property=\"og:image:height\" content=\"2560\" \/>\n<meta name=\"twitter:card\" content=\"summary_large_image\" \/>\n<meta name=\"twitter:label1\" content=\"\u00c9crit par\" \/>\n\t<meta name=\"twitter:data1\" content=\"Moustapha\" \/>\n\t<meta name=\"twitter:label2\" content=\"Dur\u00e9e de lecture estim\u00e9e\" \/>\n\t<meta name=\"twitter:data2\" content=\"2 minutes\" \/>\n<script type=\"application\/ld+json\" class=\"yoast-schema-graph\">{\"@context\":\"https:\/\/schema.org\",\"@graph\":[{\"@type\":\"WebSite\",\"@id\":\"https:\/\/www.nettali.com\/#website\",\"url\":\"https:\/\/www.nettali.com\/\",\"name\":\"Nettali.com\",\"description\":\"Le rendez-vous critique du Net\",\"potentialAction\":[{\"@type\":\"SearchAction\",\"target\":{\"@type\":\"EntryPoint\",\"urlTemplate\":\"https:\/\/www.nettali.com\/?s={search_term_string}\"},\"query-input\":\"required name=search_term_string\"}],\"inLanguage\":\"fr-FR\"},{\"@type\":\"ImageObject\",\"@id\":\"https:\/\/www.nettali.com\/2024\/12\/18\/recours-contre-le-bureau-de-lassemblee-le-conseil-constitutionnel-se-declare-incompetent\/#primaryimage\",\"inLanguage\":\"fr-FR\",\"url\":\"https:\/\/www.nettali.com\/wp-content\/uploads\/2024\/12\/84952080-60622182-scaled.jpg\",\"contentUrl\":\"https:\/\/www.nettali.com\/wp-content\/uploads\/2024\/12\/84952080-60622182-scaled.jpg\",\"width\":1920,\"height\":2560},{\"@type\":\"WebPage\",\"@id\":\"https:\/\/www.nettali.com\/2024\/12\/18\/recours-contre-le-bureau-de-lassemblee-le-conseil-constitutionnel-se-declare-incompetent\/#webpage\",\"url\":\"https:\/\/www.nettali.com\/2024\/12\/18\/recours-contre-le-bureau-de-lassemblee-le-conseil-constitutionnel-se-declare-incompetent\/\",\"name\":\"(DOCUMENT) - RECOURS CONTRE LE BUREAU DE L'ASSEMBLEE - Le Conseil constitutionnel se d\\u00e9clare incomp\\u00e9tent | Nettali.com\",\"isPartOf\":{\"@id\":\"https:\/\/www.nettali.com\/#website\"},\"primaryImageOfPage\":{\"@id\":\"https:\/\/www.nettali.com\/2024\/12\/18\/recours-contre-le-bureau-de-lassemblee-le-conseil-constitutionnel-se-declare-incompetent\/#primaryimage\"},\"datePublished\":\"2024-12-18T20:57:30+00:00\",\"dateModified\":\"2024-12-20T06:31:52+00:00\",\"author\":{\"@id\":\"https:\/\/www.nettali.com\/#\/schema\/person\/7962a12a6e0267f88f0ffa544c36469a\"},\"breadcrumb\":{\"@id\":\"https:\/\/www.nettali.com\/2024\/12\/18\/recours-contre-le-bureau-de-lassemblee-le-conseil-constitutionnel-se-declare-incompetent\/#breadcrumb\"},\"inLanguage\":\"fr-FR\",\"potentialAction\":[{\"@type\":\"ReadAction\",\"target\":[\"https:\/\/www.nettali.com\/2024\/12\/18\/recours-contre-le-bureau-de-lassemblee-le-conseil-constitutionnel-se-declare-incompetent\/\"]}]},{\"@type\":\"BreadcrumbList\",\"@id\":\"https:\/\/www.nettali.com\/2024\/12\/18\/recours-contre-le-bureau-de-lassemblee-le-conseil-constitutionnel-se-declare-incompetent\/#breadcrumb\",\"itemListElement\":[{\"@type\":\"ListItem\",\"position\":1,\"name\":\"Accueil\",\"item\":\"https:\/\/www.nettali.com\/\"},{\"@type\":\"ListItem\",\"position\":2,\"name\":\"(DOCUMENT) - RECOURS CONTRE LE BUREAU DE L'ASSEMBLEE - Le Conseil constitutionnel se d\\u00e9clare incomp\\u00e9tent\"}]},{\"@type\":\"Person\",\"@id\":\"https:\/\/www.nettali.com\/#\/schema\/person\/7962a12a6e0267f88f0ffa544c36469a\",\"name\":\"Moustapha\",\"image\":{\"@type\":\"ImageObject\",\"@id\":\"https:\/\/www.nettali.com\/#personlogo\",\"inLanguage\":\"fr-FR\",\"url\":\"https:\/\/secure.gravatar.com\/avatar\/10fdf6a071cccdcf374e3dbe45159590?s=96&d=mm&r=g\",\"contentUrl\":\"https:\/\/secure.gravatar.com\/avatar\/10fdf6a071cccdcf374e3dbe45159590?s=96&d=mm&r=g\",\"caption\":\"Moustapha\"},\"sameAs\":[\"https:\/\/www.nettali.com\"]}]}<\/script>\n<!-- \/ Yoast SEO Premium plugin. -->","yoast_head_json":{"title":"(DOCUMENT) - RECOURS CONTRE LE BUREAU DE L'ASSEMBLEE - Le Conseil constitutionnel se d\u00e9clare incomp\u00e9tent | Nettali.com","robots":{"index":"index","follow":"follow","max-snippet":"max-snippet:-1","max-image-preview":"max-image-preview:large","max-video-preview":"max-video-preview:-1"},"canonical":"https:\/\/www.nettali.com\/2024\/12\/18\/recours-contre-le-bureau-de-lassemblee-le-conseil-constitutionnel-se-declare-incompetent\/","og_locale":"fr_FR","og_type":"article","og_title":"(DOCUMENT) - RECOURS CONTRE LE BUREAU DE L'ASSEMBLEE - Le Conseil constitutionnel se d\u00e9clare incomp\u00e9tent","og_description":"NETTALI.COM - A\u00efssata Tall Sall et le groupe Takku Wallu n'ont pas eu gain de cause. Le Conseil constitutionnel s'est d\u00e9clar\u00e9 incomp\u00e9tent pour trancher leur recours portant annulation du bureau de l'Assembl\u00e9e nationale. Lors de l'installation du bureau de l'Assembl\u00e9e nationale, le groupe parlementaire Takku Wallu a vu le poste de huiti\u00e8me vice-pr\u00e9sident lui filer [&hellip;]","og_url":"https:\/\/www.nettali.com\/2024\/12\/18\/recours-contre-le-bureau-de-lassemblee-le-conseil-constitutionnel-se-declare-incompetent\/","og_site_name":"Nettali.com","article_publisher":"https:\/\/www.facebook.com\/nettalicom","article_published_time":"2024-12-18T20:57:30+00:00","article_modified_time":"2024-12-20T06:31:52+00:00","og_image":[{"width":1920,"height":2560,"url":"https:\/\/www.nettali.com\/wp-content\/uploads\/2024\/12\/84952080-60622182-scaled.jpg","type":"image\/jpeg"}],"twitter_card":"summary_large_image","twitter_misc":{"\u00c9crit par":"Moustapha","Dur\u00e9e de lecture estim\u00e9e":"2 minutes"},"schema":{"@context":"https:\/\/schema.org","@graph":[{"@type":"WebSite","@id":"https:\/\/www.nettali.com\/#website","url":"https:\/\/www.nettali.com\/","name":"Nettali.com","description":"Le rendez-vous critique du Net","potentialAction":[{"@type":"SearchAction","target":{"@type":"EntryPoint","urlTemplate":"https:\/\/www.nettali.com\/?s={search_term_string}"},"query-input":"required name=search_term_string"}],"inLanguage":"fr-FR"},{"@type":"ImageObject","@id":"https:\/\/www.nettali.com\/2024\/12\/18\/recours-contre-le-bureau-de-lassemblee-le-conseil-constitutionnel-se-declare-incompetent\/#primaryimage","inLanguage":"fr-FR","url":"https:\/\/www.nettali.com\/wp-content\/uploads\/2024\/12\/84952080-60622182-scaled.jpg","contentUrl":"https:\/\/www.nettali.com\/wp-content\/uploads\/2024\/12\/84952080-60622182-scaled.jpg","width":1920,"height":2560},{"@type":"WebPage","@id":"https:\/\/www.nettali.com\/2024\/12\/18\/recours-contre-le-bureau-de-lassemblee-le-conseil-constitutionnel-se-declare-incompetent\/#webpage","url":"https:\/\/www.nettali.com\/2024\/12\/18\/recours-contre-le-bureau-de-lassemblee-le-conseil-constitutionnel-se-declare-incompetent\/","name":"(DOCUMENT) - RECOURS CONTRE LE BUREAU DE L'ASSEMBLEE - Le Conseil constitutionnel se d\u00e9clare incomp\u00e9tent | Nettali.com","isPartOf":{"@id":"https:\/\/www.nettali.com\/#website"},"primaryImageOfPage":{"@id":"https:\/\/www.nettali.com\/2024\/12\/18\/recours-contre-le-bureau-de-lassemblee-le-conseil-constitutionnel-se-declare-incompetent\/#primaryimage"},"datePublished":"2024-12-18T20:57:30+00:00","dateModified":"2024-12-20T06:31:52+00:00","author":{"@id":"https:\/\/www.nettali.com\/#\/schema\/person\/7962a12a6e0267f88f0ffa544c36469a"},"breadcrumb":{"@id":"https:\/\/www.nettali.com\/2024\/12\/18\/recours-contre-le-bureau-de-lassemblee-le-conseil-constitutionnel-se-declare-incompetent\/#breadcrumb"},"inLanguage":"fr-FR","potentialAction":[{"@type":"ReadAction","target":["https:\/\/www.nettali.com\/2024\/12\/18\/recours-contre-le-bureau-de-lassemblee-le-conseil-constitutionnel-se-declare-incompetent\/"]}]},{"@type":"BreadcrumbList","@id":"https:\/\/www.nettali.com\/2024\/12\/18\/recours-contre-le-bureau-de-lassemblee-le-conseil-constitutionnel-se-declare-incompetent\/#breadcrumb","itemListElement":[{"@type":"ListItem","position":1,"name":"Accueil","item":"https:\/\/www.nettali.com\/"},{"@type":"ListItem","position":2,"name":"(DOCUMENT) - RECOURS CONTRE LE BUREAU DE L'ASSEMBLEE - Le Conseil constitutionnel se d\u00e9clare incomp\u00e9tent"}]},{"@type":"Person","@id":"https:\/\/www.nettali.com\/#\/schema\/person\/7962a12a6e0267f88f0ffa544c36469a","name":"Moustapha","image":{"@type":"ImageObject","@id":"https:\/\/www.nettali.com\/#personlogo","inLanguage":"fr-FR","url":"https:\/\/secure.gravatar.com\/avatar\/10fdf6a071cccdcf374e3dbe45159590?s=96&d=mm&r=g","contentUrl":"https:\/\/secure.gravatar.com\/avatar\/10fdf6a071cccdcf374e3dbe45159590?s=96&d=mm&r=g","caption":"Moustapha"},"sameAs":["https:\/\/www.nettali.com"]}]}},"_links":{"self":[{"href":"https:\/\/www.nettali.com\/rest\/wp\/v2\/posts\/145633"}],"collection":[{"href":"https:\/\/www.nettali.com\/rest\/wp\/v2\/posts"}],"about":[{"href":"https:\/\/www.nettali.com\/rest\/wp\/v2\/types\/post"}],"author":[{"embeddable":true,"href":"https:\/\/www.nettali.com\/rest\/wp\/v2\/users\/3"}],"replies":[{"embeddable":true,"href":"https:\/\/www.nettali.com\/rest\/wp\/v2\/comments?post=145633"}],"version-history":[{"count":3,"href":"https:\/\/www.nettali.com\/rest\/wp\/v2\/posts\/145633\/revisions"}],"predecessor-version":[{"id":145702,"href":"https:\/\/www.nettali.com\/rest\/wp\/v2\/posts\/145633\/revisions\/145702"}],"wp:featuredmedia":[{"embeddable":true,"href":"https:\/\/www.nettali.com\/rest\/wp\/v2\/media\/145636"}],"wp:attachment":[{"href":"https:\/\/www.nettali.com\/rest\/wp\/v2\/media?parent=145633"}],"wp:term":[{"taxonomy":"category","embeddable":true,"href":"https:\/\/www.nettali.com\/rest\/wp\/v2\/categories?post=145633"},{"taxonomy":"post_tag","embeddable":true,"href":"https:\/\/www.nettali.com\/rest\/wp\/v2\/tags?post=145633"}],"curies":[{"name":"wp","href":"https:\/\/api.w.org\/{rel}","templated":true}]}}