{"id":145630,"date":"2024-12-18T20:33:16","date_gmt":"2024-12-18T20:33:16","guid":{"rendered":"https:\/\/www.nettali.com\/?p=145630"},"modified":"2024-12-19T14:46:29","modified_gmt":"2024-12-19T14:46:29","slug":"assemblee-nationale-ousmane-sonko-fait-sa-declaration-de-politique-generale-le-27-decembre-prochain","status":"publish","type":"post","link":"https:\/\/www.nettali.com\/2024\/12\/18\/assemblee-nationale-ousmane-sonko-fait-sa-declaration-de-politique-generale-le-27-decembre-prochain\/","title":{"rendered":"DPG - Ousmane Sonko devant l'Assembl\u00e9e le 27 d\u00e9cembre"},"content":{"rendered":"<p><strong>NETTALI.COM - Le Premier ministre, Ousmane Sonko, va faire sa d\u00e9claration de politique g\u00e9n\u00e9rale le vendredi 27 D\u00e9cembre prochain. Selon le communiqu\u00e9 du Conseil des ministres, il a d'ailleurs d\u00e9j\u00e0 saisi l'Assembl\u00e9e nationale \u00e0 cet effet.<\/strong><\/p>\n<p><span style=\"font-size: 16px;\">\"<em>Dans sa communication, le Premier Ministre a inform\u00e9 le Conseil qu\u2019en vertu des dispositions de la Constitution, notamment en son article 84, Monsieur le Pr\u00e9sident de la R\u00e9publique a saisi l\u2019Assembl\u00e9e nationale pour la tenue de sa D\u00e9claration de Politique g\u00e9n\u00e9rale (DPG), le vendredi 27 d\u00e9cembre 2024, conform\u00e9ment aux dispositions de l\u2019Article 55 de la Constitution<\/em>\", informe le communiqu\u00e9 du Conseil des ministres.\u00a0\u00a0<\/span><br \/>\n<span style=\"font-size: 16px;\">\u00a0<\/span><span style=\"font-size: 16px;\">Abordant la pr\u00e9paration de l\u2019agenda l\u00e9gislatif de l\u2019ann\u00e9e 2025, le Premier Ministre a indiqu\u00e9 que les projets de textes y aff\u00e9rents doivent \u00eatre en phase avec le nouveau R\u00e9f\u00e9rentiel des politiques publiques Vision S\u00e9n\u00e9gal 2050. Il a, en outre, soulign\u00e9 l\u2019exigence pour chaque minist\u00e8re d\u2019\u00e9laborer et de transmettre au Secr\u00e9tariat g\u00e9n\u00e9ral du Gouvernement son agenda l\u00e9gislatif au titre du premier semestre de l\u2019ann\u00e9e 2025, au plus tard \u00e0 la mi-janvier 2025<sub>.\u00a0<\/sub>\u00c0 cet \u00e9gard, il a demand\u00e9 aux Ministres de veiller, apr\u00e8s une stricte revue des projets de texte \u00e9labor\u00e9s ant\u00e9rieurement \u00e0 avril 2024, \u00e0 bien identifier les textes \u00e0 vocation strat\u00e9gique et ceux \u00e0 vocation op\u00e9rationnelle, aux fins d\u2019anticiper sur la complexit\u00e9 et les d\u00e9lais d\u2019\u00e9laboration ainsi que sur l\u2019ordre de priorit\u00e9. En outre, il devra \u00eatre tenu compte de l\u2019orientation majeure de rationalisation des ressources publiques.<\/span><\/p>\n<p><span style=\"font-size: 16px;\">Par ailleurs, le Premier Ministre a relev\u00e9 l\u2019attention particuli\u00e8re \u00e0 accorder \u00e0 la restructuration des entreprises publiques et parapubliques en grande difficult\u00e9 pour garantir la continuit\u00e9 du service public. Il a ainsi demand\u00e9 au Ministre Secr\u00e9taire g\u00e9n\u00e9ral du Gouvernement de proc\u00e9der \u00e0 la reprise des travaux du Comit\u00e9 interminist\u00e9riel de Suivi et de Restructuration des entreprises publiques et parapubliques et instruit le Ministre des Finances et du Budget de prendre les dispositions n\u00e9cessaires pour la mise en \u0153uvre effective du Fonds de Relance pour la restructuration des dites entreprises.<\/span><\/p>\n<div class='share-to-whatsapp-wrapper'><div class='share-on-whsp'>PARTAGER SUR : <\/div><a data-text='DPG - Ousmane Sonko devant l'Assembl\u00e9e le 27 d\u00e9cembre' data-link='https:\/\/www.nettali.com\/2024\/12\/18\/assemblee-nationale-ousmane-sonko-fait-sa-declaration-de-politique-generale-le-27-decembre-prochain\/' class='whatsapp-button whatsapp-share'>WhatsApp<\/a><div class='clear '><\/div><\/div>","protected":false},"excerpt":{"rendered":"<p>NETTALI.COM - Le Premier ministre, Ousmane Sonko, va faire sa d\u00e9claration de politique g\u00e9n\u00e9rale le vendredi 27 D\u00e9cembre prochain. Selon le communiqu\u00e9 du Conseil des ministres, il a d'ailleurs d\u00e9j\u00e0 saisi l'Assembl\u00e9e nationale \u00e0 cet effet. \"Dans sa communication, le Premier Ministre a inform\u00e9 le Conseil qu\u2019en vertu des dispositions de la Constitution, notamment en [&hellip;]<\/p>\n","protected":false},"author":4,"featured_media":144127,"comment_status":"open","ping_status":"open","sticky":false,"template":"","format":"standard","meta":{"_et_pb_use_builder":"","_et_pb_old_content":""},"categories":[2],"tags":[],"yoast_head":"<!-- This site is optimized with the Yoast SEO Premium plugin v17.8 (Yoast SEO v17.8) - https:\/\/yoast.com\/wordpress\/plugins\/seo\/ -->\n<title>DPG - Ousmane Sonko devant l&#039;Assembl\u00e9e le 27 d\u00e9cembre | Nettali.com<\/title>\n<meta name=\"robots\" content=\"index, follow, max-snippet:-1, max-image-preview:large, max-video-preview:-1\" \/>\n<link rel=\"canonical\" href=\"https:\/\/www.nettali.com\/2024\/12\/18\/assemblee-nationale-ousmane-sonko-fait-sa-declaration-de-politique-generale-le-27-decembre-prochain\/\" \/>\n<meta property=\"og:locale\" content=\"fr_FR\" \/>\n<meta property=\"og:type\" content=\"article\" \/>\n<meta property=\"og:title\" content=\"DPG - Ousmane Sonko devant l&#039;Assembl\u00e9e le 27 d\u00e9cembre\" \/>\n<meta property=\"og:description\" content=\"NETTALI.COM - Le Premier ministre, Ousmane Sonko, va faire sa d\u00e9claration de politique g\u00e9n\u00e9rale le vendredi 27 D\u00e9cembre prochain. Selon le communiqu\u00e9 du Conseil des ministres, il a d&#039;ailleurs d\u00e9j\u00e0 saisi l&#039;Assembl\u00e9e nationale \u00e0 cet effet. &quot;Dans sa communication, le Premier Ministre a inform\u00e9 le Conseil qu\u2019en vertu des dispositions de la Constitution, notamment en [&hellip;]\" \/>\n<meta property=\"og:url\" content=\"https:\/\/www.nettali.com\/2024\/12\/18\/assemblee-nationale-ousmane-sonko-fait-sa-declaration-de-politique-generale-le-27-decembre-prochain\/\" \/>\n<meta property=\"og:site_name\" content=\"Nettali.com\" \/>\n<meta property=\"article:publisher\" content=\"https:\/\/www.facebook.com\/nettalicom\" \/>\n<meta property=\"article:published_time\" content=\"2024-12-18T20:33:16+00:00\" \/>\n<meta property=\"article:modified_time\" content=\"2024-12-19T14:46:29+00:00\" \/>\n<meta property=\"og:image\" content=\"https:\/\/www.nettali.com\/wp-content\/uploads\/2024\/11\/Ousmane-Sonko-Premier-ministre-du-Senegal-1.jpg\" \/>\n\t<meta property=\"og:image:width\" content=\"727\" \/>\n\t<meta property=\"og:image:height\" content=\"638\" \/>\n<meta name=\"twitter:card\" content=\"summary_large_image\" \/>\n<meta name=\"twitter:label1\" content=\"\u00c9crit par\" \/>\n\t<meta name=\"twitter:data1\" content=\"Daouda\" \/>\n\t<meta name=\"twitter:label2\" content=\"Dur\u00e9e de lecture estim\u00e9e\" \/>\n\t<meta name=\"twitter:data2\" content=\"2 minutes\" \/>\n<script type=\"application\/ld+json\" class=\"yoast-schema-graph\">{\"@context\":\"https:\/\/schema.org\",\"@graph\":[{\"@type\":\"WebSite\",\"@id\":\"https:\/\/www.nettali.com\/#website\",\"url\":\"https:\/\/www.nettali.com\/\",\"name\":\"Nettali.com\",\"description\":\"Le rendez-vous critique du Net\",\"potentialAction\":[{\"@type\":\"SearchAction\",\"target\":{\"@type\":\"EntryPoint\",\"urlTemplate\":\"https:\/\/www.nettali.com\/?s={search_term_string}\"},\"query-input\":\"required name=search_term_string\"}],\"inLanguage\":\"fr-FR\"},{\"@type\":\"ImageObject\",\"@id\":\"https:\/\/www.nettali.com\/2024\/12\/18\/assemblee-nationale-ousmane-sonko-fait-sa-declaration-de-politique-generale-le-27-decembre-prochain\/#primaryimage\",\"inLanguage\":\"fr-FR\",\"url\":\"https:\/\/www.nettali.com\/wp-content\/uploads\/2024\/11\/Ousmane-Sonko-Premier-ministre-du-Senegal-1.jpg\",\"contentUrl\":\"https:\/\/www.nettali.com\/wp-content\/uploads\/2024\/11\/Ousmane-Sonko-Premier-ministre-du-Senegal-1.jpg\",\"width\":727,\"height\":638},{\"@type\":\"WebPage\",\"@id\":\"https:\/\/www.nettali.com\/2024\/12\/18\/assemblee-nationale-ousmane-sonko-fait-sa-declaration-de-politique-generale-le-27-decembre-prochain\/#webpage\",\"url\":\"https:\/\/www.nettali.com\/2024\/12\/18\/assemblee-nationale-ousmane-sonko-fait-sa-declaration-de-politique-generale-le-27-decembre-prochain\/\",\"name\":\"DPG - Ousmane Sonko devant l'Assembl\\u00e9e le 27 d\\u00e9cembre | Nettali.com\",\"isPartOf\":{\"@id\":\"https:\/\/www.nettali.com\/#website\"},\"primaryImageOfPage\":{\"@id\":\"https:\/\/www.nettali.com\/2024\/12\/18\/assemblee-nationale-ousmane-sonko-fait-sa-declaration-de-politique-generale-le-27-decembre-prochain\/#primaryimage\"},\"datePublished\":\"2024-12-18T20:33:16+00:00\",\"dateModified\":\"2024-12-19T14:46:29+00:00\",\"author\":{\"@id\":\"https:\/\/www.nettali.com\/#\/schema\/person\/3317e0bb3aa1da309fbf7b2780901bf4\"},\"breadcrumb\":{\"@id\":\"https:\/\/www.nettali.com\/2024\/12\/18\/assemblee-nationale-ousmane-sonko-fait-sa-declaration-de-politique-generale-le-27-decembre-prochain\/#breadcrumb\"},\"inLanguage\":\"fr-FR\",\"potentialAction\":[{\"@type\":\"ReadAction\",\"target\":[\"https:\/\/www.nettali.com\/2024\/12\/18\/assemblee-nationale-ousmane-sonko-fait-sa-declaration-de-politique-generale-le-27-decembre-prochain\/\"]}]},{\"@type\":\"BreadcrumbList\",\"@id\":\"https:\/\/www.nettali.com\/2024\/12\/18\/assemblee-nationale-ousmane-sonko-fait-sa-declaration-de-politique-generale-le-27-decembre-prochain\/#breadcrumb\",\"itemListElement\":[{\"@type\":\"ListItem\",\"position\":1,\"name\":\"Accueil\",\"item\":\"https:\/\/www.nettali.com\/\"},{\"@type\":\"ListItem\",\"position\":2,\"name\":\"DPG - Ousmane Sonko devant l'Assembl\\u00e9e le 27 d\\u00e9cembre\"}]},{\"@type\":\"Person\",\"@id\":\"https:\/\/www.nettali.com\/#\/schema\/person\/3317e0bb3aa1da309fbf7b2780901bf4\",\"name\":\"Daouda\",\"image\":{\"@type\":\"ImageObject\",\"@id\":\"https:\/\/www.nettali.com\/#personlogo\",\"inLanguage\":\"fr-FR\",\"url\":\"https:\/\/secure.gravatar.com\/avatar\/8d143b5a49345098ddcfee1c49c2f47c?s=96&d=mm&r=g\",\"contentUrl\":\"https:\/\/secure.gravatar.com\/avatar\/8d143b5a49345098ddcfee1c49c2f47c?s=96&d=mm&r=g\",\"caption\":\"Daouda\"},\"sameAs\":[\"https:\/\/www.nettali.com\"]}]}<\/script>\n<!-- \/ Yoast SEO Premium plugin. -->","yoast_head_json":{"title":"DPG - Ousmane Sonko devant l'Assembl\u00e9e le 27 d\u00e9cembre | Nettali.com","robots":{"index":"index","follow":"follow","max-snippet":"max-snippet:-1","max-image-preview":"max-image-preview:large","max-video-preview":"max-video-preview:-1"},"canonical":"https:\/\/www.nettali.com\/2024\/12\/18\/assemblee-nationale-ousmane-sonko-fait-sa-declaration-de-politique-generale-le-27-decembre-prochain\/","og_locale":"fr_FR","og_type":"article","og_title":"DPG - Ousmane Sonko devant l'Assembl\u00e9e le 27 d\u00e9cembre","og_description":"NETTALI.COM - Le Premier ministre, Ousmane Sonko, va faire sa d\u00e9claration de politique g\u00e9n\u00e9rale le vendredi 27 D\u00e9cembre prochain. Selon le communiqu\u00e9 du Conseil des ministres, il a d'ailleurs d\u00e9j\u00e0 saisi l'Assembl\u00e9e nationale \u00e0 cet effet. \"Dans sa communication, le Premier Ministre a inform\u00e9 le Conseil qu\u2019en vertu des dispositions de la Constitution, notamment en [&hellip;]","og_url":"https:\/\/www.nettali.com\/2024\/12\/18\/assemblee-nationale-ousmane-sonko-fait-sa-declaration-de-politique-generale-le-27-decembre-prochain\/","og_site_name":"Nettali.com","article_publisher":"https:\/\/www.facebook.com\/nettalicom","article_published_time":"2024-12-18T20:33:16+00:00","article_modified_time":"2024-12-19T14:46:29+00:00","og_image":[{"width":727,"height":638,"url":"https:\/\/www.nettali.com\/wp-content\/uploads\/2024\/11\/Ousmane-Sonko-Premier-ministre-du-Senegal-1.jpg","type":"image\/jpeg"}],"twitter_card":"summary_large_image","twitter_misc":{"\u00c9crit par":"Daouda","Dur\u00e9e de lecture estim\u00e9e":"2 minutes"},"schema":{"@context":"https:\/\/schema.org","@graph":[{"@type":"WebSite","@id":"https:\/\/www.nettali.com\/#website","url":"https:\/\/www.nettali.com\/","name":"Nettali.com","description":"Le rendez-vous critique du Net","potentialAction":[{"@type":"SearchAction","target":{"@type":"EntryPoint","urlTemplate":"https:\/\/www.nettali.com\/?s={search_term_string}"},"query-input":"required name=search_term_string"}],"inLanguage":"fr-FR"},{"@type":"ImageObject","@id":"https:\/\/www.nettali.com\/2024\/12\/18\/assemblee-nationale-ousmane-sonko-fait-sa-declaration-de-politique-generale-le-27-decembre-prochain\/#primaryimage","inLanguage":"fr-FR","url":"https:\/\/www.nettali.com\/wp-content\/uploads\/2024\/11\/Ousmane-Sonko-Premier-ministre-du-Senegal-1.jpg","contentUrl":"https:\/\/www.nettali.com\/wp-content\/uploads\/2024\/11\/Ousmane-Sonko-Premier-ministre-du-Senegal-1.jpg","width":727,"height":638},{"@type":"WebPage","@id":"https:\/\/www.nettali.com\/2024\/12\/18\/assemblee-nationale-ousmane-sonko-fait-sa-declaration-de-politique-generale-le-27-decembre-prochain\/#webpage","url":"https:\/\/www.nettali.com\/2024\/12\/18\/assemblee-nationale-ousmane-sonko-fait-sa-declaration-de-politique-generale-le-27-decembre-prochain\/","name":"DPG - Ousmane Sonko devant l'Assembl\u00e9e le 27 d\u00e9cembre | Nettali.com","isPartOf":{"@id":"https:\/\/www.nettali.com\/#website"},"primaryImageOfPage":{"@id":"https:\/\/www.nettali.com\/2024\/12\/18\/assemblee-nationale-ousmane-sonko-fait-sa-declaration-de-politique-generale-le-27-decembre-prochain\/#primaryimage"},"datePublished":"2024-12-18T20:33:16+00:00","dateModified":"2024-12-19T14:46:29+00:00","author":{"@id":"https:\/\/www.nettali.com\/#\/schema\/person\/3317e0bb3aa1da309fbf7b2780901bf4"},"breadcrumb":{"@id":"https:\/\/www.nettali.com\/2024\/12\/18\/assemblee-nationale-ousmane-sonko-fait-sa-declaration-de-politique-generale-le-27-decembre-prochain\/#breadcrumb"},"inLanguage":"fr-FR","potentialAction":[{"@type":"ReadAction","target":["https:\/\/www.nettali.com\/2024\/12\/18\/assemblee-nationale-ousmane-sonko-fait-sa-declaration-de-politique-generale-le-27-decembre-prochain\/"]}]},{"@type":"BreadcrumbList","@id":"https:\/\/www.nettali.com\/2024\/12\/18\/assemblee-nationale-ousmane-sonko-fait-sa-declaration-de-politique-generale-le-27-decembre-prochain\/#breadcrumb","itemListElement":[{"@type":"ListItem","position":1,"name":"Accueil","item":"https:\/\/www.nettali.com\/"},{"@type":"ListItem","position":2,"name":"DPG - Ousmane Sonko devant l'Assembl\u00e9e le 27 d\u00e9cembre"}]},{"@type":"Person","@id":"https:\/\/www.nettali.com\/#\/schema\/person\/3317e0bb3aa1da309fbf7b2780901bf4","name":"Daouda","image":{"@type":"ImageObject","@id":"https:\/\/www.nettali.com\/#personlogo","inLanguage":"fr-FR","url":"https:\/\/secure.gravatar.com\/avatar\/8d143b5a49345098ddcfee1c49c2f47c?s=96&d=mm&r=g","contentUrl":"https:\/\/secure.gravatar.com\/avatar\/8d143b5a49345098ddcfee1c49c2f47c?s=96&d=mm&r=g","caption":"Daouda"},"sameAs":["https:\/\/www.nettali.com"]}]}},"_links":{"self":[{"href":"https:\/\/www.nettali.com\/rest\/wp\/v2\/posts\/145630"}],"collection":[{"href":"https:\/\/www.nettali.com\/rest\/wp\/v2\/posts"}],"about":[{"href":"https:\/\/www.nettali.com\/rest\/wp\/v2\/types\/post"}],"author":[{"embeddable":true,"href":"https:\/\/www.nettali.com\/rest\/wp\/v2\/users\/4"}],"replies":[{"embeddable":true,"href":"https:\/\/www.nettali.com\/rest\/wp\/v2\/comments?post=145630"}],"version-history":[{"count":3,"href":"https:\/\/www.nettali.com\/rest\/wp\/v2\/posts\/145630\/revisions"}],"predecessor-version":[{"id":145640,"href":"https:\/\/www.nettali.com\/rest\/wp\/v2\/posts\/145630\/revisions\/145640"}],"wp:featuredmedia":[{"embeddable":true,"href":"https:\/\/www.nettali.com\/rest\/wp\/v2\/media\/144127"}],"wp:attachment":[{"href":"https:\/\/www.nettali.com\/rest\/wp\/v2\/media?parent=145630"}],"wp:term":[{"taxonomy":"category","embeddable":true,"href":"https:\/\/www.nettali.com\/rest\/wp\/v2\/categories?post=145630"},{"taxonomy":"post_tag","embeddable":true,"href":"https:\/\/www.nettali.com\/rest\/wp\/v2\/tags?post=145630"}],"curies":[{"name":"wp","href":"https:\/\/api.w.org\/{rel}","templated":true}]}}