{"id":145611,"date":"2024-12-18T13:47:36","date_gmt":"2024-12-18T13:47:36","guid":{"rendered":"https:\/\/www.nettali.com\/?p=145611"},"modified":"2024-12-18T13:47:36","modified_gmt":"2024-12-18T13:47:36","slug":"mandat-darret-doro-gaye-arrete-a-paris-et-place-sous-controle-judiciaire","status":"publish","type":"post","link":"https:\/\/www.nettali.com\/2024\/12\/18\/mandat-darret-doro-gaye-arrete-a-paris-et-place-sous-controle-judiciaire\/","title":{"rendered":"MANDAT D'ARR\u00caT - Doro Gaye arr\u00eat\u00e9 \u00e0 Paris et plac\u00e9 sous contr\u00f4le judiciaire"},"content":{"rendered":"<p><strong>NETTALI.COM - C\u2019est une nouvelle \u00e9tape d\u00e9cisive dans l\u2019affaire qui secoue les milieux judiciaires s\u00e9n\u00e9galais. Pape Doro Gaye, administrateur de soci\u00e9t\u00e9 accus\u00e9 d\u2019avoir escroqu\u00e9 l\u2019homme d\u2019affaires Zakiloulahi Sow pour un montant de 1,2 milliard de FCFA, a \u00e9t\u00e9 interpell\u00e9 lundi \u00e0 Paris. Selon des informations obtenues par Lib\u00e9ration, son arrestation fait suite \u00e0 un mandat d\u2019arr\u00eat international \u00e9mis par le juge du 3e cabinet de Dakar.<\/strong><\/p>\n<p>Doro Gaye a \u00e9t\u00e9 appr\u00e9hend\u00e9 aux abords du Fouquet\u2019s, c\u00e9l\u00e8bre \u00e9tablissement des Champs-\u00c9lys\u00e9es, aux environs de 19 heures. Les policiers fran\u00e7ais ont r\u00e9ussi \u00e0 remonter jusqu\u2019\u00e0 lui en tra\u00e7ant une carte bancaire utilis\u00e9e par sa premi\u00e8re \u00e9pouse, Clara Gaye, d\u00e9taille Lib\u00e9ration. Ce dispositif de surveillance minutieux a permis de localiser le fugitif, qui faisait l\u2019objet d\u2019un suivi renforc\u00e9 apr\u00e8s sa fuite du S\u00e9n\u00e9gal.<\/p>\n<p>Pr\u00e9sent\u00e9 lundi devant le parquet g\u00e9n\u00e9ral de Nanterre, il a \u00e9t\u00e9 plac\u00e9 sous contr\u00f4le judiciaire, assorti d\u2019une interdiction stricte de quitter le territoire fran\u00e7ais. Doro Gaye a \u00e9t\u00e9 assist\u00e9 lors de son audience par Me Seydou Diagne, avocat s\u00e9n\u00e9galais de renom, qui a d\u00e9fendu ses int\u00e9r\u00eats devant le juge.<\/p>\n<p>Lib\u00e9r\u00e9 provisoirement au S\u00e9n\u00e9gal dans le cadre de l\u2019instruction, Doro Gaye avait profit\u00e9 de cette libert\u00e9 pour organiser une fuite soigneusement orchestr\u00e9e. Selon Lib\u00e9ration, il avait d\u2019abord transit\u00e9 par la Guin\u00e9e avant de trouver refuge en France, esp\u00e9rant ainsi \u00e9chapper \u00e0 une \u00e9ventuelle incarc\u00e9ration et \u00e0 de nouvelles poursuites judiciaires. Cependant, sa cavale a pris fin gr\u00e2ce \u00e0 une coop\u00e9ration efficace entre les autorit\u00e9s s\u00e9n\u00e9galaises, fran\u00e7aises et Interpol.<\/p>\n<p>Les accusations port\u00e9es contre Doro Gaye concernent des transactions financi\u00e8res suspectes li\u00e9es \u00e0 des ventes de terrains. Selon les enqu\u00eateurs s\u00e9n\u00e9galais, ces transactions auraient impliqu\u00e9 d\u2019importantes sommes vers\u00e9es sur des comptes bancaires, avant d\u2019\u00eatre redistribu\u00e9es \u00e0 divers acteurs. Zakiloulahi Sow, victime pr\u00e9sum\u00e9e, r\u00e9clame justice pour un pr\u00e9judice financier estim\u00e9 \u00e0 1,2 milliard de FCFA.<\/p>\n<p>L\u2019instruction men\u00e9e par le juge du 3e cabinet \u00e0 Dakar s\u2019attache \u00e0 d\u00e9m\u00ealer un r\u00e9seau complexe d\u2019interm\u00e9diaires et de b\u00e9n\u00e9ficiaires. Les autorit\u00e9s judiciaires s\u00e9n\u00e9galaises esp\u00e8rent que cette arrestation permettra d\u2019acc\u00e9l\u00e9rer la proc\u00e9dure et de faire la lumi\u00e8re sur les responsabilit\u00e9s dans cette affaire.<\/p>\n<div class='share-to-whatsapp-wrapper'><div class='share-on-whsp'>PARTAGER SUR : <\/div><a data-text='MANDAT D'ARR\u00caT - Doro Gaye arr\u00eat\u00e9 \u00e0 Paris et plac\u00e9 sous contr\u00f4le judiciaire' data-link='https:\/\/www.nettali.com\/2024\/12\/18\/mandat-darret-doro-gaye-arrete-a-paris-et-place-sous-controle-judiciaire\/' class='whatsapp-button whatsapp-share'>WhatsApp<\/a><div class='clear '><\/div><\/div>","protected":false},"excerpt":{"rendered":"<p>NETTALI.COM - C\u2019est une nouvelle \u00e9tape d\u00e9cisive dans l\u2019affaire qui secoue les milieux judiciaires s\u00e9n\u00e9galais. Pape Doro Gaye, administrateur de soci\u00e9t\u00e9 accus\u00e9 d\u2019avoir escroqu\u00e9 l\u2019homme d\u2019affaires Zakiloulahi Sow pour un montant de 1,2 milliard de FCFA, a \u00e9t\u00e9 interpell\u00e9 lundi \u00e0 Paris. Selon des informations obtenues par Lib\u00e9ration, son arrestation fait suite \u00e0 un mandat [&hellip;]<\/p>\n","protected":false},"author":5,"featured_media":145612,"comment_status":"open","ping_status":"open","sticky":false,"template":"","format":"standard","meta":{"_et_pb_use_builder":"","_et_pb_old_content":""},"categories":[3],"tags":[],"yoast_head":"<!-- This site is optimized with the Yoast SEO Premium plugin v17.8 (Yoast SEO v17.8) - https:\/\/yoast.com\/wordpress\/plugins\/seo\/ -->\n<title>MANDAT D&#039;ARR\u00caT - Doro Gaye arr\u00eat\u00e9 \u00e0 Paris et plac\u00e9 sous contr\u00f4le judiciaire | Nettali.com<\/title>\n<meta name=\"robots\" content=\"index, follow, max-snippet:-1, max-image-preview:large, max-video-preview:-1\" \/>\n<link rel=\"canonical\" href=\"https:\/\/www.nettali.com\/2024\/12\/18\/mandat-darret-doro-gaye-arrete-a-paris-et-place-sous-controle-judiciaire\/\" \/>\n<meta property=\"og:locale\" content=\"fr_FR\" \/>\n<meta property=\"og:type\" content=\"article\" \/>\n<meta property=\"og:title\" content=\"MANDAT D&#039;ARR\u00caT - Doro Gaye arr\u00eat\u00e9 \u00e0 Paris et plac\u00e9 sous contr\u00f4le judiciaire\" \/>\n<meta property=\"og:description\" content=\"NETTALI.COM - C\u2019est une nouvelle \u00e9tape d\u00e9cisive dans l\u2019affaire qui secoue les milieux judiciaires s\u00e9n\u00e9galais. Pape Doro Gaye, administrateur de soci\u00e9t\u00e9 accus\u00e9 d\u2019avoir escroqu\u00e9 l\u2019homme d\u2019affaires Zakiloulahi Sow pour un montant de 1,2 milliard de FCFA, a \u00e9t\u00e9 interpell\u00e9 lundi \u00e0 Paris. Selon des informations obtenues par Lib\u00e9ration, son arrestation fait suite \u00e0 un mandat [&hellip;]\" \/>\n<meta property=\"og:url\" content=\"https:\/\/www.nettali.com\/2024\/12\/18\/mandat-darret-doro-gaye-arrete-a-paris-et-place-sous-controle-judiciaire\/\" \/>\n<meta property=\"og:site_name\" content=\"Nettali.com\" \/>\n<meta property=\"article:publisher\" content=\"https:\/\/www.facebook.com\/nettalicom\" \/>\n<meta property=\"article:published_time\" content=\"2024-12-18T13:47:36+00:00\" \/>\n<meta property=\"og:image\" content=\"https:\/\/www.nettali.com\/wp-content\/uploads\/2024\/12\/84250974-60189462-e1734528411329.jpg\" \/>\n\t<meta property=\"og:image:width\" content=\"712\" \/>\n\t<meta property=\"og:image:height\" content=\"437\" \/>\n<meta name=\"twitter:card\" content=\"summary_large_image\" \/>\n<meta name=\"twitter:label1\" content=\"\u00c9crit par\" \/>\n\t<meta name=\"twitter:data1\" content=\"Ibrahima\" \/>\n\t<meta name=\"twitter:label2\" content=\"Dur\u00e9e de lecture estim\u00e9e\" \/>\n\t<meta name=\"twitter:data2\" content=\"2 minutes\" \/>\n<script type=\"application\/ld+json\" class=\"yoast-schema-graph\">{\"@context\":\"https:\/\/schema.org\",\"@graph\":[{\"@type\":\"WebSite\",\"@id\":\"https:\/\/www.nettali.com\/#website\",\"url\":\"https:\/\/www.nettali.com\/\",\"name\":\"Nettali.com\",\"description\":\"Le rendez-vous critique du Net\",\"potentialAction\":[{\"@type\":\"SearchAction\",\"target\":{\"@type\":\"EntryPoint\",\"urlTemplate\":\"https:\/\/www.nettali.com\/?s={search_term_string}\"},\"query-input\":\"required name=search_term_string\"}],\"inLanguage\":\"fr-FR\"},{\"@type\":\"ImageObject\",\"@id\":\"https:\/\/www.nettali.com\/2024\/12\/18\/mandat-darret-doro-gaye-arrete-a-paris-et-place-sous-controle-judiciaire\/#primaryimage\",\"inLanguage\":\"fr-FR\",\"url\":\"https:\/\/www.nettali.com\/wp-content\/uploads\/2024\/12\/84250974-60189462-e1734528411329.jpg\",\"contentUrl\":\"https:\/\/www.nettali.com\/wp-content\/uploads\/2024\/12\/84250974-60189462-e1734528411329.jpg\",\"width\":712,\"height\":437},{\"@type\":\"WebPage\",\"@id\":\"https:\/\/www.nettali.com\/2024\/12\/18\/mandat-darret-doro-gaye-arrete-a-paris-et-place-sous-controle-judiciaire\/#webpage\",\"url\":\"https:\/\/www.nettali.com\/2024\/12\/18\/mandat-darret-doro-gaye-arrete-a-paris-et-place-sous-controle-judiciaire\/\",\"name\":\"MANDAT D'ARR\\u00caT - Doro Gaye arr\\u00eat\\u00e9 \\u00e0 Paris et plac\\u00e9 sous contr\\u00f4le judiciaire | Nettali.com\",\"isPartOf\":{\"@id\":\"https:\/\/www.nettali.com\/#website\"},\"primaryImageOfPage\":{\"@id\":\"https:\/\/www.nettali.com\/2024\/12\/18\/mandat-darret-doro-gaye-arrete-a-paris-et-place-sous-controle-judiciaire\/#primaryimage\"},\"datePublished\":\"2024-12-18T13:47:36+00:00\",\"dateModified\":\"2024-12-18T13:47:36+00:00\",\"author\":{\"@id\":\"https:\/\/www.nettali.com\/#\/schema\/person\/bb147657c2986240405a608162b9bb23\"},\"breadcrumb\":{\"@id\":\"https:\/\/www.nettali.com\/2024\/12\/18\/mandat-darret-doro-gaye-arrete-a-paris-et-place-sous-controle-judiciaire\/#breadcrumb\"},\"inLanguage\":\"fr-FR\",\"potentialAction\":[{\"@type\":\"ReadAction\",\"target\":[\"https:\/\/www.nettali.com\/2024\/12\/18\/mandat-darret-doro-gaye-arrete-a-paris-et-place-sous-controle-judiciaire\/\"]}]},{\"@type\":\"BreadcrumbList\",\"@id\":\"https:\/\/www.nettali.com\/2024\/12\/18\/mandat-darret-doro-gaye-arrete-a-paris-et-place-sous-controle-judiciaire\/#breadcrumb\",\"itemListElement\":[{\"@type\":\"ListItem\",\"position\":1,\"name\":\"Accueil\",\"item\":\"https:\/\/www.nettali.com\/\"},{\"@type\":\"ListItem\",\"position\":2,\"name\":\"MANDAT D'ARR\\u00caT - Doro Gaye arr\\u00eat\\u00e9 \\u00e0 Paris et plac\\u00e9 sous contr\\u00f4le judiciaire\"}]},{\"@type\":\"Person\",\"@id\":\"https:\/\/www.nettali.com\/#\/schema\/person\/bb147657c2986240405a608162b9bb23\",\"name\":\"Ibrahima\",\"image\":{\"@type\":\"ImageObject\",\"@id\":\"https:\/\/www.nettali.com\/#personlogo\",\"inLanguage\":\"fr-FR\",\"url\":\"https:\/\/secure.gravatar.com\/avatar\/26a8a81f09f0dd7624c9d5c36c9ba3a2?s=96&d=mm&r=g\",\"contentUrl\":\"https:\/\/secure.gravatar.com\/avatar\/26a8a81f09f0dd7624c9d5c36c9ba3a2?s=96&d=mm&r=g\",\"caption\":\"Ibrahima\"},\"sameAs\":[\"https:\/\/www.nettali.com\"]}]}<\/script>\n<!-- \/ Yoast SEO Premium plugin. -->","yoast_head_json":{"title":"MANDAT D'ARR\u00caT - Doro Gaye arr\u00eat\u00e9 \u00e0 Paris et plac\u00e9 sous contr\u00f4le judiciaire | Nettali.com","robots":{"index":"index","follow":"follow","max-snippet":"max-snippet:-1","max-image-preview":"max-image-preview:large","max-video-preview":"max-video-preview:-1"},"canonical":"https:\/\/www.nettali.com\/2024\/12\/18\/mandat-darret-doro-gaye-arrete-a-paris-et-place-sous-controle-judiciaire\/","og_locale":"fr_FR","og_type":"article","og_title":"MANDAT D'ARR\u00caT - Doro Gaye arr\u00eat\u00e9 \u00e0 Paris et plac\u00e9 sous contr\u00f4le judiciaire","og_description":"NETTALI.COM - C\u2019est une nouvelle \u00e9tape d\u00e9cisive dans l\u2019affaire qui secoue les milieux judiciaires s\u00e9n\u00e9galais. Pape Doro Gaye, administrateur de soci\u00e9t\u00e9 accus\u00e9 d\u2019avoir escroqu\u00e9 l\u2019homme d\u2019affaires Zakiloulahi Sow pour un montant de 1,2 milliard de FCFA, a \u00e9t\u00e9 interpell\u00e9 lundi \u00e0 Paris. Selon des informations obtenues par Lib\u00e9ration, son arrestation fait suite \u00e0 un mandat [&hellip;]","og_url":"https:\/\/www.nettali.com\/2024\/12\/18\/mandat-darret-doro-gaye-arrete-a-paris-et-place-sous-controle-judiciaire\/","og_site_name":"Nettali.com","article_publisher":"https:\/\/www.facebook.com\/nettalicom","article_published_time":"2024-12-18T13:47:36+00:00","og_image":[{"width":712,"height":437,"url":"https:\/\/www.nettali.com\/wp-content\/uploads\/2024\/12\/84250974-60189462-e1734528411329.jpg","type":"image\/jpeg"}],"twitter_card":"summary_large_image","twitter_misc":{"\u00c9crit par":"Ibrahima","Dur\u00e9e de lecture estim\u00e9e":"2 minutes"},"schema":{"@context":"https:\/\/schema.org","@graph":[{"@type":"WebSite","@id":"https:\/\/www.nettali.com\/#website","url":"https:\/\/www.nettali.com\/","name":"Nettali.com","description":"Le rendez-vous critique du Net","potentialAction":[{"@type":"SearchAction","target":{"@type":"EntryPoint","urlTemplate":"https:\/\/www.nettali.com\/?s={search_term_string}"},"query-input":"required name=search_term_string"}],"inLanguage":"fr-FR"},{"@type":"ImageObject","@id":"https:\/\/www.nettali.com\/2024\/12\/18\/mandat-darret-doro-gaye-arrete-a-paris-et-place-sous-controle-judiciaire\/#primaryimage","inLanguage":"fr-FR","url":"https:\/\/www.nettali.com\/wp-content\/uploads\/2024\/12\/84250974-60189462-e1734528411329.jpg","contentUrl":"https:\/\/www.nettali.com\/wp-content\/uploads\/2024\/12\/84250974-60189462-e1734528411329.jpg","width":712,"height":437},{"@type":"WebPage","@id":"https:\/\/www.nettali.com\/2024\/12\/18\/mandat-darret-doro-gaye-arrete-a-paris-et-place-sous-controle-judiciaire\/#webpage","url":"https:\/\/www.nettali.com\/2024\/12\/18\/mandat-darret-doro-gaye-arrete-a-paris-et-place-sous-controle-judiciaire\/","name":"MANDAT D'ARR\u00caT - Doro Gaye arr\u00eat\u00e9 \u00e0 Paris et plac\u00e9 sous contr\u00f4le judiciaire | Nettali.com","isPartOf":{"@id":"https:\/\/www.nettali.com\/#website"},"primaryImageOfPage":{"@id":"https:\/\/www.nettali.com\/2024\/12\/18\/mandat-darret-doro-gaye-arrete-a-paris-et-place-sous-controle-judiciaire\/#primaryimage"},"datePublished":"2024-12-18T13:47:36+00:00","dateModified":"2024-12-18T13:47:36+00:00","author":{"@id":"https:\/\/www.nettali.com\/#\/schema\/person\/bb147657c2986240405a608162b9bb23"},"breadcrumb":{"@id":"https:\/\/www.nettali.com\/2024\/12\/18\/mandat-darret-doro-gaye-arrete-a-paris-et-place-sous-controle-judiciaire\/#breadcrumb"},"inLanguage":"fr-FR","potentialAction":[{"@type":"ReadAction","target":["https:\/\/www.nettali.com\/2024\/12\/18\/mandat-darret-doro-gaye-arrete-a-paris-et-place-sous-controle-judiciaire\/"]}]},{"@type":"BreadcrumbList","@id":"https:\/\/www.nettali.com\/2024\/12\/18\/mandat-darret-doro-gaye-arrete-a-paris-et-place-sous-controle-judiciaire\/#breadcrumb","itemListElement":[{"@type":"ListItem","position":1,"name":"Accueil","item":"https:\/\/www.nettali.com\/"},{"@type":"ListItem","position":2,"name":"MANDAT D'ARR\u00caT - Doro Gaye arr\u00eat\u00e9 \u00e0 Paris et plac\u00e9 sous contr\u00f4le judiciaire"}]},{"@type":"Person","@id":"https:\/\/www.nettali.com\/#\/schema\/person\/bb147657c2986240405a608162b9bb23","name":"Ibrahima","image":{"@type":"ImageObject","@id":"https:\/\/www.nettali.com\/#personlogo","inLanguage":"fr-FR","url":"https:\/\/secure.gravatar.com\/avatar\/26a8a81f09f0dd7624c9d5c36c9ba3a2?s=96&d=mm&r=g","contentUrl":"https:\/\/secure.gravatar.com\/avatar\/26a8a81f09f0dd7624c9d5c36c9ba3a2?s=96&d=mm&r=g","caption":"Ibrahima"},"sameAs":["https:\/\/www.nettali.com"]}]}},"_links":{"self":[{"href":"https:\/\/www.nettali.com\/rest\/wp\/v2\/posts\/145611"}],"collection":[{"href":"https:\/\/www.nettali.com\/rest\/wp\/v2\/posts"}],"about":[{"href":"https:\/\/www.nettali.com\/rest\/wp\/v2\/types\/post"}],"author":[{"embeddable":true,"href":"https:\/\/www.nettali.com\/rest\/wp\/v2\/users\/5"}],"replies":[{"embeddable":true,"href":"https:\/\/www.nettali.com\/rest\/wp\/v2\/comments?post=145611"}],"version-history":[{"count":3,"href":"https:\/\/www.nettali.com\/rest\/wp\/v2\/posts\/145611\/revisions"}],"predecessor-version":[{"id":145620,"href":"https:\/\/www.nettali.com\/rest\/wp\/v2\/posts\/145611\/revisions\/145620"}],"wp:featuredmedia":[{"embeddable":true,"href":"https:\/\/www.nettali.com\/rest\/wp\/v2\/media\/145612"}],"wp:attachment":[{"href":"https:\/\/www.nettali.com\/rest\/wp\/v2\/media?parent=145611"}],"wp:term":[{"taxonomy":"category","embeddable":true,"href":"https:\/\/www.nettali.com\/rest\/wp\/v2\/categories?post=145611"},{"taxonomy":"post_tag","embeddable":true,"href":"https:\/\/www.nettali.com\/rest\/wp\/v2\/tags?post=145611"}],"curies":[{"name":"wp","href":"https:\/\/api.w.org\/{rel}","templated":true}]}}