{"id":145584,"date":"2024-12-18T07:21:55","date_gmt":"2024-12-18T07:21:55","guid":{"rendered":"https:\/\/www.nettali.com\/?p=145584"},"modified":"2024-12-18T07:21:55","modified_gmt":"2024-12-18T07:21:55","slug":"radie-de-lassemblee-barthelemy-depose-un-recours-devant-le-conseil-constitutionnel","status":"publish","type":"post","link":"https:\/\/www.nettali.com\/2024\/12\/18\/radie-de-lassemblee-barthelemy-depose-un-recours-devant-le-conseil-constitutionnel\/","title":{"rendered":"RADIE DE L'ASSEMBLEE - Barth\u00e9l\u00e9my d\u00e9pose un recours devant le Conseil constitutionnel"},"content":{"rendered":"<p><strong>NETTALI.COM -<\/strong> Barth\u00e9l\u00e9my Dias a d\u00e9pos\u00e9,\u00a0 un recours devant le Conseil Constitutionnel, le mardi 17 d\u00e9cembre, pour obtenir l\u2019annulation de sa radiation comme d\u00e9put\u00e9 de la 15\u00e8me l\u00e9gislature. Le \u00ab <em>maire r\u00e9voqu\u00e9<\/em> \u00bb de Dakar n\u2019a pas h\u00e9sit\u00e9 \u00e0 enr\u00f4ler dans son combat, de tr\u00e8s grosses pointures du Barreau s\u00e9n\u00e9galais, parmi lesquels des avocats teigneux et exp\u00e9riment\u00e9s tels que Me Doudou Ndoye, Borso Pouye, El Amadou Sall, El Hadji Diouf et Alioune Badara Fall.<\/p>\n<p>La requ\u00eate d\u00e9pos\u00e9e sur la table des 7 Sages du Conseil Constitutionnel parle d\u2019une violation des dispositions des articles 61 de la Constitution et LO 198 du Code \u00e9lectoral. Les robes noires convoquent en effet l\u2019art 61 de la Constitution qui dispose que \u00ab <em>le membre de l\u2019Assembl\u00e9e nationale qui fait l\u2019objet d\u2019une condamnation p\u00e9nale d\u00e9finitive, est radi\u00e9 de la liste des parlementaires sur demande du Ministre de la Justice<\/em> \u00bb. Sur demande du ministre de la Justice, l\u2019Assembl\u00e9e nationale, par son bureau doit transmettre au Conseil Constitutionnel sur le fondement de l\u2019art LO 198 du Code \u00e9lectoral.<\/p>\n<p>\u00ab <em>Attendu qu\u2019il est constant qu\u2019en l\u2019esp\u00e8ce, le bureau de l\u2019Assembl\u00e9e nationale dans sa d\u00e9cision du 06 d\u00e9cembre a proc\u00e9d\u00e9 \u00e0 la radiation du sieur Barth\u00e9l\u00e9my Dias des listes des d\u00e9put\u00e9s en violation de l\u2019article LO 198 du Code \u00e9lectoral lequel dispose : la d\u00e9ch\u00e9ance pr\u00e9vue par l\u2019art LO162 du pr\u00e9sent Code est constat\u00e9e par le Conseil constitutionnel \u00e0 la requ\u00eate du bureau de l\u2019Assembl\u00e9e nationale, d\u2019un groupe de d\u00e9put\u00e9s, conform\u00e9ment au r\u00e8glement int\u00e9rieur de l\u2019Assembl\u00e9e nationale ou du Pr\u00e9sident de la R\u00e9publique<\/em> \u00bb.<\/p>\n<p>Alors poursuivant leurs arguments, les conseils de Barth\u00e9l\u00e9my Dias indiquent que \u00ab <em>le Bureau de l\u2019Assembl\u00e9e nationale n\u2019a pas pouvoir pour le radier de la liste des parlementaires. Ce pouvoir appartient au seul Conseil constitutionnel. La d\u00e9cision du bureau de l\u2019Assembl\u00e9e nationale encourt annulation pour violation de l\u2019article LO 198 pr\u00e9cit\u00e9. Qu\u2019il plaira au Conseil Constitutionnel d\u2019annuler la d\u00e9cision prise par le bureau de l\u2019Assembl\u00e9e nationale en sa s\u00e9ance du 06 d\u00e9cembre 2024<\/em> \u00bb.<\/p>\n<div class='share-to-whatsapp-wrapper'><div class='share-on-whsp'>PARTAGER SUR : <\/div><a data-text='RADIE DE L'ASSEMBLEE - Barth\u00e9l\u00e9my d\u00e9pose un recours devant le Conseil constitutionnel' data-link='https:\/\/www.nettali.com\/2024\/12\/18\/radie-de-lassemblee-barthelemy-depose-un-recours-devant-le-conseil-constitutionnel\/' class='whatsapp-button whatsapp-share'>WhatsApp<\/a><div class='clear '><\/div><\/div>","protected":false},"excerpt":{"rendered":"<p>NETTALI.COM - Barth\u00e9l\u00e9my Dias a d\u00e9pos\u00e9,\u00a0 un recours devant le Conseil Constitutionnel, le mardi 17 d\u00e9cembre, pour obtenir l\u2019annulation de sa radiation comme d\u00e9put\u00e9 de la 15\u00e8me l\u00e9gislature. Le \u00ab maire r\u00e9voqu\u00e9 \u00bb de Dakar n\u2019a pas h\u00e9sit\u00e9 \u00e0 enr\u00f4ler dans son combat, de tr\u00e8s grosses pointures du Barreau s\u00e9n\u00e9galais, parmi lesquels des avocats teigneux [&hellip;]<\/p>\n","protected":false},"author":2,"featured_media":145153,"comment_status":"open","ping_status":"open","sticky":false,"template":"","format":"standard","meta":{"_et_pb_use_builder":"","_et_pb_old_content":""},"categories":[34945],"tags":[],"yoast_head":"<!-- This site is optimized with the Yoast SEO Premium plugin v17.8 (Yoast SEO v17.8) - https:\/\/yoast.com\/wordpress\/plugins\/seo\/ -->\n<title>RADIE DE L&#039;ASSEMBLEE - Barth\u00e9l\u00e9my d\u00e9pose un recours devant le Conseil constitutionnel | Nettali.com<\/title>\n<meta name=\"robots\" content=\"index, follow, max-snippet:-1, max-image-preview:large, max-video-preview:-1\" \/>\n<link rel=\"canonical\" href=\"https:\/\/www.nettali.com\/2024\/12\/18\/radie-de-lassemblee-barthelemy-depose-un-recours-devant-le-conseil-constitutionnel\/\" \/>\n<meta property=\"og:locale\" content=\"fr_FR\" \/>\n<meta property=\"og:type\" content=\"article\" \/>\n<meta property=\"og:title\" content=\"RADIE DE L&#039;ASSEMBLEE - Barth\u00e9l\u00e9my d\u00e9pose un recours devant le Conseil constitutionnel\" \/>\n<meta property=\"og:description\" content=\"NETTALI.COM - Barth\u00e9l\u00e9my Dias a d\u00e9pos\u00e9,\u00a0 un recours devant le Conseil Constitutionnel, le mardi 17 d\u00e9cembre, pour obtenir l\u2019annulation de sa radiation comme d\u00e9put\u00e9 de la 15\u00e8me l\u00e9gislature. Le \u00ab maire r\u00e9voqu\u00e9 \u00bb de Dakar n\u2019a pas h\u00e9sit\u00e9 \u00e0 enr\u00f4ler dans son combat, de tr\u00e8s grosses pointures du Barreau s\u00e9n\u00e9galais, parmi lesquels des avocats teigneux [&hellip;]\" \/>\n<meta property=\"og:url\" content=\"https:\/\/www.nettali.com\/2024\/12\/18\/radie-de-lassemblee-barthelemy-depose-un-recours-devant-le-conseil-constitutionnel\/\" \/>\n<meta property=\"og:site_name\" content=\"Nettali.com\" \/>\n<meta property=\"article:publisher\" content=\"https:\/\/www.facebook.com\/nettalicom\" \/>\n<meta property=\"article:published_time\" content=\"2024-12-18T07:21:55+00:00\" \/>\n<meta property=\"og:image\" content=\"https:\/\/www.nettali.com\/wp-content\/uploads\/2024\/12\/Le-maire-de-Dakar-Barthelemy-Dias-solde-ses-comptes-avec-le-nouveau-regime-750x430-1.jpg\" \/>\n\t<meta property=\"og:image:width\" content=\"750\" \/>\n\t<meta property=\"og:image:height\" content=\"430\" \/>\n<meta name=\"twitter:card\" content=\"summary_large_image\" \/>\n<meta name=\"twitter:label1\" content=\"\u00c9crit par\" \/>\n\t<meta name=\"twitter:data1\" content=\"CK\" \/>\n\t<meta name=\"twitter:label2\" content=\"Dur\u00e9e de lecture estim\u00e9e\" \/>\n\t<meta name=\"twitter:data2\" content=\"2 minutes\" \/>\n<script type=\"application\/ld+json\" class=\"yoast-schema-graph\">{\"@context\":\"https:\/\/schema.org\",\"@graph\":[{\"@type\":\"WebSite\",\"@id\":\"https:\/\/www.nettali.com\/#website\",\"url\":\"https:\/\/www.nettali.com\/\",\"name\":\"Nettali.com\",\"description\":\"Le rendez-vous critique du Net\",\"potentialAction\":[{\"@type\":\"SearchAction\",\"target\":{\"@type\":\"EntryPoint\",\"urlTemplate\":\"https:\/\/www.nettali.com\/?s={search_term_string}\"},\"query-input\":\"required name=search_term_string\"}],\"inLanguage\":\"fr-FR\"},{\"@type\":\"ImageObject\",\"@id\":\"https:\/\/www.nettali.com\/2024\/12\/18\/radie-de-lassemblee-barthelemy-depose-un-recours-devant-le-conseil-constitutionnel\/#primaryimage\",\"inLanguage\":\"fr-FR\",\"url\":\"https:\/\/www.nettali.com\/wp-content\/uploads\/2024\/12\/Le-maire-de-Dakar-Barthelemy-Dias-solde-ses-comptes-avec-le-nouveau-regime-750x430-1.jpg\",\"contentUrl\":\"https:\/\/www.nettali.com\/wp-content\/uploads\/2024\/12\/Le-maire-de-Dakar-Barthelemy-Dias-solde-ses-comptes-avec-le-nouveau-regime-750x430-1.jpg\",\"width\":750,\"height\":430},{\"@type\":\"WebPage\",\"@id\":\"https:\/\/www.nettali.com\/2024\/12\/18\/radie-de-lassemblee-barthelemy-depose-un-recours-devant-le-conseil-constitutionnel\/#webpage\",\"url\":\"https:\/\/www.nettali.com\/2024\/12\/18\/radie-de-lassemblee-barthelemy-depose-un-recours-devant-le-conseil-constitutionnel\/\",\"name\":\"RADIE DE L'ASSEMBLEE - Barth\\u00e9l\\u00e9my d\\u00e9pose un recours devant le Conseil constitutionnel | Nettali.com\",\"isPartOf\":{\"@id\":\"https:\/\/www.nettali.com\/#website\"},\"primaryImageOfPage\":{\"@id\":\"https:\/\/www.nettali.com\/2024\/12\/18\/radie-de-lassemblee-barthelemy-depose-un-recours-devant-le-conseil-constitutionnel\/#primaryimage\"},\"datePublished\":\"2024-12-18T07:21:55+00:00\",\"dateModified\":\"2024-12-18T07:21:55+00:00\",\"author\":{\"@id\":\"https:\/\/www.nettali.com\/#\/schema\/person\/d8ac7b7e27ddad43f1c0d2ef090d7f71\"},\"breadcrumb\":{\"@id\":\"https:\/\/www.nettali.com\/2024\/12\/18\/radie-de-lassemblee-barthelemy-depose-un-recours-devant-le-conseil-constitutionnel\/#breadcrumb\"},\"inLanguage\":\"fr-FR\",\"potentialAction\":[{\"@type\":\"ReadAction\",\"target\":[\"https:\/\/www.nettali.com\/2024\/12\/18\/radie-de-lassemblee-barthelemy-depose-un-recours-devant-le-conseil-constitutionnel\/\"]}]},{\"@type\":\"BreadcrumbList\",\"@id\":\"https:\/\/www.nettali.com\/2024\/12\/18\/radie-de-lassemblee-barthelemy-depose-un-recours-devant-le-conseil-constitutionnel\/#breadcrumb\",\"itemListElement\":[{\"@type\":\"ListItem\",\"position\":1,\"name\":\"Accueil\",\"item\":\"https:\/\/www.nettali.com\/\"},{\"@type\":\"ListItem\",\"position\":2,\"name\":\"RADIE DE L'ASSEMBLEE - Barth\\u00e9l\\u00e9my d\\u00e9pose un recours devant le Conseil constitutionnel\"}]},{\"@type\":\"Person\",\"@id\":\"https:\/\/www.nettali.com\/#\/schema\/person\/d8ac7b7e27ddad43f1c0d2ef090d7f71\",\"name\":\"CK\",\"image\":{\"@type\":\"ImageObject\",\"@id\":\"https:\/\/www.nettali.com\/#personlogo\",\"inLanguage\":\"fr-FR\",\"url\":\"https:\/\/secure.gravatar.com\/avatar\/1d8d5118b9327d94da7cd4ce7f17fec2?s=96&d=mm&r=g\",\"contentUrl\":\"https:\/\/secure.gravatar.com\/avatar\/1d8d5118b9327d94da7cd4ce7f17fec2?s=96&d=mm&r=g\",\"caption\":\"CK\"},\"sameAs\":[\"https:\/\/www.nettali.com\"]}]}<\/script>\n<!-- \/ Yoast SEO Premium plugin. -->","yoast_head_json":{"title":"RADIE DE L'ASSEMBLEE - Barth\u00e9l\u00e9my d\u00e9pose un recours devant le Conseil constitutionnel | Nettali.com","robots":{"index":"index","follow":"follow","max-snippet":"max-snippet:-1","max-image-preview":"max-image-preview:large","max-video-preview":"max-video-preview:-1"},"canonical":"https:\/\/www.nettali.com\/2024\/12\/18\/radie-de-lassemblee-barthelemy-depose-un-recours-devant-le-conseil-constitutionnel\/","og_locale":"fr_FR","og_type":"article","og_title":"RADIE DE L'ASSEMBLEE - Barth\u00e9l\u00e9my d\u00e9pose un recours devant le Conseil constitutionnel","og_description":"NETTALI.COM - Barth\u00e9l\u00e9my Dias a d\u00e9pos\u00e9,\u00a0 un recours devant le Conseil Constitutionnel, le mardi 17 d\u00e9cembre, pour obtenir l\u2019annulation de sa radiation comme d\u00e9put\u00e9 de la 15\u00e8me l\u00e9gislature. Le \u00ab maire r\u00e9voqu\u00e9 \u00bb de Dakar n\u2019a pas h\u00e9sit\u00e9 \u00e0 enr\u00f4ler dans son combat, de tr\u00e8s grosses pointures du Barreau s\u00e9n\u00e9galais, parmi lesquels des avocats teigneux [&hellip;]","og_url":"https:\/\/www.nettali.com\/2024\/12\/18\/radie-de-lassemblee-barthelemy-depose-un-recours-devant-le-conseil-constitutionnel\/","og_site_name":"Nettali.com","article_publisher":"https:\/\/www.facebook.com\/nettalicom","article_published_time":"2024-12-18T07:21:55+00:00","og_image":[{"width":750,"height":430,"url":"https:\/\/www.nettali.com\/wp-content\/uploads\/2024\/12\/Le-maire-de-Dakar-Barthelemy-Dias-solde-ses-comptes-avec-le-nouveau-regime-750x430-1.jpg","type":"image\/jpeg"}],"twitter_card":"summary_large_image","twitter_misc":{"\u00c9crit par":"CK","Dur\u00e9e de lecture estim\u00e9e":"2 minutes"},"schema":{"@context":"https:\/\/schema.org","@graph":[{"@type":"WebSite","@id":"https:\/\/www.nettali.com\/#website","url":"https:\/\/www.nettali.com\/","name":"Nettali.com","description":"Le rendez-vous critique du Net","potentialAction":[{"@type":"SearchAction","target":{"@type":"EntryPoint","urlTemplate":"https:\/\/www.nettali.com\/?s={search_term_string}"},"query-input":"required name=search_term_string"}],"inLanguage":"fr-FR"},{"@type":"ImageObject","@id":"https:\/\/www.nettali.com\/2024\/12\/18\/radie-de-lassemblee-barthelemy-depose-un-recours-devant-le-conseil-constitutionnel\/#primaryimage","inLanguage":"fr-FR","url":"https:\/\/www.nettali.com\/wp-content\/uploads\/2024\/12\/Le-maire-de-Dakar-Barthelemy-Dias-solde-ses-comptes-avec-le-nouveau-regime-750x430-1.jpg","contentUrl":"https:\/\/www.nettali.com\/wp-content\/uploads\/2024\/12\/Le-maire-de-Dakar-Barthelemy-Dias-solde-ses-comptes-avec-le-nouveau-regime-750x430-1.jpg","width":750,"height":430},{"@type":"WebPage","@id":"https:\/\/www.nettali.com\/2024\/12\/18\/radie-de-lassemblee-barthelemy-depose-un-recours-devant-le-conseil-constitutionnel\/#webpage","url":"https:\/\/www.nettali.com\/2024\/12\/18\/radie-de-lassemblee-barthelemy-depose-un-recours-devant-le-conseil-constitutionnel\/","name":"RADIE DE L'ASSEMBLEE - Barth\u00e9l\u00e9my d\u00e9pose un recours devant le Conseil constitutionnel | Nettali.com","isPartOf":{"@id":"https:\/\/www.nettali.com\/#website"},"primaryImageOfPage":{"@id":"https:\/\/www.nettali.com\/2024\/12\/18\/radie-de-lassemblee-barthelemy-depose-un-recours-devant-le-conseil-constitutionnel\/#primaryimage"},"datePublished":"2024-12-18T07:21:55+00:00","dateModified":"2024-12-18T07:21:55+00:00","author":{"@id":"https:\/\/www.nettali.com\/#\/schema\/person\/d8ac7b7e27ddad43f1c0d2ef090d7f71"},"breadcrumb":{"@id":"https:\/\/www.nettali.com\/2024\/12\/18\/radie-de-lassemblee-barthelemy-depose-un-recours-devant-le-conseil-constitutionnel\/#breadcrumb"},"inLanguage":"fr-FR","potentialAction":[{"@type":"ReadAction","target":["https:\/\/www.nettali.com\/2024\/12\/18\/radie-de-lassemblee-barthelemy-depose-un-recours-devant-le-conseil-constitutionnel\/"]}]},{"@type":"BreadcrumbList","@id":"https:\/\/www.nettali.com\/2024\/12\/18\/radie-de-lassemblee-barthelemy-depose-un-recours-devant-le-conseil-constitutionnel\/#breadcrumb","itemListElement":[{"@type":"ListItem","position":1,"name":"Accueil","item":"https:\/\/www.nettali.com\/"},{"@type":"ListItem","position":2,"name":"RADIE DE L'ASSEMBLEE - Barth\u00e9l\u00e9my d\u00e9pose un recours devant le Conseil constitutionnel"}]},{"@type":"Person","@id":"https:\/\/www.nettali.com\/#\/schema\/person\/d8ac7b7e27ddad43f1c0d2ef090d7f71","name":"CK","image":{"@type":"ImageObject","@id":"https:\/\/www.nettali.com\/#personlogo","inLanguage":"fr-FR","url":"https:\/\/secure.gravatar.com\/avatar\/1d8d5118b9327d94da7cd4ce7f17fec2?s=96&d=mm&r=g","contentUrl":"https:\/\/secure.gravatar.com\/avatar\/1d8d5118b9327d94da7cd4ce7f17fec2?s=96&d=mm&r=g","caption":"CK"},"sameAs":["https:\/\/www.nettali.com"]}]}},"_links":{"self":[{"href":"https:\/\/www.nettali.com\/rest\/wp\/v2\/posts\/145584"}],"collection":[{"href":"https:\/\/www.nettali.com\/rest\/wp\/v2\/posts"}],"about":[{"href":"https:\/\/www.nettali.com\/rest\/wp\/v2\/types\/post"}],"author":[{"embeddable":true,"href":"https:\/\/www.nettali.com\/rest\/wp\/v2\/users\/2"}],"replies":[{"embeddable":true,"href":"https:\/\/www.nettali.com\/rest\/wp\/v2\/comments?post=145584"}],"version-history":[{"count":1,"href":"https:\/\/www.nettali.com\/rest\/wp\/v2\/posts\/145584\/revisions"}],"predecessor-version":[{"id":145585,"href":"https:\/\/www.nettali.com\/rest\/wp\/v2\/posts\/145584\/revisions\/145585"}],"wp:featuredmedia":[{"embeddable":true,"href":"https:\/\/www.nettali.com\/rest\/wp\/v2\/media\/145153"}],"wp:attachment":[{"href":"https:\/\/www.nettali.com\/rest\/wp\/v2\/media?parent=145584"}],"wp:term":[{"taxonomy":"category","embeddable":true,"href":"https:\/\/www.nettali.com\/rest\/wp\/v2\/categories?post=145584"},{"taxonomy":"post_tag","embeddable":true,"href":"https:\/\/www.nettali.com\/rest\/wp\/v2\/tags?post=145584"}],"curies":[{"name":"wp","href":"https:\/\/api.w.org\/{rel}","templated":true}]}}