{"id":145509,"date":"2024-12-17T07:20:46","date_gmt":"2024-12-17T07:20:46","guid":{"rendered":"https:\/\/www.nettali.com\/?p=145509"},"modified":"2024-12-23T07:40:34","modified_gmt":"2024-12-23T07:40:34","slug":"coups-de-pilon-verites-dhier-amnesie-daujourdhui","status":"publish","type":"post","link":"https:\/\/www.nettali.com\/2024\/12\/17\/coups-de-pilon-verites-dhier-amnesie-daujourdhui\/","title":{"rendered":"COUPS DE PILON - V\u00e9rit\u00e9s d\u2019hier, amn\u00e9sie d\u2019aujourd\u2019hui !"},"content":{"rendered":"<p><strong>NETTALI.COM - L\u2019idylle d\u2019autrefois entre Ousmane Sonko et Barth\u00e9l\u00e9my, deux \u00ab Domou Nd\u00e8ye \u00bb (fr\u00e8res jumeaux) que l\u2019id\u00e9al politique semblait unir, s\u2019est, dans le temps, progressivement mu\u00e9e en d\u00e9samour et adversit\u00e9, exacerb\u00e9s par des tensions cycliques.\u00a0<\/strong><\/p>\n<p>Leurs rapports \u00e9taient \u00e0 la v\u00e9rit\u00e9 devenus ex\u00e9crables, marqu\u00e9s par de l'hostilit\u00e9 manifeste, du d\u00e9ballage sans bornes et du d\u00e9nigrement presque permanent. Pouvaient-ils survivre \u00e0 un environnement politique s\u00e9n\u00e9galais o\u00f9 ce sont les alliances de circonstances sur fond d'int\u00e9r\u00eats qui pr\u00e9dominent ? Un aspect que beaucoup occultent dans l'analyse, oubliant que les deux hommes sont jeunes, de la m\u00eame g\u00e9n\u00e9ration, d\u2019un temp\u00e9rament va-t\u2019en guerre, avec une ambition en bandouli\u00e8re qu\u2019ils ont en commun. Deux b\u00e9liers, pour reprendre un adage wolof, pouvaient-ils continuer \u00e0 cohabiter dans le m\u00eame enclos ? L\u2019idylle s\u2019est en tout cas termin\u00e9e par un jeu de la mort, \u00e0 la fa\u00e7on Bruce Lee. Tant que l'alliance permettait de renforcer chacun des deux jeunes loups, tout pouvait aller.<\/p>\n<p>Les germes de la tension \u00e9taient en r\u00e9alit\u00e9 sem\u00e9s depuis la p\u00e9riode du dialogue national organis\u00e9 par l\u2019ancien pr\u00e9sident Macky Sall, en mai 2023. Les deux n\u2019avaient cess\u00e9 de s\u2019accuser mutuellement de trahison. N\u2019oublions pas \u00e9galement l\u2019\u00e9pisode de ce qui est consid\u00e9r\u00e9 comme une \u00e9viction anormale d\u2019Abasse Fall, du poste de premier adjoint au maire de Dakar. Au nom de la parit\u00e9, il avait \u00e9t\u00e9 remplac\u00e9 par Ngon\u00e9 Mbengue de \u00ab Taxawu S\u00e9n\u00e9gal \u00bb, suite \u00e0 un vote qui l\u2019avait oppos\u00e9e \u00e0 Marie Rose Faye de Pastef. Une pilule difficile \u00e0 avaler \u00e0 l\u2019\u00e9poque, mais enfouie quelque part sous la langue.<\/p>\n<p>Et puis arriva l\u2019escalade de la violence. De l\u2019appel d\u2019Abass Fall du Pastef \u00e0 ses militants \u00e0 prendre leur revanche, avec armes, couteaux, machettes etc pour se venger, en passant par le saccage, \u00e0 4 heures dans la m\u00eame nuit, du si\u00e8ge du parti \"Taxawu S\u00e9n\u00e9gal\", pris d\u2019assaut et incendi\u00e9, jusqu\u2019\u00e0 ces attaques de Saint-Louis avec ses bless\u00e9s, suivie de l\u2019emprisonnement de 81 agents de s\u00e9curit\u00e9 de Taxawu.<\/p>\n<p>Mais qu\u2019est-ce qu\u2019ils ont ce don pour les retournements de vestes, nos chers politiciens ! Dans cette op\u00e9ration de d\u00e9possession de Barth\u00e9l\u00e9my Dias de ses mandats de d\u00e9put\u00e9 et de maire, le camp d\u2019Ousmane Sonko a sembl\u00e9 devenir tout d\u2019un coup amn\u00e9sique. C\u2019est vrai qu\u2019avec les politiciens, la loi est tant\u00f4t bonne, tant\u00f4t mauvaise, et dans certaines situations, ils n\u2019en font m\u00eame pas r\u00e9f\u00e9rence. C\u2019est selon\u2026 Tout n\u2019est en r\u00e9alit\u00e9, avec eux, qu\u2019une question de circonstances et d\u2019int\u00e9r\u00eat.<\/p>\n<p>Il n y a pourtant gu\u00e8re longtemps, rappelons-le, Ousmane Sonko himself d\u00e9fendait Barth\u00e9l\u00e9my Dias contre la tentation de Macky Sall de retirer \u00e0 ce dernier, ses mandats de d\u00e9put\u00e9s et de maire de Dakar, en \u00ab <em>instrumentalisant la justice<\/em> \u00bb. Il avait en effet estim\u00e9 que c\u2019est le peuple qui avait choisi Barth\u00e9l\u00e9my Dias et voulait bien de lui malgr\u00e9 le qualificatif \u00ab <em>d\u2019assassin<\/em> \u00bb qu\u2019on lui collait.<\/p>\n<p>Qu\u2019est-ce qui a chang\u00e9 entre temps ? Barth\u00e9l\u00e9my Dias n\u2019est-il plus le choix des \u00e9lecteurs de Dakar pour \u00eatre leur maire ? Autre temps, autre \u00e9poque, les v\u00e9rit\u00e9s d\u2019hier ne sont plus celles d\u2019aujourd\u2019hui.<\/p>\n<p>Et pourtant, Macky Sall dont le leader de Pastef d\u00e9non\u00e7ait la tentation de r\u00e9cup\u00e9rer les mandats de Barth, les a laiss\u00e9s intacts, malgr\u00e9 la condamnation de Barth devenue d\u00e9finitive sous son r\u00e8gne. Mais, ironie de l\u2019histoire, c\u2019est le camp de ce cher Sonko qui les lui arrache aujourd\u2019hui, et tour \u00e0 tour.<\/p>\n<p><strong>Une r\u00e9vocation qui passe mal\u00a0<\/strong><\/p>\n<p>Et m\u00eame si on peut supposer que l\u2019acte est fait sous le sceau de la l\u00e9galit\u00e9 suivant les arguments avanc\u00e9s dans le camp de Pastef, la question de sa l\u00e9galit\u00e9 et son caract\u00e8re \u00e9thique sont discut\u00e9s.<\/p>\n<p>Selon un des avocats du pool commis par Barth\u00e9l\u00e9my Dias, les choses vont bouger. \u00ab<em>Nous avons d\u00e9pos\u00e9 les requ\u00eates. Deux recours sur la radiation \u00e0 l\u2019Assembl\u00e9e nationale et la r\u00e9vocation \u00e0 la mairie de Dakar.<\/em>\u00bb \u00abIl y aura des recours pour exc\u00e8s de pouvoir devant la Cour d\u2019Appel, mais nous n\u2019avons pas encore valid\u00e9 le document\u00bb, a-t-il pr\u00e9cis\u00e9.<\/p>\n<p>Selon lui, le d\u00e9lai \u00e9tant suspensif, Barth, jusqu\u2019\u00e0 preuve du contraire, reste maire. Quand est-ce que la Cour d\u2019Appel devra rendre sa d\u00e9cision\u00a0? \u00ab<em>Il n\u2019y a que la juridiction saisie qui peut se prononcer.<\/em>\u00bb<\/p>\n<p>Sur les ondes de la RFM, le leader du mouvement Taxawu S\u00e9n\u00e9gal, Khalifa Sall a apport\u00e9 son soutien \u00e0 son poulain. \u00ab <em>Pourquoi le ministre de la justice a-t-il attendu qu\u2019il soit r\u00e9\u00e9lu, qu\u2019il ait une deuxi\u00e8me l\u00e9gitimit\u00e9, pour agir ?<\/em>\u00bb, s\u2019est-il d\u2019embl\u00e9e interrog\u00e9 avant de souligner le caract\u00e8re \u00ab<em>g\u00eanant<\/em>\u00bb de cette d\u00e9marche qu\u2019il qualifie d\u2019\u00ab inacceptable\u00bb.<\/p>\n<p>Abdou Mbaye, ancien Premier ministre et leader de l\u2019Alliance pour la citoyennet\u00e9 et le travail (ACT), a lui exprim\u00e9 son indignation via sur Facebook. \u201c<em>Je pensais tr\u00e8s sinc\u00e8rement que la m\u00e9chancet\u00e9 en politique \u00e9tait condamn\u00e9e \u00e0 dispara\u00eetre avec l\u2019av\u00e8nement du nouveau r\u00e9gime. Mais la continuit\u00e9 est de mise<\/em>\u201d, a-t-il fustig\u00e9, appelant le gouvernement \u00e0 se concentrer sur les priorit\u00e9s sociales des S\u00e9n\u00e9galais.<\/p>\n<p>De son c\u00f4t\u00e9, Samba Ndong, haut conseiller, a d\u00e9nonc\u00e9 un manque de coh\u00e9rence de la part du nouveau r\u00e9gime. \u201c<em>Cette r\u00e9vocation ne respecte pas la parole donn\u00e9e. La loi doit \u00eatre appliqu\u00e9e dans toute sa rigueur, mais encore faut-il que cela soit juste<\/em>\u201d, a-t-il ajout\u00e9. Il met en avant le caract\u00e8re \u00e9quivoque des textes juridiques applicables \u00e0 la situation du maire de Dakar.<\/p>\n<p>L\u2019affaire met en lumi\u00e8re un vide juridique relev\u00e9 par Ndiaga Sylla, expert en droit \u00e9lectoral. L\u2019article L.277 du Code \u00e9lectoral stipule que la d\u00e9cision de d\u00e9clarer un conseiller municipal d\u00e9missionnaire devient ex\u00e9cutoire, sauf recours devant la Cour d\u2019appel dans les dix jours suivant la notification. Or, selon Ndiaga Sylla, \u201c<em>il fallait pr\u00e9ciser le caract\u00e8re suspensif du recours<\/em>\u201d. Cette lacune rend l\u2019interpr\u00e9tation de la loi sujette \u00e0 controverse. De plus, les conditions d\u2019in\u00e9ligibilit\u00e9 \u00e9nonc\u00e9es dans les articles L271 \u00e0 L276 ne pr\u00e9voient pas explicitement la situation de Barth\u00e9lemy Dias. Cela pose un probl\u00e8me d\u2019interpr\u00e9tation qui renforce les doutes sur la l\u00e9galit\u00e9 de la d\u00e9cision prise par les autorit\u00e9s.<\/p>\n<p>\u00c9limane Kane, membre influent de la soci\u00e9t\u00e9 civile, s\u2019interroge : \u201c<em>Apr\u00e8s Khalifa Sall et Ousmane Sonko, \u00e0 qui le tour ? Hier, c\u2019\u00e9tait Khalifa Sall, aujourd\u2019hui, c\u2019est Barth\u00e9lemy Dias. Demain, ce sera le tour d\u2019un autre opposant redout\u00e9.<\/em>\u201d Pour lui, cette succession de cas montre une tendance inqui\u00e9tante o\u00f9 des opposants politiques, souvent populaires, se retrouvent exclus du jeu politique, \u00e0 la suite de condamnations judiciaires ou administratives.<\/p>\n<p>Le juriste Samba Ndong, tout en reconnaissant la n\u00e9cessit\u00e9 d\u2019appliquer la loi, pointe un paradoxe : \u201c<em>Barth\u00e9lemy Dias est \u00e9lu au suffrage universel direct. \u00catre \u00e9lu par ce biais est diff\u00e9rent des scrutins d\u2019autrefois o\u00f9 il fallait \u00eatre conseiller municipal avant de briguer le poste de maire.<\/em>\u201d Pour lui, le vide juridique actuel ne permet pas de trancher avec certitude la l\u00e9galit\u00e9 de la r\u00e9vocation.<\/p>\n<p>Toujours est-il que pour l\u2019heure, Barth\u00e9l\u00e9my Dias est r\u00e9voqu\u00e9 (en attendant son recours ) et bout\u00e9 hors de la mairie par des forces de l\u2019ordre qui auraient pu faire preuve d\u2019un peu plus de retenue dans leur mani\u00e8re d\u2019interrompre la conf\u00e9rence de presse programm\u00e9e.<\/p>\n<p>Il est en tout cas bien loin le jour o\u00f9 nos politiciens d\u00e9cideront d\u2019agir pour des raisons de d\u00e9mocratie r\u00e9elle, plut\u00f4t que pour des questions de r\u00e8glements de comptes politiques sous-jacents, drap\u00e9s du voile du droit.<\/p>\n<p><strong>Une histoire politique s\u00e9n\u00e9galaise, marqu\u00e9e par des r\u00e8glements de comptes<\/strong><\/p>\n<p>Qu\u2019est-ce qu\u2019ils sont f\u00e9roces entre eux, nos chers politiciens ! Surtout lorsqu\u2019ils cherchent \u00e0 conserver leur pouvoir ou \u00e0 \u00e9liminer un adversaire g\u00eanant. De Senghor \u00e0 Macky, en passant par Diouf et Wade, l\u2019histoire se r\u00e9p\u00e8te de mani\u00e8re t\u00eatue et nous montre que chaque pr\u00e9sident a, \u00e0 sa fa\u00e7on, r\u00e9gl\u00e9 ses comptes avec l\u2019opposant du moment.<\/p>\n<p>Senghor a eu son moment avec Mamadou Dia, alors que c'\u00e9tait l'idylle parfaite entre eux les deux, \u00e0 un moment donn\u00e9. Abdou Diouf a eu le sien avec Wade qui a \u00e9t\u00e9 maintes fois emprisonn\u00e9. De m\u00eame que Wade avec Idrissa Seck dans l\u2019affaire des chantiers de Thi\u00e8s qui accouchera du fameux protocole de Rebeuss ; sans oublier Macky Sall qui \u00e9tait convoqu\u00e9 \u00e0 un moment donn\u00e9 \u00e0 la s\u00fbret\u00e9 urbaine dans une affaire de suppos\u00e9 blanchiment d\u2019argent. Macky n\u2019est pas en reste, il a eu son moment avec Karim Wade, finalement condamn\u00e9 pour enrichissement illicite avant d\u2019\u00eatre \u00e9largi de prison et exil\u00e9 \u00e0 Doha ; de m\u00eame qu\u2019avec Khalifa Sall, r\u00e9voqu\u00e9 de la mairie de Dakar pour escroquerie sur des deniers publics ; tout comme son r\u00e9cent r\u00e8glement de comptes avec Ousmane Sonko, jusqu\u2019\u00e0 son emprisonnement et l\u2019amnistie qui s\u2019ensuivra. Et voil\u00e0 que maintenant Sonko et ses partisans se mettent \u00e0 d\u00e9poss\u00e9der Barthelemy Dias de tous ses mandats.<\/p>\n<p>Une r\u00e9vocation de Barth de son mandat de maire qui n\u2019est pas sans rappeler celle de Khalifa Sall m\u00eame si ce ne sont pas pour les m\u00eames raisons. C\u2019est en effet en 2017 que les ennuis judiciaires commencent pour l\u2019ancien patron des Jeunesses socialistes. Il est notamment accus\u00e9 d\u2019avoir profit\u00e9 de ses fonctions pour \u00ab <em>d\u00e9tourner<\/em> \u00bb la somme d\u2019un milliard 800 millions de FCFA. Khalifa Sall est incarc\u00e9r\u00e9 depuis dans l\u2019affaire dite de la \u00ab caisse d\u2019avance \u00bb de la mairie de Dakar et est condamn\u00e9 \u00e0 5 ans de prison le 30 mars 2018, une peine confirm\u00e9e par la Cour d\u2019appel de Dakar, le 30 ao\u00fbt 2018, et la Cour supr\u00eame, le 3 janvier 2019. Il sera r\u00e9voqu\u00e9 de ses fonctions de maire de la capitale s\u00e9n\u00e9galaise, au lendemain de la confirmation de sa condamnation par la Cour d\u2019appel.Khalifa Sall va recouvrer ainsi la libert\u00e9 apr\u00e8s plus de deux ans de d\u00e9tention. Il a b\u00e9n\u00e9fici\u00e9 d\u2019une remise de peines int\u00e9grale avec ses cod\u00e9tenus Mbaye Tour\u00e9 et Yaya Bodian. Priv\u00e9 de ses droits civiques dans l\u2019affaire de la caisse d\u2019avance, Khalifa Sall n\u2019a pas\u00a0 pu se pr\u00e9senter \u00e0 l\u2019\u00e9lection pr\u00e9sidentielle de 2019.<\/p>\n<p>Ironie du sort, celui qui avait fait cavalier seul, sous la banni\u00e8re de \u00ab Taxawu Dakar \u00bb pour se faire \u00e9lire \u00e0 la t\u00eate de la mairie Dakar avant de la perdre apr\u00e8s des ennuis judiciaires, sera remplac\u00e9 par un de ses lieutenants les plus en vue, Barth\u00e9l\u00e9my Dias lors des \u00e9lections locales de 2022.<\/p>\n<p>M. Dias sera lui aussi rattrap\u00e9 par ses ennuis judiciaires qui remontent \u00e0 2011. En 2017, il avait \u00e9t\u00e9 condamn\u00e9 pour \u00ab <em>coups mortels<\/em> \u00bb, dans l\u2019affaire de l\u2019attaque de sa mairie de Mermoz-Sacr\u00e9-C\u0153ur, \u00e0 deux ans de prison, dont six mois ferme, ainsi que des dommages et int\u00e9r\u00eats de 25 millions de francs CFA \u00e0 verser \u00e0 la famille de la victime. Le verdict a \u00e9t\u00e9 confirm\u00e9 en appel en septembre 2022. En d\u00e9cembre 2023, la Cour supr\u00eame avait rejet\u00e9 le pourvoi introduit par les avocats de Barth\u00e9l\u00e9my Dias. Lors de l\u2019ouverture de la session parlementaire, le ministre de la Justice a officiellement saisi le bureau de l\u2019Assembl\u00e9e nationale pour proc\u00e9der \u00e0 la r\u00e9vocation du mandat de M. Dias.<\/p>\n<p>En application des dispositions de l\u2019article 61 dernier alin\u00e9a de la Constitution et l\u2019article 51 du r\u00e8glement int\u00e9rieur de l\u2019Assembl\u00e9e nationale, dernier alin\u00e9a, le bureau de l\u2019institution parlementaire, r\u00e9uni le jeudi 5 d\u00e9cembre 2024, a proc\u00e9d\u00e9 \u00e0 la radiation de M. Barth\u00e9l\u00e9my Dias. Apr\u00e8s l\u2019Assembl\u00e9e nationale, l\u2019opposant Barth\u00e9l\u00e9my Dias a \u00e9t\u00e9 d\u00e9chu de son poste de maire de Dakar.<\/p>\n<p><strong>L\u2019affaissement du niveau des politiques et de la politique<\/strong><\/p>\n<p>Tout cela pour dire qu\u2019on n\u2019est pas sortis de l\u2019auberge avec de telles pratiques politiciennes. L\u2019on est, de nos jours, de plus en plus vers\u00e9s dans les intrigues politiciennes, que dans la vraie politique qui doit conduire \u00e0 des d\u00e9bats constructifs centr\u00e9s sur les grandes r\u00e9formes de l\u2019Etat et ses grands chantiers, tels que l\u2019industrialisation du pays, la politique agricole, l\u2019emploi des jeunes, la formation, l'organisation du secteur des transports etc.<\/p>\n<p>La politique, telle qu\u2019elle se m\u00e8ne sous nos cieux, n\u2019est pas \u00e0 la v\u00e9rit\u00e9, productrice de progr\u00e8s d\u00e9mocratique et encore moins d\u2019un quelconque renforcement des institutions. Cela est sans doute li\u00e9 \u00e0 l\u2019affaissement du niveau des politiques (comme des autres secteurs d\u2019ailleurs de la vie nationale), avec un d\u00e9bat de plus en plus au ras des p\u00e2querettes, teint\u00e9 de propos incendiaires et violents, sur fond de discours populistes, au point que le seul g\u00e9nie d\u00e9ploy\u00e9 est de type musculaire. Il y a comme une sorte de carence qu\u2019on cherche \u00e0 camoufler avec la poussi\u00e8re de la meute. Disons que la politique s\u2019est gravement d\u00e9pr\u00e9ci\u00e9e sous nos Tropiques.<\/p>\n<p>Il y a aujourd\u2019hui comme une sorte de \u00ab rachitisation \u00bb continue des us et codes. La culture tik-tok ou fast-food emp\u00eache les jeunes loups de la politique de proposer \u00e0 leurs cibles, en majorit\u00e9 des jeunes, d\u2019ailleurs de moins en moins cultiv\u00e9s avec un niveau d\u2019\u00e9tudes qui se d\u00e9pr\u00e9cie de plus en plus, et acquis \u00e0 leur cause, des contenus structur\u00e9s qui vont leur permettre d\u2019avoir plus de lisibilit\u00e9 sur la gestion de la cite et sur l\u2019avenir qu\u2019on leur propose.<\/p>\n<p>De ce point de vue, il y a une nette diff\u00e9rence entre les hommes politiques actuels et leurs a\u00een\u00e9s, mieux form\u00e9s politiquement et plus cultiv\u00e9s. Ce sont ces hommes-l\u00e0 \u00e0 l\u2019int\u00e9grit\u00e9 reconnue (Amadou Makhtar Mbow, Amath Dansokho, Abdoulaye Bathily, Mamadou Lamine Loum, etc), \u00e0 qui nous devons les Assises nationales, ou plus exactement le projet de r\u00e9forme des institutions d\u2019ailleurs toujours d\u2019actualit\u00e9. UN document synth\u00e9tique de r\u00e9f\u00e9rence, produit gr\u00e2ce \u00e0 une approche inclusive de tous les pans de la soci\u00e9t\u00e9 s\u00e9n\u00e9galaise dans la transpiration et l\u2019\u00e9thique discursive.<\/p>\n<p>On oublie souvent que la politique n\u2019a pas commenc\u00e9 dans ce pays en 2012, ni en 2019 et encore moins en 2024. Et qu\u2019\u00e0 des moments d\u00e9termin\u00e9s de la vie de cette jeune nation, les vertus de la discussion et l\u2019intelligence consensuelle ont r\u00e9guli\u00e8rement pris le dessus sur les instincts basiques, guerriers, ferm\u00e9s et souvent suicidaires.<\/p>\n<p>Il est d\u2019ailleurs bien incompr\u00e9hensible, avec toute l\u2019exp\u00e9rience politique acquise par notre pays, depuis plus d\u2019un si\u00e8cle, qu\u2019on en arrive l\u00e0.<\/p>\n<p><strong>Mettre fin \u00e0 la pers\u00e9cution de l\u2019opposant et donner du sens \u00e0 la libert\u00e9 d\u2019expression<\/strong><\/p>\n<p>Si l\u2019on veut se pr\u00e9munir contre les tentations de ceux qui sont au pouvoir, quels qu\u2019ils soient, de soumettre leurs opposants, nous devrons \u0153uvrer \u00e0 nous d\u00e9barrasser de toutes ces peines accessoires dans les d\u00e9cisions de justice qui am\u00e8nent \u00e0 d\u00e9clarer tel ou tel homme politique in\u00e9ligible ou conduire \u00e0 le d\u00e9poss\u00e9der de son mandat. La France dont nous avons h\u00e9rit\u00e9 cet aspect du droit, a \u00e9volu\u00e9 depuis longtemps sur ce plan, alors que nous en sommes toujours \u00e0 d\u00e9battre sur ces sujets.<\/p>\n<p>De m\u00eame, nous devons nous d\u00e9barrasser de toutes ces lois liberticides (articles 56 \u00e0 100 du Code p\u00e9nal, 39 du Code de proc\u00e9dure p\u00e9nale \u2026) qui semblent plus \u00eatre vot\u00e9es pour servir d\u2019arme \u00e0 l\u2019ex\u00e9cutif avec pour objectif de neutraliser de l\u2019opposant, voire tous ceux qui cherchent \u00e0 faire entendre leurs voix, au nom de la libert\u00e9 d\u2019expression.<\/p>\n<p>Les Assises de la justice ont produit un rapport, la majorit\u00e9 est aujourd\u2019hui acquise par le pouvoir actuel. Il s\u2019agit d\u00e8s lors de mettre en pratique toutes les r\u00e9formes en tenant compte de ces recommandations, de mani\u00e8re \u00e0 avoir non seulement une justice plus ind\u00e9pendante, mais \u00e9galement une justice plus efficace qui prendra davantage en compte les aspirations du peuple.<\/p>\n<p>De m\u00eame, le mode de scrutin dans le cadre des \u00e9lections l\u00e9gislatives pourrait \u00eatre chang\u00e9 dans le sens de faire des d\u00e9put\u00e9s, des repr\u00e9sentants de leurs circonscriptions, plut\u00f4t que des armes \u00e0 la disposition des majorit\u00e9s m\u00e9caniques qui continueront \u00e0 les utiliser pour lever le doigt sans parfois m\u00eame savoir ce qu\u2019ils votent et pourquoi ils votent.<\/p>\n<p>Refusant d'abdiquer, suite \u00e0 sa r\u00e9vocation, le lundi matin 16 d\u00e9cembre, le d\u00e9sormais ex-maire de Dakar, Barth\u00e9l\u00e9my Dias, lors d\u2019une visite de chantier des routes \u00e0 la Cit\u00e9 Keur Gorgui, a \u00e9t\u00e9 confront\u00e9 \u00e0 un d\u00e9ploiement d\u2019un dispositif policier inattendu. Plus surprenant encore, l\u2019acc\u00e8s \u00e0 l\u2019H\u00f4tel de Ville a \u00e9t\u00e9 interdit aux agents municipaux et aux \u00e9lus. Une situation in\u00e9dite et lourde de cons\u00e9quences pour l\u2019administration de la capitale, selon la cellule de communication qui d\u00e9nonce un v\u00e9ritable rouleur compresseur de l\u2019Etat sur Barth\u00e9l\u00e9my Dias.<\/p>\n<p>Un mandat de 5 ans en tout cas, \u00e7a passe vite. Et il est bien difficile de ne pas trouver un homme politique sur terre qui ne pense pas \u00e0 sa r\u00e9\u00e9lection. Avec un peuple s\u00e9n\u00e9galais aussi versatile, il faut vraiment ne pas avoir exp\u00e9riment\u00e9 l\u2019histoire politique de ce pays de gens tr\u00e8s \u00e9motifs pour poursuivre sur la voie de l\u2019acharnement contre un opposant donn\u00e9.<\/p>\n<p>Le camp de Pastef, dans un pass\u00e9 r\u00e9cent, nous a fait siffler les oreilles avec l\u2019argument selon lequel, il a h\u00e9rit\u00e9 d\u2019un pays en ruines. Une raison suffisante pour se consacrer aux urgences d\u2019un pays qui a besoin de se r\u00e9armer au plan \u00e9thique et moral, de redresser les entreprises publiques pour la plupart sous perfusion, de trouver des financements pour l\u2019\u00e9conomie, etc. Bref, de quoi mettre en route l\u2019agenda 2050 qui n\u00e9cessite tant de r\u00e9formes et d\u2019engagement. Surtout que le pr\u00e9sident Diomaye Faye avait fait savoir qu'ils ne sont pas l\u00e0 pour adopter une posture vindicative. Mais parfois, ce que l'on fait, est plus important que ce qu'on dit.<\/p>\n<div class='share-to-whatsapp-wrapper'><div class='share-on-whsp'>PARTAGER SUR : <\/div><a data-text='COUPS DE PILON - V\u00e9rit\u00e9s d\u2019hier, amn\u00e9sie d\u2019aujourd\u2019hui !' data-link='https:\/\/www.nettali.com\/2024\/12\/17\/coups-de-pilon-verites-dhier-amnesie-daujourdhui\/' class='whatsapp-button whatsapp-share'>WhatsApp<\/a><div class='clear '><\/div><\/div>","protected":false},"excerpt":{"rendered":"<p>NETTALI.COM - L\u2019idylle d\u2019autrefois entre Ousmane Sonko et Barth\u00e9l\u00e9my, deux \u00ab Domou Nd\u00e8ye \u00bb (fr\u00e8res jumeaux) que l\u2019id\u00e9al politique semblait unir, s\u2019est, dans le temps, progressivement mu\u00e9e en d\u00e9samour et adversit\u00e9, exacerb\u00e9s par des tensions cycliques.\u00a0 Leurs rapports \u00e9taient \u00e0 la v\u00e9rit\u00e9 devenus ex\u00e9crables, marqu\u00e9s par de l'hostilit\u00e9 manifeste, du d\u00e9ballage sans bornes et du [&hellip;]<\/p>\n","protected":false},"author":2,"featured_media":145486,"comment_status":"open","ping_status":"open","sticky":false,"template":"","format":"standard","meta":{"_et_pb_use_builder":"","_et_pb_old_content":""},"categories":[34932],"tags":[],"yoast_head":"<!-- This site is optimized with the Yoast SEO Premium plugin v17.8 (Yoast SEO v17.8) - https:\/\/yoast.com\/wordpress\/plugins\/seo\/ -->\n<title>COUPS DE PILON - V\u00e9rit\u00e9s d\u2019hier, amn\u00e9sie d\u2019aujourd\u2019hui ! | Nettali.com<\/title>\n<meta name=\"robots\" content=\"index, follow, max-snippet:-1, max-image-preview:large, max-video-preview:-1\" \/>\n<link rel=\"canonical\" href=\"https:\/\/www.nettali.com\/2024\/12\/17\/coups-de-pilon-verites-dhier-amnesie-daujourdhui\/\" \/>\n<meta property=\"og:locale\" content=\"fr_FR\" \/>\n<meta property=\"og:type\" content=\"article\" \/>\n<meta property=\"og:title\" content=\"COUPS DE PILON - V\u00e9rit\u00e9s d\u2019hier, amn\u00e9sie d\u2019aujourd\u2019hui !\" \/>\n<meta property=\"og:description\" content=\"NETTALI.COM - L\u2019idylle d\u2019autrefois entre Ousmane Sonko et Barth\u00e9l\u00e9my, deux \u00ab Domou Nd\u00e8ye \u00bb (fr\u00e8res jumeaux) que l\u2019id\u00e9al politique semblait unir, s\u2019est, dans le temps, progressivement mu\u00e9e en d\u00e9samour et adversit\u00e9, exacerb\u00e9s par des tensions cycliques.\u00a0 Leurs rapports \u00e9taient \u00e0 la v\u00e9rit\u00e9 devenus ex\u00e9crables, marqu\u00e9s par de l&#039;hostilit\u00e9 manifeste, du d\u00e9ballage sans bornes et du [&hellip;]\" \/>\n<meta property=\"og:url\" content=\"https:\/\/www.nettali.com\/2024\/12\/17\/coups-de-pilon-verites-dhier-amnesie-daujourdhui\/\" \/>\n<meta property=\"og:site_name\" content=\"Nettali.com\" \/>\n<meta property=\"article:publisher\" content=\"https:\/\/www.facebook.com\/nettalicom\" \/>\n<meta property=\"article:published_time\" content=\"2024-12-17T07:20:46+00:00\" \/>\n<meta property=\"article:modified_time\" content=\"2024-12-23T07:40:34+00:00\" \/>\n<meta property=\"og:image\" content=\"https:\/\/www.nettali.com\/wp-content\/uploads\/2024\/11\/sonko-dias-fall.jpg\" \/>\n\t<meta property=\"og:image:width\" content=\"1280\" \/>\n\t<meta property=\"og:image:height\" content=\"600\" \/>\n<meta name=\"twitter:card\" content=\"summary_large_image\" \/>\n<meta name=\"twitter:label1\" content=\"\u00c9crit par\" \/>\n\t<meta name=\"twitter:data1\" content=\"CK\" \/>\n\t<meta name=\"twitter:label2\" content=\"Dur\u00e9e de lecture estim\u00e9e\" \/>\n\t<meta name=\"twitter:data2\" content=\"15 minutes\" \/>\n<script type=\"application\/ld+json\" class=\"yoast-schema-graph\">{\"@context\":\"https:\/\/schema.org\",\"@graph\":[{\"@type\":\"WebSite\",\"@id\":\"https:\/\/www.nettali.com\/#website\",\"url\":\"https:\/\/www.nettali.com\/\",\"name\":\"Nettali.com\",\"description\":\"Le rendez-vous critique du Net\",\"potentialAction\":[{\"@type\":\"SearchAction\",\"target\":{\"@type\":\"EntryPoint\",\"urlTemplate\":\"https:\/\/www.nettali.com\/?s={search_term_string}\"},\"query-input\":\"required name=search_term_string\"}],\"inLanguage\":\"fr-FR\"},{\"@type\":\"ImageObject\",\"@id\":\"https:\/\/www.nettali.com\/2024\/12\/17\/coups-de-pilon-verites-dhier-amnesie-daujourdhui\/#primaryimage\",\"inLanguage\":\"fr-FR\",\"url\":\"https:\/\/www.nettali.com\/wp-content\/uploads\/2024\/11\/sonko-dias-fall.jpg\",\"contentUrl\":\"https:\/\/www.nettali.com\/wp-content\/uploads\/2024\/11\/sonko-dias-fall.jpg\",\"width\":1280,\"height\":600},{\"@type\":\"WebPage\",\"@id\":\"https:\/\/www.nettali.com\/2024\/12\/17\/coups-de-pilon-verites-dhier-amnesie-daujourdhui\/#webpage\",\"url\":\"https:\/\/www.nettali.com\/2024\/12\/17\/coups-de-pilon-verites-dhier-amnesie-daujourdhui\/\",\"name\":\"COUPS DE PILON - V\\u00e9rit\\u00e9s d\\u2019hier, amn\\u00e9sie d\\u2019aujourd\\u2019hui ! | Nettali.com\",\"isPartOf\":{\"@id\":\"https:\/\/www.nettali.com\/#website\"},\"primaryImageOfPage\":{\"@id\":\"https:\/\/www.nettali.com\/2024\/12\/17\/coups-de-pilon-verites-dhier-amnesie-daujourdhui\/#primaryimage\"},\"datePublished\":\"2024-12-17T07:20:46+00:00\",\"dateModified\":\"2024-12-23T07:40:34+00:00\",\"author\":{\"@id\":\"https:\/\/www.nettali.com\/#\/schema\/person\/d8ac7b7e27ddad43f1c0d2ef090d7f71\"},\"breadcrumb\":{\"@id\":\"https:\/\/www.nettali.com\/2024\/12\/17\/coups-de-pilon-verites-dhier-amnesie-daujourdhui\/#breadcrumb\"},\"inLanguage\":\"fr-FR\",\"potentialAction\":[{\"@type\":\"ReadAction\",\"target\":[\"https:\/\/www.nettali.com\/2024\/12\/17\/coups-de-pilon-verites-dhier-amnesie-daujourdhui\/\"]}]},{\"@type\":\"BreadcrumbList\",\"@id\":\"https:\/\/www.nettali.com\/2024\/12\/17\/coups-de-pilon-verites-dhier-amnesie-daujourdhui\/#breadcrumb\",\"itemListElement\":[{\"@type\":\"ListItem\",\"position\":1,\"name\":\"Accueil\",\"item\":\"https:\/\/www.nettali.com\/\"},{\"@type\":\"ListItem\",\"position\":2,\"name\":\"COUPS DE PILON - V\\u00e9rit\\u00e9s d\\u2019hier, amn\\u00e9sie d\\u2019aujourd\\u2019hui !\"}]},{\"@type\":\"Person\",\"@id\":\"https:\/\/www.nettali.com\/#\/schema\/person\/d8ac7b7e27ddad43f1c0d2ef090d7f71\",\"name\":\"CK\",\"image\":{\"@type\":\"ImageObject\",\"@id\":\"https:\/\/www.nettali.com\/#personlogo\",\"inLanguage\":\"fr-FR\",\"url\":\"https:\/\/secure.gravatar.com\/avatar\/1d8d5118b9327d94da7cd4ce7f17fec2?s=96&d=mm&r=g\",\"contentUrl\":\"https:\/\/secure.gravatar.com\/avatar\/1d8d5118b9327d94da7cd4ce7f17fec2?s=96&d=mm&r=g\",\"caption\":\"CK\"},\"sameAs\":[\"https:\/\/www.nettali.com\"]}]}<\/script>\n<!-- \/ Yoast SEO Premium plugin. -->","yoast_head_json":{"title":"COUPS DE PILON - V\u00e9rit\u00e9s d\u2019hier, amn\u00e9sie d\u2019aujourd\u2019hui ! | Nettali.com","robots":{"index":"index","follow":"follow","max-snippet":"max-snippet:-1","max-image-preview":"max-image-preview:large","max-video-preview":"max-video-preview:-1"},"canonical":"https:\/\/www.nettali.com\/2024\/12\/17\/coups-de-pilon-verites-dhier-amnesie-daujourdhui\/","og_locale":"fr_FR","og_type":"article","og_title":"COUPS DE PILON - V\u00e9rit\u00e9s d\u2019hier, amn\u00e9sie d\u2019aujourd\u2019hui !","og_description":"NETTALI.COM - L\u2019idylle d\u2019autrefois entre Ousmane Sonko et Barth\u00e9l\u00e9my, deux \u00ab Domou Nd\u00e8ye \u00bb (fr\u00e8res jumeaux) que l\u2019id\u00e9al politique semblait unir, s\u2019est, dans le temps, progressivement mu\u00e9e en d\u00e9samour et adversit\u00e9, exacerb\u00e9s par des tensions cycliques.\u00a0 Leurs rapports \u00e9taient \u00e0 la v\u00e9rit\u00e9 devenus ex\u00e9crables, marqu\u00e9s par de l'hostilit\u00e9 manifeste, du d\u00e9ballage sans bornes et du [&hellip;]","og_url":"https:\/\/www.nettali.com\/2024\/12\/17\/coups-de-pilon-verites-dhier-amnesie-daujourdhui\/","og_site_name":"Nettali.com","article_publisher":"https:\/\/www.facebook.com\/nettalicom","article_published_time":"2024-12-17T07:20:46+00:00","article_modified_time":"2024-12-23T07:40:34+00:00","og_image":[{"width":1280,"height":600,"url":"https:\/\/www.nettali.com\/wp-content\/uploads\/2024\/11\/sonko-dias-fall.jpg","type":"image\/jpeg"}],"twitter_card":"summary_large_image","twitter_misc":{"\u00c9crit par":"CK","Dur\u00e9e de lecture estim\u00e9e":"15 minutes"},"schema":{"@context":"https:\/\/schema.org","@graph":[{"@type":"WebSite","@id":"https:\/\/www.nettali.com\/#website","url":"https:\/\/www.nettali.com\/","name":"Nettali.com","description":"Le rendez-vous critique du Net","potentialAction":[{"@type":"SearchAction","target":{"@type":"EntryPoint","urlTemplate":"https:\/\/www.nettali.com\/?s={search_term_string}"},"query-input":"required name=search_term_string"}],"inLanguage":"fr-FR"},{"@type":"ImageObject","@id":"https:\/\/www.nettali.com\/2024\/12\/17\/coups-de-pilon-verites-dhier-amnesie-daujourdhui\/#primaryimage","inLanguage":"fr-FR","url":"https:\/\/www.nettali.com\/wp-content\/uploads\/2024\/11\/sonko-dias-fall.jpg","contentUrl":"https:\/\/www.nettali.com\/wp-content\/uploads\/2024\/11\/sonko-dias-fall.jpg","width":1280,"height":600},{"@type":"WebPage","@id":"https:\/\/www.nettali.com\/2024\/12\/17\/coups-de-pilon-verites-dhier-amnesie-daujourdhui\/#webpage","url":"https:\/\/www.nettali.com\/2024\/12\/17\/coups-de-pilon-verites-dhier-amnesie-daujourdhui\/","name":"COUPS DE PILON - V\u00e9rit\u00e9s d\u2019hier, amn\u00e9sie d\u2019aujourd\u2019hui ! | Nettali.com","isPartOf":{"@id":"https:\/\/www.nettali.com\/#website"},"primaryImageOfPage":{"@id":"https:\/\/www.nettali.com\/2024\/12\/17\/coups-de-pilon-verites-dhier-amnesie-daujourdhui\/#primaryimage"},"datePublished":"2024-12-17T07:20:46+00:00","dateModified":"2024-12-23T07:40:34+00:00","author":{"@id":"https:\/\/www.nettali.com\/#\/schema\/person\/d8ac7b7e27ddad43f1c0d2ef090d7f71"},"breadcrumb":{"@id":"https:\/\/www.nettali.com\/2024\/12\/17\/coups-de-pilon-verites-dhier-amnesie-daujourdhui\/#breadcrumb"},"inLanguage":"fr-FR","potentialAction":[{"@type":"ReadAction","target":["https:\/\/www.nettali.com\/2024\/12\/17\/coups-de-pilon-verites-dhier-amnesie-daujourdhui\/"]}]},{"@type":"BreadcrumbList","@id":"https:\/\/www.nettali.com\/2024\/12\/17\/coups-de-pilon-verites-dhier-amnesie-daujourdhui\/#breadcrumb","itemListElement":[{"@type":"ListItem","position":1,"name":"Accueil","item":"https:\/\/www.nettali.com\/"},{"@type":"ListItem","position":2,"name":"COUPS DE PILON - V\u00e9rit\u00e9s d\u2019hier, amn\u00e9sie d\u2019aujourd\u2019hui !"}]},{"@type":"Person","@id":"https:\/\/www.nettali.com\/#\/schema\/person\/d8ac7b7e27ddad43f1c0d2ef090d7f71","name":"CK","image":{"@type":"ImageObject","@id":"https:\/\/www.nettali.com\/#personlogo","inLanguage":"fr-FR","url":"https:\/\/secure.gravatar.com\/avatar\/1d8d5118b9327d94da7cd4ce7f17fec2?s=96&d=mm&r=g","contentUrl":"https:\/\/secure.gravatar.com\/avatar\/1d8d5118b9327d94da7cd4ce7f17fec2?s=96&d=mm&r=g","caption":"CK"},"sameAs":["https:\/\/www.nettali.com"]}]}},"_links":{"self":[{"href":"https:\/\/www.nettali.com\/rest\/wp\/v2\/posts\/145509"}],"collection":[{"href":"https:\/\/www.nettali.com\/rest\/wp\/v2\/posts"}],"about":[{"href":"https:\/\/www.nettali.com\/rest\/wp\/v2\/types\/post"}],"author":[{"embeddable":true,"href":"https:\/\/www.nettali.com\/rest\/wp\/v2\/users\/2"}],"replies":[{"embeddable":true,"href":"https:\/\/www.nettali.com\/rest\/wp\/v2\/comments?post=145509"}],"version-history":[{"count":8,"href":"https:\/\/www.nettali.com\/rest\/wp\/v2\/posts\/145509\/revisions"}],"predecessor-version":[{"id":145691,"href":"https:\/\/www.nettali.com\/rest\/wp\/v2\/posts\/145509\/revisions\/145691"}],"wp:featuredmedia":[{"embeddable":true,"href":"https:\/\/www.nettali.com\/rest\/wp\/v2\/media\/145486"}],"wp:attachment":[{"href":"https:\/\/www.nettali.com\/rest\/wp\/v2\/media?parent=145509"}],"wp:term":[{"taxonomy":"category","embeddable":true,"href":"https:\/\/www.nettali.com\/rest\/wp\/v2\/categories?post=145509"},{"taxonomy":"post_tag","embeddable":true,"href":"https:\/\/www.nettali.com\/rest\/wp\/v2\/tags?post=145509"}],"curies":[{"name":"wp","href":"https:\/\/api.w.org\/{rel}","templated":true}]}}